{"id":2998,"date":"2024-07-23T12:28:17","date_gmt":"2024-07-23T15:28:17","guid":{"rendered":"https:\/\/oroverde.gob.ar\/portal\/?p=2998"},"modified":"2024-07-23T12:28:17","modified_gmt":"2024-07-23T15:28:17","slug":"tercera-edicion-del-concurso-fotografico-oro-verde-mira-como-te-miro","status":"publish","type":"post","link":"https:\/\/oroverde.gob.ar\/portal\/tercera-edicion-del-concurso-fotografico-oro-verde-mira-como-te-miro\/","title":{"rendered":"Tercera edici\u00f3n del concurso fotogr\u00e1fico \u00abOro Verde mir\u00e1 como te miro\u00bb"},"content":{"rendered":"<div class=\"xdj266r x11i5rnm xat24cr x1mh8g0r x1vvkbs x126k92a\">\n<div dir=\"auto\">Esta nueva propuesta contar\u00e1 como en ediciones anteriores con importantes premios en donde se contemplar\u00e1n obras fotogr\u00e1ficas que den cuenta de la belleza oroverdense.<\/div>\n<\/div>\n<div class=\"x11i5rnm xat24cr x1mh8g0r x1vvkbs xtlvy1s x126k92a\">\n<div dir=\"auto\">Se recibir\u00e1n durante todo el mes de julio y hasta el 4 de agosto, a trav\u00e9s del email oroverdemiracomotemiro@gmail.com<\/div>\n<\/div>\n<div class=\"x11i5rnm xat24cr x1mh8g0r x1vvkbs xtlvy1s x126k92a\">\n<div dir=\"auto\">El Jurado evaluador estar\u00e1 compuesto por Melina Sejas, Erika Schvaigert y Romina Villaverde. Las tres son fot\u00f3grafas profesionales que residen en la localidad.<\/div>\n<\/div>\n<div class=\"x11i5rnm xat24cr x1mh8g0r x1vvkbs xtlvy1s x126k92a\">\n<div dir=\"auto\">Los premios ser\u00e1n los siguientes: primer puesto $30.000, el segundo de $20.000 y el tercero ser\u00e1 de $10.000 Adem\u00e1s se entregar\u00e1n menciones y diplomas para el cuarto y quinto puesto.<\/div>\n<\/div>\n<div class=\"x11i5rnm xat24cr x1mh8g0r x1vvkbs xtlvy1s x126k92a\">\n<div dir=\"auto\">Bases y condiciones: <span class=\"html-span xdj266r x11i5rnm xat24cr x1mh8g0r xexx8yu x4uap5 x18d9i69 xkhd6sd x1hl2dhg x16tdsg8 x1vvkbs\"><a class=\"x1i10hfl xjbqb8w x1ejq31n xd10rxx x1sy0etr x17r0tee x972fbf xcfux6l x1qhh985 xm0m39n x9f619 x1ypdohk xt0psk2 xe8uvvx xdj266r x11i5rnm xat24cr x1mh8g0r xexx8yu x4uap5 x18d9i69 xkhd6sd x16tdsg8 x1hl2dhg xggy1nq x1a2a7pz x1sur9pj xkrqix3 x1fey0fg\" tabindex=\"0\" role=\"link\" href=\"https:\/\/tinyurl.com\/2ybzfxlm?fbclid=IwZXh0bgNhZW0CMTAAAR2HqwX_YOdc0hVZQeLFVAhMfSjhGPtfVHyxbTzN1vG21_WFLvGQ3xUUFm4_aem_zo6bhyMJmjFcnshdxov0UQ\" target=\"_blank\" rel=\"nofollow noopener noreferrer\">https:\/\/tinyurl.com\/2ybzfxlm<\/a><\/span><\/div>\n<\/div>\n<div class=\"x11i5rnm xat24cr x1mh8g0r x1vvkbs xtlvy1s x126k92a\">\n<div dir=\"auto\">Inscripci\u00f3n a trav\u00e9s de este link: <span class=\"html-span xdj266r x11i5rnm xat24cr x1mh8g0r xexx8yu x4uap5 x18d9i69 xkhd6sd x1hl2dhg x16tdsg8 x1vvkbs\"><a class=\"x1i10hfl xjbqb8w x1ejq31n xd10rxx x1sy0etr x17r0tee x972fbf xcfux6l x1qhh985 xm0m39n x9f619 x1ypdohk xt0psk2 xe8uvvx xdj266r x11i5rnm xat24cr x1mh8g0r xexx8yu x4uap5 x18d9i69 xkhd6sd x16tdsg8 x1hl2dhg xggy1nq x1a2a7pz x1sur9pj xkrqix3 x1fey0fg\" tabindex=\"0\" role=\"link\" href=\"https:\/\/l.facebook.com\/l.php?u=https%3A%2F%2Ftinyurl.com%2F2a5dlxv8%3Ffbclid%3DIwZXh0bgNhZW0CMTAAAR2qnxa0TbY_nOQ0lYlqq_uqo3A32MFaPGx6ELlNqFebmxsOT2r7EH39a6c_aem_51lzS04Bmw5Ps8v8jkysEg&amp;h=AT2U8iA22wwEtbIuv9OQaIyKmzadIGXOXvQ8LdvlYXgcjSomD0i2difdTDlsqDUziQs5Mh-5ORRTCcl9-JqpemIxQf6bLrGjFqe4Xljani5mkXjT0c-mXlYEhBt9kQZMlQ&amp;__tn__=-UK-R&amp;c[0]=AT3krNTNqMAFk2LlRuiJQlIT7CHzg_1muTGDiextxSQX3r_BOsL8-U5bCUDw8O6J-eadwPUneleRfHiVhaYNkeXQYuswccxrWZJWC_pmLILV_UnCL2r3dnT_UO-E059UsOOd-Y14YJHM2g3NrUANAA1eNxCTXaSbLZpmdsHksxCHZrSnVwUG5bfkBStGFh8bzK1vD_Q4nZuMk62WXQiihrqxK5I_eTofVqUm\" target=\"_blank\" rel=\"nofollow noopener noreferrer\">https:\/\/tinyurl.com\/2a5dlxv8<\/a><\/span><\/div>\n<\/div>\n","protected":false},"excerpt":{"rendered":"<p>Esta nueva propuesta contar\u00e1 como en ediciones anteriores con importantes premios en donde se contemplar\u00e1n obras fotogr\u00e1ficas que den cuenta de la belleza oroverdense. Se recibir\u00e1n durante todo el mes de julio y hasta el 4 de agosto, a trav\u00e9s del email oroverdemiracomotemiro@gmail.com &hellip;<\/p>\n","protected":false},"author":3,"featured_media":2999,"comment_status":"closed","ping_status":"closed","sticky":false,"template":"","format":"standard","meta":{"footnotes":""},"categories":[20],"tags":[],"class_list":["post-2998","post","type-post","status-publish","format-standard","has-post-thumbnail","hentry","category-locales"],"yoast_head":"<!-- This site is optimized with the Yoast SEO plugin v27.5 - https:\/\/yoast.com\/product\/yoast-seo-wordpress\/ -->\n<title>Tercera edici\u00f3n del concurso fotogr\u00e1fico \u00abOro Verde mir\u00e1 como te miro\u00bb - Municipio de Oro Verde<\/title>\n<meta name=\"robots\" content=\"index, follow, max-snippet:-1, max-image-preview:large, max-video-preview:-1\" \/>\n<link rel=\"canonical\" href=\"https:\/\/oroverde.gob.ar\/portal\/tercera-edicion-del-concurso-fotografico-oro-verde-mira-como-te-miro\/\" \/>\n<meta property=\"og:locale\" content=\"es_ES\" \/>\n<meta property=\"og:type\" content=\"article\" \/>\n<meta property=\"og:title\" content=\"Tercera edici\u00f3n del concurso fotogr\u00e1fico \u00abOro Verde mir\u00e1 como te miro\u00bb - Municipio de Oro Verde\" \/>\n<meta property=\"og:description\" content=\"Esta nueva propuesta contar\u00e1 como en ediciones anteriores con importantes premios en donde se contemplar\u00e1n obras fotogr\u00e1ficas que den cuenta de la belleza oroverdense. Se recibir\u00e1n durante todo el mes de julio y hasta el 4 de agosto, a trav\u00e9s del email oroverdemiracomotemiro@gmail.com &hellip;\" \/>\n<meta property=\"og:url\" content=\"https:\/\/oroverde.gob.ar\/portal\/tercera-edicion-del-concurso-fotografico-oro-verde-mira-como-te-miro\/\" \/>\n<meta property=\"og:site_name\" content=\"Municipio de Oro Verde\" \/>\n<meta property=\"article:published_time\" content=\"2024-07-23T15:28:17+00:00\" \/>\n<meta property=\"og:image\" content=\"https:\/\/oroverde.gob.ar\/portal\/wp-content\/uploads\/2024\/07\/concurso.jpg\" \/>\n\t<meta property=\"og:image:width\" content=\"800\" \/>\n\t<meta property=\"og:image:height\" content=\"600\" \/>\n\t<meta property=\"og:image:type\" content=\"image\/jpeg\" \/>\n<meta name=\"author\" content=\"Soledad\" \/>\n<meta name=\"twitter:card\" content=\"summary_large_image\" \/>\n<meta name=\"twitter:label1\" content=\"Escrito por\" \/>\n\t<meta name=\"twitter:data1\" content=\"Soledad\" \/>\n\t<meta name=\"twitter:label2\" content=\"Tiempo de lectura\" \/>\n\t<meta name=\"twitter:data2\" content=\"1 minuto\" \/>\n<script type=\"application\/ld+json\" class=\"yoast-schema-graph\">{\"@context\":\"https:\\\/\\\/schema.org\",\"@graph\":[{\"@type\":\"Article\",\"@id\":\"https:\\\/\\\/oroverde.gob.ar\\\/portal\\\/tercera-edicion-del-concurso-fotografico-oro-verde-mira-como-te-miro\\\/#article\",\"isPartOf\":{\"@id\":\"https:\\\/\\\/oroverde.gob.ar\\\/portal\\\/tercera-edicion-del-concurso-fotografico-oro-verde-mira-como-te-miro\\\/\"},\"author\":{\"name\":\"Soledad\",\"@id\":\"https:\\\/\\\/oroverde.gob.ar\\\/portal\\\/#\\\/schema\\\/person\\\/b975e0cbcd43b7dcf9c64511ec84f10f\"},\"headline\":\"Tercera edici\u00f3n del concurso fotogr\u00e1fico \u00abOro Verde mir\u00e1 como te miro\u00bb\",\"datePublished\":\"2024-07-23T15:28:17+00:00\",\"mainEntityOfPage\":{\"@id\":\"https:\\\/\\\/oroverde.gob.ar\\\/portal\\\/tercera-edicion-del-concurso-fotografico-oro-verde-mira-como-te-miro\\\/\"},\"wordCount\":135,\"publisher\":{\"@id\":\"https:\\\/\\\/oroverde.gob.ar\\\/portal\\\/#organization\"},\"image\":{\"@id\":\"https:\\\/\\\/oroverde.gob.ar\\\/portal\\\/tercera-edicion-del-concurso-fotografico-oro-verde-mira-como-te-miro\\\/#primaryimage\"},\"thumbnailUrl\":\"https:\\\/\\\/oroverde.gob.ar\\\/portal\\\/wp-content\\\/uploads\\\/2024\\\/07\\\/concurso.jpg\",\"articleSection\":[\"Locales\"],\"inLanguage\":\"es\"},{\"@type\":\"WebPage\",\"@id\":\"https:\\\/\\\/oroverde.gob.ar\\\/portal\\\/tercera-edicion-del-concurso-fotografico-oro-verde-mira-como-te-miro\\\/\",\"url\":\"https:\\\/\\\/oroverde.gob.ar\\\/portal\\\/tercera-edicion-del-concurso-fotografico-oro-verde-mira-como-te-miro\\\/\",\"name\":\"Tercera edici\u00f3n del concurso fotogr\u00e1fico \u00abOro Verde mir\u00e1 como te miro\u00bb - Municipio de Oro Verde\",\"isPartOf\":{\"@id\":\"https:\\\/\\\/oroverde.gob.ar\\\/portal\\\/#website\"},\"primaryImageOfPage\":{\"@id\":\"https:\\\/\\\/oroverde.gob.ar\\\/portal\\\/tercera-edicion-del-concurso-fotografico-oro-verde-mira-como-te-miro\\\/#primaryimage\"},\"image\":{\"@id\":\"https:\\\/\\\/oroverde.gob.ar\\\/portal\\\/tercera-edicion-del-concurso-fotografico-oro-verde-mira-como-te-miro\\\/#primaryimage\"},\"thumbnailUrl\":\"https:\\\/\\\/oroverde.gob.ar\\\/portal\\\/wp-content\\\/uploads\\\/2024\\\/07\\\/concurso.jpg\",\"datePublished\":\"2024-07-23T15:28:17+00:00\",\"breadcrumb\":{\"@id\":\"https:\\\/\\\/oroverde.gob.ar\\\/portal\\\/tercera-edicion-del-concurso-fotografico-oro-verde-mira-como-te-miro\\\/#breadcrumb\"},\"inLanguage\":\"es\",\"potentialAction\":[{\"@type\":\"ReadAction\",\"target\":[\"https:\\\/\\\/oroverde.gob.ar\\\/portal\\\/tercera-edicion-del-concurso-fotografico-oro-verde-mira-como-te-miro\\\/\"]}]},{\"@type\":\"ImageObject\",\"inLanguage\":\"es\",\"@id\":\"https:\\\/\\\/oroverde.gob.ar\\\/portal\\\/tercera-edicion-del-concurso-fotografico-oro-verde-mira-como-te-miro\\\/#primaryimage\",\"url\":\"https:\\\/\\\/oroverde.gob.ar\\\/portal\\\/wp-content\\\/uploads\\\/2024\\\/07\\\/concurso.jpg\",\"contentUrl\":\"https:\\\/\\\/oroverde.gob.ar\\\/portal\\\/wp-content\\\/uploads\\\/2024\\\/07\\\/concurso.jpg\",\"width\":800,\"height\":600},{\"@type\":\"BreadcrumbList\",\"@id\":\"https:\\\/\\\/oroverde.gob.ar\\\/portal\\\/tercera-edicion-del-concurso-fotografico-oro-verde-mira-como-te-miro\\\/#breadcrumb\",\"itemListElement\":[{\"@type\":\"ListItem\",\"position\":1,\"name\":\"Portada\",\"item\":\"https:\\\/\\\/oroverde.gob.ar\\\/portal\\\/\"},{\"@type\":\"ListItem\",\"position\":2,\"name\":\"Tercera edici\u00f3n del concurso fotogr\u00e1fico \u00abOro Verde mir\u00e1 como te miro\u00bb\"}]},{\"@type\":\"WebSite\",\"@id\":\"https:\\\/\\\/oroverde.gob.ar\\\/portal\\\/#website\",\"url\":\"https:\\\/\\\/oroverde.gob.ar\\\/portal\\\/\",\"name\":\"Municipio de Oro Verde\",\"description\":\"Web Oficial\",\"publisher\":{\"@id\":\"https:\\\/\\\/oroverde.gob.ar\\\/portal\\\/#organization\"},\"potentialAction\":[{\"@type\":\"SearchAction\",\"target\":{\"@type\":\"EntryPoint\",\"urlTemplate\":\"https:\\\/\\\/oroverde.gob.ar\\\/portal\\\/?s={search_term_string}\"},\"query-input\":{\"@type\":\"PropertyValueSpecification\",\"valueRequired\":true,\"valueName\":\"search_term_string\"}}],\"inLanguage\":\"es\"},{\"@type\":\"Organization\",\"@id\":\"https:\\\/\\\/oroverde.gob.ar\\\/portal\\\/#organization\",\"name\":\"Municipio de Oro Verde\",\"url\":\"https:\\\/\\\/oroverde.gob.ar\\\/portal\\\/\",\"logo\":{\"@type\":\"ImageObject\",\"inLanguage\":\"es\",\"@id\":\"https:\\\/\\\/oroverde.gob.ar\\\/portal\\\/#\\\/schema\\\/logo\\\/image\\\/\",\"url\":\"https:\\\/\\\/oroverde.gob.ar\\\/portal\\\/wp-content\\\/uploads\\\/2024\\\/06\\\/cropped-cropped-logo-1.png\",\"contentUrl\":\"https:\\\/\\\/oroverde.gob.ar\\\/portal\\\/wp-content\\\/uploads\\\/2024\\\/06\\\/cropped-cropped-logo-1.png\",\"width\":1776,\"height\":738,\"caption\":\"Municipio de Oro Verde\"},\"image\":{\"@id\":\"https:\\\/\\\/oroverde.gob.ar\\\/portal\\\/#\\\/schema\\\/logo\\\/image\\\/\"}},{\"@type\":\"Person\",\"@id\":\"https:\\\/\\\/oroverde.gob.ar\\\/portal\\\/#\\\/schema\\\/person\\\/b975e0cbcd43b7dcf9c64511ec84f10f\",\"name\":\"Soledad\",\"image\":{\"@type\":\"ImageObject\",\"inLanguage\":\"es\",\"@id\":\"https:\\\/\\\/secure.gravatar.com\\\/avatar\\\/b2f5b6cda565395f31dc94c95932b9b3fbe6275bad58a1579843d3d1607d4a66?s=96&d=mm&r=g\",\"url\":\"https:\\\/\\\/secure.gravatar.com\\\/avatar\\\/b2f5b6cda565395f31dc94c95932b9b3fbe6275bad58a1579843d3d1607d4a66?s=96&d=mm&r=g\",\"contentUrl\":\"https:\\\/\\\/secure.gravatar.com\\\/avatar\\\/b2f5b6cda565395f31dc94c95932b9b3fbe6275bad58a1579843d3d1607d4a66?s=96&d=mm&r=g\",\"caption\":\"Soledad\"},\"url\":\"https:\\\/\\\/oroverde.gob.ar\\\/portal\\\/author\\\/soledad\\\/\"}]}<\/script>\n<!-- \/ Yoast SEO plugin. -->","yoast_head_json":{"title":"Tercera edici\u00f3n del concurso fotogr\u00e1fico \u00abOro Verde mir\u00e1 como te miro\u00bb - Municipio de Oro Verde","robots":{"index":"index","follow":"follow","max-snippet":"max-snippet:-1","max-image-preview":"max-image-preview:large","max-video-preview":"max-video-preview:-1"},"canonical":"https:\/\/oroverde.gob.ar\/portal\/tercera-edicion-del-concurso-fotografico-oro-verde-mira-como-te-miro\/","og_locale":"es_ES","og_type":"article","og_title":"Tercera edici\u00f3n del concurso fotogr\u00e1fico \u00abOro Verde mir\u00e1 como te miro\u00bb - Municipio de Oro Verde","og_description":"Esta nueva propuesta contar\u00e1 como en ediciones anteriores con importantes premios en donde se contemplar\u00e1n obras fotogr\u00e1ficas que den cuenta de la belleza oroverdense. Se recibir\u00e1n durante todo el mes de julio y hasta el 4 de agosto, a trav\u00e9s del email oroverdemiracomotemiro@gmail.com &hellip;","og_url":"https:\/\/oroverde.gob.ar\/portal\/tercera-edicion-del-concurso-fotografico-oro-verde-mira-como-te-miro\/","og_site_name":"Municipio de Oro Verde","article_published_time":"2024-07-23T15:28:17+00:00","og_image":[{"width":800,"height":600,"url":"https:\/\/oroverde.gob.ar\/portal\/wp-content\/uploads\/2024\/07\/concurso.jpg","type":"image\/jpeg"}],"author":"Soledad","twitter_card":"summary_large_image","twitter_misc":{"Escrito por":"Soledad","Tiempo de lectura":"1 minuto"},"schema":{"@context":"https:\/\/schema.org","@graph":[{"@type":"Article","@id":"https:\/\/oroverde.gob.ar\/portal\/tercera-edicion-del-concurso-fotografico-oro-verde-mira-como-te-miro\/#article","isPartOf":{"@id":"https:\/\/oroverde.gob.ar\/portal\/tercera-edicion-del-concurso-fotografico-oro-verde-mira-como-te-miro\/"},"author":{"name":"Soledad","@id":"https:\/\/oroverde.gob.ar\/portal\/#\/schema\/person\/b975e0cbcd43b7dcf9c64511ec84f10f"},"headline":"Tercera edici\u00f3n del concurso fotogr\u00e1fico \u00abOro Verde mir\u00e1 como te miro\u00bb","datePublished":"2024-07-23T15:28:17+00:00","mainEntityOfPage":{"@id":"https:\/\/oroverde.gob.ar\/portal\/tercera-edicion-del-concurso-fotografico-oro-verde-mira-como-te-miro\/"},"wordCount":135,"publisher":{"@id":"https:\/\/oroverde.gob.ar\/portal\/#organization"},"image":{"@id":"https:\/\/oroverde.gob.ar\/portal\/tercera-edicion-del-concurso-fotografico-oro-verde-mira-como-te-miro\/#primaryimage"},"thumbnailUrl":"https:\/\/oroverde.gob.ar\/portal\/wp-content\/uploads\/2024\/07\/concurso.jpg","articleSection":["Locales"],"inLanguage":"es"},{"@type":"WebPage","@id":"https:\/\/oroverde.gob.ar\/portal\/tercera-edicion-del-concurso-fotografico-oro-verde-mira-como-te-miro\/","url":"https:\/\/oroverde.gob.ar\/portal\/tercera-edicion-del-concurso-fotografico-oro-verde-mira-como-te-miro\/","name":"Tercera edici\u00f3n del concurso fotogr\u00e1fico \u00abOro Verde mir\u00e1 como te miro\u00bb - Municipio de Oro Verde","isPartOf":{"@id":"https:\/\/oroverde.gob.ar\/portal\/#website"},"primaryImageOfPage":{"@id":"https:\/\/oroverde.gob.ar\/portal\/tercera-edicion-del-concurso-fotografico-oro-verde-mira-como-te-miro\/#primaryimage"},"image":{"@id":"https:\/\/oroverde.gob.ar\/portal\/tercera-edicion-del-concurso-fotografico-oro-verde-mira-como-te-miro\/#primaryimage"},"thumbnailUrl":"https:\/\/oroverde.gob.ar\/portal\/wp-content\/uploads\/2024\/07\/concurso.jpg","datePublished":"2024-07-23T15:28:17+00:00","breadcrumb":{"@id":"https:\/\/oroverde.gob.ar\/portal\/tercera-edicion-del-concurso-fotografico-oro-verde-mira-como-te-miro\/#breadcrumb"},"inLanguage":"es","potentialAction":[{"@type":"ReadAction","target":["https:\/\/oroverde.gob.ar\/portal\/tercera-edicion-del-concurso-fotografico-oro-verde-mira-como-te-miro\/"]}]},{"@type":"ImageObject","inLanguage":"es","@id":"https:\/\/oroverde.gob.ar\/portal\/tercera-edicion-del-concurso-fotografico-oro-verde-mira-como-te-miro\/#primaryimage","url":"https:\/\/oroverde.gob.ar\/portal\/wp-content\/uploads\/2024\/07\/concurso.jpg","contentUrl":"https:\/\/oroverde.gob.ar\/portal\/wp-content\/uploads\/2024\/07\/concurso.jpg","width":800,"height":600},{"@type":"BreadcrumbList","@id":"https:\/\/oroverde.gob.ar\/portal\/tercera-edicion-del-concurso-fotografico-oro-verde-mira-como-te-miro\/#breadcrumb","itemListElement":[{"@type":"ListItem","position":1,"name":"Portada","item":"https:\/\/oroverde.gob.ar\/portal\/"},{"@type":"ListItem","position":2,"name":"Tercera edici\u00f3n del concurso fotogr\u00e1fico \u00abOro Verde mir\u00e1 como te miro\u00bb"}]},{"@type":"WebSite","@id":"https:\/\/oroverde.gob.ar\/portal\/#website","url":"https:\/\/oroverde.gob.ar\/portal\/","name":"Municipio de Oro Verde","description":"Web Oficial","publisher":{"@id":"https:\/\/oroverde.gob.ar\/portal\/#organization"},"potentialAction":[{"@type":"SearchAction","target":{"@type":"EntryPoint","urlTemplate":"https:\/\/oroverde.gob.ar\/portal\/?s={search_term_string}"},"query-input":{"@type":"PropertyValueSpecification","valueRequired":true,"valueName":"search_term_string"}}],"inLanguage":"es"},{"@type":"Organization","@id":"https:\/\/oroverde.gob.ar\/portal\/#organization","name":"Municipio de Oro Verde","url":"https:\/\/oroverde.gob.ar\/portal\/","logo":{"@type":"ImageObject","inLanguage":"es","@id":"https:\/\/oroverde.gob.ar\/portal\/#\/schema\/logo\/image\/","url":"https:\/\/oroverde.gob.ar\/portal\/wp-content\/uploads\/2024\/06\/cropped-cropped-logo-1.png","contentUrl":"https:\/\/oroverde.gob.ar\/portal\/wp-content\/uploads\/2024\/06\/cropped-cropped-logo-1.png","width":1776,"height":738,"caption":"Municipio de Oro Verde"},"image":{"@id":"https:\/\/oroverde.gob.ar\/portal\/#\/schema\/logo\/image\/"}},{"@type":"Person","@id":"https:\/\/oroverde.gob.ar\/portal\/#\/schema\/person\/b975e0cbcd43b7dcf9c64511ec84f10f","name":"Soledad","image":{"@type":"ImageObject","inLanguage":"es","@id":"https:\/\/secure.gravatar.com\/avatar\/b2f5b6cda565395f31dc94c95932b9b3fbe6275bad58a1579843d3d1607d4a66?s=96&d=mm&r=g","url":"https:\/\/secure.gravatar.com\/avatar\/b2f5b6cda565395f31dc94c95932b9b3fbe6275bad58a1579843d3d1607d4a66?s=96&d=mm&r=g","contentUrl":"https:\/\/secure.gravatar.com\/avatar\/b2f5b6cda565395f31dc94c95932b9b3fbe6275bad58a1579843d3d1607d4a66?s=96&d=mm&r=g","caption":"Soledad"},"url":"https:\/\/oroverde.gob.ar\/portal\/author\/soledad\/"}]}},"_links":{"self":[{"href":"https:\/\/oroverde.gob.ar\/portal\/wp-json\/wp\/v2\/posts\/2998","targetHints":{"allow":["GET"]}}],"collection":[{"href":"https:\/\/oroverde.gob.ar\/portal\/wp-json\/wp\/v2\/posts"}],"about":[{"href":"https:\/\/oroverde.gob.ar\/portal\/wp-json\/wp\/v2\/types\/post"}],"author":[{"embeddable":true,"href":"https:\/\/oroverde.gob.ar\/portal\/wp-json\/wp\/v2\/users\/3"}],"replies":[{"embeddable":true,"href":"https:\/\/oroverde.gob.ar\/portal\/wp-json\/wp\/v2\/comments?post=2998"}],"version-history":[{"count":1,"href":"https:\/\/oroverde.gob.ar\/portal\/wp-json\/wp\/v2\/posts\/2998\/revisions"}],"predecessor-version":[{"id":3000,"href":"https:\/\/oroverde.gob.ar\/portal\/wp-json\/wp\/v2\/posts\/2998\/revisions\/3000"}],"wp:featuredmedia":[{"embeddable":true,"href":"https:\/\/oroverde.gob.ar\/portal\/wp-json\/wp\/v2\/media\/2999"}],"wp:attachment":[{"href":"https:\/\/oroverde.gob.ar\/portal\/wp-json\/wp\/v2\/media?parent=2998"}],"wp:term":[{"taxonomy":"category","embeddable":true,"href":"https:\/\/oroverde.gob.ar\/portal\/wp-json\/wp\/v2\/categories?post=2998"},{"taxonomy":"post_tag","embeddable":true,"href":"https:\/\/oroverde.gob.ar\/portal\/wp-json\/wp\/v2\/tags?post=2998"}],"curies":[{"name":"wp","href":"https:\/\/api.w.org\/{rel}","templated":true}]}}