{"id":3692,"date":"2024-08-27T12:25:19","date_gmt":"2024-08-27T15:25:19","guid":{"rendered":"https:\/\/oroverde.gob.ar\/portal\/?p=3692"},"modified":"2024-08-27T12:25:19","modified_gmt":"2024-08-27T15:25:19","slug":"reunion-para-avanzar-en-la-reorganizacion-de-la-microrregion-el-parana-y-sus-aldeas","status":"publish","type":"post","link":"https:\/\/oroverde.gob.ar\/portal\/reunion-para-avanzar-en-la-reorganizacion-de-la-microrregion-el-parana-y-sus-aldeas\/","title":{"rendered":"Reuni\u00f3n para avanzar en la reorganizaci\u00f3n de la microrregi\u00f3n \u00abEl Paran\u00e1 y sus Aldeas\u00bb"},"content":{"rendered":"<div class=\"html-div xdj266r x11i5rnm xat24cr x1mh8g0r xexx8yu x4uap5 x18d9i69 xkhd6sd\">\n<div class=\"html-div xdj266r x11i5rnm xat24cr x1mh8g0r xexx8yu x4uap5 x18d9i69 xkhd6sd\" dir=\"auto\">\n<div id=\":r28:\" class=\"x1iorvi4 x1pi30zi x1l90r2v x1swvt13\" data-ad-comet-preview=\"message\" data-ad-preview=\"message\">\n<div class=\"x78zum5 xdt5ytf xz62fqu x16ldp7u\">\n<div class=\"xu06os2 x1ok221b\">\n<div class=\"xdj266r x11i5rnm xat24cr x1mh8g0r x1vvkbs x126k92a\">\n<div dir=\"auto\">El responsable del \u00e1rea de Deporte, Recreaci\u00f3n y Turismo municipal Marcelo Barreto particip\u00f3 este lunes en Aldea Protestante junto a otros referentes de turismo de localidades vecinas de un encuentro donde el objetivo fue aunar criterios para avanzar en la reorganizaci\u00f3n de la microrregi\u00f3n \u00abEl Paran\u00e1 y sus Aldeas\u00bb.<\/div>\n<div dir=\"auto\"><\/div>\n<\/div>\n<div class=\"x11i5rnm xat24cr x1mh8g0r x1vvkbs xtlvy1s x126k92a\">\n<div dir=\"auto\">Entre los temas abordados estuvo la necesidad de interiorizarse en los diferentes modelos de personer\u00eda jur\u00eddica de otras microregiones para ver la posibilidad de conformar un ente p\u00fablico o p\u00fablico \u2013 privado para brindarle un marco legal al funcionamiento del mismo. Acordaron que cada Municipio analice dicha situaci\u00f3n y la expongan en un pr\u00f3ximo encuentro en Villa Libertador San Mart\u00edn el 9 de septiembre.<\/div>\n<div dir=\"auto\"><\/div>\n<\/div>\n<div class=\"x11i5rnm xat24cr x1mh8g0r x1vvkbs xtlvy1s x126k92a\">\n<div dir=\"auto\">Estuvieron presentes referentes de turismo de Aldea Protestante, Villa Libertador San Mart\u00edn, Valle Mar\u00eda, Aldea Brasilera, Colonia Ensayo, Aldea Salto, Aldea Protestante junto al coordinador de las microregiones de la provincia Mart\u00edn Di Mario.<\/div>\n<\/div>\n<\/div>\n<\/div>\n<\/div>\n<\/div>\n<div id=\":r29:\" class=\"html-div xdj266r x11i5rnm xat24cr x1mh8g0r xexx8yu x4uap5 x18d9i69 xkhd6sd x1n2onr6\">\n<div class=\"html-div xdj266r x11i5rnm xat24cr x1mh8g0r xexx8yu x4uap5 x18d9i69 xkhd6sd x1n2onr6\">\n<div class=\"x6s0dn4 x1jx94hy x78zum5 xdt5ytf x6ikm8r x10wlt62 x1n2onr6 xh8yej3\">\n<div>\n<div class=\"xqtp20y x6ikm8r x10wlt62 x1n2onr6\">\n<div class=\"x10l6tqk x13vifvy\"><\/div>\n<\/div>\n<\/div>\n<\/div>\n<div class=\"x1nb4dca x1q0q8m5 xso031l x1exxf4d x13fuv20 x178xt8z x1ey2m1c xds687c x17qophe x47corl x10l6tqk x13vifvy\"><\/div>\n<div class=\"x1ey2m1c xds687c x17qophe xg01cxk x47corl x10l6tqk x13vifvy x1ebt8du x19991ni x1dhq9h x1o1ewxj x3x9cwd x1e5q0jg x13rtm0m\" role=\"none\" data-visualcompletion=\"ignore\"><\/div>\n<\/div>\n<div class=\"html-div xdj266r x11i5rnm xat24cr x1mh8g0r xexx8yu x4uap5 x18d9i69 xkhd6sd x6ikm8r x10wlt62\"><\/div>\n<\/div>\n<\/div>\n<div class=\"x8gbvx8 x80vd3b x1q0q8m5 xso031l x8cjs6t x13fuv20 x178xt8z x78zum5 x1q0g3np x1qughib xz9dl7a xn6708d xsag5q8 xpkgp8e\">\n<div class=\"x6s0dn4 x78zum5 x1nhvcw1\"><\/div>\n<\/div>\n<div>\n<div class=\"x168nmei x13lgxp2 x30kzoy x9jhf4c x6ikm8r x10wlt62\" data-visualcompletion=\"ignore-dynamic\">\n<div>\n<div>\n<div>\n<div class=\"x1n2onr6\">\n<div class=\"x6s0dn4 xi81zsa x78zum5 x6prxxf x13a6bvl xvq8zen xdj266r xat24cr x1d52u69 xktsk01 x889kno x1a8lsjc xkhd6sd x4uap5 x80vd3b x1q0q8m5 xso031l\">\n<div class=\"x6s0dn4 x78zum5 x1iyjqo2 x6ikm8r x10wlt62\">\n<div class=\"\">\n<div class=\"x1i10hfl xjbqb8w x1ejq31n xd10rxx x1sy0etr x17r0tee x972fbf xcfux6l x1qhh985 xm0m39n x9f619 x1ypdohk xe8uvvx xdj266r x11i5rnm xat24cr x1mh8g0r xexx8yu x4uap5 x18d9i69 xkhd6sd x16tdsg8 x1hl2dhg xggy1nq x1o1ewxj x3x9cwd x1e5q0jg x13rtm0m x1n2onr6 x87ps6o x1lku1pv x1a2a7pz x1heor9g xnl1qt8 x6ikm8r x10wlt62 x1vjfegm x1lliihq\" tabindex=\"0\" role=\"button\"><\/div>\n<\/div>\n<\/div>\n<div class=\"x1c4vz4f x2lah0s xci0xqf\"><\/div>\n<div class=\"x9f619 x1n2onr6 x1ja2u2z x78zum5 x2lah0s x1qughib x1qjc9v5 xozqiw3 x1q0g3np xykv574 xbmpl8g x4cne27 xifccgj\"><\/div>\n<\/div>\n<\/div>\n<\/div>\n<\/div>\n<\/div>\n<\/div>\n<\/div>\n","protected":false},"excerpt":{"rendered":"<p>El responsable del \u00e1rea de Deporte, Recreaci\u00f3n y Turismo municipal Marcelo Barreto particip\u00f3 este lunes en Aldea Protestante junto a otros referentes de turismo de localidades vecinas de un encuentro donde el objetivo fue aunar criterios para avanzar en la reorganizaci\u00f3n de la &hellip;<\/p>\n","protected":false},"author":3,"featured_media":3693,"comment_status":"closed","ping_status":"closed","sticky":false,"template":"","format":"standard","meta":{"footnotes":""},"categories":[14],"tags":[],"class_list":["post-3692","post","type-post","status-publish","format-standard","has-post-thumbnail","hentry","category-noticias"],"yoast_head":"<!-- This site is optimized with the Yoast SEO plugin v27.5 - https:\/\/yoast.com\/product\/yoast-seo-wordpress\/ -->\n<title>Reuni\u00f3n para avanzar en la reorganizaci\u00f3n de la microrregi\u00f3n &quot;El Paran\u00e1 y sus Aldeas&quot; - Municipio de Oro Verde<\/title>\n<meta name=\"robots\" content=\"index, follow, max-snippet:-1, max-image-preview:large, max-video-preview:-1\" \/>\n<link rel=\"canonical\" href=\"https:\/\/oroverde.gob.ar\/portal\/reunion-para-avanzar-en-la-reorganizacion-de-la-microrregion-el-parana-y-sus-aldeas\/\" \/>\n<meta property=\"og:locale\" content=\"es_ES\" \/>\n<meta property=\"og:type\" content=\"article\" \/>\n<meta property=\"og:title\" content=\"Reuni\u00f3n para avanzar en la reorganizaci\u00f3n de la microrregi\u00f3n &quot;El Paran\u00e1 y sus Aldeas&quot; - Municipio de Oro Verde\" \/>\n<meta property=\"og:description\" content=\"El responsable del \u00e1rea de Deporte, Recreaci\u00f3n y Turismo municipal Marcelo Barreto particip\u00f3 este lunes en Aldea Protestante junto a otros referentes de turismo de localidades vecinas de un encuentro donde el objetivo fue aunar criterios para avanzar en la reorganizaci\u00f3n de la &hellip;\" \/>\n<meta property=\"og:url\" content=\"https:\/\/oroverde.gob.ar\/portal\/reunion-para-avanzar-en-la-reorganizacion-de-la-microrregion-el-parana-y-sus-aldeas\/\" \/>\n<meta property=\"og:site_name\" content=\"Municipio de Oro Verde\" \/>\n<meta property=\"article:published_time\" content=\"2024-08-27T15:25:19+00:00\" \/>\n<meta property=\"og:image\" content=\"https:\/\/oroverde.gob.ar\/portal\/wp-content\/uploads\/2024\/08\/Reunion.jpeg\" \/>\n\t<meta property=\"og:image:width\" content=\"1600\" \/>\n\t<meta property=\"og:image:height\" content=\"1200\" \/>\n\t<meta property=\"og:image:type\" content=\"image\/jpeg\" \/>\n<meta name=\"author\" content=\"Soledad\" \/>\n<meta name=\"twitter:card\" content=\"summary_large_image\" \/>\n<meta name=\"twitter:label1\" content=\"Escrito por\" \/>\n\t<meta name=\"twitter:data1\" content=\"Soledad\" \/>\n\t<meta name=\"twitter:label2\" content=\"Tiempo de lectura\" \/>\n\t<meta name=\"twitter:data2\" content=\"1 minuto\" \/>\n<script type=\"application\/ld+json\" class=\"yoast-schema-graph\">{\"@context\":\"https:\\\/\\\/schema.org\",\"@graph\":[{\"@type\":\"Article\",\"@id\":\"https:\\\/\\\/oroverde.gob.ar\\\/portal\\\/reunion-para-avanzar-en-la-reorganizacion-de-la-microrregion-el-parana-y-sus-aldeas\\\/#article\",\"isPartOf\":{\"@id\":\"https:\\\/\\\/oroverde.gob.ar\\\/portal\\\/reunion-para-avanzar-en-la-reorganizacion-de-la-microrregion-el-parana-y-sus-aldeas\\\/\"},\"author\":{\"name\":\"Soledad\",\"@id\":\"https:\\\/\\\/oroverde.gob.ar\\\/portal\\\/#\\\/schema\\\/person\\\/b975e0cbcd43b7dcf9c64511ec84f10f\"},\"headline\":\"Reuni\u00f3n para avanzar en la reorganizaci\u00f3n de la microrregi\u00f3n \u00abEl Paran\u00e1 y sus Aldeas\u00bb\",\"datePublished\":\"2024-08-27T15:25:19+00:00\",\"mainEntityOfPage\":{\"@id\":\"https:\\\/\\\/oroverde.gob.ar\\\/portal\\\/reunion-para-avanzar-en-la-reorganizacion-de-la-microrregion-el-parana-y-sus-aldeas\\\/\"},\"wordCount\":175,\"publisher\":{\"@id\":\"https:\\\/\\\/oroverde.gob.ar\\\/portal\\\/#organization\"},\"image\":{\"@id\":\"https:\\\/\\\/oroverde.gob.ar\\\/portal\\\/reunion-para-avanzar-en-la-reorganizacion-de-la-microrregion-el-parana-y-sus-aldeas\\\/#primaryimage\"},\"thumbnailUrl\":\"https:\\\/\\\/oroverde.gob.ar\\\/portal\\\/wp-content\\\/uploads\\\/2024\\\/08\\\/Reunion.jpeg\",\"articleSection\":[\"Noticias\"],\"inLanguage\":\"es\"},{\"@type\":\"WebPage\",\"@id\":\"https:\\\/\\\/oroverde.gob.ar\\\/portal\\\/reunion-para-avanzar-en-la-reorganizacion-de-la-microrregion-el-parana-y-sus-aldeas\\\/\",\"url\":\"https:\\\/\\\/oroverde.gob.ar\\\/portal\\\/reunion-para-avanzar-en-la-reorganizacion-de-la-microrregion-el-parana-y-sus-aldeas\\\/\",\"name\":\"Reuni\u00f3n para avanzar en la reorganizaci\u00f3n de la microrregi\u00f3n \\\"El Paran\u00e1 y sus Aldeas\\\" - Municipio de Oro Verde\",\"isPartOf\":{\"@id\":\"https:\\\/\\\/oroverde.gob.ar\\\/portal\\\/#website\"},\"primaryImageOfPage\":{\"@id\":\"https:\\\/\\\/oroverde.gob.ar\\\/portal\\\/reunion-para-avanzar-en-la-reorganizacion-de-la-microrregion-el-parana-y-sus-aldeas\\\/#primaryimage\"},\"image\":{\"@id\":\"https:\\\/\\\/oroverde.gob.ar\\\/portal\\\/reunion-para-avanzar-en-la-reorganizacion-de-la-microrregion-el-parana-y-sus-aldeas\\\/#primaryimage\"},\"thumbnailUrl\":\"https:\\\/\\\/oroverde.gob.ar\\\/portal\\\/wp-content\\\/uploads\\\/2024\\\/08\\\/Reunion.jpeg\",\"datePublished\":\"2024-08-27T15:25:19+00:00\",\"breadcrumb\":{\"@id\":\"https:\\\/\\\/oroverde.gob.ar\\\/portal\\\/reunion-para-avanzar-en-la-reorganizacion-de-la-microrregion-el-parana-y-sus-aldeas\\\/#breadcrumb\"},\"inLanguage\":\"es\",\"potentialAction\":[{\"@type\":\"ReadAction\",\"target\":[\"https:\\\/\\\/oroverde.gob.ar\\\/portal\\\/reunion-para-avanzar-en-la-reorganizacion-de-la-microrregion-el-parana-y-sus-aldeas\\\/\"]}]},{\"@type\":\"ImageObject\",\"inLanguage\":\"es\",\"@id\":\"https:\\\/\\\/oroverde.gob.ar\\\/portal\\\/reunion-para-avanzar-en-la-reorganizacion-de-la-microrregion-el-parana-y-sus-aldeas\\\/#primaryimage\",\"url\":\"https:\\\/\\\/oroverde.gob.ar\\\/portal\\\/wp-content\\\/uploads\\\/2024\\\/08\\\/Reunion.jpeg\",\"contentUrl\":\"https:\\\/\\\/oroverde.gob.ar\\\/portal\\\/wp-content\\\/uploads\\\/2024\\\/08\\\/Reunion.jpeg\",\"width\":1600,\"height\":1200},{\"@type\":\"BreadcrumbList\",\"@id\":\"https:\\\/\\\/oroverde.gob.ar\\\/portal\\\/reunion-para-avanzar-en-la-reorganizacion-de-la-microrregion-el-parana-y-sus-aldeas\\\/#breadcrumb\",\"itemListElement\":[{\"@type\":\"ListItem\",\"position\":1,\"name\":\"Portada\",\"item\":\"https:\\\/\\\/oroverde.gob.ar\\\/portal\\\/\"},{\"@type\":\"ListItem\",\"position\":2,\"name\":\"Reuni\u00f3n para avanzar en la reorganizaci\u00f3n de la microrregi\u00f3n \u00abEl Paran\u00e1 y sus Aldeas\u00bb\"}]},{\"@type\":\"WebSite\",\"@id\":\"https:\\\/\\\/oroverde.gob.ar\\\/portal\\\/#website\",\"url\":\"https:\\\/\\\/oroverde.gob.ar\\\/portal\\\/\",\"name\":\"Municipio de Oro Verde\",\"description\":\"Web Oficial\",\"publisher\":{\"@id\":\"https:\\\/\\\/oroverde.gob.ar\\\/portal\\\/#organization\"},\"potentialAction\":[{\"@type\":\"SearchAction\",\"target\":{\"@type\":\"EntryPoint\",\"urlTemplate\":\"https:\\\/\\\/oroverde.gob.ar\\\/portal\\\/?s={search_term_string}\"},\"query-input\":{\"@type\":\"PropertyValueSpecification\",\"valueRequired\":true,\"valueName\":\"search_term_string\"}}],\"inLanguage\":\"es\"},{\"@type\":\"Organization\",\"@id\":\"https:\\\/\\\/oroverde.gob.ar\\\/portal\\\/#organization\",\"name\":\"Municipio de Oro Verde\",\"url\":\"https:\\\/\\\/oroverde.gob.ar\\\/portal\\\/\",\"logo\":{\"@type\":\"ImageObject\",\"inLanguage\":\"es\",\"@id\":\"https:\\\/\\\/oroverde.gob.ar\\\/portal\\\/#\\\/schema\\\/logo\\\/image\\\/\",\"url\":\"https:\\\/\\\/oroverde.gob.ar\\\/portal\\\/wp-content\\\/uploads\\\/2024\\\/06\\\/cropped-cropped-logo-1.png\",\"contentUrl\":\"https:\\\/\\\/oroverde.gob.ar\\\/portal\\\/wp-content\\\/uploads\\\/2024\\\/06\\\/cropped-cropped-logo-1.png\",\"width\":1776,\"height\":738,\"caption\":\"Municipio de Oro Verde\"},\"image\":{\"@id\":\"https:\\\/\\\/oroverde.gob.ar\\\/portal\\\/#\\\/schema\\\/logo\\\/image\\\/\"}},{\"@type\":\"Person\",\"@id\":\"https:\\\/\\\/oroverde.gob.ar\\\/portal\\\/#\\\/schema\\\/person\\\/b975e0cbcd43b7dcf9c64511ec84f10f\",\"name\":\"Soledad\",\"image\":{\"@type\":\"ImageObject\",\"inLanguage\":\"es\",\"@id\":\"https:\\\/\\\/secure.gravatar.com\\\/avatar\\\/b2f5b6cda565395f31dc94c95932b9b3fbe6275bad58a1579843d3d1607d4a66?s=96&d=mm&r=g\",\"url\":\"https:\\\/\\\/secure.gravatar.com\\\/avatar\\\/b2f5b6cda565395f31dc94c95932b9b3fbe6275bad58a1579843d3d1607d4a66?s=96&d=mm&r=g\",\"contentUrl\":\"https:\\\/\\\/secure.gravatar.com\\\/avatar\\\/b2f5b6cda565395f31dc94c95932b9b3fbe6275bad58a1579843d3d1607d4a66?s=96&d=mm&r=g\",\"caption\":\"Soledad\"},\"url\":\"https:\\\/\\\/oroverde.gob.ar\\\/portal\\\/author\\\/soledad\\\/\"}]}<\/script>\n<!-- \/ Yoast SEO plugin. -->","yoast_head_json":{"title":"Reuni\u00f3n para avanzar en la reorganizaci\u00f3n de la microrregi\u00f3n \"El Paran\u00e1 y sus Aldeas\" - Municipio de Oro Verde","robots":{"index":"index","follow":"follow","max-snippet":"max-snippet:-1","max-image-preview":"max-image-preview:large","max-video-preview":"max-video-preview:-1"},"canonical":"https:\/\/oroverde.gob.ar\/portal\/reunion-para-avanzar-en-la-reorganizacion-de-la-microrregion-el-parana-y-sus-aldeas\/","og_locale":"es_ES","og_type":"article","og_title":"Reuni\u00f3n para avanzar en la reorganizaci\u00f3n de la microrregi\u00f3n \"El Paran\u00e1 y sus Aldeas\" - Municipio de Oro Verde","og_description":"El responsable del \u00e1rea de Deporte, Recreaci\u00f3n y Turismo municipal Marcelo Barreto particip\u00f3 este lunes en Aldea Protestante junto a otros referentes de turismo de localidades vecinas de un encuentro donde el objetivo fue aunar criterios para avanzar en la reorganizaci\u00f3n de la &hellip;","og_url":"https:\/\/oroverde.gob.ar\/portal\/reunion-para-avanzar-en-la-reorganizacion-de-la-microrregion-el-parana-y-sus-aldeas\/","og_site_name":"Municipio de Oro Verde","article_published_time":"2024-08-27T15:25:19+00:00","og_image":[{"width":1600,"height":1200,"url":"https:\/\/oroverde.gob.ar\/portal\/wp-content\/uploads\/2024\/08\/Reunion.jpeg","type":"image\/jpeg"}],"author":"Soledad","twitter_card":"summary_large_image","twitter_misc":{"Escrito por":"Soledad","Tiempo de lectura":"1 minuto"},"schema":{"@context":"https:\/\/schema.org","@graph":[{"@type":"Article","@id":"https:\/\/oroverde.gob.ar\/portal\/reunion-para-avanzar-en-la-reorganizacion-de-la-microrregion-el-parana-y-sus-aldeas\/#article","isPartOf":{"@id":"https:\/\/oroverde.gob.ar\/portal\/reunion-para-avanzar-en-la-reorganizacion-de-la-microrregion-el-parana-y-sus-aldeas\/"},"author":{"name":"Soledad","@id":"https:\/\/oroverde.gob.ar\/portal\/#\/schema\/person\/b975e0cbcd43b7dcf9c64511ec84f10f"},"headline":"Reuni\u00f3n para avanzar en la reorganizaci\u00f3n de la microrregi\u00f3n \u00abEl Paran\u00e1 y sus Aldeas\u00bb","datePublished":"2024-08-27T15:25:19+00:00","mainEntityOfPage":{"@id":"https:\/\/oroverde.gob.ar\/portal\/reunion-para-avanzar-en-la-reorganizacion-de-la-microrregion-el-parana-y-sus-aldeas\/"},"wordCount":175,"publisher":{"@id":"https:\/\/oroverde.gob.ar\/portal\/#organization"},"image":{"@id":"https:\/\/oroverde.gob.ar\/portal\/reunion-para-avanzar-en-la-reorganizacion-de-la-microrregion-el-parana-y-sus-aldeas\/#primaryimage"},"thumbnailUrl":"https:\/\/oroverde.gob.ar\/portal\/wp-content\/uploads\/2024\/08\/Reunion.jpeg","articleSection":["Noticias"],"inLanguage":"es"},{"@type":"WebPage","@id":"https:\/\/oroverde.gob.ar\/portal\/reunion-para-avanzar-en-la-reorganizacion-de-la-microrregion-el-parana-y-sus-aldeas\/","url":"https:\/\/oroverde.gob.ar\/portal\/reunion-para-avanzar-en-la-reorganizacion-de-la-microrregion-el-parana-y-sus-aldeas\/","name":"Reuni\u00f3n para avanzar en la reorganizaci\u00f3n de la microrregi\u00f3n \"El Paran\u00e1 y sus Aldeas\" - Municipio de Oro Verde","isPartOf":{"@id":"https:\/\/oroverde.gob.ar\/portal\/#website"},"primaryImageOfPage":{"@id":"https:\/\/oroverde.gob.ar\/portal\/reunion-para-avanzar-en-la-reorganizacion-de-la-microrregion-el-parana-y-sus-aldeas\/#primaryimage"},"image":{"@id":"https:\/\/oroverde.gob.ar\/portal\/reunion-para-avanzar-en-la-reorganizacion-de-la-microrregion-el-parana-y-sus-aldeas\/#primaryimage"},"thumbnailUrl":"https:\/\/oroverde.gob.ar\/portal\/wp-content\/uploads\/2024\/08\/Reunion.jpeg","datePublished":"2024-08-27T15:25:19+00:00","breadcrumb":{"@id":"https:\/\/oroverde.gob.ar\/portal\/reunion-para-avanzar-en-la-reorganizacion-de-la-microrregion-el-parana-y-sus-aldeas\/#breadcrumb"},"inLanguage":"es","potentialAction":[{"@type":"ReadAction","target":["https:\/\/oroverde.gob.ar\/portal\/reunion-para-avanzar-en-la-reorganizacion-de-la-microrregion-el-parana-y-sus-aldeas\/"]}]},{"@type":"ImageObject","inLanguage":"es","@id":"https:\/\/oroverde.gob.ar\/portal\/reunion-para-avanzar-en-la-reorganizacion-de-la-microrregion-el-parana-y-sus-aldeas\/#primaryimage","url":"https:\/\/oroverde.gob.ar\/portal\/wp-content\/uploads\/2024\/08\/Reunion.jpeg","contentUrl":"https:\/\/oroverde.gob.ar\/portal\/wp-content\/uploads\/2024\/08\/Reunion.jpeg","width":1600,"height":1200},{"@type":"BreadcrumbList","@id":"https:\/\/oroverde.gob.ar\/portal\/reunion-para-avanzar-en-la-reorganizacion-de-la-microrregion-el-parana-y-sus-aldeas\/#breadcrumb","itemListElement":[{"@type":"ListItem","position":1,"name":"Portada","item":"https:\/\/oroverde.gob.ar\/portal\/"},{"@type":"ListItem","position":2,"name":"Reuni\u00f3n para avanzar en la reorganizaci\u00f3n de la microrregi\u00f3n \u00abEl Paran\u00e1 y sus Aldeas\u00bb"}]},{"@type":"WebSite","@id":"https:\/\/oroverde.gob.ar\/portal\/#website","url":"https:\/\/oroverde.gob.ar\/portal\/","name":"Municipio de Oro Verde","description":"Web Oficial","publisher":{"@id":"https:\/\/oroverde.gob.ar\/portal\/#organization"},"potentialAction":[{"@type":"SearchAction","target":{"@type":"EntryPoint","urlTemplate":"https:\/\/oroverde.gob.ar\/portal\/?s={search_term_string}"},"query-input":{"@type":"PropertyValueSpecification","valueRequired":true,"valueName":"search_term_string"}}],"inLanguage":"es"},{"@type":"Organization","@id":"https:\/\/oroverde.gob.ar\/portal\/#organization","name":"Municipio de Oro Verde","url":"https:\/\/oroverde.gob.ar\/portal\/","logo":{"@type":"ImageObject","inLanguage":"es","@id":"https:\/\/oroverde.gob.ar\/portal\/#\/schema\/logo\/image\/","url":"https:\/\/oroverde.gob.ar\/portal\/wp-content\/uploads\/2024\/06\/cropped-cropped-logo-1.png","contentUrl":"https:\/\/oroverde.gob.ar\/portal\/wp-content\/uploads\/2024\/06\/cropped-cropped-logo-1.png","width":1776,"height":738,"caption":"Municipio de Oro Verde"},"image":{"@id":"https:\/\/oroverde.gob.ar\/portal\/#\/schema\/logo\/image\/"}},{"@type":"Person","@id":"https:\/\/oroverde.gob.ar\/portal\/#\/schema\/person\/b975e0cbcd43b7dcf9c64511ec84f10f","name":"Soledad","image":{"@type":"ImageObject","inLanguage":"es","@id":"https:\/\/secure.gravatar.com\/avatar\/b2f5b6cda565395f31dc94c95932b9b3fbe6275bad58a1579843d3d1607d4a66?s=96&d=mm&r=g","url":"https:\/\/secure.gravatar.com\/avatar\/b2f5b6cda565395f31dc94c95932b9b3fbe6275bad58a1579843d3d1607d4a66?s=96&d=mm&r=g","contentUrl":"https:\/\/secure.gravatar.com\/avatar\/b2f5b6cda565395f31dc94c95932b9b3fbe6275bad58a1579843d3d1607d4a66?s=96&d=mm&r=g","caption":"Soledad"},"url":"https:\/\/oroverde.gob.ar\/portal\/author\/soledad\/"}]}},"_links":{"self":[{"href":"https:\/\/oroverde.gob.ar\/portal\/wp-json\/wp\/v2\/posts\/3692","targetHints":{"allow":["GET"]}}],"collection":[{"href":"https:\/\/oroverde.gob.ar\/portal\/wp-json\/wp\/v2\/posts"}],"about":[{"href":"https:\/\/oroverde.gob.ar\/portal\/wp-json\/wp\/v2\/types\/post"}],"author":[{"embeddable":true,"href":"https:\/\/oroverde.gob.ar\/portal\/wp-json\/wp\/v2\/users\/3"}],"replies":[{"embeddable":true,"href":"https:\/\/oroverde.gob.ar\/portal\/wp-json\/wp\/v2\/comments?post=3692"}],"version-history":[{"count":1,"href":"https:\/\/oroverde.gob.ar\/portal\/wp-json\/wp\/v2\/posts\/3692\/revisions"}],"predecessor-version":[{"id":3694,"href":"https:\/\/oroverde.gob.ar\/portal\/wp-json\/wp\/v2\/posts\/3692\/revisions\/3694"}],"wp:featuredmedia":[{"embeddable":true,"href":"https:\/\/oroverde.gob.ar\/portal\/wp-json\/wp\/v2\/media\/3693"}],"wp:attachment":[{"href":"https:\/\/oroverde.gob.ar\/portal\/wp-json\/wp\/v2\/media?parent=3692"}],"wp:term":[{"taxonomy":"category","embeddable":true,"href":"https:\/\/oroverde.gob.ar\/portal\/wp-json\/wp\/v2\/categories?post=3692"},{"taxonomy":"post_tag","embeddable":true,"href":"https:\/\/oroverde.gob.ar\/portal\/wp-json\/wp\/v2\/tags?post=3692"}],"curies":[{"name":"wp","href":"https:\/\/api.w.org\/{rel}","templated":true}]}}