{"id":3809,"date":"2024-09-02T14:19:18","date_gmt":"2024-09-02T17:19:18","guid":{"rendered":"https:\/\/oroverde.gob.ar\/portal\/?p=3809"},"modified":"2024-09-02T14:19:18","modified_gmt":"2024-09-02T17:19:18","slug":"el-cef-no26-cumplio-9-anos-y-realizo-un-acto-para-festejarlo","status":"publish","type":"post","link":"https:\/\/oroverde.gob.ar\/portal\/el-cef-no26-cumplio-9-anos-y-realizo-un-acto-para-festejarlo\/","title":{"rendered":"El CEF N\u00ba26 cumpli\u00f3 9 a\u00f1os y realiz\u00f3 un Acto para festejarlo"},"content":{"rendered":"<div class=\"xdj266r x11i5rnm xat24cr x1mh8g0r x1vvkbs x126k92a\">\n<div dir=\"auto\">El Centro de Educaci\u00f3n F\u00edsica N\u00ba26 de nuestra localidad cumpli\u00f3 9 a\u00f1os de trabajo ininterrumpido y de vinculaci\u00f3n con el Municipio y otras instituciones. El viernes pasado realizaron un acto formal del que particip\u00f3 el intendente C\u00e9sar Clement y la viceintendenta Mercedes Schvindt, junto al responsable del \u00e1rea de Deportes, Recreaci\u00f3n y Turismo Marcelo Barreto, el Supervisor de Educaci\u00f3n Secundaria de la Costa del Paran\u00e1 Fabricio Mart\u00ednez y la coordinadora del CEF Vanina Spahn.<\/div>\n<\/div>\n<div class=\"x11i5rnm xat24cr x1mh8g0r x1vvkbs xtlvy1s x126k92a\">\n<div dir=\"auto\">Tambi\u00e9n asisti\u00f3 el equipo completo de profesores, los alumnos del CEF, la directora de la Unidad de nivel inicial Lechucitas, Fernanda Mayor, la directora del Dto. de Aplicaci\u00f3n Alfredo Alfonsini, Lorena Buffa entre otras autoridades de la localidad que se acercaron para ser parte del festejo. Hubo entrega de presentes, reconocimientos, palabras alusivas, baile y muestra de diferentes disciplinas.<\/div>\n<\/div>\n","protected":false},"excerpt":{"rendered":"<p>El Centro de Educaci\u00f3n F\u00edsica N\u00ba26 de nuestra localidad cumpli\u00f3 9 a\u00f1os de trabajo ininterrumpido y de vinculaci\u00f3n con el Municipio y otras instituciones. El viernes pasado realizaron un acto formal del que particip\u00f3 el intendente C\u00e9sar Clement y la viceintendenta Mercedes Schvindt, &hellip;<\/p>\n","protected":false},"author":3,"featured_media":3810,"comment_status":"closed","ping_status":"closed","sticky":false,"template":"","format":"standard","meta":{"footnotes":""},"categories":[20],"tags":[],"class_list":["post-3809","post","type-post","status-publish","format-standard","has-post-thumbnail","hentry","category-locales"],"yoast_head":"<!-- This site is optimized with the Yoast SEO plugin v27.5 - https:\/\/yoast.com\/product\/yoast-seo-wordpress\/ -->\n<title>El CEF N\u00ba26 cumpli\u00f3 9 a\u00f1os y realiz\u00f3 un Acto para festejarlo - Municipio de Oro Verde<\/title>\n<meta name=\"robots\" content=\"index, follow, max-snippet:-1, max-image-preview:large, max-video-preview:-1\" \/>\n<link rel=\"canonical\" href=\"https:\/\/oroverde.gob.ar\/portal\/el-cef-no26-cumplio-9-anos-y-realizo-un-acto-para-festejarlo\/\" \/>\n<meta property=\"og:locale\" content=\"es_ES\" \/>\n<meta property=\"og:type\" content=\"article\" \/>\n<meta property=\"og:title\" content=\"El CEF N\u00ba26 cumpli\u00f3 9 a\u00f1os y realiz\u00f3 un Acto para festejarlo - Municipio de Oro Verde\" \/>\n<meta property=\"og:description\" content=\"El Centro de Educaci\u00f3n F\u00edsica N\u00ba26 de nuestra localidad cumpli\u00f3 9 a\u00f1os de trabajo ininterrumpido y de vinculaci\u00f3n con el Municipio y otras instituciones. El viernes pasado realizaron un acto formal del que particip\u00f3 el intendente C\u00e9sar Clement y la viceintendenta Mercedes Schvindt, &hellip;\" \/>\n<meta property=\"og:url\" content=\"https:\/\/oroverde.gob.ar\/portal\/el-cef-no26-cumplio-9-anos-y-realizo-un-acto-para-festejarlo\/\" \/>\n<meta property=\"og:site_name\" content=\"Municipio de Oro Verde\" \/>\n<meta property=\"article:published_time\" content=\"2024-09-02T17:19:18+00:00\" \/>\n<meta property=\"og:image\" content=\"https:\/\/oroverde.gob.ar\/portal\/wp-content\/uploads\/2024\/09\/WhatsApp-Image-2024-09-02-at-1.00.32-PM.jpeg\" \/>\n\t<meta property=\"og:image:width\" content=\"1600\" \/>\n\t<meta property=\"og:image:height\" content=\"1066\" \/>\n\t<meta property=\"og:image:type\" content=\"image\/jpeg\" \/>\n<meta name=\"author\" content=\"Soledad\" \/>\n<meta name=\"twitter:card\" content=\"summary_large_image\" \/>\n<meta name=\"twitter:label1\" content=\"Escrito por\" \/>\n\t<meta name=\"twitter:data1\" content=\"Soledad\" \/>\n\t<meta name=\"twitter:label2\" content=\"Tiempo de lectura\" \/>\n\t<meta name=\"twitter:data2\" content=\"1 minuto\" \/>\n<script type=\"application\/ld+json\" class=\"yoast-schema-graph\">{\"@context\":\"https:\\\/\\\/schema.org\",\"@graph\":[{\"@type\":\"Article\",\"@id\":\"https:\\\/\\\/oroverde.gob.ar\\\/portal\\\/el-cef-no26-cumplio-9-anos-y-realizo-un-acto-para-festejarlo\\\/#article\",\"isPartOf\":{\"@id\":\"https:\\\/\\\/oroverde.gob.ar\\\/portal\\\/el-cef-no26-cumplio-9-anos-y-realizo-un-acto-para-festejarlo\\\/\"},\"author\":{\"name\":\"Soledad\",\"@id\":\"https:\\\/\\\/oroverde.gob.ar\\\/portal\\\/#\\\/schema\\\/person\\\/b975e0cbcd43b7dcf9c64511ec84f10f\"},\"headline\":\"El CEF N\u00ba26 cumpli\u00f3 9 a\u00f1os y realiz\u00f3 un Acto para festejarlo\",\"datePublished\":\"2024-09-02T17:19:18+00:00\",\"mainEntityOfPage\":{\"@id\":\"https:\\\/\\\/oroverde.gob.ar\\\/portal\\\/el-cef-no26-cumplio-9-anos-y-realizo-un-acto-para-festejarlo\\\/\"},\"wordCount\":154,\"publisher\":{\"@id\":\"https:\\\/\\\/oroverde.gob.ar\\\/portal\\\/#organization\"},\"image\":{\"@id\":\"https:\\\/\\\/oroverde.gob.ar\\\/portal\\\/el-cef-no26-cumplio-9-anos-y-realizo-un-acto-para-festejarlo\\\/#primaryimage\"},\"thumbnailUrl\":\"https:\\\/\\\/oroverde.gob.ar\\\/portal\\\/wp-content\\\/uploads\\\/2024\\\/09\\\/WhatsApp-Image-2024-09-02-at-1.00.32-PM.jpeg\",\"articleSection\":[\"Locales\"],\"inLanguage\":\"es\"},{\"@type\":\"WebPage\",\"@id\":\"https:\\\/\\\/oroverde.gob.ar\\\/portal\\\/el-cef-no26-cumplio-9-anos-y-realizo-un-acto-para-festejarlo\\\/\",\"url\":\"https:\\\/\\\/oroverde.gob.ar\\\/portal\\\/el-cef-no26-cumplio-9-anos-y-realizo-un-acto-para-festejarlo\\\/\",\"name\":\"El CEF N\u00ba26 cumpli\u00f3 9 a\u00f1os y realiz\u00f3 un Acto para festejarlo - Municipio de Oro Verde\",\"isPartOf\":{\"@id\":\"https:\\\/\\\/oroverde.gob.ar\\\/portal\\\/#website\"},\"primaryImageOfPage\":{\"@id\":\"https:\\\/\\\/oroverde.gob.ar\\\/portal\\\/el-cef-no26-cumplio-9-anos-y-realizo-un-acto-para-festejarlo\\\/#primaryimage\"},\"image\":{\"@id\":\"https:\\\/\\\/oroverde.gob.ar\\\/portal\\\/el-cef-no26-cumplio-9-anos-y-realizo-un-acto-para-festejarlo\\\/#primaryimage\"},\"thumbnailUrl\":\"https:\\\/\\\/oroverde.gob.ar\\\/portal\\\/wp-content\\\/uploads\\\/2024\\\/09\\\/WhatsApp-Image-2024-09-02-at-1.00.32-PM.jpeg\",\"datePublished\":\"2024-09-02T17:19:18+00:00\",\"breadcrumb\":{\"@id\":\"https:\\\/\\\/oroverde.gob.ar\\\/portal\\\/el-cef-no26-cumplio-9-anos-y-realizo-un-acto-para-festejarlo\\\/#breadcrumb\"},\"inLanguage\":\"es\",\"potentialAction\":[{\"@type\":\"ReadAction\",\"target\":[\"https:\\\/\\\/oroverde.gob.ar\\\/portal\\\/el-cef-no26-cumplio-9-anos-y-realizo-un-acto-para-festejarlo\\\/\"]}]},{\"@type\":\"ImageObject\",\"inLanguage\":\"es\",\"@id\":\"https:\\\/\\\/oroverde.gob.ar\\\/portal\\\/el-cef-no26-cumplio-9-anos-y-realizo-un-acto-para-festejarlo\\\/#primaryimage\",\"url\":\"https:\\\/\\\/oroverde.gob.ar\\\/portal\\\/wp-content\\\/uploads\\\/2024\\\/09\\\/WhatsApp-Image-2024-09-02-at-1.00.32-PM.jpeg\",\"contentUrl\":\"https:\\\/\\\/oroverde.gob.ar\\\/portal\\\/wp-content\\\/uploads\\\/2024\\\/09\\\/WhatsApp-Image-2024-09-02-at-1.00.32-PM.jpeg\",\"width\":1600,\"height\":1066},{\"@type\":\"BreadcrumbList\",\"@id\":\"https:\\\/\\\/oroverde.gob.ar\\\/portal\\\/el-cef-no26-cumplio-9-anos-y-realizo-un-acto-para-festejarlo\\\/#breadcrumb\",\"itemListElement\":[{\"@type\":\"ListItem\",\"position\":1,\"name\":\"Portada\",\"item\":\"https:\\\/\\\/oroverde.gob.ar\\\/portal\\\/\"},{\"@type\":\"ListItem\",\"position\":2,\"name\":\"El CEF N\u00ba26 cumpli\u00f3 9 a\u00f1os y realiz\u00f3 un Acto para festejarlo\"}]},{\"@type\":\"WebSite\",\"@id\":\"https:\\\/\\\/oroverde.gob.ar\\\/portal\\\/#website\",\"url\":\"https:\\\/\\\/oroverde.gob.ar\\\/portal\\\/\",\"name\":\"Municipio de Oro Verde\",\"description\":\"Web Oficial\",\"publisher\":{\"@id\":\"https:\\\/\\\/oroverde.gob.ar\\\/portal\\\/#organization\"},\"potentialAction\":[{\"@type\":\"SearchAction\",\"target\":{\"@type\":\"EntryPoint\",\"urlTemplate\":\"https:\\\/\\\/oroverde.gob.ar\\\/portal\\\/?s={search_term_string}\"},\"query-input\":{\"@type\":\"PropertyValueSpecification\",\"valueRequired\":true,\"valueName\":\"search_term_string\"}}],\"inLanguage\":\"es\"},{\"@type\":\"Organization\",\"@id\":\"https:\\\/\\\/oroverde.gob.ar\\\/portal\\\/#organization\",\"name\":\"Municipio de Oro Verde\",\"url\":\"https:\\\/\\\/oroverde.gob.ar\\\/portal\\\/\",\"logo\":{\"@type\":\"ImageObject\",\"inLanguage\":\"es\",\"@id\":\"https:\\\/\\\/oroverde.gob.ar\\\/portal\\\/#\\\/schema\\\/logo\\\/image\\\/\",\"url\":\"https:\\\/\\\/oroverde.gob.ar\\\/portal\\\/wp-content\\\/uploads\\\/2024\\\/06\\\/cropped-cropped-logo-1.png\",\"contentUrl\":\"https:\\\/\\\/oroverde.gob.ar\\\/portal\\\/wp-content\\\/uploads\\\/2024\\\/06\\\/cropped-cropped-logo-1.png\",\"width\":1776,\"height\":738,\"caption\":\"Municipio de Oro Verde\"},\"image\":{\"@id\":\"https:\\\/\\\/oroverde.gob.ar\\\/portal\\\/#\\\/schema\\\/logo\\\/image\\\/\"}},{\"@type\":\"Person\",\"@id\":\"https:\\\/\\\/oroverde.gob.ar\\\/portal\\\/#\\\/schema\\\/person\\\/b975e0cbcd43b7dcf9c64511ec84f10f\",\"name\":\"Soledad\",\"image\":{\"@type\":\"ImageObject\",\"inLanguage\":\"es\",\"@id\":\"https:\\\/\\\/secure.gravatar.com\\\/avatar\\\/b2f5b6cda565395f31dc94c95932b9b3fbe6275bad58a1579843d3d1607d4a66?s=96&d=mm&r=g\",\"url\":\"https:\\\/\\\/secure.gravatar.com\\\/avatar\\\/b2f5b6cda565395f31dc94c95932b9b3fbe6275bad58a1579843d3d1607d4a66?s=96&d=mm&r=g\",\"contentUrl\":\"https:\\\/\\\/secure.gravatar.com\\\/avatar\\\/b2f5b6cda565395f31dc94c95932b9b3fbe6275bad58a1579843d3d1607d4a66?s=96&d=mm&r=g\",\"caption\":\"Soledad\"},\"url\":\"https:\\\/\\\/oroverde.gob.ar\\\/portal\\\/author\\\/soledad\\\/\"}]}<\/script>\n<!-- \/ Yoast SEO plugin. -->","yoast_head_json":{"title":"El CEF N\u00ba26 cumpli\u00f3 9 a\u00f1os y realiz\u00f3 un Acto para festejarlo - Municipio de Oro Verde","robots":{"index":"index","follow":"follow","max-snippet":"max-snippet:-1","max-image-preview":"max-image-preview:large","max-video-preview":"max-video-preview:-1"},"canonical":"https:\/\/oroverde.gob.ar\/portal\/el-cef-no26-cumplio-9-anos-y-realizo-un-acto-para-festejarlo\/","og_locale":"es_ES","og_type":"article","og_title":"El CEF N\u00ba26 cumpli\u00f3 9 a\u00f1os y realiz\u00f3 un Acto para festejarlo - Municipio de Oro Verde","og_description":"El Centro de Educaci\u00f3n F\u00edsica N\u00ba26 de nuestra localidad cumpli\u00f3 9 a\u00f1os de trabajo ininterrumpido y de vinculaci\u00f3n con el Municipio y otras instituciones. El viernes pasado realizaron un acto formal del que particip\u00f3 el intendente C\u00e9sar Clement y la viceintendenta Mercedes Schvindt, &hellip;","og_url":"https:\/\/oroverde.gob.ar\/portal\/el-cef-no26-cumplio-9-anos-y-realizo-un-acto-para-festejarlo\/","og_site_name":"Municipio de Oro Verde","article_published_time":"2024-09-02T17:19:18+00:00","og_image":[{"width":1600,"height":1066,"url":"https:\/\/oroverde.gob.ar\/portal\/wp-content\/uploads\/2024\/09\/WhatsApp-Image-2024-09-02-at-1.00.32-PM.jpeg","type":"image\/jpeg"}],"author":"Soledad","twitter_card":"summary_large_image","twitter_misc":{"Escrito por":"Soledad","Tiempo de lectura":"1 minuto"},"schema":{"@context":"https:\/\/schema.org","@graph":[{"@type":"Article","@id":"https:\/\/oroverde.gob.ar\/portal\/el-cef-no26-cumplio-9-anos-y-realizo-un-acto-para-festejarlo\/#article","isPartOf":{"@id":"https:\/\/oroverde.gob.ar\/portal\/el-cef-no26-cumplio-9-anos-y-realizo-un-acto-para-festejarlo\/"},"author":{"name":"Soledad","@id":"https:\/\/oroverde.gob.ar\/portal\/#\/schema\/person\/b975e0cbcd43b7dcf9c64511ec84f10f"},"headline":"El CEF N\u00ba26 cumpli\u00f3 9 a\u00f1os y realiz\u00f3 un Acto para festejarlo","datePublished":"2024-09-02T17:19:18+00:00","mainEntityOfPage":{"@id":"https:\/\/oroverde.gob.ar\/portal\/el-cef-no26-cumplio-9-anos-y-realizo-un-acto-para-festejarlo\/"},"wordCount":154,"publisher":{"@id":"https:\/\/oroverde.gob.ar\/portal\/#organization"},"image":{"@id":"https:\/\/oroverde.gob.ar\/portal\/el-cef-no26-cumplio-9-anos-y-realizo-un-acto-para-festejarlo\/#primaryimage"},"thumbnailUrl":"https:\/\/oroverde.gob.ar\/portal\/wp-content\/uploads\/2024\/09\/WhatsApp-Image-2024-09-02-at-1.00.32-PM.jpeg","articleSection":["Locales"],"inLanguage":"es"},{"@type":"WebPage","@id":"https:\/\/oroverde.gob.ar\/portal\/el-cef-no26-cumplio-9-anos-y-realizo-un-acto-para-festejarlo\/","url":"https:\/\/oroverde.gob.ar\/portal\/el-cef-no26-cumplio-9-anos-y-realizo-un-acto-para-festejarlo\/","name":"El CEF N\u00ba26 cumpli\u00f3 9 a\u00f1os y realiz\u00f3 un Acto para festejarlo - Municipio de Oro Verde","isPartOf":{"@id":"https:\/\/oroverde.gob.ar\/portal\/#website"},"primaryImageOfPage":{"@id":"https:\/\/oroverde.gob.ar\/portal\/el-cef-no26-cumplio-9-anos-y-realizo-un-acto-para-festejarlo\/#primaryimage"},"image":{"@id":"https:\/\/oroverde.gob.ar\/portal\/el-cef-no26-cumplio-9-anos-y-realizo-un-acto-para-festejarlo\/#primaryimage"},"thumbnailUrl":"https:\/\/oroverde.gob.ar\/portal\/wp-content\/uploads\/2024\/09\/WhatsApp-Image-2024-09-02-at-1.00.32-PM.jpeg","datePublished":"2024-09-02T17:19:18+00:00","breadcrumb":{"@id":"https:\/\/oroverde.gob.ar\/portal\/el-cef-no26-cumplio-9-anos-y-realizo-un-acto-para-festejarlo\/#breadcrumb"},"inLanguage":"es","potentialAction":[{"@type":"ReadAction","target":["https:\/\/oroverde.gob.ar\/portal\/el-cef-no26-cumplio-9-anos-y-realizo-un-acto-para-festejarlo\/"]}]},{"@type":"ImageObject","inLanguage":"es","@id":"https:\/\/oroverde.gob.ar\/portal\/el-cef-no26-cumplio-9-anos-y-realizo-un-acto-para-festejarlo\/#primaryimage","url":"https:\/\/oroverde.gob.ar\/portal\/wp-content\/uploads\/2024\/09\/WhatsApp-Image-2024-09-02-at-1.00.32-PM.jpeg","contentUrl":"https:\/\/oroverde.gob.ar\/portal\/wp-content\/uploads\/2024\/09\/WhatsApp-Image-2024-09-02-at-1.00.32-PM.jpeg","width":1600,"height":1066},{"@type":"BreadcrumbList","@id":"https:\/\/oroverde.gob.ar\/portal\/el-cef-no26-cumplio-9-anos-y-realizo-un-acto-para-festejarlo\/#breadcrumb","itemListElement":[{"@type":"ListItem","position":1,"name":"Portada","item":"https:\/\/oroverde.gob.ar\/portal\/"},{"@type":"ListItem","position":2,"name":"El CEF N\u00ba26 cumpli\u00f3 9 a\u00f1os y realiz\u00f3 un Acto para festejarlo"}]},{"@type":"WebSite","@id":"https:\/\/oroverde.gob.ar\/portal\/#website","url":"https:\/\/oroverde.gob.ar\/portal\/","name":"Municipio de Oro Verde","description":"Web Oficial","publisher":{"@id":"https:\/\/oroverde.gob.ar\/portal\/#organization"},"potentialAction":[{"@type":"SearchAction","target":{"@type":"EntryPoint","urlTemplate":"https:\/\/oroverde.gob.ar\/portal\/?s={search_term_string}"},"query-input":{"@type":"PropertyValueSpecification","valueRequired":true,"valueName":"search_term_string"}}],"inLanguage":"es"},{"@type":"Organization","@id":"https:\/\/oroverde.gob.ar\/portal\/#organization","name":"Municipio de Oro Verde","url":"https:\/\/oroverde.gob.ar\/portal\/","logo":{"@type":"ImageObject","inLanguage":"es","@id":"https:\/\/oroverde.gob.ar\/portal\/#\/schema\/logo\/image\/","url":"https:\/\/oroverde.gob.ar\/portal\/wp-content\/uploads\/2024\/06\/cropped-cropped-logo-1.png","contentUrl":"https:\/\/oroverde.gob.ar\/portal\/wp-content\/uploads\/2024\/06\/cropped-cropped-logo-1.png","width":1776,"height":738,"caption":"Municipio de Oro Verde"},"image":{"@id":"https:\/\/oroverde.gob.ar\/portal\/#\/schema\/logo\/image\/"}},{"@type":"Person","@id":"https:\/\/oroverde.gob.ar\/portal\/#\/schema\/person\/b975e0cbcd43b7dcf9c64511ec84f10f","name":"Soledad","image":{"@type":"ImageObject","inLanguage":"es","@id":"https:\/\/secure.gravatar.com\/avatar\/b2f5b6cda565395f31dc94c95932b9b3fbe6275bad58a1579843d3d1607d4a66?s=96&d=mm&r=g","url":"https:\/\/secure.gravatar.com\/avatar\/b2f5b6cda565395f31dc94c95932b9b3fbe6275bad58a1579843d3d1607d4a66?s=96&d=mm&r=g","contentUrl":"https:\/\/secure.gravatar.com\/avatar\/b2f5b6cda565395f31dc94c95932b9b3fbe6275bad58a1579843d3d1607d4a66?s=96&d=mm&r=g","caption":"Soledad"},"url":"https:\/\/oroverde.gob.ar\/portal\/author\/soledad\/"}]}},"_links":{"self":[{"href":"https:\/\/oroverde.gob.ar\/portal\/wp-json\/wp\/v2\/posts\/3809","targetHints":{"allow":["GET"]}}],"collection":[{"href":"https:\/\/oroverde.gob.ar\/portal\/wp-json\/wp\/v2\/posts"}],"about":[{"href":"https:\/\/oroverde.gob.ar\/portal\/wp-json\/wp\/v2\/types\/post"}],"author":[{"embeddable":true,"href":"https:\/\/oroverde.gob.ar\/portal\/wp-json\/wp\/v2\/users\/3"}],"replies":[{"embeddable":true,"href":"https:\/\/oroverde.gob.ar\/portal\/wp-json\/wp\/v2\/comments?post=3809"}],"version-history":[{"count":1,"href":"https:\/\/oroverde.gob.ar\/portal\/wp-json\/wp\/v2\/posts\/3809\/revisions"}],"predecessor-version":[{"id":3811,"href":"https:\/\/oroverde.gob.ar\/portal\/wp-json\/wp\/v2\/posts\/3809\/revisions\/3811"}],"wp:featuredmedia":[{"embeddable":true,"href":"https:\/\/oroverde.gob.ar\/portal\/wp-json\/wp\/v2\/media\/3810"}],"wp:attachment":[{"href":"https:\/\/oroverde.gob.ar\/portal\/wp-json\/wp\/v2\/media?parent=3809"}],"wp:term":[{"taxonomy":"category","embeddable":true,"href":"https:\/\/oroverde.gob.ar\/portal\/wp-json\/wp\/v2\/categories?post=3809"},{"taxonomy":"post_tag","embeddable":true,"href":"https:\/\/oroverde.gob.ar\/portal\/wp-json\/wp\/v2\/tags?post=3809"}],"curies":[{"name":"wp","href":"https:\/\/api.w.org\/{rel}","templated":true}]}}