{"id":3945,"date":"2024-09-06T11:04:35","date_gmt":"2024-09-06T14:04:35","guid":{"rendered":"https:\/\/oroverde.gob.ar\/portal\/?p=3945"},"modified":"2024-09-06T11:20:56","modified_gmt":"2024-09-06T14:20:56","slug":"el-parque-horticola-municipal-prepara-su-produccion-agroecologica-para-esta-primavera","status":"publish","type":"post","link":"https:\/\/oroverde.gob.ar\/portal\/el-parque-horticola-municipal-prepara-su-produccion-agroecologica-para-esta-primavera\/","title":{"rendered":"El Parque hort\u00edcola municipal prepara su producci\u00f3n agroecol\u00f3gica para esta primavera"},"content":{"rendered":"<p>Para esta primavera ya habr\u00e1 producci\u00f3n agroecol\u00f3gica en el Parque Hort\u00edcola Municipal en su nueva ubicaci\u00f3n en el predio de la Escuela J. B. Alberdi. All\u00ed, los productores hort\u00edcolas de la Red de huerteros y huerteras cuentan con una parcela para llevar adelante su producci\u00f3n bajo la coordinaci\u00f3n de Guzm\u00e1n Banquero, responsable del Programa de Fortalecimiento de Huertas Agroecol\u00f3gicas Urbanas y Periurbana en el lugar.<\/p>\n<p>Peri\u00f3dicamente se ofrecen para la venta alimentos frescos agroecol\u00f3gicos a vecinos y vecinas de la localidad y as\u00ed logran obtener ingresos a partir de su trabajo.<\/p>\n<p>El intendente C\u00e9sar Clement estuvo recorriendo el Parque para interiorizarse sobre los trabajos que se llevan adelante y agradeci\u00f3 a la escuela J. B. Alberdi y a la Facultad de Humanidades, Artes y Ciencias Sociales de la UADER la posibilidad de poder utilizar este lote a trav\u00e9s de un convenio que se firm\u00f3.<\/p>\n<p>\u201cEn estos momentos nos encontramos trabajando dentro de las parcelas. El predio hoy cuenta con seis parcelas, seis productores que ya empezaron a hacer las labores en el suelo. Trabajan en la siembra, el trasplante y las expectativas son que para la Primavera podamos tener la primera cosecha ya que las condiciones clim\u00e1ticas nos van a ayudar, como para empezar ofrecer verduras de calidad dentro de la localidad de Oro Verde\u00bb explic\u00f3 Banquero.<\/p>\n<p>Sobre el trabajo dentro de la Escuela Alberdi agreg\u00f3 \u00abeste predio es adecuado para la producci\u00f3n, cuenta con buena calidad de suelo, agua, riego por goteo, un lugar para guardar las herramientas y maquinar\u00eda, as\u00ed que los productores trabajan de muy buena manera\u201d.<\/p>\n<p>&nbsp;<\/p>\n<p>&nbsp;<\/p>\n","protected":false},"excerpt":{"rendered":"<p>Para esta primavera ya habr\u00e1 producci\u00f3n agroecol\u00f3gica en el Parque Hort\u00edcola Municipal en su nueva ubicaci\u00f3n en el predio de la Escuela J. B. Alberdi. All\u00ed, los productores hort\u00edcolas de la Red de huerteros y huerteras cuentan con una parcela para llevar adelante &hellip;<\/p>\n","protected":false},"author":3,"featured_media":3946,"comment_status":"closed","ping_status":"closed","sticky":false,"template":"","format":"standard","meta":{"footnotes":""},"categories":[1],"tags":[],"class_list":["post-3945","post","type-post","status-publish","format-standard","has-post-thumbnail","hentry","category-municipio"],"yoast_head":"<!-- This site is optimized with the Yoast SEO plugin v27.5 - https:\/\/yoast.com\/product\/yoast-seo-wordpress\/ -->\n<title>El Parque hort\u00edcola municipal prepara su producci\u00f3n agroecol\u00f3gica para esta primavera - Municipio de Oro Verde<\/title>\n<meta name=\"robots\" content=\"index, follow, max-snippet:-1, max-image-preview:large, max-video-preview:-1\" \/>\n<link rel=\"canonical\" href=\"https:\/\/oroverde.gob.ar\/portal\/el-parque-horticola-municipal-prepara-su-produccion-agroecologica-para-esta-primavera\/\" \/>\n<meta property=\"og:locale\" content=\"es_ES\" \/>\n<meta property=\"og:type\" content=\"article\" \/>\n<meta property=\"og:title\" content=\"El Parque hort\u00edcola municipal prepara su producci\u00f3n agroecol\u00f3gica para esta primavera - Municipio de Oro Verde\" \/>\n<meta property=\"og:description\" content=\"Para esta primavera ya habr\u00e1 producci\u00f3n agroecol\u00f3gica en el Parque Hort\u00edcola Municipal en su nueva ubicaci\u00f3n en el predio de la Escuela J. B. Alberdi. All\u00ed, los productores hort\u00edcolas de la Red de huerteros y huerteras cuentan con una parcela para llevar adelante &hellip;\" \/>\n<meta property=\"og:url\" content=\"https:\/\/oroverde.gob.ar\/portal\/el-parque-horticola-municipal-prepara-su-produccion-agroecologica-para-esta-primavera\/\" \/>\n<meta property=\"og:site_name\" content=\"Municipio de Oro Verde\" \/>\n<meta property=\"article:published_time\" content=\"2024-09-06T14:04:35+00:00\" \/>\n<meta property=\"article:modified_time\" content=\"2024-09-06T14:20:56+00:00\" \/>\n<meta property=\"og:image\" content=\"https:\/\/oroverde.gob.ar\/portal\/wp-content\/uploads\/2024\/09\/para-web-Parque-scaled.jpg\" \/>\n\t<meta property=\"og:image:width\" content=\"2560\" \/>\n\t<meta property=\"og:image:height\" content=\"1707\" \/>\n\t<meta property=\"og:image:type\" content=\"image\/jpeg\" \/>\n<meta name=\"author\" content=\"Soledad\" \/>\n<meta name=\"twitter:card\" content=\"summary_large_image\" \/>\n<meta name=\"twitter:label1\" content=\"Escrito por\" \/>\n\t<meta name=\"twitter:data1\" content=\"Soledad\" \/>\n\t<meta name=\"twitter:label2\" content=\"Tiempo de lectura\" \/>\n\t<meta name=\"twitter:data2\" content=\"2 minutos\" \/>\n<script type=\"application\/ld+json\" class=\"yoast-schema-graph\">{\"@context\":\"https:\\\/\\\/schema.org\",\"@graph\":[{\"@type\":\"Article\",\"@id\":\"https:\\\/\\\/oroverde.gob.ar\\\/portal\\\/el-parque-horticola-municipal-prepara-su-produccion-agroecologica-para-esta-primavera\\\/#article\",\"isPartOf\":{\"@id\":\"https:\\\/\\\/oroverde.gob.ar\\\/portal\\\/el-parque-horticola-municipal-prepara-su-produccion-agroecologica-para-esta-primavera\\\/\"},\"author\":{\"name\":\"Soledad\",\"@id\":\"https:\\\/\\\/oroverde.gob.ar\\\/portal\\\/#\\\/schema\\\/person\\\/b975e0cbcd43b7dcf9c64511ec84f10f\"},\"headline\":\"El Parque hort\u00edcola municipal prepara su producci\u00f3n agroecol\u00f3gica para esta primavera\",\"datePublished\":\"2024-09-06T14:04:35+00:00\",\"dateModified\":\"2024-09-06T14:20:56+00:00\",\"mainEntityOfPage\":{\"@id\":\"https:\\\/\\\/oroverde.gob.ar\\\/portal\\\/el-parque-horticola-municipal-prepara-su-produccion-agroecologica-para-esta-primavera\\\/\"},\"wordCount\":292,\"publisher\":{\"@id\":\"https:\\\/\\\/oroverde.gob.ar\\\/portal\\\/#organization\"},\"image\":{\"@id\":\"https:\\\/\\\/oroverde.gob.ar\\\/portal\\\/el-parque-horticola-municipal-prepara-su-produccion-agroecologica-para-esta-primavera\\\/#primaryimage\"},\"thumbnailUrl\":\"https:\\\/\\\/oroverde.gob.ar\\\/portal\\\/wp-content\\\/uploads\\\/2024\\\/09\\\/para-web-Parque-scaled.jpg\",\"articleSection\":[\"Municipio\"],\"inLanguage\":\"es\"},{\"@type\":\"WebPage\",\"@id\":\"https:\\\/\\\/oroverde.gob.ar\\\/portal\\\/el-parque-horticola-municipal-prepara-su-produccion-agroecologica-para-esta-primavera\\\/\",\"url\":\"https:\\\/\\\/oroverde.gob.ar\\\/portal\\\/el-parque-horticola-municipal-prepara-su-produccion-agroecologica-para-esta-primavera\\\/\",\"name\":\"El Parque hort\u00edcola municipal prepara su producci\u00f3n agroecol\u00f3gica para esta primavera - Municipio de Oro Verde\",\"isPartOf\":{\"@id\":\"https:\\\/\\\/oroverde.gob.ar\\\/portal\\\/#website\"},\"primaryImageOfPage\":{\"@id\":\"https:\\\/\\\/oroverde.gob.ar\\\/portal\\\/el-parque-horticola-municipal-prepara-su-produccion-agroecologica-para-esta-primavera\\\/#primaryimage\"},\"image\":{\"@id\":\"https:\\\/\\\/oroverde.gob.ar\\\/portal\\\/el-parque-horticola-municipal-prepara-su-produccion-agroecologica-para-esta-primavera\\\/#primaryimage\"},\"thumbnailUrl\":\"https:\\\/\\\/oroverde.gob.ar\\\/portal\\\/wp-content\\\/uploads\\\/2024\\\/09\\\/para-web-Parque-scaled.jpg\",\"datePublished\":\"2024-09-06T14:04:35+00:00\",\"dateModified\":\"2024-09-06T14:20:56+00:00\",\"breadcrumb\":{\"@id\":\"https:\\\/\\\/oroverde.gob.ar\\\/portal\\\/el-parque-horticola-municipal-prepara-su-produccion-agroecologica-para-esta-primavera\\\/#breadcrumb\"},\"inLanguage\":\"es\",\"potentialAction\":[{\"@type\":\"ReadAction\",\"target\":[\"https:\\\/\\\/oroverde.gob.ar\\\/portal\\\/el-parque-horticola-municipal-prepara-su-produccion-agroecologica-para-esta-primavera\\\/\"]}]},{\"@type\":\"ImageObject\",\"inLanguage\":\"es\",\"@id\":\"https:\\\/\\\/oroverde.gob.ar\\\/portal\\\/el-parque-horticola-municipal-prepara-su-produccion-agroecologica-para-esta-primavera\\\/#primaryimage\",\"url\":\"https:\\\/\\\/oroverde.gob.ar\\\/portal\\\/wp-content\\\/uploads\\\/2024\\\/09\\\/para-web-Parque-scaled.jpg\",\"contentUrl\":\"https:\\\/\\\/oroverde.gob.ar\\\/portal\\\/wp-content\\\/uploads\\\/2024\\\/09\\\/para-web-Parque-scaled.jpg\",\"width\":2560,\"height\":1707},{\"@type\":\"BreadcrumbList\",\"@id\":\"https:\\\/\\\/oroverde.gob.ar\\\/portal\\\/el-parque-horticola-municipal-prepara-su-produccion-agroecologica-para-esta-primavera\\\/#breadcrumb\",\"itemListElement\":[{\"@type\":\"ListItem\",\"position\":1,\"name\":\"Portada\",\"item\":\"https:\\\/\\\/oroverde.gob.ar\\\/portal\\\/\"},{\"@type\":\"ListItem\",\"position\":2,\"name\":\"El Parque hort\u00edcola municipal prepara su producci\u00f3n agroecol\u00f3gica para esta primavera\"}]},{\"@type\":\"WebSite\",\"@id\":\"https:\\\/\\\/oroverde.gob.ar\\\/portal\\\/#website\",\"url\":\"https:\\\/\\\/oroverde.gob.ar\\\/portal\\\/\",\"name\":\"Municipio de Oro Verde\",\"description\":\"Web Oficial\",\"publisher\":{\"@id\":\"https:\\\/\\\/oroverde.gob.ar\\\/portal\\\/#organization\"},\"potentialAction\":[{\"@type\":\"SearchAction\",\"target\":{\"@type\":\"EntryPoint\",\"urlTemplate\":\"https:\\\/\\\/oroverde.gob.ar\\\/portal\\\/?s={search_term_string}\"},\"query-input\":{\"@type\":\"PropertyValueSpecification\",\"valueRequired\":true,\"valueName\":\"search_term_string\"}}],\"inLanguage\":\"es\"},{\"@type\":\"Organization\",\"@id\":\"https:\\\/\\\/oroverde.gob.ar\\\/portal\\\/#organization\",\"name\":\"Municipio de Oro Verde\",\"url\":\"https:\\\/\\\/oroverde.gob.ar\\\/portal\\\/\",\"logo\":{\"@type\":\"ImageObject\",\"inLanguage\":\"es\",\"@id\":\"https:\\\/\\\/oroverde.gob.ar\\\/portal\\\/#\\\/schema\\\/logo\\\/image\\\/\",\"url\":\"https:\\\/\\\/oroverde.gob.ar\\\/portal\\\/wp-content\\\/uploads\\\/2024\\\/06\\\/cropped-cropped-logo-1.png\",\"contentUrl\":\"https:\\\/\\\/oroverde.gob.ar\\\/portal\\\/wp-content\\\/uploads\\\/2024\\\/06\\\/cropped-cropped-logo-1.png\",\"width\":1776,\"height\":738,\"caption\":\"Municipio de Oro Verde\"},\"image\":{\"@id\":\"https:\\\/\\\/oroverde.gob.ar\\\/portal\\\/#\\\/schema\\\/logo\\\/image\\\/\"}},{\"@type\":\"Person\",\"@id\":\"https:\\\/\\\/oroverde.gob.ar\\\/portal\\\/#\\\/schema\\\/person\\\/b975e0cbcd43b7dcf9c64511ec84f10f\",\"name\":\"Soledad\",\"image\":{\"@type\":\"ImageObject\",\"inLanguage\":\"es\",\"@id\":\"https:\\\/\\\/secure.gravatar.com\\\/avatar\\\/b2f5b6cda565395f31dc94c95932b9b3fbe6275bad58a1579843d3d1607d4a66?s=96&d=mm&r=g\",\"url\":\"https:\\\/\\\/secure.gravatar.com\\\/avatar\\\/b2f5b6cda565395f31dc94c95932b9b3fbe6275bad58a1579843d3d1607d4a66?s=96&d=mm&r=g\",\"contentUrl\":\"https:\\\/\\\/secure.gravatar.com\\\/avatar\\\/b2f5b6cda565395f31dc94c95932b9b3fbe6275bad58a1579843d3d1607d4a66?s=96&d=mm&r=g\",\"caption\":\"Soledad\"},\"url\":\"https:\\\/\\\/oroverde.gob.ar\\\/portal\\\/author\\\/soledad\\\/\"}]}<\/script>\n<!-- \/ Yoast SEO plugin. -->","yoast_head_json":{"title":"El Parque hort\u00edcola municipal prepara su producci\u00f3n agroecol\u00f3gica para esta primavera - Municipio de Oro Verde","robots":{"index":"index","follow":"follow","max-snippet":"max-snippet:-1","max-image-preview":"max-image-preview:large","max-video-preview":"max-video-preview:-1"},"canonical":"https:\/\/oroverde.gob.ar\/portal\/el-parque-horticola-municipal-prepara-su-produccion-agroecologica-para-esta-primavera\/","og_locale":"es_ES","og_type":"article","og_title":"El Parque hort\u00edcola municipal prepara su producci\u00f3n agroecol\u00f3gica para esta primavera - Municipio de Oro Verde","og_description":"Para esta primavera ya habr\u00e1 producci\u00f3n agroecol\u00f3gica en el Parque Hort\u00edcola Municipal en su nueva ubicaci\u00f3n en el predio de la Escuela J. B. Alberdi. All\u00ed, los productores hort\u00edcolas de la Red de huerteros y huerteras cuentan con una parcela para llevar adelante &hellip;","og_url":"https:\/\/oroverde.gob.ar\/portal\/el-parque-horticola-municipal-prepara-su-produccion-agroecologica-para-esta-primavera\/","og_site_name":"Municipio de Oro Verde","article_published_time":"2024-09-06T14:04:35+00:00","article_modified_time":"2024-09-06T14:20:56+00:00","og_image":[{"width":2560,"height":1707,"url":"https:\/\/oroverde.gob.ar\/portal\/wp-content\/uploads\/2024\/09\/para-web-Parque-scaled.jpg","type":"image\/jpeg"}],"author":"Soledad","twitter_card":"summary_large_image","twitter_misc":{"Escrito por":"Soledad","Tiempo de lectura":"2 minutos"},"schema":{"@context":"https:\/\/schema.org","@graph":[{"@type":"Article","@id":"https:\/\/oroverde.gob.ar\/portal\/el-parque-horticola-municipal-prepara-su-produccion-agroecologica-para-esta-primavera\/#article","isPartOf":{"@id":"https:\/\/oroverde.gob.ar\/portal\/el-parque-horticola-municipal-prepara-su-produccion-agroecologica-para-esta-primavera\/"},"author":{"name":"Soledad","@id":"https:\/\/oroverde.gob.ar\/portal\/#\/schema\/person\/b975e0cbcd43b7dcf9c64511ec84f10f"},"headline":"El Parque hort\u00edcola municipal prepara su producci\u00f3n agroecol\u00f3gica para esta primavera","datePublished":"2024-09-06T14:04:35+00:00","dateModified":"2024-09-06T14:20:56+00:00","mainEntityOfPage":{"@id":"https:\/\/oroverde.gob.ar\/portal\/el-parque-horticola-municipal-prepara-su-produccion-agroecologica-para-esta-primavera\/"},"wordCount":292,"publisher":{"@id":"https:\/\/oroverde.gob.ar\/portal\/#organization"},"image":{"@id":"https:\/\/oroverde.gob.ar\/portal\/el-parque-horticola-municipal-prepara-su-produccion-agroecologica-para-esta-primavera\/#primaryimage"},"thumbnailUrl":"https:\/\/oroverde.gob.ar\/portal\/wp-content\/uploads\/2024\/09\/para-web-Parque-scaled.jpg","articleSection":["Municipio"],"inLanguage":"es"},{"@type":"WebPage","@id":"https:\/\/oroverde.gob.ar\/portal\/el-parque-horticola-municipal-prepara-su-produccion-agroecologica-para-esta-primavera\/","url":"https:\/\/oroverde.gob.ar\/portal\/el-parque-horticola-municipal-prepara-su-produccion-agroecologica-para-esta-primavera\/","name":"El Parque hort\u00edcola municipal prepara su producci\u00f3n agroecol\u00f3gica para esta primavera - Municipio de Oro Verde","isPartOf":{"@id":"https:\/\/oroverde.gob.ar\/portal\/#website"},"primaryImageOfPage":{"@id":"https:\/\/oroverde.gob.ar\/portal\/el-parque-horticola-municipal-prepara-su-produccion-agroecologica-para-esta-primavera\/#primaryimage"},"image":{"@id":"https:\/\/oroverde.gob.ar\/portal\/el-parque-horticola-municipal-prepara-su-produccion-agroecologica-para-esta-primavera\/#primaryimage"},"thumbnailUrl":"https:\/\/oroverde.gob.ar\/portal\/wp-content\/uploads\/2024\/09\/para-web-Parque-scaled.jpg","datePublished":"2024-09-06T14:04:35+00:00","dateModified":"2024-09-06T14:20:56+00:00","breadcrumb":{"@id":"https:\/\/oroverde.gob.ar\/portal\/el-parque-horticola-municipal-prepara-su-produccion-agroecologica-para-esta-primavera\/#breadcrumb"},"inLanguage":"es","potentialAction":[{"@type":"ReadAction","target":["https:\/\/oroverde.gob.ar\/portal\/el-parque-horticola-municipal-prepara-su-produccion-agroecologica-para-esta-primavera\/"]}]},{"@type":"ImageObject","inLanguage":"es","@id":"https:\/\/oroverde.gob.ar\/portal\/el-parque-horticola-municipal-prepara-su-produccion-agroecologica-para-esta-primavera\/#primaryimage","url":"https:\/\/oroverde.gob.ar\/portal\/wp-content\/uploads\/2024\/09\/para-web-Parque-scaled.jpg","contentUrl":"https:\/\/oroverde.gob.ar\/portal\/wp-content\/uploads\/2024\/09\/para-web-Parque-scaled.jpg","width":2560,"height":1707},{"@type":"BreadcrumbList","@id":"https:\/\/oroverde.gob.ar\/portal\/el-parque-horticola-municipal-prepara-su-produccion-agroecologica-para-esta-primavera\/#breadcrumb","itemListElement":[{"@type":"ListItem","position":1,"name":"Portada","item":"https:\/\/oroverde.gob.ar\/portal\/"},{"@type":"ListItem","position":2,"name":"El Parque hort\u00edcola municipal prepara su producci\u00f3n agroecol\u00f3gica para esta primavera"}]},{"@type":"WebSite","@id":"https:\/\/oroverde.gob.ar\/portal\/#website","url":"https:\/\/oroverde.gob.ar\/portal\/","name":"Municipio de Oro Verde","description":"Web Oficial","publisher":{"@id":"https:\/\/oroverde.gob.ar\/portal\/#organization"},"potentialAction":[{"@type":"SearchAction","target":{"@type":"EntryPoint","urlTemplate":"https:\/\/oroverde.gob.ar\/portal\/?s={search_term_string}"},"query-input":{"@type":"PropertyValueSpecification","valueRequired":true,"valueName":"search_term_string"}}],"inLanguage":"es"},{"@type":"Organization","@id":"https:\/\/oroverde.gob.ar\/portal\/#organization","name":"Municipio de Oro Verde","url":"https:\/\/oroverde.gob.ar\/portal\/","logo":{"@type":"ImageObject","inLanguage":"es","@id":"https:\/\/oroverde.gob.ar\/portal\/#\/schema\/logo\/image\/","url":"https:\/\/oroverde.gob.ar\/portal\/wp-content\/uploads\/2024\/06\/cropped-cropped-logo-1.png","contentUrl":"https:\/\/oroverde.gob.ar\/portal\/wp-content\/uploads\/2024\/06\/cropped-cropped-logo-1.png","width":1776,"height":738,"caption":"Municipio de Oro Verde"},"image":{"@id":"https:\/\/oroverde.gob.ar\/portal\/#\/schema\/logo\/image\/"}},{"@type":"Person","@id":"https:\/\/oroverde.gob.ar\/portal\/#\/schema\/person\/b975e0cbcd43b7dcf9c64511ec84f10f","name":"Soledad","image":{"@type":"ImageObject","inLanguage":"es","@id":"https:\/\/secure.gravatar.com\/avatar\/b2f5b6cda565395f31dc94c95932b9b3fbe6275bad58a1579843d3d1607d4a66?s=96&d=mm&r=g","url":"https:\/\/secure.gravatar.com\/avatar\/b2f5b6cda565395f31dc94c95932b9b3fbe6275bad58a1579843d3d1607d4a66?s=96&d=mm&r=g","contentUrl":"https:\/\/secure.gravatar.com\/avatar\/b2f5b6cda565395f31dc94c95932b9b3fbe6275bad58a1579843d3d1607d4a66?s=96&d=mm&r=g","caption":"Soledad"},"url":"https:\/\/oroverde.gob.ar\/portal\/author\/soledad\/"}]}},"_links":{"self":[{"href":"https:\/\/oroverde.gob.ar\/portal\/wp-json\/wp\/v2\/posts\/3945","targetHints":{"allow":["GET"]}}],"collection":[{"href":"https:\/\/oroverde.gob.ar\/portal\/wp-json\/wp\/v2\/posts"}],"about":[{"href":"https:\/\/oroverde.gob.ar\/portal\/wp-json\/wp\/v2\/types\/post"}],"author":[{"embeddable":true,"href":"https:\/\/oroverde.gob.ar\/portal\/wp-json\/wp\/v2\/users\/3"}],"replies":[{"embeddable":true,"href":"https:\/\/oroverde.gob.ar\/portal\/wp-json\/wp\/v2\/comments?post=3945"}],"version-history":[{"count":4,"href":"https:\/\/oroverde.gob.ar\/portal\/wp-json\/wp\/v2\/posts\/3945\/revisions"}],"predecessor-version":[{"id":3952,"href":"https:\/\/oroverde.gob.ar\/portal\/wp-json\/wp\/v2\/posts\/3945\/revisions\/3952"}],"wp:featuredmedia":[{"embeddable":true,"href":"https:\/\/oroverde.gob.ar\/portal\/wp-json\/wp\/v2\/media\/3946"}],"wp:attachment":[{"href":"https:\/\/oroverde.gob.ar\/portal\/wp-json\/wp\/v2\/media?parent=3945"}],"wp:term":[{"taxonomy":"category","embeddable":true,"href":"https:\/\/oroverde.gob.ar\/portal\/wp-json\/wp\/v2\/categories?post=3945"},{"taxonomy":"post_tag","embeddable":true,"href":"https:\/\/oroverde.gob.ar\/portal\/wp-json\/wp\/v2\/tags?post=3945"}],"curies":[{"name":"wp","href":"https:\/\/api.w.org\/{rel}","templated":true}]}}