{"id":4128,"date":"2024-09-12T12:25:37","date_gmt":"2024-09-12T15:25:37","guid":{"rendered":"https:\/\/oroverde.gob.ar\/portal\/?p=4128"},"modified":"2024-09-12T12:25:37","modified_gmt":"2024-09-12T15:25:37","slug":"charlas-en-escuelas-de-la-localidad-para-la-prevencion-del-dengue","status":"publish","type":"post","link":"https:\/\/oroverde.gob.ar\/portal\/charlas-en-escuelas-de-la-localidad-para-la-prevencion-del-dengue\/","title":{"rendered":"Charlas en escuelas de la localidad para la prevenci\u00f3n del Dengue"},"content":{"rendered":"<div class=\"xdj266r x11i5rnm xat24cr x1mh8g0r x1vvkbs x126k92a\">\n<div dir=\"auto\">El responsable de Ambiente municipal Emanuel Ju\u00e1rez acompa\u00f1ado por Rodrigo Schonfeld, qui\u00e9n forma parte del Proyecto de Extensi\u00f3n Hacia un Horizonte Libre de Dengue de la Facultad de Ciencias Agropecuarias (UNER), la directora del Centro de Salud Luis A. Gianotti Viviana Solier junto a parte del personal, brindaron charlas sobre las medidas de prevenci\u00f3n del dengue en la Escuela Parroquial \u00abJes\u00fas, Maestro y Se\u00f1or\u00bb.<\/div>\n<\/div>\n<div class=\"x11i5rnm xat24cr x1mh8g0r x1vvkbs xtlvy1s x126k92a\">\n<div dir=\"auto\">En este di\u00e1logo con los estudiantes donde se entreg\u00f3 folleter\u00eda, hicieron hincapi\u00e9 sobre los peque\u00f1os cambios de h\u00e1bito en los hogares que son significativos para combatir el Aedes Aegypti, mosquito transmisor de esta enfermedad.<\/div>\n<\/div>\n<div class=\"x11i5rnm xat24cr x1mh8g0r x1vvkbs xtlvy1s x126k92a\">\n<div dir=\"auto\">Por ejemplo: llevar un control integral sobre los reservorios que se encuentren alrededor y dentro de los hogares, dar vuelta recipientes que puedan contener agua, tambi\u00e9n colocar mosquiteros en ventanas y puertas, utilizar de repelentes y mantener el pasto corto de los frentes y patios de los domicilios.<\/div>\n<\/div>\n<div class=\"x11i5rnm xat24cr x1mh8g0r x1vvkbs xtlvy1s x126k92a\">\n<div dir=\"auto\">El objetivo de estas charlas es visibilizar que estas peque\u00f1as acciones pueden evitar la proliferaci\u00f3n de este mosquito en los domicilios.<\/div>\n<\/div>\n","protected":false},"excerpt":{"rendered":"<p>El responsable de Ambiente municipal Emanuel Ju\u00e1rez acompa\u00f1ado por Rodrigo Schonfeld, qui\u00e9n forma parte del Proyecto de Extensi\u00f3n Hacia un Horizonte Libre de Dengue de la Facultad de Ciencias Agropecuarias (UNER), la directora del Centro de Salud Luis A. Gianotti Viviana Solier junto &hellip;<\/p>\n","protected":false},"author":3,"featured_media":4129,"comment_status":"closed","ping_status":"closed","sticky":false,"template":"","format":"standard","meta":{"footnotes":""},"categories":[1],"tags":[],"class_list":["post-4128","post","type-post","status-publish","format-standard","has-post-thumbnail","hentry","category-municipio"],"yoast_head":"<!-- This site is optimized with the Yoast SEO plugin v27.5 - https:\/\/yoast.com\/product\/yoast-seo-wordpress\/ -->\n<title>Charlas en escuelas de la localidad para la prevenci\u00f3n del Dengue - Municipio de Oro Verde<\/title>\n<meta name=\"robots\" content=\"index, follow, max-snippet:-1, max-image-preview:large, max-video-preview:-1\" \/>\n<link rel=\"canonical\" href=\"https:\/\/oroverde.gob.ar\/portal\/charlas-en-escuelas-de-la-localidad-para-la-prevencion-del-dengue\/\" \/>\n<meta property=\"og:locale\" content=\"es_ES\" \/>\n<meta property=\"og:type\" content=\"article\" \/>\n<meta property=\"og:title\" content=\"Charlas en escuelas de la localidad para la prevenci\u00f3n del Dengue - Municipio de Oro Verde\" \/>\n<meta property=\"og:description\" content=\"El responsable de Ambiente municipal Emanuel Ju\u00e1rez acompa\u00f1ado por Rodrigo Schonfeld, qui\u00e9n forma parte del Proyecto de Extensi\u00f3n Hacia un Horizonte Libre de Dengue de la Facultad de Ciencias Agropecuarias (UNER), la directora del Centro de Salud Luis A. Gianotti Viviana Solier junto &hellip;\" \/>\n<meta property=\"og:url\" content=\"https:\/\/oroverde.gob.ar\/portal\/charlas-en-escuelas-de-la-localidad-para-la-prevencion-del-dengue\/\" \/>\n<meta property=\"og:site_name\" content=\"Municipio de Oro Verde\" \/>\n<meta property=\"article:published_time\" content=\"2024-09-12T15:25:37+00:00\" \/>\n<meta property=\"og:image\" content=\"https:\/\/oroverde.gob.ar\/portal\/wp-content\/uploads\/2024\/09\/2b68d708-87b8-4fd7-bb34-1af1a0fcf78d.jpeg\" \/>\n\t<meta property=\"og:image:width\" content=\"1600\" \/>\n\t<meta property=\"og:image:height\" content=\"1066\" \/>\n\t<meta property=\"og:image:type\" content=\"image\/jpeg\" \/>\n<meta name=\"author\" content=\"Soledad\" \/>\n<meta name=\"twitter:card\" content=\"summary_large_image\" \/>\n<meta name=\"twitter:label1\" content=\"Escrito por\" \/>\n\t<meta name=\"twitter:data1\" content=\"Soledad\" \/>\n\t<meta name=\"twitter:label2\" content=\"Tiempo de lectura\" \/>\n\t<meta name=\"twitter:data2\" content=\"1 minuto\" \/>\n<script type=\"application\/ld+json\" class=\"yoast-schema-graph\">{\"@context\":\"https:\\\/\\\/schema.org\",\"@graph\":[{\"@type\":\"Article\",\"@id\":\"https:\\\/\\\/oroverde.gob.ar\\\/portal\\\/charlas-en-escuelas-de-la-localidad-para-la-prevencion-del-dengue\\\/#article\",\"isPartOf\":{\"@id\":\"https:\\\/\\\/oroverde.gob.ar\\\/portal\\\/charlas-en-escuelas-de-la-localidad-para-la-prevencion-del-dengue\\\/\"},\"author\":{\"name\":\"Soledad\",\"@id\":\"https:\\\/\\\/oroverde.gob.ar\\\/portal\\\/#\\\/schema\\\/person\\\/b975e0cbcd43b7dcf9c64511ec84f10f\"},\"headline\":\"Charlas en escuelas de la localidad para la prevenci\u00f3n del Dengue\",\"datePublished\":\"2024-09-12T15:25:37+00:00\",\"mainEntityOfPage\":{\"@id\":\"https:\\\/\\\/oroverde.gob.ar\\\/portal\\\/charlas-en-escuelas-de-la-localidad-para-la-prevencion-del-dengue\\\/\"},\"wordCount\":193,\"publisher\":{\"@id\":\"https:\\\/\\\/oroverde.gob.ar\\\/portal\\\/#organization\"},\"image\":{\"@id\":\"https:\\\/\\\/oroverde.gob.ar\\\/portal\\\/charlas-en-escuelas-de-la-localidad-para-la-prevencion-del-dengue\\\/#primaryimage\"},\"thumbnailUrl\":\"https:\\\/\\\/oroverde.gob.ar\\\/portal\\\/wp-content\\\/uploads\\\/2024\\\/09\\\/2b68d708-87b8-4fd7-bb34-1af1a0fcf78d.jpeg\",\"articleSection\":[\"Municipio\"],\"inLanguage\":\"es\"},{\"@type\":\"WebPage\",\"@id\":\"https:\\\/\\\/oroverde.gob.ar\\\/portal\\\/charlas-en-escuelas-de-la-localidad-para-la-prevencion-del-dengue\\\/\",\"url\":\"https:\\\/\\\/oroverde.gob.ar\\\/portal\\\/charlas-en-escuelas-de-la-localidad-para-la-prevencion-del-dengue\\\/\",\"name\":\"Charlas en escuelas de la localidad para la prevenci\u00f3n del Dengue - Municipio de Oro Verde\",\"isPartOf\":{\"@id\":\"https:\\\/\\\/oroverde.gob.ar\\\/portal\\\/#website\"},\"primaryImageOfPage\":{\"@id\":\"https:\\\/\\\/oroverde.gob.ar\\\/portal\\\/charlas-en-escuelas-de-la-localidad-para-la-prevencion-del-dengue\\\/#primaryimage\"},\"image\":{\"@id\":\"https:\\\/\\\/oroverde.gob.ar\\\/portal\\\/charlas-en-escuelas-de-la-localidad-para-la-prevencion-del-dengue\\\/#primaryimage\"},\"thumbnailUrl\":\"https:\\\/\\\/oroverde.gob.ar\\\/portal\\\/wp-content\\\/uploads\\\/2024\\\/09\\\/2b68d708-87b8-4fd7-bb34-1af1a0fcf78d.jpeg\",\"datePublished\":\"2024-09-12T15:25:37+00:00\",\"breadcrumb\":{\"@id\":\"https:\\\/\\\/oroverde.gob.ar\\\/portal\\\/charlas-en-escuelas-de-la-localidad-para-la-prevencion-del-dengue\\\/#breadcrumb\"},\"inLanguage\":\"es\",\"potentialAction\":[{\"@type\":\"ReadAction\",\"target\":[\"https:\\\/\\\/oroverde.gob.ar\\\/portal\\\/charlas-en-escuelas-de-la-localidad-para-la-prevencion-del-dengue\\\/\"]}]},{\"@type\":\"ImageObject\",\"inLanguage\":\"es\",\"@id\":\"https:\\\/\\\/oroverde.gob.ar\\\/portal\\\/charlas-en-escuelas-de-la-localidad-para-la-prevencion-del-dengue\\\/#primaryimage\",\"url\":\"https:\\\/\\\/oroverde.gob.ar\\\/portal\\\/wp-content\\\/uploads\\\/2024\\\/09\\\/2b68d708-87b8-4fd7-bb34-1af1a0fcf78d.jpeg\",\"contentUrl\":\"https:\\\/\\\/oroverde.gob.ar\\\/portal\\\/wp-content\\\/uploads\\\/2024\\\/09\\\/2b68d708-87b8-4fd7-bb34-1af1a0fcf78d.jpeg\",\"width\":1600,\"height\":1066},{\"@type\":\"BreadcrumbList\",\"@id\":\"https:\\\/\\\/oroverde.gob.ar\\\/portal\\\/charlas-en-escuelas-de-la-localidad-para-la-prevencion-del-dengue\\\/#breadcrumb\",\"itemListElement\":[{\"@type\":\"ListItem\",\"position\":1,\"name\":\"Portada\",\"item\":\"https:\\\/\\\/oroverde.gob.ar\\\/portal\\\/\"},{\"@type\":\"ListItem\",\"position\":2,\"name\":\"Charlas en escuelas de la localidad para la prevenci\u00f3n del Dengue\"}]},{\"@type\":\"WebSite\",\"@id\":\"https:\\\/\\\/oroverde.gob.ar\\\/portal\\\/#website\",\"url\":\"https:\\\/\\\/oroverde.gob.ar\\\/portal\\\/\",\"name\":\"Municipio de Oro Verde\",\"description\":\"Web Oficial\",\"publisher\":{\"@id\":\"https:\\\/\\\/oroverde.gob.ar\\\/portal\\\/#organization\"},\"potentialAction\":[{\"@type\":\"SearchAction\",\"target\":{\"@type\":\"EntryPoint\",\"urlTemplate\":\"https:\\\/\\\/oroverde.gob.ar\\\/portal\\\/?s={search_term_string}\"},\"query-input\":{\"@type\":\"PropertyValueSpecification\",\"valueRequired\":true,\"valueName\":\"search_term_string\"}}],\"inLanguage\":\"es\"},{\"@type\":\"Organization\",\"@id\":\"https:\\\/\\\/oroverde.gob.ar\\\/portal\\\/#organization\",\"name\":\"Municipio de Oro Verde\",\"url\":\"https:\\\/\\\/oroverde.gob.ar\\\/portal\\\/\",\"logo\":{\"@type\":\"ImageObject\",\"inLanguage\":\"es\",\"@id\":\"https:\\\/\\\/oroverde.gob.ar\\\/portal\\\/#\\\/schema\\\/logo\\\/image\\\/\",\"url\":\"https:\\\/\\\/oroverde.gob.ar\\\/portal\\\/wp-content\\\/uploads\\\/2024\\\/06\\\/cropped-cropped-logo-1.png\",\"contentUrl\":\"https:\\\/\\\/oroverde.gob.ar\\\/portal\\\/wp-content\\\/uploads\\\/2024\\\/06\\\/cropped-cropped-logo-1.png\",\"width\":1776,\"height\":738,\"caption\":\"Municipio de Oro Verde\"},\"image\":{\"@id\":\"https:\\\/\\\/oroverde.gob.ar\\\/portal\\\/#\\\/schema\\\/logo\\\/image\\\/\"}},{\"@type\":\"Person\",\"@id\":\"https:\\\/\\\/oroverde.gob.ar\\\/portal\\\/#\\\/schema\\\/person\\\/b975e0cbcd43b7dcf9c64511ec84f10f\",\"name\":\"Soledad\",\"image\":{\"@type\":\"ImageObject\",\"inLanguage\":\"es\",\"@id\":\"https:\\\/\\\/secure.gravatar.com\\\/avatar\\\/b2f5b6cda565395f31dc94c95932b9b3fbe6275bad58a1579843d3d1607d4a66?s=96&d=mm&r=g\",\"url\":\"https:\\\/\\\/secure.gravatar.com\\\/avatar\\\/b2f5b6cda565395f31dc94c95932b9b3fbe6275bad58a1579843d3d1607d4a66?s=96&d=mm&r=g\",\"contentUrl\":\"https:\\\/\\\/secure.gravatar.com\\\/avatar\\\/b2f5b6cda565395f31dc94c95932b9b3fbe6275bad58a1579843d3d1607d4a66?s=96&d=mm&r=g\",\"caption\":\"Soledad\"},\"url\":\"https:\\\/\\\/oroverde.gob.ar\\\/portal\\\/author\\\/soledad\\\/\"}]}<\/script>\n<!-- \/ Yoast SEO plugin. -->","yoast_head_json":{"title":"Charlas en escuelas de la localidad para la prevenci\u00f3n del Dengue - Municipio de Oro Verde","robots":{"index":"index","follow":"follow","max-snippet":"max-snippet:-1","max-image-preview":"max-image-preview:large","max-video-preview":"max-video-preview:-1"},"canonical":"https:\/\/oroverde.gob.ar\/portal\/charlas-en-escuelas-de-la-localidad-para-la-prevencion-del-dengue\/","og_locale":"es_ES","og_type":"article","og_title":"Charlas en escuelas de la localidad para la prevenci\u00f3n del Dengue - Municipio de Oro Verde","og_description":"El responsable de Ambiente municipal Emanuel Ju\u00e1rez acompa\u00f1ado por Rodrigo Schonfeld, qui\u00e9n forma parte del Proyecto de Extensi\u00f3n Hacia un Horizonte Libre de Dengue de la Facultad de Ciencias Agropecuarias (UNER), la directora del Centro de Salud Luis A. Gianotti Viviana Solier junto &hellip;","og_url":"https:\/\/oroverde.gob.ar\/portal\/charlas-en-escuelas-de-la-localidad-para-la-prevencion-del-dengue\/","og_site_name":"Municipio de Oro Verde","article_published_time":"2024-09-12T15:25:37+00:00","og_image":[{"width":1600,"height":1066,"url":"https:\/\/oroverde.gob.ar\/portal\/wp-content\/uploads\/2024\/09\/2b68d708-87b8-4fd7-bb34-1af1a0fcf78d.jpeg","type":"image\/jpeg"}],"author":"Soledad","twitter_card":"summary_large_image","twitter_misc":{"Escrito por":"Soledad","Tiempo de lectura":"1 minuto"},"schema":{"@context":"https:\/\/schema.org","@graph":[{"@type":"Article","@id":"https:\/\/oroverde.gob.ar\/portal\/charlas-en-escuelas-de-la-localidad-para-la-prevencion-del-dengue\/#article","isPartOf":{"@id":"https:\/\/oroverde.gob.ar\/portal\/charlas-en-escuelas-de-la-localidad-para-la-prevencion-del-dengue\/"},"author":{"name":"Soledad","@id":"https:\/\/oroverde.gob.ar\/portal\/#\/schema\/person\/b975e0cbcd43b7dcf9c64511ec84f10f"},"headline":"Charlas en escuelas de la localidad para la prevenci\u00f3n del Dengue","datePublished":"2024-09-12T15:25:37+00:00","mainEntityOfPage":{"@id":"https:\/\/oroverde.gob.ar\/portal\/charlas-en-escuelas-de-la-localidad-para-la-prevencion-del-dengue\/"},"wordCount":193,"publisher":{"@id":"https:\/\/oroverde.gob.ar\/portal\/#organization"},"image":{"@id":"https:\/\/oroverde.gob.ar\/portal\/charlas-en-escuelas-de-la-localidad-para-la-prevencion-del-dengue\/#primaryimage"},"thumbnailUrl":"https:\/\/oroverde.gob.ar\/portal\/wp-content\/uploads\/2024\/09\/2b68d708-87b8-4fd7-bb34-1af1a0fcf78d.jpeg","articleSection":["Municipio"],"inLanguage":"es"},{"@type":"WebPage","@id":"https:\/\/oroverde.gob.ar\/portal\/charlas-en-escuelas-de-la-localidad-para-la-prevencion-del-dengue\/","url":"https:\/\/oroverde.gob.ar\/portal\/charlas-en-escuelas-de-la-localidad-para-la-prevencion-del-dengue\/","name":"Charlas en escuelas de la localidad para la prevenci\u00f3n del Dengue - Municipio de Oro Verde","isPartOf":{"@id":"https:\/\/oroverde.gob.ar\/portal\/#website"},"primaryImageOfPage":{"@id":"https:\/\/oroverde.gob.ar\/portal\/charlas-en-escuelas-de-la-localidad-para-la-prevencion-del-dengue\/#primaryimage"},"image":{"@id":"https:\/\/oroverde.gob.ar\/portal\/charlas-en-escuelas-de-la-localidad-para-la-prevencion-del-dengue\/#primaryimage"},"thumbnailUrl":"https:\/\/oroverde.gob.ar\/portal\/wp-content\/uploads\/2024\/09\/2b68d708-87b8-4fd7-bb34-1af1a0fcf78d.jpeg","datePublished":"2024-09-12T15:25:37+00:00","breadcrumb":{"@id":"https:\/\/oroverde.gob.ar\/portal\/charlas-en-escuelas-de-la-localidad-para-la-prevencion-del-dengue\/#breadcrumb"},"inLanguage":"es","potentialAction":[{"@type":"ReadAction","target":["https:\/\/oroverde.gob.ar\/portal\/charlas-en-escuelas-de-la-localidad-para-la-prevencion-del-dengue\/"]}]},{"@type":"ImageObject","inLanguage":"es","@id":"https:\/\/oroverde.gob.ar\/portal\/charlas-en-escuelas-de-la-localidad-para-la-prevencion-del-dengue\/#primaryimage","url":"https:\/\/oroverde.gob.ar\/portal\/wp-content\/uploads\/2024\/09\/2b68d708-87b8-4fd7-bb34-1af1a0fcf78d.jpeg","contentUrl":"https:\/\/oroverde.gob.ar\/portal\/wp-content\/uploads\/2024\/09\/2b68d708-87b8-4fd7-bb34-1af1a0fcf78d.jpeg","width":1600,"height":1066},{"@type":"BreadcrumbList","@id":"https:\/\/oroverde.gob.ar\/portal\/charlas-en-escuelas-de-la-localidad-para-la-prevencion-del-dengue\/#breadcrumb","itemListElement":[{"@type":"ListItem","position":1,"name":"Portada","item":"https:\/\/oroverde.gob.ar\/portal\/"},{"@type":"ListItem","position":2,"name":"Charlas en escuelas de la localidad para la prevenci\u00f3n del Dengue"}]},{"@type":"WebSite","@id":"https:\/\/oroverde.gob.ar\/portal\/#website","url":"https:\/\/oroverde.gob.ar\/portal\/","name":"Municipio de Oro Verde","description":"Web Oficial","publisher":{"@id":"https:\/\/oroverde.gob.ar\/portal\/#organization"},"potentialAction":[{"@type":"SearchAction","target":{"@type":"EntryPoint","urlTemplate":"https:\/\/oroverde.gob.ar\/portal\/?s={search_term_string}"},"query-input":{"@type":"PropertyValueSpecification","valueRequired":true,"valueName":"search_term_string"}}],"inLanguage":"es"},{"@type":"Organization","@id":"https:\/\/oroverde.gob.ar\/portal\/#organization","name":"Municipio de Oro Verde","url":"https:\/\/oroverde.gob.ar\/portal\/","logo":{"@type":"ImageObject","inLanguage":"es","@id":"https:\/\/oroverde.gob.ar\/portal\/#\/schema\/logo\/image\/","url":"https:\/\/oroverde.gob.ar\/portal\/wp-content\/uploads\/2024\/06\/cropped-cropped-logo-1.png","contentUrl":"https:\/\/oroverde.gob.ar\/portal\/wp-content\/uploads\/2024\/06\/cropped-cropped-logo-1.png","width":1776,"height":738,"caption":"Municipio de Oro Verde"},"image":{"@id":"https:\/\/oroverde.gob.ar\/portal\/#\/schema\/logo\/image\/"}},{"@type":"Person","@id":"https:\/\/oroverde.gob.ar\/portal\/#\/schema\/person\/b975e0cbcd43b7dcf9c64511ec84f10f","name":"Soledad","image":{"@type":"ImageObject","inLanguage":"es","@id":"https:\/\/secure.gravatar.com\/avatar\/b2f5b6cda565395f31dc94c95932b9b3fbe6275bad58a1579843d3d1607d4a66?s=96&d=mm&r=g","url":"https:\/\/secure.gravatar.com\/avatar\/b2f5b6cda565395f31dc94c95932b9b3fbe6275bad58a1579843d3d1607d4a66?s=96&d=mm&r=g","contentUrl":"https:\/\/secure.gravatar.com\/avatar\/b2f5b6cda565395f31dc94c95932b9b3fbe6275bad58a1579843d3d1607d4a66?s=96&d=mm&r=g","caption":"Soledad"},"url":"https:\/\/oroverde.gob.ar\/portal\/author\/soledad\/"}]}},"_links":{"self":[{"href":"https:\/\/oroverde.gob.ar\/portal\/wp-json\/wp\/v2\/posts\/4128","targetHints":{"allow":["GET"]}}],"collection":[{"href":"https:\/\/oroverde.gob.ar\/portal\/wp-json\/wp\/v2\/posts"}],"about":[{"href":"https:\/\/oroverde.gob.ar\/portal\/wp-json\/wp\/v2\/types\/post"}],"author":[{"embeddable":true,"href":"https:\/\/oroverde.gob.ar\/portal\/wp-json\/wp\/v2\/users\/3"}],"replies":[{"embeddable":true,"href":"https:\/\/oroverde.gob.ar\/portal\/wp-json\/wp\/v2\/comments?post=4128"}],"version-history":[{"count":1,"href":"https:\/\/oroverde.gob.ar\/portal\/wp-json\/wp\/v2\/posts\/4128\/revisions"}],"predecessor-version":[{"id":4130,"href":"https:\/\/oroverde.gob.ar\/portal\/wp-json\/wp\/v2\/posts\/4128\/revisions\/4130"}],"wp:featuredmedia":[{"embeddable":true,"href":"https:\/\/oroverde.gob.ar\/portal\/wp-json\/wp\/v2\/media\/4129"}],"wp:attachment":[{"href":"https:\/\/oroverde.gob.ar\/portal\/wp-json\/wp\/v2\/media?parent=4128"}],"wp:term":[{"taxonomy":"category","embeddable":true,"href":"https:\/\/oroverde.gob.ar\/portal\/wp-json\/wp\/v2\/categories?post=4128"},{"taxonomy":"post_tag","embeddable":true,"href":"https:\/\/oroverde.gob.ar\/portal\/wp-json\/wp\/v2\/tags?post=4128"}],"curies":[{"name":"wp","href":"https:\/\/api.w.org\/{rel}","templated":true}]}}