{"id":4159,"date":"2024-09-17T13:18:12","date_gmt":"2024-09-17T16:18:12","guid":{"rendered":"https:\/\/oroverde.gob.ar\/portal\/?p=4159"},"modified":"2024-09-17T13:18:12","modified_gmt":"2024-09-17T16:18:12","slug":"convenio-de-cooperacion-con-la-facultad-de-ciencia-y-tecnologia-uader-para-la-apertura-de-la-licenciatura-en-gestion-ambiental","status":"publish","type":"post","link":"https:\/\/oroverde.gob.ar\/portal\/convenio-de-cooperacion-con-la-facultad-de-ciencia-y-tecnologia-uader-para-la-apertura-de-la-licenciatura-en-gestion-ambiental\/","title":{"rendered":"Convenio de cooperaci\u00f3n con la Facultad de Ciencia y Tecnolog\u00eda (UADER) para la apertura de la Licenciatura en gesti\u00f3n ambiental"},"content":{"rendered":"<div class=\"xdj266r x11i5rnm xat24cr x1mh8g0r x1vvkbs x126k92a\">\n<div dir=\"auto\">El presidente municipal C\u00e9sar Clement firm\u00f3 este ma\u00f1ana un convenio de cooperaci\u00f3n para la apertura de la Licenciatura en gesti\u00f3n Ambiental con el decano de la Facultad de Ciencia y Tecnolog\u00eda de la UADER Juan Pablo Filipuzzi.<\/div>\n<div dir=\"auto\"><\/div>\n<\/div>\n<div class=\"x11i5rnm xat24cr x1mh8g0r x1vvkbs xtlvy1s x126k92a\">\n<div dir=\"auto\">Esta carrera, que tambi\u00e9n contar\u00e1 con una tecnicatura, se sumar\u00e1 a la oferta acad\u00e9mica de esta facultad el a\u00f1o pr\u00f3ximo. En este sentido, Clement expres\u00f3 \u201ces una carrera que cada d\u00eda se necesita m\u00e1s y este acuerdo permitir\u00e1 la realizaci\u00f3n de pr\u00e1cticas y pasant\u00edas que fortalecen formaci\u00f3n de los estudiantes, y nos aportan a nosotros nuevas perspectivas. Venimos trabajando muy bien con la Facultad y siempre vamos a estar dispuestos a acompa\u00f1ar las propuestas educativas\u201d.<\/div>\n<div dir=\"auto\"><\/div>\n<\/div>\n<div class=\"x11i5rnm xat24cr x1mh8g0r x1vvkbs xtlvy1s x126k92a\">\n<div dir=\"auto\">En la oportunidad, donde tambi\u00e9n estuvieron presentes, el coordinador de \u00e1reas municipal Leonel Reynoso y el secretario de Bienestar Estudiantil de esta facultad Nicol\u00e1s Guerra, coordinaron con el Gobierno local algunos puntos de la organizaci\u00f3n de la Pe\u00f1a del Estudiante que se realizar\u00e1 este viernes en el Jard\u00edn Bot\u00e1nico.<\/div>\n<\/div>\n","protected":false},"excerpt":{"rendered":"<p>El presidente municipal C\u00e9sar Clement firm\u00f3 este ma\u00f1ana un convenio de cooperaci\u00f3n para la apertura de la Licenciatura en gesti\u00f3n Ambiental con el decano de la Facultad de Ciencia y Tecnolog\u00eda de la UADER Juan Pablo Filipuzzi. Esta carrera, que tambi\u00e9n contar\u00e1 con &hellip;<\/p>\n","protected":false},"author":3,"featured_media":4160,"comment_status":"closed","ping_status":"closed","sticky":false,"template":"","format":"standard","meta":{"footnotes":""},"categories":[1],"tags":[],"class_list":["post-4159","post","type-post","status-publish","format-standard","has-post-thumbnail","hentry","category-municipio"],"yoast_head":"<!-- This site is optimized with the Yoast SEO plugin v27.4 - https:\/\/yoast.com\/product\/yoast-seo-wordpress\/ -->\n<title>Convenio de cooperaci\u00f3n con la Facultad de Ciencia y Tecnolog\u00eda (UADER) para la apertura de la Licenciatura en gesti\u00f3n ambiental - Municipio de Oro Verde<\/title>\n<meta name=\"robots\" content=\"index, follow, max-snippet:-1, max-image-preview:large, max-video-preview:-1\" \/>\n<link rel=\"canonical\" href=\"https:\/\/oroverde.gob.ar\/portal\/convenio-de-cooperacion-con-la-facultad-de-ciencia-y-tecnologia-uader-para-la-apertura-de-la-licenciatura-en-gestion-ambiental\/\" \/>\n<meta property=\"og:locale\" content=\"es_ES\" \/>\n<meta property=\"og:type\" content=\"article\" \/>\n<meta property=\"og:title\" content=\"Convenio de cooperaci\u00f3n con la Facultad de Ciencia y Tecnolog\u00eda (UADER) para la apertura de la Licenciatura en gesti\u00f3n ambiental - Municipio de Oro Verde\" \/>\n<meta property=\"og:description\" content=\"El presidente municipal C\u00e9sar Clement firm\u00f3 este ma\u00f1ana un convenio de cooperaci\u00f3n para la apertura de la Licenciatura en gesti\u00f3n Ambiental con el decano de la Facultad de Ciencia y Tecnolog\u00eda de la UADER Juan Pablo Filipuzzi. Esta carrera, que tambi\u00e9n contar\u00e1 con &hellip;\" \/>\n<meta property=\"og:url\" content=\"https:\/\/oroverde.gob.ar\/portal\/convenio-de-cooperacion-con-la-facultad-de-ciencia-y-tecnologia-uader-para-la-apertura-de-la-licenciatura-en-gestion-ambiental\/\" \/>\n<meta property=\"og:site_name\" content=\"Municipio de Oro Verde\" \/>\n<meta property=\"article:published_time\" content=\"2024-09-17T16:18:12+00:00\" \/>\n<meta property=\"og:image\" content=\"https:\/\/oroverde.gob.ar\/portal\/wp-content\/uploads\/2024\/09\/convenio-scaled.jpg\" \/>\n\t<meta property=\"og:image:width\" content=\"2560\" \/>\n\t<meta property=\"og:image:height\" content=\"1707\" \/>\n\t<meta property=\"og:image:type\" content=\"image\/jpeg\" \/>\n<meta name=\"author\" content=\"Soledad\" \/>\n<meta name=\"twitter:card\" content=\"summary_large_image\" \/>\n<meta name=\"twitter:label1\" content=\"Escrito por\" \/>\n\t<meta name=\"twitter:data1\" content=\"Soledad\" \/>\n\t<meta name=\"twitter:label2\" content=\"Tiempo de lectura\" \/>\n\t<meta name=\"twitter:data2\" content=\"1 minuto\" \/>\n<script type=\"application\/ld+json\" class=\"yoast-schema-graph\">{\"@context\":\"https:\\\/\\\/schema.org\",\"@graph\":[{\"@type\":\"Article\",\"@id\":\"https:\\\/\\\/oroverde.gob.ar\\\/portal\\\/convenio-de-cooperacion-con-la-facultad-de-ciencia-y-tecnologia-uader-para-la-apertura-de-la-licenciatura-en-gestion-ambiental\\\/#article\",\"isPartOf\":{\"@id\":\"https:\\\/\\\/oroverde.gob.ar\\\/portal\\\/convenio-de-cooperacion-con-la-facultad-de-ciencia-y-tecnologia-uader-para-la-apertura-de-la-licenciatura-en-gestion-ambiental\\\/\"},\"author\":{\"name\":\"Soledad\",\"@id\":\"https:\\\/\\\/oroverde.gob.ar\\\/portal\\\/#\\\/schema\\\/person\\\/b975e0cbcd43b7dcf9c64511ec84f10f\"},\"headline\":\"Convenio de cooperaci\u00f3n con la Facultad de Ciencia y Tecnolog\u00eda (UADER) para la apertura de la Licenciatura en gesti\u00f3n ambiental\",\"datePublished\":\"2024-09-17T16:18:12+00:00\",\"mainEntityOfPage\":{\"@id\":\"https:\\\/\\\/oroverde.gob.ar\\\/portal\\\/convenio-de-cooperacion-con-la-facultad-de-ciencia-y-tecnologia-uader-para-la-apertura-de-la-licenciatura-en-gestion-ambiental\\\/\"},\"wordCount\":206,\"publisher\":{\"@id\":\"https:\\\/\\\/oroverde.gob.ar\\\/portal\\\/#organization\"},\"image\":{\"@id\":\"https:\\\/\\\/oroverde.gob.ar\\\/portal\\\/convenio-de-cooperacion-con-la-facultad-de-ciencia-y-tecnologia-uader-para-la-apertura-de-la-licenciatura-en-gestion-ambiental\\\/#primaryimage\"},\"thumbnailUrl\":\"https:\\\/\\\/oroverde.gob.ar\\\/portal\\\/wp-content\\\/uploads\\\/2024\\\/09\\\/convenio-scaled.jpg\",\"articleSection\":[\"Municipio\"],\"inLanguage\":\"es\"},{\"@type\":\"WebPage\",\"@id\":\"https:\\\/\\\/oroverde.gob.ar\\\/portal\\\/convenio-de-cooperacion-con-la-facultad-de-ciencia-y-tecnologia-uader-para-la-apertura-de-la-licenciatura-en-gestion-ambiental\\\/\",\"url\":\"https:\\\/\\\/oroverde.gob.ar\\\/portal\\\/convenio-de-cooperacion-con-la-facultad-de-ciencia-y-tecnologia-uader-para-la-apertura-de-la-licenciatura-en-gestion-ambiental\\\/\",\"name\":\"Convenio de cooperaci\u00f3n con la Facultad de Ciencia y Tecnolog\u00eda (UADER) para la apertura de la Licenciatura en gesti\u00f3n ambiental - Municipio de Oro Verde\",\"isPartOf\":{\"@id\":\"https:\\\/\\\/oroverde.gob.ar\\\/portal\\\/#website\"},\"primaryImageOfPage\":{\"@id\":\"https:\\\/\\\/oroverde.gob.ar\\\/portal\\\/convenio-de-cooperacion-con-la-facultad-de-ciencia-y-tecnologia-uader-para-la-apertura-de-la-licenciatura-en-gestion-ambiental\\\/#primaryimage\"},\"image\":{\"@id\":\"https:\\\/\\\/oroverde.gob.ar\\\/portal\\\/convenio-de-cooperacion-con-la-facultad-de-ciencia-y-tecnologia-uader-para-la-apertura-de-la-licenciatura-en-gestion-ambiental\\\/#primaryimage\"},\"thumbnailUrl\":\"https:\\\/\\\/oroverde.gob.ar\\\/portal\\\/wp-content\\\/uploads\\\/2024\\\/09\\\/convenio-scaled.jpg\",\"datePublished\":\"2024-09-17T16:18:12+00:00\",\"breadcrumb\":{\"@id\":\"https:\\\/\\\/oroverde.gob.ar\\\/portal\\\/convenio-de-cooperacion-con-la-facultad-de-ciencia-y-tecnologia-uader-para-la-apertura-de-la-licenciatura-en-gestion-ambiental\\\/#breadcrumb\"},\"inLanguage\":\"es\",\"potentialAction\":[{\"@type\":\"ReadAction\",\"target\":[\"https:\\\/\\\/oroverde.gob.ar\\\/portal\\\/convenio-de-cooperacion-con-la-facultad-de-ciencia-y-tecnologia-uader-para-la-apertura-de-la-licenciatura-en-gestion-ambiental\\\/\"]}]},{\"@type\":\"ImageObject\",\"inLanguage\":\"es\",\"@id\":\"https:\\\/\\\/oroverde.gob.ar\\\/portal\\\/convenio-de-cooperacion-con-la-facultad-de-ciencia-y-tecnologia-uader-para-la-apertura-de-la-licenciatura-en-gestion-ambiental\\\/#primaryimage\",\"url\":\"https:\\\/\\\/oroverde.gob.ar\\\/portal\\\/wp-content\\\/uploads\\\/2024\\\/09\\\/convenio-scaled.jpg\",\"contentUrl\":\"https:\\\/\\\/oroverde.gob.ar\\\/portal\\\/wp-content\\\/uploads\\\/2024\\\/09\\\/convenio-scaled.jpg\",\"width\":2560,\"height\":1707},{\"@type\":\"BreadcrumbList\",\"@id\":\"https:\\\/\\\/oroverde.gob.ar\\\/portal\\\/convenio-de-cooperacion-con-la-facultad-de-ciencia-y-tecnologia-uader-para-la-apertura-de-la-licenciatura-en-gestion-ambiental\\\/#breadcrumb\",\"itemListElement\":[{\"@type\":\"ListItem\",\"position\":1,\"name\":\"Portada\",\"item\":\"https:\\\/\\\/oroverde.gob.ar\\\/portal\\\/\"},{\"@type\":\"ListItem\",\"position\":2,\"name\":\"Convenio de cooperaci\u00f3n con la Facultad de Ciencia y Tecnolog\u00eda (UADER) para la apertura de la Licenciatura en gesti\u00f3n ambiental\"}]},{\"@type\":\"WebSite\",\"@id\":\"https:\\\/\\\/oroverde.gob.ar\\\/portal\\\/#website\",\"url\":\"https:\\\/\\\/oroverde.gob.ar\\\/portal\\\/\",\"name\":\"Municipio de Oro Verde\",\"description\":\"Web Oficial\",\"publisher\":{\"@id\":\"https:\\\/\\\/oroverde.gob.ar\\\/portal\\\/#organization\"},\"potentialAction\":[{\"@type\":\"SearchAction\",\"target\":{\"@type\":\"EntryPoint\",\"urlTemplate\":\"https:\\\/\\\/oroverde.gob.ar\\\/portal\\\/?s={search_term_string}\"},\"query-input\":{\"@type\":\"PropertyValueSpecification\",\"valueRequired\":true,\"valueName\":\"search_term_string\"}}],\"inLanguage\":\"es\"},{\"@type\":\"Organization\",\"@id\":\"https:\\\/\\\/oroverde.gob.ar\\\/portal\\\/#organization\",\"name\":\"Municipio de Oro Verde\",\"url\":\"https:\\\/\\\/oroverde.gob.ar\\\/portal\\\/\",\"logo\":{\"@type\":\"ImageObject\",\"inLanguage\":\"es\",\"@id\":\"https:\\\/\\\/oroverde.gob.ar\\\/portal\\\/#\\\/schema\\\/logo\\\/image\\\/\",\"url\":\"https:\\\/\\\/oroverde.gob.ar\\\/portal\\\/wp-content\\\/uploads\\\/2024\\\/06\\\/cropped-cropped-logo-1.png\",\"contentUrl\":\"https:\\\/\\\/oroverde.gob.ar\\\/portal\\\/wp-content\\\/uploads\\\/2024\\\/06\\\/cropped-cropped-logo-1.png\",\"width\":1776,\"height\":738,\"caption\":\"Municipio de Oro Verde\"},\"image\":{\"@id\":\"https:\\\/\\\/oroverde.gob.ar\\\/portal\\\/#\\\/schema\\\/logo\\\/image\\\/\"}},{\"@type\":\"Person\",\"@id\":\"https:\\\/\\\/oroverde.gob.ar\\\/portal\\\/#\\\/schema\\\/person\\\/b975e0cbcd43b7dcf9c64511ec84f10f\",\"name\":\"Soledad\",\"image\":{\"@type\":\"ImageObject\",\"inLanguage\":\"es\",\"@id\":\"https:\\\/\\\/secure.gravatar.com\\\/avatar\\\/b2f5b6cda565395f31dc94c95932b9b3fbe6275bad58a1579843d3d1607d4a66?s=96&d=mm&r=g\",\"url\":\"https:\\\/\\\/secure.gravatar.com\\\/avatar\\\/b2f5b6cda565395f31dc94c95932b9b3fbe6275bad58a1579843d3d1607d4a66?s=96&d=mm&r=g\",\"contentUrl\":\"https:\\\/\\\/secure.gravatar.com\\\/avatar\\\/b2f5b6cda565395f31dc94c95932b9b3fbe6275bad58a1579843d3d1607d4a66?s=96&d=mm&r=g\",\"caption\":\"Soledad\"},\"url\":\"https:\\\/\\\/oroverde.gob.ar\\\/portal\\\/author\\\/soledad\\\/\"}]}<\/script>\n<!-- \/ Yoast SEO plugin. -->","yoast_head_json":{"title":"Convenio de cooperaci\u00f3n con la Facultad de Ciencia y Tecnolog\u00eda (UADER) para la apertura de la Licenciatura en gesti\u00f3n ambiental - Municipio de Oro Verde","robots":{"index":"index","follow":"follow","max-snippet":"max-snippet:-1","max-image-preview":"max-image-preview:large","max-video-preview":"max-video-preview:-1"},"canonical":"https:\/\/oroverde.gob.ar\/portal\/convenio-de-cooperacion-con-la-facultad-de-ciencia-y-tecnologia-uader-para-la-apertura-de-la-licenciatura-en-gestion-ambiental\/","og_locale":"es_ES","og_type":"article","og_title":"Convenio de cooperaci\u00f3n con la Facultad de Ciencia y Tecnolog\u00eda (UADER) para la apertura de la Licenciatura en gesti\u00f3n ambiental - Municipio de Oro Verde","og_description":"El presidente municipal C\u00e9sar Clement firm\u00f3 este ma\u00f1ana un convenio de cooperaci\u00f3n para la apertura de la Licenciatura en gesti\u00f3n Ambiental con el decano de la Facultad de Ciencia y Tecnolog\u00eda de la UADER Juan Pablo Filipuzzi. Esta carrera, que tambi\u00e9n contar\u00e1 con &hellip;","og_url":"https:\/\/oroverde.gob.ar\/portal\/convenio-de-cooperacion-con-la-facultad-de-ciencia-y-tecnologia-uader-para-la-apertura-de-la-licenciatura-en-gestion-ambiental\/","og_site_name":"Municipio de Oro Verde","article_published_time":"2024-09-17T16:18:12+00:00","og_image":[{"width":2560,"height":1707,"url":"https:\/\/oroverde.gob.ar\/portal\/wp-content\/uploads\/2024\/09\/convenio-scaled.jpg","type":"image\/jpeg"}],"author":"Soledad","twitter_card":"summary_large_image","twitter_misc":{"Escrito por":"Soledad","Tiempo de lectura":"1 minuto"},"schema":{"@context":"https:\/\/schema.org","@graph":[{"@type":"Article","@id":"https:\/\/oroverde.gob.ar\/portal\/convenio-de-cooperacion-con-la-facultad-de-ciencia-y-tecnologia-uader-para-la-apertura-de-la-licenciatura-en-gestion-ambiental\/#article","isPartOf":{"@id":"https:\/\/oroverde.gob.ar\/portal\/convenio-de-cooperacion-con-la-facultad-de-ciencia-y-tecnologia-uader-para-la-apertura-de-la-licenciatura-en-gestion-ambiental\/"},"author":{"name":"Soledad","@id":"https:\/\/oroverde.gob.ar\/portal\/#\/schema\/person\/b975e0cbcd43b7dcf9c64511ec84f10f"},"headline":"Convenio de cooperaci\u00f3n con la Facultad de Ciencia y Tecnolog\u00eda (UADER) para la apertura de la Licenciatura en gesti\u00f3n ambiental","datePublished":"2024-09-17T16:18:12+00:00","mainEntityOfPage":{"@id":"https:\/\/oroverde.gob.ar\/portal\/convenio-de-cooperacion-con-la-facultad-de-ciencia-y-tecnologia-uader-para-la-apertura-de-la-licenciatura-en-gestion-ambiental\/"},"wordCount":206,"publisher":{"@id":"https:\/\/oroverde.gob.ar\/portal\/#organization"},"image":{"@id":"https:\/\/oroverde.gob.ar\/portal\/convenio-de-cooperacion-con-la-facultad-de-ciencia-y-tecnologia-uader-para-la-apertura-de-la-licenciatura-en-gestion-ambiental\/#primaryimage"},"thumbnailUrl":"https:\/\/oroverde.gob.ar\/portal\/wp-content\/uploads\/2024\/09\/convenio-scaled.jpg","articleSection":["Municipio"],"inLanguage":"es"},{"@type":"WebPage","@id":"https:\/\/oroverde.gob.ar\/portal\/convenio-de-cooperacion-con-la-facultad-de-ciencia-y-tecnologia-uader-para-la-apertura-de-la-licenciatura-en-gestion-ambiental\/","url":"https:\/\/oroverde.gob.ar\/portal\/convenio-de-cooperacion-con-la-facultad-de-ciencia-y-tecnologia-uader-para-la-apertura-de-la-licenciatura-en-gestion-ambiental\/","name":"Convenio de cooperaci\u00f3n con la Facultad de Ciencia y Tecnolog\u00eda (UADER) para la apertura de la Licenciatura en gesti\u00f3n ambiental - Municipio de Oro Verde","isPartOf":{"@id":"https:\/\/oroverde.gob.ar\/portal\/#website"},"primaryImageOfPage":{"@id":"https:\/\/oroverde.gob.ar\/portal\/convenio-de-cooperacion-con-la-facultad-de-ciencia-y-tecnologia-uader-para-la-apertura-de-la-licenciatura-en-gestion-ambiental\/#primaryimage"},"image":{"@id":"https:\/\/oroverde.gob.ar\/portal\/convenio-de-cooperacion-con-la-facultad-de-ciencia-y-tecnologia-uader-para-la-apertura-de-la-licenciatura-en-gestion-ambiental\/#primaryimage"},"thumbnailUrl":"https:\/\/oroverde.gob.ar\/portal\/wp-content\/uploads\/2024\/09\/convenio-scaled.jpg","datePublished":"2024-09-17T16:18:12+00:00","breadcrumb":{"@id":"https:\/\/oroverde.gob.ar\/portal\/convenio-de-cooperacion-con-la-facultad-de-ciencia-y-tecnologia-uader-para-la-apertura-de-la-licenciatura-en-gestion-ambiental\/#breadcrumb"},"inLanguage":"es","potentialAction":[{"@type":"ReadAction","target":["https:\/\/oroverde.gob.ar\/portal\/convenio-de-cooperacion-con-la-facultad-de-ciencia-y-tecnologia-uader-para-la-apertura-de-la-licenciatura-en-gestion-ambiental\/"]}]},{"@type":"ImageObject","inLanguage":"es","@id":"https:\/\/oroverde.gob.ar\/portal\/convenio-de-cooperacion-con-la-facultad-de-ciencia-y-tecnologia-uader-para-la-apertura-de-la-licenciatura-en-gestion-ambiental\/#primaryimage","url":"https:\/\/oroverde.gob.ar\/portal\/wp-content\/uploads\/2024\/09\/convenio-scaled.jpg","contentUrl":"https:\/\/oroverde.gob.ar\/portal\/wp-content\/uploads\/2024\/09\/convenio-scaled.jpg","width":2560,"height":1707},{"@type":"BreadcrumbList","@id":"https:\/\/oroverde.gob.ar\/portal\/convenio-de-cooperacion-con-la-facultad-de-ciencia-y-tecnologia-uader-para-la-apertura-de-la-licenciatura-en-gestion-ambiental\/#breadcrumb","itemListElement":[{"@type":"ListItem","position":1,"name":"Portada","item":"https:\/\/oroverde.gob.ar\/portal\/"},{"@type":"ListItem","position":2,"name":"Convenio de cooperaci\u00f3n con la Facultad de Ciencia y Tecnolog\u00eda (UADER) para la apertura de la Licenciatura en gesti\u00f3n ambiental"}]},{"@type":"WebSite","@id":"https:\/\/oroverde.gob.ar\/portal\/#website","url":"https:\/\/oroverde.gob.ar\/portal\/","name":"Municipio de Oro Verde","description":"Web Oficial","publisher":{"@id":"https:\/\/oroverde.gob.ar\/portal\/#organization"},"potentialAction":[{"@type":"SearchAction","target":{"@type":"EntryPoint","urlTemplate":"https:\/\/oroverde.gob.ar\/portal\/?s={search_term_string}"},"query-input":{"@type":"PropertyValueSpecification","valueRequired":true,"valueName":"search_term_string"}}],"inLanguage":"es"},{"@type":"Organization","@id":"https:\/\/oroverde.gob.ar\/portal\/#organization","name":"Municipio de Oro Verde","url":"https:\/\/oroverde.gob.ar\/portal\/","logo":{"@type":"ImageObject","inLanguage":"es","@id":"https:\/\/oroverde.gob.ar\/portal\/#\/schema\/logo\/image\/","url":"https:\/\/oroverde.gob.ar\/portal\/wp-content\/uploads\/2024\/06\/cropped-cropped-logo-1.png","contentUrl":"https:\/\/oroverde.gob.ar\/portal\/wp-content\/uploads\/2024\/06\/cropped-cropped-logo-1.png","width":1776,"height":738,"caption":"Municipio de Oro Verde"},"image":{"@id":"https:\/\/oroverde.gob.ar\/portal\/#\/schema\/logo\/image\/"}},{"@type":"Person","@id":"https:\/\/oroverde.gob.ar\/portal\/#\/schema\/person\/b975e0cbcd43b7dcf9c64511ec84f10f","name":"Soledad","image":{"@type":"ImageObject","inLanguage":"es","@id":"https:\/\/secure.gravatar.com\/avatar\/b2f5b6cda565395f31dc94c95932b9b3fbe6275bad58a1579843d3d1607d4a66?s=96&d=mm&r=g","url":"https:\/\/secure.gravatar.com\/avatar\/b2f5b6cda565395f31dc94c95932b9b3fbe6275bad58a1579843d3d1607d4a66?s=96&d=mm&r=g","contentUrl":"https:\/\/secure.gravatar.com\/avatar\/b2f5b6cda565395f31dc94c95932b9b3fbe6275bad58a1579843d3d1607d4a66?s=96&d=mm&r=g","caption":"Soledad"},"url":"https:\/\/oroverde.gob.ar\/portal\/author\/soledad\/"}]}},"_links":{"self":[{"href":"https:\/\/oroverde.gob.ar\/portal\/wp-json\/wp\/v2\/posts\/4159","targetHints":{"allow":["GET"]}}],"collection":[{"href":"https:\/\/oroverde.gob.ar\/portal\/wp-json\/wp\/v2\/posts"}],"about":[{"href":"https:\/\/oroverde.gob.ar\/portal\/wp-json\/wp\/v2\/types\/post"}],"author":[{"embeddable":true,"href":"https:\/\/oroverde.gob.ar\/portal\/wp-json\/wp\/v2\/users\/3"}],"replies":[{"embeddable":true,"href":"https:\/\/oroverde.gob.ar\/portal\/wp-json\/wp\/v2\/comments?post=4159"}],"version-history":[{"count":1,"href":"https:\/\/oroverde.gob.ar\/portal\/wp-json\/wp\/v2\/posts\/4159\/revisions"}],"predecessor-version":[{"id":4161,"href":"https:\/\/oroverde.gob.ar\/portal\/wp-json\/wp\/v2\/posts\/4159\/revisions\/4161"}],"wp:featuredmedia":[{"embeddable":true,"href":"https:\/\/oroverde.gob.ar\/portal\/wp-json\/wp\/v2\/media\/4160"}],"wp:attachment":[{"href":"https:\/\/oroverde.gob.ar\/portal\/wp-json\/wp\/v2\/media?parent=4159"}],"wp:term":[{"taxonomy":"category","embeddable":true,"href":"https:\/\/oroverde.gob.ar\/portal\/wp-json\/wp\/v2\/categories?post=4159"},{"taxonomy":"post_tag","embeddable":true,"href":"https:\/\/oroverde.gob.ar\/portal\/wp-json\/wp\/v2\/tags?post=4159"}],"curies":[{"name":"wp","href":"https:\/\/api.w.org\/{rel}","templated":true}]}}