{"id":4358,"date":"2024-09-27T13:03:00","date_gmt":"2024-09-27T16:03:00","guid":{"rendered":"https:\/\/oroverde.gob.ar\/portal\/?p=4358"},"modified":"2024-09-27T13:03:00","modified_gmt":"2024-09-27T16:03:00","slug":"finalizo-la-obra-de-desague-y-cordon-cuneta-en-calle-los-macaes","status":"publish","type":"post","link":"https:\/\/oroverde.gob.ar\/portal\/finalizo-la-obra-de-desague-y-cordon-cuneta-en-calle-los-macaes\/","title":{"rendered":"Finaliz\u00f3 la obra de desag\u00fce y cord\u00f3n cuneta en calle Los Macaes"},"content":{"rendered":"<div class=\"xdj266r x11i5rnm xat24cr x1mh8g0r x1vvkbs x126k92a\">\n<div dir=\"auto\"><\/div>\n<\/div>\n<div class=\"x11i5rnm xat24cr x1mh8g0r x1vvkbs xtlvy1s x126k92a\">\n<div dir=\"auto\">El intendente C\u00e9sar Clement mantuvo un encuentro con vecinos de calle Los Macaes por la finalizaci\u00f3n del desag\u00fce, cord\u00f3n cuneta y mejora con piedra mora en calle Los Macaes.<\/div>\n<\/div>\n<div class=\"x11i5rnm xat24cr x1mh8g0r x1vvkbs xtlvy1s x126k92a\">\n<div dir=\"auto\">Esta obra fue realizada de manera conjunta con los vecinos que aportaron el material y el Municipio, la mano de obra. Comprende calle Los Macaes entre Los Alerces y Los Lapachos y permitir\u00e1 un mejor escurrimiento en esa zona.<\/div>\n<\/div>\n<div class=\"x11i5rnm xat24cr x1mh8g0r x1vvkbs xtlvy1s x126k92a\">\n<div dir=\"auto\">En barrio Lomas de Oro Verde desde sus or\u00edgenes hubo problemas de escurrimiento por el terreno en el que est\u00e1n asentadas las casas y con estas intervenciones se busca la soluci\u00f3n ante los anegamientos y la dificultad para transitar los d\u00edas de intensas lluvias.<\/div>\n<\/div>\n<div class=\"x11i5rnm xat24cr x1mh8g0r x1vvkbs xtlvy1s x126k92a\">\n<div dir=\"auto\">En este sentido el presidente municipal explic\u00f3 \u201cfinalizamos esta obra con una reuni\u00f3n con los vecinos porque quer\u00edan felicitarnos y nosotros agradecerles por su compromiso. Hicimos cord\u00f3n cuneta con mejorado de piedra mora. Se realiz\u00f3 en un setenta por ciento con colaboraci\u00f3n de los vecinos y el treinta por ciento fue ayuda del Municipio, as\u00ed que estamos muy contentos porque lo pudimos hacer con mano de obra municipal\u201d.<\/div>\n<\/div>\n<div class=\"x11i5rnm xat24cr x1mh8g0r x1vvkbs xtlvy1s x126k92a\">\n<div dir=\"auto\">Sobre esta obra, Juliana Spiazzi, vecina de esta calle, expres\u00f3 \u201cestamos muy conformes con lo que hizo el Municipio. Fue un cambio tremendo en el desarrollo diario y para el estacionamiento, as\u00ed que estamos muy conformes con el trabajo que se realiz\u00f3\u201d.<\/div>\n<\/div>\n<div class=\"x11i5rnm xat24cr x1mh8g0r x1vvkbs xtlvy1s x126k92a\">\n<div dir=\"auto\">Estuvieron tambi\u00e9n presentes y dialogaron con los vecinos, el secretario de Gobierno Milton Dum\u00e9, el coordinador de \u00c1reas Leonel Reynoso y el jefe Interino de Obras P\u00fablicas Leandro Palacio.<\/div>\n<\/div>\n","protected":false},"excerpt":{"rendered":"<p>El intendente C\u00e9sar Clement mantuvo un encuentro con vecinos de calle Los Macaes por la finalizaci\u00f3n del desag\u00fce, cord\u00f3n cuneta y mejora con piedra mora en calle Los Macaes. Esta obra fue realizada de manera conjunta con los vecinos que aportaron el material &hellip;<\/p>\n","protected":false},"author":3,"featured_media":4359,"comment_status":"closed","ping_status":"closed","sticky":false,"template":"","format":"standard","meta":{"footnotes":""},"categories":[25],"tags":[],"class_list":["post-4358","post","type-post","status-publish","format-standard","has-post-thumbnail","hentry","category-gobierno"],"yoast_head":"<!-- This site is optimized with the Yoast SEO plugin v27.5 - https:\/\/yoast.com\/product\/yoast-seo-wordpress\/ -->\n<title>Finaliz\u00f3 la obra de desag\u00fce y cord\u00f3n cuneta en calle Los Macaes - Municipio de Oro Verde<\/title>\n<meta name=\"robots\" content=\"index, follow, max-snippet:-1, max-image-preview:large, max-video-preview:-1\" \/>\n<link rel=\"canonical\" href=\"https:\/\/oroverde.gob.ar\/portal\/finalizo-la-obra-de-desague-y-cordon-cuneta-en-calle-los-macaes\/\" \/>\n<meta property=\"og:locale\" content=\"es_ES\" \/>\n<meta property=\"og:type\" content=\"article\" \/>\n<meta property=\"og:title\" content=\"Finaliz\u00f3 la obra de desag\u00fce y cord\u00f3n cuneta en calle Los Macaes - Municipio de Oro Verde\" \/>\n<meta property=\"og:description\" content=\"El intendente C\u00e9sar Clement mantuvo un encuentro con vecinos de calle Los Macaes por la finalizaci\u00f3n del desag\u00fce, cord\u00f3n cuneta y mejora con piedra mora en calle Los Macaes. Esta obra fue realizada de manera conjunta con los vecinos que aportaron el material &hellip;\" \/>\n<meta property=\"og:url\" content=\"https:\/\/oroverde.gob.ar\/portal\/finalizo-la-obra-de-desague-y-cordon-cuneta-en-calle-los-macaes\/\" \/>\n<meta property=\"og:site_name\" content=\"Municipio de Oro Verde\" \/>\n<meta property=\"article:published_time\" content=\"2024-09-27T16:03:00+00:00\" \/>\n<meta property=\"og:image\" content=\"https:\/\/oroverde.gob.ar\/portal\/wp-content\/uploads\/2024\/09\/1-m-scaled.jpg\" \/>\n\t<meta property=\"og:image:width\" content=\"2560\" \/>\n\t<meta property=\"og:image:height\" content=\"1708\" \/>\n\t<meta property=\"og:image:type\" content=\"image\/jpeg\" \/>\n<meta name=\"author\" content=\"Soledad\" \/>\n<meta name=\"twitter:card\" content=\"summary_large_image\" \/>\n<meta name=\"twitter:label1\" content=\"Escrito por\" \/>\n\t<meta name=\"twitter:data1\" content=\"Soledad\" \/>\n\t<meta name=\"twitter:label2\" content=\"Tiempo de lectura\" \/>\n\t<meta name=\"twitter:data2\" content=\"2 minutos\" \/>\n<script type=\"application\/ld+json\" class=\"yoast-schema-graph\">{\"@context\":\"https:\\\/\\\/schema.org\",\"@graph\":[{\"@type\":\"Article\",\"@id\":\"https:\\\/\\\/oroverde.gob.ar\\\/portal\\\/finalizo-la-obra-de-desague-y-cordon-cuneta-en-calle-los-macaes\\\/#article\",\"isPartOf\":{\"@id\":\"https:\\\/\\\/oroverde.gob.ar\\\/portal\\\/finalizo-la-obra-de-desague-y-cordon-cuneta-en-calle-los-macaes\\\/\"},\"author\":{\"name\":\"Soledad\",\"@id\":\"https:\\\/\\\/oroverde.gob.ar\\\/portal\\\/#\\\/schema\\\/person\\\/b975e0cbcd43b7dcf9c64511ec84f10f\"},\"headline\":\"Finaliz\u00f3 la obra de desag\u00fce y cord\u00f3n cuneta en calle Los Macaes\",\"datePublished\":\"2024-09-27T16:03:00+00:00\",\"mainEntityOfPage\":{\"@id\":\"https:\\\/\\\/oroverde.gob.ar\\\/portal\\\/finalizo-la-obra-de-desague-y-cordon-cuneta-en-calle-los-macaes\\\/\"},\"wordCount\":279,\"publisher\":{\"@id\":\"https:\\\/\\\/oroverde.gob.ar\\\/portal\\\/#organization\"},\"image\":{\"@id\":\"https:\\\/\\\/oroverde.gob.ar\\\/portal\\\/finalizo-la-obra-de-desague-y-cordon-cuneta-en-calle-los-macaes\\\/#primaryimage\"},\"thumbnailUrl\":\"https:\\\/\\\/oroverde.gob.ar\\\/portal\\\/wp-content\\\/uploads\\\/2024\\\/09\\\/1-m-scaled.jpg\",\"articleSection\":[\"Gobierno\"],\"inLanguage\":\"es\"},{\"@type\":\"WebPage\",\"@id\":\"https:\\\/\\\/oroverde.gob.ar\\\/portal\\\/finalizo-la-obra-de-desague-y-cordon-cuneta-en-calle-los-macaes\\\/\",\"url\":\"https:\\\/\\\/oroverde.gob.ar\\\/portal\\\/finalizo-la-obra-de-desague-y-cordon-cuneta-en-calle-los-macaes\\\/\",\"name\":\"Finaliz\u00f3 la obra de desag\u00fce y cord\u00f3n cuneta en calle Los Macaes - Municipio de Oro Verde\",\"isPartOf\":{\"@id\":\"https:\\\/\\\/oroverde.gob.ar\\\/portal\\\/#website\"},\"primaryImageOfPage\":{\"@id\":\"https:\\\/\\\/oroverde.gob.ar\\\/portal\\\/finalizo-la-obra-de-desague-y-cordon-cuneta-en-calle-los-macaes\\\/#primaryimage\"},\"image\":{\"@id\":\"https:\\\/\\\/oroverde.gob.ar\\\/portal\\\/finalizo-la-obra-de-desague-y-cordon-cuneta-en-calle-los-macaes\\\/#primaryimage\"},\"thumbnailUrl\":\"https:\\\/\\\/oroverde.gob.ar\\\/portal\\\/wp-content\\\/uploads\\\/2024\\\/09\\\/1-m-scaled.jpg\",\"datePublished\":\"2024-09-27T16:03:00+00:00\",\"breadcrumb\":{\"@id\":\"https:\\\/\\\/oroverde.gob.ar\\\/portal\\\/finalizo-la-obra-de-desague-y-cordon-cuneta-en-calle-los-macaes\\\/#breadcrumb\"},\"inLanguage\":\"es\",\"potentialAction\":[{\"@type\":\"ReadAction\",\"target\":[\"https:\\\/\\\/oroverde.gob.ar\\\/portal\\\/finalizo-la-obra-de-desague-y-cordon-cuneta-en-calle-los-macaes\\\/\"]}]},{\"@type\":\"ImageObject\",\"inLanguage\":\"es\",\"@id\":\"https:\\\/\\\/oroverde.gob.ar\\\/portal\\\/finalizo-la-obra-de-desague-y-cordon-cuneta-en-calle-los-macaes\\\/#primaryimage\",\"url\":\"https:\\\/\\\/oroverde.gob.ar\\\/portal\\\/wp-content\\\/uploads\\\/2024\\\/09\\\/1-m-scaled.jpg\",\"contentUrl\":\"https:\\\/\\\/oroverde.gob.ar\\\/portal\\\/wp-content\\\/uploads\\\/2024\\\/09\\\/1-m-scaled.jpg\",\"width\":2560,\"height\":1708},{\"@type\":\"BreadcrumbList\",\"@id\":\"https:\\\/\\\/oroverde.gob.ar\\\/portal\\\/finalizo-la-obra-de-desague-y-cordon-cuneta-en-calle-los-macaes\\\/#breadcrumb\",\"itemListElement\":[{\"@type\":\"ListItem\",\"position\":1,\"name\":\"Portada\",\"item\":\"https:\\\/\\\/oroverde.gob.ar\\\/portal\\\/\"},{\"@type\":\"ListItem\",\"position\":2,\"name\":\"Finaliz\u00f3 la obra de desag\u00fce y cord\u00f3n cuneta en calle Los Macaes\"}]},{\"@type\":\"WebSite\",\"@id\":\"https:\\\/\\\/oroverde.gob.ar\\\/portal\\\/#website\",\"url\":\"https:\\\/\\\/oroverde.gob.ar\\\/portal\\\/\",\"name\":\"Municipio de Oro Verde\",\"description\":\"Web Oficial\",\"publisher\":{\"@id\":\"https:\\\/\\\/oroverde.gob.ar\\\/portal\\\/#organization\"},\"potentialAction\":[{\"@type\":\"SearchAction\",\"target\":{\"@type\":\"EntryPoint\",\"urlTemplate\":\"https:\\\/\\\/oroverde.gob.ar\\\/portal\\\/?s={search_term_string}\"},\"query-input\":{\"@type\":\"PropertyValueSpecification\",\"valueRequired\":true,\"valueName\":\"search_term_string\"}}],\"inLanguage\":\"es\"},{\"@type\":\"Organization\",\"@id\":\"https:\\\/\\\/oroverde.gob.ar\\\/portal\\\/#organization\",\"name\":\"Municipio de Oro Verde\",\"url\":\"https:\\\/\\\/oroverde.gob.ar\\\/portal\\\/\",\"logo\":{\"@type\":\"ImageObject\",\"inLanguage\":\"es\",\"@id\":\"https:\\\/\\\/oroverde.gob.ar\\\/portal\\\/#\\\/schema\\\/logo\\\/image\\\/\",\"url\":\"https:\\\/\\\/oroverde.gob.ar\\\/portal\\\/wp-content\\\/uploads\\\/2024\\\/06\\\/cropped-cropped-logo-1.png\",\"contentUrl\":\"https:\\\/\\\/oroverde.gob.ar\\\/portal\\\/wp-content\\\/uploads\\\/2024\\\/06\\\/cropped-cropped-logo-1.png\",\"width\":1776,\"height\":738,\"caption\":\"Municipio de Oro Verde\"},\"image\":{\"@id\":\"https:\\\/\\\/oroverde.gob.ar\\\/portal\\\/#\\\/schema\\\/logo\\\/image\\\/\"}},{\"@type\":\"Person\",\"@id\":\"https:\\\/\\\/oroverde.gob.ar\\\/portal\\\/#\\\/schema\\\/person\\\/b975e0cbcd43b7dcf9c64511ec84f10f\",\"name\":\"Soledad\",\"image\":{\"@type\":\"ImageObject\",\"inLanguage\":\"es\",\"@id\":\"https:\\\/\\\/secure.gravatar.com\\\/avatar\\\/b2f5b6cda565395f31dc94c95932b9b3fbe6275bad58a1579843d3d1607d4a66?s=96&d=mm&r=g\",\"url\":\"https:\\\/\\\/secure.gravatar.com\\\/avatar\\\/b2f5b6cda565395f31dc94c95932b9b3fbe6275bad58a1579843d3d1607d4a66?s=96&d=mm&r=g\",\"contentUrl\":\"https:\\\/\\\/secure.gravatar.com\\\/avatar\\\/b2f5b6cda565395f31dc94c95932b9b3fbe6275bad58a1579843d3d1607d4a66?s=96&d=mm&r=g\",\"caption\":\"Soledad\"},\"url\":\"https:\\\/\\\/oroverde.gob.ar\\\/portal\\\/author\\\/soledad\\\/\"}]}<\/script>\n<!-- \/ Yoast SEO plugin. -->","yoast_head_json":{"title":"Finaliz\u00f3 la obra de desag\u00fce y cord\u00f3n cuneta en calle Los Macaes - Municipio de Oro Verde","robots":{"index":"index","follow":"follow","max-snippet":"max-snippet:-1","max-image-preview":"max-image-preview:large","max-video-preview":"max-video-preview:-1"},"canonical":"https:\/\/oroverde.gob.ar\/portal\/finalizo-la-obra-de-desague-y-cordon-cuneta-en-calle-los-macaes\/","og_locale":"es_ES","og_type":"article","og_title":"Finaliz\u00f3 la obra de desag\u00fce y cord\u00f3n cuneta en calle Los Macaes - Municipio de Oro Verde","og_description":"El intendente C\u00e9sar Clement mantuvo un encuentro con vecinos de calle Los Macaes por la finalizaci\u00f3n del desag\u00fce, cord\u00f3n cuneta y mejora con piedra mora en calle Los Macaes. Esta obra fue realizada de manera conjunta con los vecinos que aportaron el material &hellip;","og_url":"https:\/\/oroverde.gob.ar\/portal\/finalizo-la-obra-de-desague-y-cordon-cuneta-en-calle-los-macaes\/","og_site_name":"Municipio de Oro Verde","article_published_time":"2024-09-27T16:03:00+00:00","og_image":[{"width":2560,"height":1708,"url":"https:\/\/oroverde.gob.ar\/portal\/wp-content\/uploads\/2024\/09\/1-m-scaled.jpg","type":"image\/jpeg"}],"author":"Soledad","twitter_card":"summary_large_image","twitter_misc":{"Escrito por":"Soledad","Tiempo de lectura":"2 minutos"},"schema":{"@context":"https:\/\/schema.org","@graph":[{"@type":"Article","@id":"https:\/\/oroverde.gob.ar\/portal\/finalizo-la-obra-de-desague-y-cordon-cuneta-en-calle-los-macaes\/#article","isPartOf":{"@id":"https:\/\/oroverde.gob.ar\/portal\/finalizo-la-obra-de-desague-y-cordon-cuneta-en-calle-los-macaes\/"},"author":{"name":"Soledad","@id":"https:\/\/oroverde.gob.ar\/portal\/#\/schema\/person\/b975e0cbcd43b7dcf9c64511ec84f10f"},"headline":"Finaliz\u00f3 la obra de desag\u00fce y cord\u00f3n cuneta en calle Los Macaes","datePublished":"2024-09-27T16:03:00+00:00","mainEntityOfPage":{"@id":"https:\/\/oroverde.gob.ar\/portal\/finalizo-la-obra-de-desague-y-cordon-cuneta-en-calle-los-macaes\/"},"wordCount":279,"publisher":{"@id":"https:\/\/oroverde.gob.ar\/portal\/#organization"},"image":{"@id":"https:\/\/oroverde.gob.ar\/portal\/finalizo-la-obra-de-desague-y-cordon-cuneta-en-calle-los-macaes\/#primaryimage"},"thumbnailUrl":"https:\/\/oroverde.gob.ar\/portal\/wp-content\/uploads\/2024\/09\/1-m-scaled.jpg","articleSection":["Gobierno"],"inLanguage":"es"},{"@type":"WebPage","@id":"https:\/\/oroverde.gob.ar\/portal\/finalizo-la-obra-de-desague-y-cordon-cuneta-en-calle-los-macaes\/","url":"https:\/\/oroverde.gob.ar\/portal\/finalizo-la-obra-de-desague-y-cordon-cuneta-en-calle-los-macaes\/","name":"Finaliz\u00f3 la obra de desag\u00fce y cord\u00f3n cuneta en calle Los Macaes - Municipio de Oro Verde","isPartOf":{"@id":"https:\/\/oroverde.gob.ar\/portal\/#website"},"primaryImageOfPage":{"@id":"https:\/\/oroverde.gob.ar\/portal\/finalizo-la-obra-de-desague-y-cordon-cuneta-en-calle-los-macaes\/#primaryimage"},"image":{"@id":"https:\/\/oroverde.gob.ar\/portal\/finalizo-la-obra-de-desague-y-cordon-cuneta-en-calle-los-macaes\/#primaryimage"},"thumbnailUrl":"https:\/\/oroverde.gob.ar\/portal\/wp-content\/uploads\/2024\/09\/1-m-scaled.jpg","datePublished":"2024-09-27T16:03:00+00:00","breadcrumb":{"@id":"https:\/\/oroverde.gob.ar\/portal\/finalizo-la-obra-de-desague-y-cordon-cuneta-en-calle-los-macaes\/#breadcrumb"},"inLanguage":"es","potentialAction":[{"@type":"ReadAction","target":["https:\/\/oroverde.gob.ar\/portal\/finalizo-la-obra-de-desague-y-cordon-cuneta-en-calle-los-macaes\/"]}]},{"@type":"ImageObject","inLanguage":"es","@id":"https:\/\/oroverde.gob.ar\/portal\/finalizo-la-obra-de-desague-y-cordon-cuneta-en-calle-los-macaes\/#primaryimage","url":"https:\/\/oroverde.gob.ar\/portal\/wp-content\/uploads\/2024\/09\/1-m-scaled.jpg","contentUrl":"https:\/\/oroverde.gob.ar\/portal\/wp-content\/uploads\/2024\/09\/1-m-scaled.jpg","width":2560,"height":1708},{"@type":"BreadcrumbList","@id":"https:\/\/oroverde.gob.ar\/portal\/finalizo-la-obra-de-desague-y-cordon-cuneta-en-calle-los-macaes\/#breadcrumb","itemListElement":[{"@type":"ListItem","position":1,"name":"Portada","item":"https:\/\/oroverde.gob.ar\/portal\/"},{"@type":"ListItem","position":2,"name":"Finaliz\u00f3 la obra de desag\u00fce y cord\u00f3n cuneta en calle Los Macaes"}]},{"@type":"WebSite","@id":"https:\/\/oroverde.gob.ar\/portal\/#website","url":"https:\/\/oroverde.gob.ar\/portal\/","name":"Municipio de Oro Verde","description":"Web Oficial","publisher":{"@id":"https:\/\/oroverde.gob.ar\/portal\/#organization"},"potentialAction":[{"@type":"SearchAction","target":{"@type":"EntryPoint","urlTemplate":"https:\/\/oroverde.gob.ar\/portal\/?s={search_term_string}"},"query-input":{"@type":"PropertyValueSpecification","valueRequired":true,"valueName":"search_term_string"}}],"inLanguage":"es"},{"@type":"Organization","@id":"https:\/\/oroverde.gob.ar\/portal\/#organization","name":"Municipio de Oro Verde","url":"https:\/\/oroverde.gob.ar\/portal\/","logo":{"@type":"ImageObject","inLanguage":"es","@id":"https:\/\/oroverde.gob.ar\/portal\/#\/schema\/logo\/image\/","url":"https:\/\/oroverde.gob.ar\/portal\/wp-content\/uploads\/2024\/06\/cropped-cropped-logo-1.png","contentUrl":"https:\/\/oroverde.gob.ar\/portal\/wp-content\/uploads\/2024\/06\/cropped-cropped-logo-1.png","width":1776,"height":738,"caption":"Municipio de Oro Verde"},"image":{"@id":"https:\/\/oroverde.gob.ar\/portal\/#\/schema\/logo\/image\/"}},{"@type":"Person","@id":"https:\/\/oroverde.gob.ar\/portal\/#\/schema\/person\/b975e0cbcd43b7dcf9c64511ec84f10f","name":"Soledad","image":{"@type":"ImageObject","inLanguage":"es","@id":"https:\/\/secure.gravatar.com\/avatar\/b2f5b6cda565395f31dc94c95932b9b3fbe6275bad58a1579843d3d1607d4a66?s=96&d=mm&r=g","url":"https:\/\/secure.gravatar.com\/avatar\/b2f5b6cda565395f31dc94c95932b9b3fbe6275bad58a1579843d3d1607d4a66?s=96&d=mm&r=g","contentUrl":"https:\/\/secure.gravatar.com\/avatar\/b2f5b6cda565395f31dc94c95932b9b3fbe6275bad58a1579843d3d1607d4a66?s=96&d=mm&r=g","caption":"Soledad"},"url":"https:\/\/oroverde.gob.ar\/portal\/author\/soledad\/"}]}},"_links":{"self":[{"href":"https:\/\/oroverde.gob.ar\/portal\/wp-json\/wp\/v2\/posts\/4358","targetHints":{"allow":["GET"]}}],"collection":[{"href":"https:\/\/oroverde.gob.ar\/portal\/wp-json\/wp\/v2\/posts"}],"about":[{"href":"https:\/\/oroverde.gob.ar\/portal\/wp-json\/wp\/v2\/types\/post"}],"author":[{"embeddable":true,"href":"https:\/\/oroverde.gob.ar\/portal\/wp-json\/wp\/v2\/users\/3"}],"replies":[{"embeddable":true,"href":"https:\/\/oroverde.gob.ar\/portal\/wp-json\/wp\/v2\/comments?post=4358"}],"version-history":[{"count":1,"href":"https:\/\/oroverde.gob.ar\/portal\/wp-json\/wp\/v2\/posts\/4358\/revisions"}],"predecessor-version":[{"id":4360,"href":"https:\/\/oroverde.gob.ar\/portal\/wp-json\/wp\/v2\/posts\/4358\/revisions\/4360"}],"wp:featuredmedia":[{"embeddable":true,"href":"https:\/\/oroverde.gob.ar\/portal\/wp-json\/wp\/v2\/media\/4359"}],"wp:attachment":[{"href":"https:\/\/oroverde.gob.ar\/portal\/wp-json\/wp\/v2\/media?parent=4358"}],"wp:term":[{"taxonomy":"category","embeddable":true,"href":"https:\/\/oroverde.gob.ar\/portal\/wp-json\/wp\/v2\/categories?post=4358"},{"taxonomy":"post_tag","embeddable":true,"href":"https:\/\/oroverde.gob.ar\/portal\/wp-json\/wp\/v2\/tags?post=4358"}],"curies":[{"name":"wp","href":"https:\/\/api.w.org\/{rel}","templated":true}]}}