{"id":4605,"date":"2024-11-04T14:38:20","date_gmt":"2024-11-04T17:38:20","guid":{"rendered":"https:\/\/oroverde.gob.ar\/portal\/?p=4605"},"modified":"2024-11-04T14:43:37","modified_gmt":"2024-11-04T17:43:37","slug":"el-taller-de-ritmo-latinos-municipal-se-presento-en-el-teatro-3-de-febrero","status":"publish","type":"post","link":"https:\/\/oroverde.gob.ar\/portal\/el-taller-de-ritmo-latinos-municipal-se-presento-en-el-teatro-3-de-febrero\/","title":{"rendered":"El taller de Ritmos Latinos municipal se present\u00f3 en el Teatro 3 de Febrero"},"content":{"rendered":"<div class=\"xdj266r x11i5rnm xat24cr x1mh8g0r x1vvkbs x126k92a\">\n<div dir=\"auto\">Integrantes del taller de Ritmos Latinos \u00abAlmas danzantes\u00bb que lleva adelante la profesora Judith Z\u00e1rate, fue parte de un espect\u00e1culo que incluy\u00f3 otras cuatro academias este 24 de octubre en el Teatro 3 de Febrero.<\/div>\n<div dir=\"auto\"><\/div>\n<\/div>\n<div class=\"x11i5rnm xat24cr x1mh8g0r x1vvkbs xtlvy1s x126k92a\">\n<div dir=\"auto\">El taller particip\u00f3 con cuatro coreograf\u00edas diferentes de bachata, cumbia, rock and roll y tango, donde adem\u00e1s del baile hubo una puesta en escena con diferentes vestuarios y maquillaje. Fue un grupo de 27 personas que brill\u00f3 sobre sobre el escenario del teatro.<\/div>\n<div dir=\"auto\"><\/div>\n<\/div>\n<div class=\"x11i5rnm xat24cr x1mh8g0r x1vvkbs xtlvy1s x126k92a\">\n<div dir=\"auto\">Integraron tambi\u00e9n el espect\u00e1culo los bailarines de \u00abBailo Feliz\u00bb, \u00abBailando con el alma\u00bb, \u00abRitmo y alegr\u00eda y \u00abSiente el ritmo\u00bb.<\/div>\n<\/div>\n","protected":false},"excerpt":{"rendered":"<p>Integrantes del taller de Ritmos Latinos \u00abAlmas danzantes\u00bb que lleva adelante la profesora Judith Z\u00e1rate, fue parte de un espect\u00e1culo que incluy\u00f3 otras cuatro academias este 24 de octubre en el Teatro 3 de Febrero. El taller particip\u00f3 con cuatro coreograf\u00edas diferentes de &hellip;<\/p>\n","protected":false},"author":3,"featured_media":4606,"comment_status":"closed","ping_status":"closed","sticky":false,"template":"","format":"standard","meta":{"footnotes":""},"categories":[1],"tags":[],"class_list":["post-4605","post","type-post","status-publish","format-standard","has-post-thumbnail","hentry","category-municipio"],"yoast_head":"<!-- This site is optimized with the Yoast SEO plugin v27.5 - https:\/\/yoast.com\/product\/yoast-seo-wordpress\/ -->\n<title>El taller de Ritmos Latinos municipal se present\u00f3 en el Teatro 3 de Febrero - Municipio de Oro Verde<\/title>\n<meta name=\"robots\" content=\"index, follow, max-snippet:-1, max-image-preview:large, max-video-preview:-1\" \/>\n<link rel=\"canonical\" href=\"https:\/\/oroverde.gob.ar\/portal\/el-taller-de-ritmo-latinos-municipal-se-presento-en-el-teatro-3-de-febrero\/\" \/>\n<meta property=\"og:locale\" content=\"es_ES\" \/>\n<meta property=\"og:type\" content=\"article\" \/>\n<meta property=\"og:title\" content=\"El taller de Ritmos Latinos municipal se present\u00f3 en el Teatro 3 de Febrero - Municipio de Oro Verde\" \/>\n<meta property=\"og:description\" content=\"Integrantes del taller de Ritmos Latinos \u00abAlmas danzantes\u00bb que lleva adelante la profesora Judith Z\u00e1rate, fue parte de un espect\u00e1culo que incluy\u00f3 otras cuatro academias este 24 de octubre en el Teatro 3 de Febrero. El taller particip\u00f3 con cuatro coreograf\u00edas diferentes de &hellip;\" \/>\n<meta property=\"og:url\" content=\"https:\/\/oroverde.gob.ar\/portal\/el-taller-de-ritmo-latinos-municipal-se-presento-en-el-teatro-3-de-febrero\/\" \/>\n<meta property=\"og:site_name\" content=\"Municipio de Oro Verde\" \/>\n<meta property=\"article:published_time\" content=\"2024-11-04T17:38:20+00:00\" \/>\n<meta property=\"article:modified_time\" content=\"2024-11-04T17:43:37+00:00\" \/>\n<meta property=\"og:image\" content=\"https:\/\/oroverde.gob.ar\/portal\/wp-content\/uploads\/2024\/11\/465727556_859159023055747_2701824404204075706_n.jpg\" \/>\n\t<meta property=\"og:image:width\" content=\"1600\" \/>\n\t<meta property=\"og:image:height\" content=\"1066\" \/>\n\t<meta property=\"og:image:type\" content=\"image\/jpeg\" \/>\n<meta name=\"author\" content=\"Soledad\" \/>\n<meta name=\"twitter:card\" content=\"summary_large_image\" \/>\n<meta name=\"twitter:label1\" content=\"Escrito por\" \/>\n\t<meta name=\"twitter:data1\" content=\"Soledad\" \/>\n\t<meta name=\"twitter:label2\" content=\"Tiempo de lectura\" \/>\n\t<meta name=\"twitter:data2\" content=\"1 minuto\" \/>\n<script type=\"application\/ld+json\" class=\"yoast-schema-graph\">{\"@context\":\"https:\\\/\\\/schema.org\",\"@graph\":[{\"@type\":\"Article\",\"@id\":\"https:\\\/\\\/oroverde.gob.ar\\\/portal\\\/el-taller-de-ritmo-latinos-municipal-se-presento-en-el-teatro-3-de-febrero\\\/#article\",\"isPartOf\":{\"@id\":\"https:\\\/\\\/oroverde.gob.ar\\\/portal\\\/el-taller-de-ritmo-latinos-municipal-se-presento-en-el-teatro-3-de-febrero\\\/\"},\"author\":{\"name\":\"Soledad\",\"@id\":\"https:\\\/\\\/oroverde.gob.ar\\\/portal\\\/#\\\/schema\\\/person\\\/b975e0cbcd43b7dcf9c64511ec84f10f\"},\"headline\":\"El taller de Ritmos Latinos municipal se present\u00f3 en el Teatro 3 de Febrero\",\"datePublished\":\"2024-11-04T17:38:20+00:00\",\"dateModified\":\"2024-11-04T17:43:37+00:00\",\"mainEntityOfPage\":{\"@id\":\"https:\\\/\\\/oroverde.gob.ar\\\/portal\\\/el-taller-de-ritmo-latinos-municipal-se-presento-en-el-teatro-3-de-febrero\\\/\"},\"wordCount\":115,\"publisher\":{\"@id\":\"https:\\\/\\\/oroverde.gob.ar\\\/portal\\\/#organization\"},\"image\":{\"@id\":\"https:\\\/\\\/oroverde.gob.ar\\\/portal\\\/el-taller-de-ritmo-latinos-municipal-se-presento-en-el-teatro-3-de-febrero\\\/#primaryimage\"},\"thumbnailUrl\":\"https:\\\/\\\/oroverde.gob.ar\\\/portal\\\/wp-content\\\/uploads\\\/2024\\\/11\\\/465727556_859159023055747_2701824404204075706_n.jpg\",\"articleSection\":[\"Municipio\"],\"inLanguage\":\"es\"},{\"@type\":\"WebPage\",\"@id\":\"https:\\\/\\\/oroverde.gob.ar\\\/portal\\\/el-taller-de-ritmo-latinos-municipal-se-presento-en-el-teatro-3-de-febrero\\\/\",\"url\":\"https:\\\/\\\/oroverde.gob.ar\\\/portal\\\/el-taller-de-ritmo-latinos-municipal-se-presento-en-el-teatro-3-de-febrero\\\/\",\"name\":\"El taller de Ritmos Latinos municipal se present\u00f3 en el Teatro 3 de Febrero - Municipio de Oro Verde\",\"isPartOf\":{\"@id\":\"https:\\\/\\\/oroverde.gob.ar\\\/portal\\\/#website\"},\"primaryImageOfPage\":{\"@id\":\"https:\\\/\\\/oroverde.gob.ar\\\/portal\\\/el-taller-de-ritmo-latinos-municipal-se-presento-en-el-teatro-3-de-febrero\\\/#primaryimage\"},\"image\":{\"@id\":\"https:\\\/\\\/oroverde.gob.ar\\\/portal\\\/el-taller-de-ritmo-latinos-municipal-se-presento-en-el-teatro-3-de-febrero\\\/#primaryimage\"},\"thumbnailUrl\":\"https:\\\/\\\/oroverde.gob.ar\\\/portal\\\/wp-content\\\/uploads\\\/2024\\\/11\\\/465727556_859159023055747_2701824404204075706_n.jpg\",\"datePublished\":\"2024-11-04T17:38:20+00:00\",\"dateModified\":\"2024-11-04T17:43:37+00:00\",\"breadcrumb\":{\"@id\":\"https:\\\/\\\/oroverde.gob.ar\\\/portal\\\/el-taller-de-ritmo-latinos-municipal-se-presento-en-el-teatro-3-de-febrero\\\/#breadcrumb\"},\"inLanguage\":\"es\",\"potentialAction\":[{\"@type\":\"ReadAction\",\"target\":[\"https:\\\/\\\/oroverde.gob.ar\\\/portal\\\/el-taller-de-ritmo-latinos-municipal-se-presento-en-el-teatro-3-de-febrero\\\/\"]}]},{\"@type\":\"ImageObject\",\"inLanguage\":\"es\",\"@id\":\"https:\\\/\\\/oroverde.gob.ar\\\/portal\\\/el-taller-de-ritmo-latinos-municipal-se-presento-en-el-teatro-3-de-febrero\\\/#primaryimage\",\"url\":\"https:\\\/\\\/oroverde.gob.ar\\\/portal\\\/wp-content\\\/uploads\\\/2024\\\/11\\\/465727556_859159023055747_2701824404204075706_n.jpg\",\"contentUrl\":\"https:\\\/\\\/oroverde.gob.ar\\\/portal\\\/wp-content\\\/uploads\\\/2024\\\/11\\\/465727556_859159023055747_2701824404204075706_n.jpg\",\"width\":1600,\"height\":1066},{\"@type\":\"BreadcrumbList\",\"@id\":\"https:\\\/\\\/oroverde.gob.ar\\\/portal\\\/el-taller-de-ritmo-latinos-municipal-se-presento-en-el-teatro-3-de-febrero\\\/#breadcrumb\",\"itemListElement\":[{\"@type\":\"ListItem\",\"position\":1,\"name\":\"Portada\",\"item\":\"https:\\\/\\\/oroverde.gob.ar\\\/portal\\\/\"},{\"@type\":\"ListItem\",\"position\":2,\"name\":\"El taller de Ritmos Latinos municipal se present\u00f3 en el Teatro 3 de Febrero\"}]},{\"@type\":\"WebSite\",\"@id\":\"https:\\\/\\\/oroverde.gob.ar\\\/portal\\\/#website\",\"url\":\"https:\\\/\\\/oroverde.gob.ar\\\/portal\\\/\",\"name\":\"Municipio de Oro Verde\",\"description\":\"Web Oficial\",\"publisher\":{\"@id\":\"https:\\\/\\\/oroverde.gob.ar\\\/portal\\\/#organization\"},\"potentialAction\":[{\"@type\":\"SearchAction\",\"target\":{\"@type\":\"EntryPoint\",\"urlTemplate\":\"https:\\\/\\\/oroverde.gob.ar\\\/portal\\\/?s={search_term_string}\"},\"query-input\":{\"@type\":\"PropertyValueSpecification\",\"valueRequired\":true,\"valueName\":\"search_term_string\"}}],\"inLanguage\":\"es\"},{\"@type\":\"Organization\",\"@id\":\"https:\\\/\\\/oroverde.gob.ar\\\/portal\\\/#organization\",\"name\":\"Municipio de Oro Verde\",\"url\":\"https:\\\/\\\/oroverde.gob.ar\\\/portal\\\/\",\"logo\":{\"@type\":\"ImageObject\",\"inLanguage\":\"es\",\"@id\":\"https:\\\/\\\/oroverde.gob.ar\\\/portal\\\/#\\\/schema\\\/logo\\\/image\\\/\",\"url\":\"https:\\\/\\\/oroverde.gob.ar\\\/portal\\\/wp-content\\\/uploads\\\/2024\\\/06\\\/cropped-cropped-logo-1.png\",\"contentUrl\":\"https:\\\/\\\/oroverde.gob.ar\\\/portal\\\/wp-content\\\/uploads\\\/2024\\\/06\\\/cropped-cropped-logo-1.png\",\"width\":1776,\"height\":738,\"caption\":\"Municipio de Oro Verde\"},\"image\":{\"@id\":\"https:\\\/\\\/oroverde.gob.ar\\\/portal\\\/#\\\/schema\\\/logo\\\/image\\\/\"}},{\"@type\":\"Person\",\"@id\":\"https:\\\/\\\/oroverde.gob.ar\\\/portal\\\/#\\\/schema\\\/person\\\/b975e0cbcd43b7dcf9c64511ec84f10f\",\"name\":\"Soledad\",\"image\":{\"@type\":\"ImageObject\",\"inLanguage\":\"es\",\"@id\":\"https:\\\/\\\/secure.gravatar.com\\\/avatar\\\/b2f5b6cda565395f31dc94c95932b9b3fbe6275bad58a1579843d3d1607d4a66?s=96&d=mm&r=g\",\"url\":\"https:\\\/\\\/secure.gravatar.com\\\/avatar\\\/b2f5b6cda565395f31dc94c95932b9b3fbe6275bad58a1579843d3d1607d4a66?s=96&d=mm&r=g\",\"contentUrl\":\"https:\\\/\\\/secure.gravatar.com\\\/avatar\\\/b2f5b6cda565395f31dc94c95932b9b3fbe6275bad58a1579843d3d1607d4a66?s=96&d=mm&r=g\",\"caption\":\"Soledad\"},\"url\":\"https:\\\/\\\/oroverde.gob.ar\\\/portal\\\/author\\\/soledad\\\/\"}]}<\/script>\n<!-- \/ Yoast SEO plugin. -->","yoast_head_json":{"title":"El taller de Ritmos Latinos municipal se present\u00f3 en el Teatro 3 de Febrero - Municipio de Oro Verde","robots":{"index":"index","follow":"follow","max-snippet":"max-snippet:-1","max-image-preview":"max-image-preview:large","max-video-preview":"max-video-preview:-1"},"canonical":"https:\/\/oroverde.gob.ar\/portal\/el-taller-de-ritmo-latinos-municipal-se-presento-en-el-teatro-3-de-febrero\/","og_locale":"es_ES","og_type":"article","og_title":"El taller de Ritmos Latinos municipal se present\u00f3 en el Teatro 3 de Febrero - Municipio de Oro Verde","og_description":"Integrantes del taller de Ritmos Latinos \u00abAlmas danzantes\u00bb que lleva adelante la profesora Judith Z\u00e1rate, fue parte de un espect\u00e1culo que incluy\u00f3 otras cuatro academias este 24 de octubre en el Teatro 3 de Febrero. El taller particip\u00f3 con cuatro coreograf\u00edas diferentes de &hellip;","og_url":"https:\/\/oroverde.gob.ar\/portal\/el-taller-de-ritmo-latinos-municipal-se-presento-en-el-teatro-3-de-febrero\/","og_site_name":"Municipio de Oro Verde","article_published_time":"2024-11-04T17:38:20+00:00","article_modified_time":"2024-11-04T17:43:37+00:00","og_image":[{"width":1600,"height":1066,"url":"https:\/\/oroverde.gob.ar\/portal\/wp-content\/uploads\/2024\/11\/465727556_859159023055747_2701824404204075706_n.jpg","type":"image\/jpeg"}],"author":"Soledad","twitter_card":"summary_large_image","twitter_misc":{"Escrito por":"Soledad","Tiempo de lectura":"1 minuto"},"schema":{"@context":"https:\/\/schema.org","@graph":[{"@type":"Article","@id":"https:\/\/oroverde.gob.ar\/portal\/el-taller-de-ritmo-latinos-municipal-se-presento-en-el-teatro-3-de-febrero\/#article","isPartOf":{"@id":"https:\/\/oroverde.gob.ar\/portal\/el-taller-de-ritmo-latinos-municipal-se-presento-en-el-teatro-3-de-febrero\/"},"author":{"name":"Soledad","@id":"https:\/\/oroverde.gob.ar\/portal\/#\/schema\/person\/b975e0cbcd43b7dcf9c64511ec84f10f"},"headline":"El taller de Ritmos Latinos municipal se present\u00f3 en el Teatro 3 de Febrero","datePublished":"2024-11-04T17:38:20+00:00","dateModified":"2024-11-04T17:43:37+00:00","mainEntityOfPage":{"@id":"https:\/\/oroverde.gob.ar\/portal\/el-taller-de-ritmo-latinos-municipal-se-presento-en-el-teatro-3-de-febrero\/"},"wordCount":115,"publisher":{"@id":"https:\/\/oroverde.gob.ar\/portal\/#organization"},"image":{"@id":"https:\/\/oroverde.gob.ar\/portal\/el-taller-de-ritmo-latinos-municipal-se-presento-en-el-teatro-3-de-febrero\/#primaryimage"},"thumbnailUrl":"https:\/\/oroverde.gob.ar\/portal\/wp-content\/uploads\/2024\/11\/465727556_859159023055747_2701824404204075706_n.jpg","articleSection":["Municipio"],"inLanguage":"es"},{"@type":"WebPage","@id":"https:\/\/oroverde.gob.ar\/portal\/el-taller-de-ritmo-latinos-municipal-se-presento-en-el-teatro-3-de-febrero\/","url":"https:\/\/oroverde.gob.ar\/portal\/el-taller-de-ritmo-latinos-municipal-se-presento-en-el-teatro-3-de-febrero\/","name":"El taller de Ritmos Latinos municipal se present\u00f3 en el Teatro 3 de Febrero - Municipio de Oro Verde","isPartOf":{"@id":"https:\/\/oroverde.gob.ar\/portal\/#website"},"primaryImageOfPage":{"@id":"https:\/\/oroverde.gob.ar\/portal\/el-taller-de-ritmo-latinos-municipal-se-presento-en-el-teatro-3-de-febrero\/#primaryimage"},"image":{"@id":"https:\/\/oroverde.gob.ar\/portal\/el-taller-de-ritmo-latinos-municipal-se-presento-en-el-teatro-3-de-febrero\/#primaryimage"},"thumbnailUrl":"https:\/\/oroverde.gob.ar\/portal\/wp-content\/uploads\/2024\/11\/465727556_859159023055747_2701824404204075706_n.jpg","datePublished":"2024-11-04T17:38:20+00:00","dateModified":"2024-11-04T17:43:37+00:00","breadcrumb":{"@id":"https:\/\/oroverde.gob.ar\/portal\/el-taller-de-ritmo-latinos-municipal-se-presento-en-el-teatro-3-de-febrero\/#breadcrumb"},"inLanguage":"es","potentialAction":[{"@type":"ReadAction","target":["https:\/\/oroverde.gob.ar\/portal\/el-taller-de-ritmo-latinos-municipal-se-presento-en-el-teatro-3-de-febrero\/"]}]},{"@type":"ImageObject","inLanguage":"es","@id":"https:\/\/oroverde.gob.ar\/portal\/el-taller-de-ritmo-latinos-municipal-se-presento-en-el-teatro-3-de-febrero\/#primaryimage","url":"https:\/\/oroverde.gob.ar\/portal\/wp-content\/uploads\/2024\/11\/465727556_859159023055747_2701824404204075706_n.jpg","contentUrl":"https:\/\/oroverde.gob.ar\/portal\/wp-content\/uploads\/2024\/11\/465727556_859159023055747_2701824404204075706_n.jpg","width":1600,"height":1066},{"@type":"BreadcrumbList","@id":"https:\/\/oroverde.gob.ar\/portal\/el-taller-de-ritmo-latinos-municipal-se-presento-en-el-teatro-3-de-febrero\/#breadcrumb","itemListElement":[{"@type":"ListItem","position":1,"name":"Portada","item":"https:\/\/oroverde.gob.ar\/portal\/"},{"@type":"ListItem","position":2,"name":"El taller de Ritmos Latinos municipal se present\u00f3 en el Teatro 3 de Febrero"}]},{"@type":"WebSite","@id":"https:\/\/oroverde.gob.ar\/portal\/#website","url":"https:\/\/oroverde.gob.ar\/portal\/","name":"Municipio de Oro Verde","description":"Web Oficial","publisher":{"@id":"https:\/\/oroverde.gob.ar\/portal\/#organization"},"potentialAction":[{"@type":"SearchAction","target":{"@type":"EntryPoint","urlTemplate":"https:\/\/oroverde.gob.ar\/portal\/?s={search_term_string}"},"query-input":{"@type":"PropertyValueSpecification","valueRequired":true,"valueName":"search_term_string"}}],"inLanguage":"es"},{"@type":"Organization","@id":"https:\/\/oroverde.gob.ar\/portal\/#organization","name":"Municipio de Oro Verde","url":"https:\/\/oroverde.gob.ar\/portal\/","logo":{"@type":"ImageObject","inLanguage":"es","@id":"https:\/\/oroverde.gob.ar\/portal\/#\/schema\/logo\/image\/","url":"https:\/\/oroverde.gob.ar\/portal\/wp-content\/uploads\/2024\/06\/cropped-cropped-logo-1.png","contentUrl":"https:\/\/oroverde.gob.ar\/portal\/wp-content\/uploads\/2024\/06\/cropped-cropped-logo-1.png","width":1776,"height":738,"caption":"Municipio de Oro Verde"},"image":{"@id":"https:\/\/oroverde.gob.ar\/portal\/#\/schema\/logo\/image\/"}},{"@type":"Person","@id":"https:\/\/oroverde.gob.ar\/portal\/#\/schema\/person\/b975e0cbcd43b7dcf9c64511ec84f10f","name":"Soledad","image":{"@type":"ImageObject","inLanguage":"es","@id":"https:\/\/secure.gravatar.com\/avatar\/b2f5b6cda565395f31dc94c95932b9b3fbe6275bad58a1579843d3d1607d4a66?s=96&d=mm&r=g","url":"https:\/\/secure.gravatar.com\/avatar\/b2f5b6cda565395f31dc94c95932b9b3fbe6275bad58a1579843d3d1607d4a66?s=96&d=mm&r=g","contentUrl":"https:\/\/secure.gravatar.com\/avatar\/b2f5b6cda565395f31dc94c95932b9b3fbe6275bad58a1579843d3d1607d4a66?s=96&d=mm&r=g","caption":"Soledad"},"url":"https:\/\/oroverde.gob.ar\/portal\/author\/soledad\/"}]}},"_links":{"self":[{"href":"https:\/\/oroverde.gob.ar\/portal\/wp-json\/wp\/v2\/posts\/4605","targetHints":{"allow":["GET"]}}],"collection":[{"href":"https:\/\/oroverde.gob.ar\/portal\/wp-json\/wp\/v2\/posts"}],"about":[{"href":"https:\/\/oroverde.gob.ar\/portal\/wp-json\/wp\/v2\/types\/post"}],"author":[{"embeddable":true,"href":"https:\/\/oroverde.gob.ar\/portal\/wp-json\/wp\/v2\/users\/3"}],"replies":[{"embeddable":true,"href":"https:\/\/oroverde.gob.ar\/portal\/wp-json\/wp\/v2\/comments?post=4605"}],"version-history":[{"count":2,"href":"https:\/\/oroverde.gob.ar\/portal\/wp-json\/wp\/v2\/posts\/4605\/revisions"}],"predecessor-version":[{"id":4611,"href":"https:\/\/oroverde.gob.ar\/portal\/wp-json\/wp\/v2\/posts\/4605\/revisions\/4611"}],"wp:featuredmedia":[{"embeddable":true,"href":"https:\/\/oroverde.gob.ar\/portal\/wp-json\/wp\/v2\/media\/4606"}],"wp:attachment":[{"href":"https:\/\/oroverde.gob.ar\/portal\/wp-json\/wp\/v2\/media?parent=4605"}],"wp:term":[{"taxonomy":"category","embeddable":true,"href":"https:\/\/oroverde.gob.ar\/portal\/wp-json\/wp\/v2\/categories?post=4605"},{"taxonomy":"post_tag","embeddable":true,"href":"https:\/\/oroverde.gob.ar\/portal\/wp-json\/wp\/v2\/tags?post=4605"}],"curies":[{"name":"wp","href":"https:\/\/api.w.org\/{rel}","templated":true}]}}