{"id":4623,"date":"2024-11-05T13:35:55","date_gmt":"2024-11-05T16:35:55","guid":{"rendered":"https:\/\/oroverde.gob.ar\/portal\/?p=4623"},"modified":"2024-11-05T13:36:16","modified_gmt":"2024-11-05T16:36:16","slug":"el-intendente-cesar-clement-participo-de-una-reunion-de-intendentes-vecinalistas-por-el-presupuesto-provincial","status":"publish","type":"post","link":"https:\/\/oroverde.gob.ar\/portal\/el-intendente-cesar-clement-participo-de-una-reunion-de-intendentes-vecinalistas-por-el-presupuesto-provincial\/","title":{"rendered":"El intendente C\u00e9sar Clement particip\u00f3 de una reuni\u00f3n de intendentes vecinalistas por el presupuesto provincial"},"content":{"rendered":"<div class=\"x11i5rnm xat24cr x1mh8g0r x1vvkbs xtlvy1s x126k92a\">\n<div dir=\"auto\">C\u00e9sar Clement se reuni\u00f3, junto a los intendentes vecinalistas, con el diputado provincial Bruno Sarubi, quien preside la Comisi\u00f3n de Hacienda y Presupuesto. All\u00ed, dialogaron acerca de las obras p\u00fablicas prioritarias, que fueron solicitadas e incluidas en el presupuesto provincial.<\/div>\n<\/div>\n<div class=\"x11i5rnm xat24cr x1mh8g0r x1vvkbs xtlvy1s x126k92a\">\n<div dir=\"auto\">Los presidentes comunales tuvieron pidieron la inclusi\u00f3n de diversas obras necesarias en cada uno de los municipios para que fueran tenidas en cuenta en este presupuesto provincial, o en las ampliaciones que puedan surgir de esta Ley.<\/div>\n<\/div>\n<div class=\"x11i5rnm xat24cr x1mh8g0r x1vvkbs xtlvy1s x126k92a\">\n<div dir=\"auto\"><span class=\"html-span xexx8yu x4uap5 x18d9i69 xkhd6sd x1hl2dhg x16tdsg8 x1vvkbs x3nfvp2 x1j61x8r x1fcty0u xdj266r xat24cr xgzva0m xhhsvwb xxymvpz xlup9mm x1kky2od\"><img decoding=\"async\" class=\"xz74otr lazyload\" data-src=\"https:\/\/static.xx.fbcdn.net\/images\/emoji.php\/v9\/tf3\/1\/16\/1f539.png\" alt=\"\ud83d\udd39\" width=\"16\" height=\"16\" src=\"data:image\/svg+xml;base64,PHN2ZyB3aWR0aD0iMSIgaGVpZ2h0PSIxIiB4bWxucz0iaHR0cDovL3d3dy53My5vcmcvMjAwMC9zdmciPjwvc3ZnPg==\" style=\"--smush-placeholder-width: 16px; --smush-placeholder-aspect-ratio: 16\/16;\" \/><\/span>En el caso de Oro Verde, Clement afirm\u00f3 \u00abrecibimos la confirmaci\u00f3n de que est\u00e1 en el presupuesto la obra del acueducto que traer\u00e1 agua dulce. Por nuestra parte, reiteramos la necesidad de que se construya y se ponga en funcionamiento en nuestra localidad una nueva escuela primaria\u00bb.<\/div>\n<\/div>\n","protected":false},"excerpt":{"rendered":"<p>C\u00e9sar Clement se reuni\u00f3, junto a los intendentes vecinalistas, con el diputado provincial Bruno Sarubi, quien preside la Comisi\u00f3n de Hacienda y Presupuesto. All\u00ed, dialogaron acerca de las obras p\u00fablicas prioritarias, que fueron solicitadas e incluidas en el presupuesto provincial. Los presidentes comunales &hellip;<\/p>\n","protected":false},"author":2,"featured_media":4624,"comment_status":"closed","ping_status":"closed","sticky":false,"template":"","format":"standard","meta":{"footnotes":""},"categories":[1],"tags":[],"class_list":["post-4623","post","type-post","status-publish","format-standard","has-post-thumbnail","hentry","category-municipio"],"yoast_head":"<!-- This site is optimized with the Yoast SEO plugin v27.5 - https:\/\/yoast.com\/product\/yoast-seo-wordpress\/ -->\n<title>El intendente C\u00e9sar Clement particip\u00f3 de una reuni\u00f3n de intendentes vecinalistas por el presupuesto provincial - Municipio de Oro Verde<\/title>\n<meta name=\"robots\" content=\"index, follow, max-snippet:-1, max-image-preview:large, max-video-preview:-1\" \/>\n<link rel=\"canonical\" href=\"https:\/\/oroverde.gob.ar\/portal\/el-intendente-cesar-clement-participo-de-una-reunion-de-intendentes-vecinalistas-por-el-presupuesto-provincial\/\" \/>\n<meta property=\"og:locale\" content=\"es_ES\" \/>\n<meta property=\"og:type\" content=\"article\" \/>\n<meta property=\"og:title\" content=\"El intendente C\u00e9sar Clement particip\u00f3 de una reuni\u00f3n de intendentes vecinalistas por el presupuesto provincial - Municipio de Oro Verde\" \/>\n<meta property=\"og:description\" content=\"C\u00e9sar Clement se reuni\u00f3, junto a los intendentes vecinalistas, con el diputado provincial Bruno Sarubi, quien preside la Comisi\u00f3n de Hacienda y Presupuesto. All\u00ed, dialogaron acerca de las obras p\u00fablicas prioritarias, que fueron solicitadas e incluidas en el presupuesto provincial. Los presidentes comunales &hellip;\" \/>\n<meta property=\"og:url\" content=\"https:\/\/oroverde.gob.ar\/portal\/el-intendente-cesar-clement-participo-de-una-reunion-de-intendentes-vecinalistas-por-el-presupuesto-provincial\/\" \/>\n<meta property=\"og:site_name\" content=\"Municipio de Oro Verde\" \/>\n<meta property=\"article:published_time\" content=\"2024-11-05T16:35:55+00:00\" \/>\n<meta property=\"article:modified_time\" content=\"2024-11-05T16:36:16+00:00\" \/>\n<meta property=\"og:image\" content=\"https:\/\/oroverde.gob.ar\/portal\/wp-content\/uploads\/2024\/11\/WhatsApp-Image-2024-11-05-at-12.25.45.jpeg\" \/>\n\t<meta property=\"og:image:width\" content=\"1032\" \/>\n\t<meta property=\"og:image:height\" content=\"580\" \/>\n\t<meta property=\"og:image:type\" content=\"image\/jpeg\" \/>\n<meta name=\"author\" content=\"Leticia\" \/>\n<meta name=\"twitter:card\" content=\"summary_large_image\" \/>\n<meta name=\"twitter:label1\" content=\"Escrito por\" \/>\n\t<meta name=\"twitter:data1\" content=\"Leticia\" \/>\n\t<meta name=\"twitter:label2\" content=\"Tiempo de lectura\" \/>\n\t<meta name=\"twitter:data2\" content=\"1 minuto\" \/>\n<script type=\"application\/ld+json\" class=\"yoast-schema-graph\">{\"@context\":\"https:\\\/\\\/schema.org\",\"@graph\":[{\"@type\":\"Article\",\"@id\":\"https:\\\/\\\/oroverde.gob.ar\\\/portal\\\/el-intendente-cesar-clement-participo-de-una-reunion-de-intendentes-vecinalistas-por-el-presupuesto-provincial\\\/#article\",\"isPartOf\":{\"@id\":\"https:\\\/\\\/oroverde.gob.ar\\\/portal\\\/el-intendente-cesar-clement-participo-de-una-reunion-de-intendentes-vecinalistas-por-el-presupuesto-provincial\\\/\"},\"author\":{\"name\":\"Leticia\",\"@id\":\"https:\\\/\\\/oroverde.gob.ar\\\/portal\\\/#\\\/schema\\\/person\\\/d904a5e1011c58db8d79e823207854f4\"},\"headline\":\"El intendente C\u00e9sar Clement particip\u00f3 de una reuni\u00f3n de intendentes vecinalistas por el presupuesto provincial\",\"datePublished\":\"2024-11-05T16:35:55+00:00\",\"dateModified\":\"2024-11-05T16:36:16+00:00\",\"mainEntityOfPage\":{\"@id\":\"https:\\\/\\\/oroverde.gob.ar\\\/portal\\\/el-intendente-cesar-clement-participo-de-una-reunion-de-intendentes-vecinalistas-por-el-presupuesto-provincial\\\/\"},\"wordCount\":146,\"publisher\":{\"@id\":\"https:\\\/\\\/oroverde.gob.ar\\\/portal\\\/#organization\"},\"image\":{\"@id\":\"https:\\\/\\\/oroverde.gob.ar\\\/portal\\\/el-intendente-cesar-clement-participo-de-una-reunion-de-intendentes-vecinalistas-por-el-presupuesto-provincial\\\/#primaryimage\"},\"thumbnailUrl\":\"https:\\\/\\\/oroverde.gob.ar\\\/portal\\\/wp-content\\\/uploads\\\/2024\\\/11\\\/WhatsApp-Image-2024-11-05-at-12.25.45.jpeg\",\"articleSection\":[\"Municipio\"],\"inLanguage\":\"es\"},{\"@type\":\"WebPage\",\"@id\":\"https:\\\/\\\/oroverde.gob.ar\\\/portal\\\/el-intendente-cesar-clement-participo-de-una-reunion-de-intendentes-vecinalistas-por-el-presupuesto-provincial\\\/\",\"url\":\"https:\\\/\\\/oroverde.gob.ar\\\/portal\\\/el-intendente-cesar-clement-participo-de-una-reunion-de-intendentes-vecinalistas-por-el-presupuesto-provincial\\\/\",\"name\":\"El intendente C\u00e9sar Clement particip\u00f3 de una reuni\u00f3n de intendentes vecinalistas por el presupuesto provincial - Municipio de Oro Verde\",\"isPartOf\":{\"@id\":\"https:\\\/\\\/oroverde.gob.ar\\\/portal\\\/#website\"},\"primaryImageOfPage\":{\"@id\":\"https:\\\/\\\/oroverde.gob.ar\\\/portal\\\/el-intendente-cesar-clement-participo-de-una-reunion-de-intendentes-vecinalistas-por-el-presupuesto-provincial\\\/#primaryimage\"},\"image\":{\"@id\":\"https:\\\/\\\/oroverde.gob.ar\\\/portal\\\/el-intendente-cesar-clement-participo-de-una-reunion-de-intendentes-vecinalistas-por-el-presupuesto-provincial\\\/#primaryimage\"},\"thumbnailUrl\":\"https:\\\/\\\/oroverde.gob.ar\\\/portal\\\/wp-content\\\/uploads\\\/2024\\\/11\\\/WhatsApp-Image-2024-11-05-at-12.25.45.jpeg\",\"datePublished\":\"2024-11-05T16:35:55+00:00\",\"dateModified\":\"2024-11-05T16:36:16+00:00\",\"breadcrumb\":{\"@id\":\"https:\\\/\\\/oroverde.gob.ar\\\/portal\\\/el-intendente-cesar-clement-participo-de-una-reunion-de-intendentes-vecinalistas-por-el-presupuesto-provincial\\\/#breadcrumb\"},\"inLanguage\":\"es\",\"potentialAction\":[{\"@type\":\"ReadAction\",\"target\":[\"https:\\\/\\\/oroverde.gob.ar\\\/portal\\\/el-intendente-cesar-clement-participo-de-una-reunion-de-intendentes-vecinalistas-por-el-presupuesto-provincial\\\/\"]}]},{\"@type\":\"ImageObject\",\"inLanguage\":\"es\",\"@id\":\"https:\\\/\\\/oroverde.gob.ar\\\/portal\\\/el-intendente-cesar-clement-participo-de-una-reunion-de-intendentes-vecinalistas-por-el-presupuesto-provincial\\\/#primaryimage\",\"url\":\"https:\\\/\\\/oroverde.gob.ar\\\/portal\\\/wp-content\\\/uploads\\\/2024\\\/11\\\/WhatsApp-Image-2024-11-05-at-12.25.45.jpeg\",\"contentUrl\":\"https:\\\/\\\/oroverde.gob.ar\\\/portal\\\/wp-content\\\/uploads\\\/2024\\\/11\\\/WhatsApp-Image-2024-11-05-at-12.25.45.jpeg\",\"width\":1032,\"height\":580},{\"@type\":\"BreadcrumbList\",\"@id\":\"https:\\\/\\\/oroverde.gob.ar\\\/portal\\\/el-intendente-cesar-clement-participo-de-una-reunion-de-intendentes-vecinalistas-por-el-presupuesto-provincial\\\/#breadcrumb\",\"itemListElement\":[{\"@type\":\"ListItem\",\"position\":1,\"name\":\"Portada\",\"item\":\"https:\\\/\\\/oroverde.gob.ar\\\/portal\\\/\"},{\"@type\":\"ListItem\",\"position\":2,\"name\":\"El intendente C\u00e9sar Clement particip\u00f3 de una reuni\u00f3n de intendentes vecinalistas por el presupuesto provincial\"}]},{\"@type\":\"WebSite\",\"@id\":\"https:\\\/\\\/oroverde.gob.ar\\\/portal\\\/#website\",\"url\":\"https:\\\/\\\/oroverde.gob.ar\\\/portal\\\/\",\"name\":\"Municipio de Oro Verde\",\"description\":\"Web Oficial\",\"publisher\":{\"@id\":\"https:\\\/\\\/oroverde.gob.ar\\\/portal\\\/#organization\"},\"potentialAction\":[{\"@type\":\"SearchAction\",\"target\":{\"@type\":\"EntryPoint\",\"urlTemplate\":\"https:\\\/\\\/oroverde.gob.ar\\\/portal\\\/?s={search_term_string}\"},\"query-input\":{\"@type\":\"PropertyValueSpecification\",\"valueRequired\":true,\"valueName\":\"search_term_string\"}}],\"inLanguage\":\"es\"},{\"@type\":\"Organization\",\"@id\":\"https:\\\/\\\/oroverde.gob.ar\\\/portal\\\/#organization\",\"name\":\"Municipio de Oro Verde\",\"url\":\"https:\\\/\\\/oroverde.gob.ar\\\/portal\\\/\",\"logo\":{\"@type\":\"ImageObject\",\"inLanguage\":\"es\",\"@id\":\"https:\\\/\\\/oroverde.gob.ar\\\/portal\\\/#\\\/schema\\\/logo\\\/image\\\/\",\"url\":\"https:\\\/\\\/oroverde.gob.ar\\\/portal\\\/wp-content\\\/uploads\\\/2024\\\/06\\\/cropped-cropped-logo-1.png\",\"contentUrl\":\"https:\\\/\\\/oroverde.gob.ar\\\/portal\\\/wp-content\\\/uploads\\\/2024\\\/06\\\/cropped-cropped-logo-1.png\",\"width\":1776,\"height\":738,\"caption\":\"Municipio de Oro Verde\"},\"image\":{\"@id\":\"https:\\\/\\\/oroverde.gob.ar\\\/portal\\\/#\\\/schema\\\/logo\\\/image\\\/\"}},{\"@type\":\"Person\",\"@id\":\"https:\\\/\\\/oroverde.gob.ar\\\/portal\\\/#\\\/schema\\\/person\\\/d904a5e1011c58db8d79e823207854f4\",\"name\":\"Leticia\",\"image\":{\"@type\":\"ImageObject\",\"inLanguage\":\"es\",\"@id\":\"https:\\\/\\\/secure.gravatar.com\\\/avatar\\\/123f2cb69f2bf9cfae92cffddba9b0ead63e22c03f87ba23c7c1a885cf667d4d?s=96&d=mm&r=g\",\"url\":\"https:\\\/\\\/secure.gravatar.com\\\/avatar\\\/123f2cb69f2bf9cfae92cffddba9b0ead63e22c03f87ba23c7c1a885cf667d4d?s=96&d=mm&r=g\",\"contentUrl\":\"https:\\\/\\\/secure.gravatar.com\\\/avatar\\\/123f2cb69f2bf9cfae92cffddba9b0ead63e22c03f87ba23c7c1a885cf667d4d?s=96&d=mm&r=g\",\"caption\":\"Leticia\"},\"url\":\"https:\\\/\\\/oroverde.gob.ar\\\/portal\\\/author\\\/leticia\\\/\"}]}<\/script>\n<!-- \/ Yoast SEO plugin. -->","yoast_head_json":{"title":"El intendente C\u00e9sar Clement particip\u00f3 de una reuni\u00f3n de intendentes vecinalistas por el presupuesto provincial - Municipio de Oro Verde","robots":{"index":"index","follow":"follow","max-snippet":"max-snippet:-1","max-image-preview":"max-image-preview:large","max-video-preview":"max-video-preview:-1"},"canonical":"https:\/\/oroverde.gob.ar\/portal\/el-intendente-cesar-clement-participo-de-una-reunion-de-intendentes-vecinalistas-por-el-presupuesto-provincial\/","og_locale":"es_ES","og_type":"article","og_title":"El intendente C\u00e9sar Clement particip\u00f3 de una reuni\u00f3n de intendentes vecinalistas por el presupuesto provincial - Municipio de Oro Verde","og_description":"C\u00e9sar Clement se reuni\u00f3, junto a los intendentes vecinalistas, con el diputado provincial Bruno Sarubi, quien preside la Comisi\u00f3n de Hacienda y Presupuesto. All\u00ed, dialogaron acerca de las obras p\u00fablicas prioritarias, que fueron solicitadas e incluidas en el presupuesto provincial. Los presidentes comunales &hellip;","og_url":"https:\/\/oroverde.gob.ar\/portal\/el-intendente-cesar-clement-participo-de-una-reunion-de-intendentes-vecinalistas-por-el-presupuesto-provincial\/","og_site_name":"Municipio de Oro Verde","article_published_time":"2024-11-05T16:35:55+00:00","article_modified_time":"2024-11-05T16:36:16+00:00","og_image":[{"width":1032,"height":580,"url":"https:\/\/oroverde.gob.ar\/portal\/wp-content\/uploads\/2024\/11\/WhatsApp-Image-2024-11-05-at-12.25.45.jpeg","type":"image\/jpeg"}],"author":"Leticia","twitter_card":"summary_large_image","twitter_misc":{"Escrito por":"Leticia","Tiempo de lectura":"1 minuto"},"schema":{"@context":"https:\/\/schema.org","@graph":[{"@type":"Article","@id":"https:\/\/oroverde.gob.ar\/portal\/el-intendente-cesar-clement-participo-de-una-reunion-de-intendentes-vecinalistas-por-el-presupuesto-provincial\/#article","isPartOf":{"@id":"https:\/\/oroverde.gob.ar\/portal\/el-intendente-cesar-clement-participo-de-una-reunion-de-intendentes-vecinalistas-por-el-presupuesto-provincial\/"},"author":{"name":"Leticia","@id":"https:\/\/oroverde.gob.ar\/portal\/#\/schema\/person\/d904a5e1011c58db8d79e823207854f4"},"headline":"El intendente C\u00e9sar Clement particip\u00f3 de una reuni\u00f3n de intendentes vecinalistas por el presupuesto provincial","datePublished":"2024-11-05T16:35:55+00:00","dateModified":"2024-11-05T16:36:16+00:00","mainEntityOfPage":{"@id":"https:\/\/oroverde.gob.ar\/portal\/el-intendente-cesar-clement-participo-de-una-reunion-de-intendentes-vecinalistas-por-el-presupuesto-provincial\/"},"wordCount":146,"publisher":{"@id":"https:\/\/oroverde.gob.ar\/portal\/#organization"},"image":{"@id":"https:\/\/oroverde.gob.ar\/portal\/el-intendente-cesar-clement-participo-de-una-reunion-de-intendentes-vecinalistas-por-el-presupuesto-provincial\/#primaryimage"},"thumbnailUrl":"https:\/\/oroverde.gob.ar\/portal\/wp-content\/uploads\/2024\/11\/WhatsApp-Image-2024-11-05-at-12.25.45.jpeg","articleSection":["Municipio"],"inLanguage":"es"},{"@type":"WebPage","@id":"https:\/\/oroverde.gob.ar\/portal\/el-intendente-cesar-clement-participo-de-una-reunion-de-intendentes-vecinalistas-por-el-presupuesto-provincial\/","url":"https:\/\/oroverde.gob.ar\/portal\/el-intendente-cesar-clement-participo-de-una-reunion-de-intendentes-vecinalistas-por-el-presupuesto-provincial\/","name":"El intendente C\u00e9sar Clement particip\u00f3 de una reuni\u00f3n de intendentes vecinalistas por el presupuesto provincial - Municipio de Oro Verde","isPartOf":{"@id":"https:\/\/oroverde.gob.ar\/portal\/#website"},"primaryImageOfPage":{"@id":"https:\/\/oroverde.gob.ar\/portal\/el-intendente-cesar-clement-participo-de-una-reunion-de-intendentes-vecinalistas-por-el-presupuesto-provincial\/#primaryimage"},"image":{"@id":"https:\/\/oroverde.gob.ar\/portal\/el-intendente-cesar-clement-participo-de-una-reunion-de-intendentes-vecinalistas-por-el-presupuesto-provincial\/#primaryimage"},"thumbnailUrl":"https:\/\/oroverde.gob.ar\/portal\/wp-content\/uploads\/2024\/11\/WhatsApp-Image-2024-11-05-at-12.25.45.jpeg","datePublished":"2024-11-05T16:35:55+00:00","dateModified":"2024-11-05T16:36:16+00:00","breadcrumb":{"@id":"https:\/\/oroverde.gob.ar\/portal\/el-intendente-cesar-clement-participo-de-una-reunion-de-intendentes-vecinalistas-por-el-presupuesto-provincial\/#breadcrumb"},"inLanguage":"es","potentialAction":[{"@type":"ReadAction","target":["https:\/\/oroverde.gob.ar\/portal\/el-intendente-cesar-clement-participo-de-una-reunion-de-intendentes-vecinalistas-por-el-presupuesto-provincial\/"]}]},{"@type":"ImageObject","inLanguage":"es","@id":"https:\/\/oroverde.gob.ar\/portal\/el-intendente-cesar-clement-participo-de-una-reunion-de-intendentes-vecinalistas-por-el-presupuesto-provincial\/#primaryimage","url":"https:\/\/oroverde.gob.ar\/portal\/wp-content\/uploads\/2024\/11\/WhatsApp-Image-2024-11-05-at-12.25.45.jpeg","contentUrl":"https:\/\/oroverde.gob.ar\/portal\/wp-content\/uploads\/2024\/11\/WhatsApp-Image-2024-11-05-at-12.25.45.jpeg","width":1032,"height":580},{"@type":"BreadcrumbList","@id":"https:\/\/oroverde.gob.ar\/portal\/el-intendente-cesar-clement-participo-de-una-reunion-de-intendentes-vecinalistas-por-el-presupuesto-provincial\/#breadcrumb","itemListElement":[{"@type":"ListItem","position":1,"name":"Portada","item":"https:\/\/oroverde.gob.ar\/portal\/"},{"@type":"ListItem","position":2,"name":"El intendente C\u00e9sar Clement particip\u00f3 de una reuni\u00f3n de intendentes vecinalistas por el presupuesto provincial"}]},{"@type":"WebSite","@id":"https:\/\/oroverde.gob.ar\/portal\/#website","url":"https:\/\/oroverde.gob.ar\/portal\/","name":"Municipio de Oro Verde","description":"Web Oficial","publisher":{"@id":"https:\/\/oroverde.gob.ar\/portal\/#organization"},"potentialAction":[{"@type":"SearchAction","target":{"@type":"EntryPoint","urlTemplate":"https:\/\/oroverde.gob.ar\/portal\/?s={search_term_string}"},"query-input":{"@type":"PropertyValueSpecification","valueRequired":true,"valueName":"search_term_string"}}],"inLanguage":"es"},{"@type":"Organization","@id":"https:\/\/oroverde.gob.ar\/portal\/#organization","name":"Municipio de Oro Verde","url":"https:\/\/oroverde.gob.ar\/portal\/","logo":{"@type":"ImageObject","inLanguage":"es","@id":"https:\/\/oroverde.gob.ar\/portal\/#\/schema\/logo\/image\/","url":"https:\/\/oroverde.gob.ar\/portal\/wp-content\/uploads\/2024\/06\/cropped-cropped-logo-1.png","contentUrl":"https:\/\/oroverde.gob.ar\/portal\/wp-content\/uploads\/2024\/06\/cropped-cropped-logo-1.png","width":1776,"height":738,"caption":"Municipio de Oro Verde"},"image":{"@id":"https:\/\/oroverde.gob.ar\/portal\/#\/schema\/logo\/image\/"}},{"@type":"Person","@id":"https:\/\/oroverde.gob.ar\/portal\/#\/schema\/person\/d904a5e1011c58db8d79e823207854f4","name":"Leticia","image":{"@type":"ImageObject","inLanguage":"es","@id":"https:\/\/secure.gravatar.com\/avatar\/123f2cb69f2bf9cfae92cffddba9b0ead63e22c03f87ba23c7c1a885cf667d4d?s=96&d=mm&r=g","url":"https:\/\/secure.gravatar.com\/avatar\/123f2cb69f2bf9cfae92cffddba9b0ead63e22c03f87ba23c7c1a885cf667d4d?s=96&d=mm&r=g","contentUrl":"https:\/\/secure.gravatar.com\/avatar\/123f2cb69f2bf9cfae92cffddba9b0ead63e22c03f87ba23c7c1a885cf667d4d?s=96&d=mm&r=g","caption":"Leticia"},"url":"https:\/\/oroverde.gob.ar\/portal\/author\/leticia\/"}]}},"_links":{"self":[{"href":"https:\/\/oroverde.gob.ar\/portal\/wp-json\/wp\/v2\/posts\/4623","targetHints":{"allow":["GET"]}}],"collection":[{"href":"https:\/\/oroverde.gob.ar\/portal\/wp-json\/wp\/v2\/posts"}],"about":[{"href":"https:\/\/oroverde.gob.ar\/portal\/wp-json\/wp\/v2\/types\/post"}],"author":[{"embeddable":true,"href":"https:\/\/oroverde.gob.ar\/portal\/wp-json\/wp\/v2\/users\/2"}],"replies":[{"embeddable":true,"href":"https:\/\/oroverde.gob.ar\/portal\/wp-json\/wp\/v2\/comments?post=4623"}],"version-history":[{"count":1,"href":"https:\/\/oroverde.gob.ar\/portal\/wp-json\/wp\/v2\/posts\/4623\/revisions"}],"predecessor-version":[{"id":4625,"href":"https:\/\/oroverde.gob.ar\/portal\/wp-json\/wp\/v2\/posts\/4623\/revisions\/4625"}],"wp:featuredmedia":[{"embeddable":true,"href":"https:\/\/oroverde.gob.ar\/portal\/wp-json\/wp\/v2\/media\/4624"}],"wp:attachment":[{"href":"https:\/\/oroverde.gob.ar\/portal\/wp-json\/wp\/v2\/media?parent=4623"}],"wp:term":[{"taxonomy":"category","embeddable":true,"href":"https:\/\/oroverde.gob.ar\/portal\/wp-json\/wp\/v2\/categories?post=4623"},{"taxonomy":"post_tag","embeddable":true,"href":"https:\/\/oroverde.gob.ar\/portal\/wp-json\/wp\/v2\/tags?post=4623"}],"curies":[{"name":"wp","href":"https:\/\/api.w.org\/{rel}","templated":true}]}}