{"id":4760,"date":"2024-12-03T11:24:45","date_gmt":"2024-12-03T14:24:45","guid":{"rendered":"https:\/\/oroverde.gob.ar\/portal\/?p=4760"},"modified":"2024-12-03T11:52:29","modified_gmt":"2024-12-03T14:52:29","slug":"conversatorio-acceso-y-garantia-a-los-derechos-de-las-mujeres","status":"publish","type":"post","link":"https:\/\/oroverde.gob.ar\/portal\/conversatorio-acceso-y-garantia-a-los-derechos-de-las-mujeres\/","title":{"rendered":"Conversatorio acceso y garant\u00eda a los derechos de las mujeres"},"content":{"rendered":"<div class=\"xdj266r x11i5rnm xat24cr x1mh8g0r x1vvkbs x126k92a\">\n<div dir=\"auto\">En el marco del D\u00eda Internacional de la Eliminaci\u00f3n de la Violencia contra la Mujer que se conmemora el 25 de noviembre, se realizar\u00e1 un conversatorio sobre Acceso y garant\u00edas de los derechos de las mujeres. Ser\u00e1 en el Centro Integrador Comunitario ubicado en Av. Los Cha\u00f1ares 397 el martes 3 de diciembre a las 17 hs. La actividad se enmarca tambi\u00e9n en las capacitaciones previstas en la Ley Micaela.<\/div>\n<\/div>\n<div class=\"x11i5rnm xat24cr x1mh8g0r x1vvkbs xtlvy1s x126k92a\">\n<div dir=\"auto\">En este encuentro, expondr\u00e1 el Juez de Paz local Dr. Mariano Jurado, abordar\u00e1 la problem\u00e1tica brindando e intercambiando informaci\u00f3n para el mejor acceso a los derechos.<\/div>\n<\/div>\n<div class=\"x11i5rnm xat24cr x1mh8g0r x1vvkbs xtlvy1s x126k92a\">\n<div dir=\"auto\">Est\u00e1 destinado a la comunidad en general, y principalmente a referentes institucionales y funcionarios. Tambi\u00e9n profesionales vinculados a la tem\u00e1tica y se entregar\u00e1n certificados de asistencia.<\/div>\n<\/div>\n<div class=\"x11i5rnm xat24cr x1mh8g0r x1vvkbs xtlvy1s x126k92a\">\n<div dir=\"auto\">Organiza: Programa de Prevenci\u00f3n y Asistencia a Mujeres, y el Juzgado de Paz de Oro Verde<\/div>\n<\/div>\n","protected":false},"excerpt":{"rendered":"<p>En el marco del D\u00eda Internacional de la Eliminaci\u00f3n de la Violencia contra la Mujer que se conmemora el 25 de noviembre, se realizar\u00e1 un conversatorio sobre Acceso y garant\u00edas de los derechos de las mujeres. Ser\u00e1 en el Centro Integrador Comunitario ubicado &hellip;<\/p>\n","protected":false},"author":3,"featured_media":4761,"comment_status":"closed","ping_status":"closed","sticky":false,"template":"","format":"standard","meta":{"footnotes":""},"categories":[20],"tags":[],"class_list":["post-4760","post","type-post","status-publish","format-standard","has-post-thumbnail","hentry","category-locales"],"yoast_head":"<!-- This site is optimized with the Yoast SEO plugin v27.5 - https:\/\/yoast.com\/product\/yoast-seo-wordpress\/ -->\n<title>Conversatorio acceso y garant\u00eda a los derechos de las mujeres - Municipio de Oro Verde<\/title>\n<meta name=\"robots\" content=\"index, follow, max-snippet:-1, max-image-preview:large, max-video-preview:-1\" \/>\n<link rel=\"canonical\" href=\"https:\/\/oroverde.gob.ar\/portal\/conversatorio-acceso-y-garantia-a-los-derechos-de-las-mujeres\/\" \/>\n<meta property=\"og:locale\" content=\"es_ES\" \/>\n<meta property=\"og:type\" content=\"article\" \/>\n<meta property=\"og:title\" content=\"Conversatorio acceso y garant\u00eda a los derechos de las mujeres - Municipio de Oro Verde\" \/>\n<meta property=\"og:description\" content=\"En el marco del D\u00eda Internacional de la Eliminaci\u00f3n de la Violencia contra la Mujer que se conmemora el 25 de noviembre, se realizar\u00e1 un conversatorio sobre Acceso y garant\u00edas de los derechos de las mujeres. Ser\u00e1 en el Centro Integrador Comunitario ubicado &hellip;\" \/>\n<meta property=\"og:url\" content=\"https:\/\/oroverde.gob.ar\/portal\/conversatorio-acceso-y-garantia-a-los-derechos-de-las-mujeres\/\" \/>\n<meta property=\"og:site_name\" content=\"Municipio de Oro Verde\" \/>\n<meta property=\"article:published_time\" content=\"2024-12-03T14:24:45+00:00\" \/>\n<meta property=\"article:modified_time\" content=\"2024-12-03T14:52:29+00:00\" \/>\n<meta property=\"og:image\" content=\"https:\/\/oroverde.gob.ar\/portal\/wp-content\/uploads\/2024\/11\/Conversatorio.jpg\" \/>\n\t<meta property=\"og:image:width\" content=\"1920\" \/>\n\t<meta property=\"og:image:height\" content=\"1000\" \/>\n\t<meta property=\"og:image:type\" content=\"image\/jpeg\" \/>\n<meta name=\"author\" content=\"Soledad\" \/>\n<meta name=\"twitter:card\" content=\"summary_large_image\" \/>\n<meta name=\"twitter:label1\" content=\"Escrito por\" \/>\n\t<meta name=\"twitter:data1\" content=\"Soledad\" \/>\n\t<meta name=\"twitter:label2\" content=\"Tiempo de lectura\" \/>\n\t<meta name=\"twitter:data2\" content=\"1 minuto\" \/>\n<script type=\"application\/ld+json\" class=\"yoast-schema-graph\">{\"@context\":\"https:\\\/\\\/schema.org\",\"@graph\":[{\"@type\":\"Article\",\"@id\":\"https:\\\/\\\/oroverde.gob.ar\\\/portal\\\/conversatorio-acceso-y-garantia-a-los-derechos-de-las-mujeres\\\/#article\",\"isPartOf\":{\"@id\":\"https:\\\/\\\/oroverde.gob.ar\\\/portal\\\/conversatorio-acceso-y-garantia-a-los-derechos-de-las-mujeres\\\/\"},\"author\":{\"name\":\"Soledad\",\"@id\":\"https:\\\/\\\/oroverde.gob.ar\\\/portal\\\/#\\\/schema\\\/person\\\/b975e0cbcd43b7dcf9c64511ec84f10f\"},\"headline\":\"Conversatorio acceso y garant\u00eda a los derechos de las mujeres\",\"datePublished\":\"2024-12-03T14:24:45+00:00\",\"dateModified\":\"2024-12-03T14:52:29+00:00\",\"mainEntityOfPage\":{\"@id\":\"https:\\\/\\\/oroverde.gob.ar\\\/portal\\\/conversatorio-acceso-y-garantia-a-los-derechos-de-las-mujeres\\\/\"},\"wordCount\":156,\"publisher\":{\"@id\":\"https:\\\/\\\/oroverde.gob.ar\\\/portal\\\/#organization\"},\"image\":{\"@id\":\"https:\\\/\\\/oroverde.gob.ar\\\/portal\\\/conversatorio-acceso-y-garantia-a-los-derechos-de-las-mujeres\\\/#primaryimage\"},\"thumbnailUrl\":\"https:\\\/\\\/oroverde.gob.ar\\\/portal\\\/wp-content\\\/uploads\\\/2024\\\/11\\\/Conversatorio.jpg\",\"articleSection\":[\"Locales\"],\"inLanguage\":\"es\"},{\"@type\":\"WebPage\",\"@id\":\"https:\\\/\\\/oroverde.gob.ar\\\/portal\\\/conversatorio-acceso-y-garantia-a-los-derechos-de-las-mujeres\\\/\",\"url\":\"https:\\\/\\\/oroverde.gob.ar\\\/portal\\\/conversatorio-acceso-y-garantia-a-los-derechos-de-las-mujeres\\\/\",\"name\":\"Conversatorio acceso y garant\u00eda a los derechos de las mujeres - Municipio de Oro Verde\",\"isPartOf\":{\"@id\":\"https:\\\/\\\/oroverde.gob.ar\\\/portal\\\/#website\"},\"primaryImageOfPage\":{\"@id\":\"https:\\\/\\\/oroverde.gob.ar\\\/portal\\\/conversatorio-acceso-y-garantia-a-los-derechos-de-las-mujeres\\\/#primaryimage\"},\"image\":{\"@id\":\"https:\\\/\\\/oroverde.gob.ar\\\/portal\\\/conversatorio-acceso-y-garantia-a-los-derechos-de-las-mujeres\\\/#primaryimage\"},\"thumbnailUrl\":\"https:\\\/\\\/oroverde.gob.ar\\\/portal\\\/wp-content\\\/uploads\\\/2024\\\/11\\\/Conversatorio.jpg\",\"datePublished\":\"2024-12-03T14:24:45+00:00\",\"dateModified\":\"2024-12-03T14:52:29+00:00\",\"breadcrumb\":{\"@id\":\"https:\\\/\\\/oroverde.gob.ar\\\/portal\\\/conversatorio-acceso-y-garantia-a-los-derechos-de-las-mujeres\\\/#breadcrumb\"},\"inLanguage\":\"es\",\"potentialAction\":[{\"@type\":\"ReadAction\",\"target\":[\"https:\\\/\\\/oroverde.gob.ar\\\/portal\\\/conversatorio-acceso-y-garantia-a-los-derechos-de-las-mujeres\\\/\"]}]},{\"@type\":\"ImageObject\",\"inLanguage\":\"es\",\"@id\":\"https:\\\/\\\/oroverde.gob.ar\\\/portal\\\/conversatorio-acceso-y-garantia-a-los-derechos-de-las-mujeres\\\/#primaryimage\",\"url\":\"https:\\\/\\\/oroverde.gob.ar\\\/portal\\\/wp-content\\\/uploads\\\/2024\\\/11\\\/Conversatorio.jpg\",\"contentUrl\":\"https:\\\/\\\/oroverde.gob.ar\\\/portal\\\/wp-content\\\/uploads\\\/2024\\\/11\\\/Conversatorio.jpg\",\"width\":1920,\"height\":1000},{\"@type\":\"BreadcrumbList\",\"@id\":\"https:\\\/\\\/oroverde.gob.ar\\\/portal\\\/conversatorio-acceso-y-garantia-a-los-derechos-de-las-mujeres\\\/#breadcrumb\",\"itemListElement\":[{\"@type\":\"ListItem\",\"position\":1,\"name\":\"Portada\",\"item\":\"https:\\\/\\\/oroverde.gob.ar\\\/portal\\\/\"},{\"@type\":\"ListItem\",\"position\":2,\"name\":\"Conversatorio acceso y garant\u00eda a los derechos de las mujeres\"}]},{\"@type\":\"WebSite\",\"@id\":\"https:\\\/\\\/oroverde.gob.ar\\\/portal\\\/#website\",\"url\":\"https:\\\/\\\/oroverde.gob.ar\\\/portal\\\/\",\"name\":\"Municipio de Oro Verde\",\"description\":\"Web Oficial\",\"publisher\":{\"@id\":\"https:\\\/\\\/oroverde.gob.ar\\\/portal\\\/#organization\"},\"potentialAction\":[{\"@type\":\"SearchAction\",\"target\":{\"@type\":\"EntryPoint\",\"urlTemplate\":\"https:\\\/\\\/oroverde.gob.ar\\\/portal\\\/?s={search_term_string}\"},\"query-input\":{\"@type\":\"PropertyValueSpecification\",\"valueRequired\":true,\"valueName\":\"search_term_string\"}}],\"inLanguage\":\"es\"},{\"@type\":\"Organization\",\"@id\":\"https:\\\/\\\/oroverde.gob.ar\\\/portal\\\/#organization\",\"name\":\"Municipio de Oro Verde\",\"url\":\"https:\\\/\\\/oroverde.gob.ar\\\/portal\\\/\",\"logo\":{\"@type\":\"ImageObject\",\"inLanguage\":\"es\",\"@id\":\"https:\\\/\\\/oroverde.gob.ar\\\/portal\\\/#\\\/schema\\\/logo\\\/image\\\/\",\"url\":\"https:\\\/\\\/oroverde.gob.ar\\\/portal\\\/wp-content\\\/uploads\\\/2024\\\/06\\\/cropped-cropped-logo-1.png\",\"contentUrl\":\"https:\\\/\\\/oroverde.gob.ar\\\/portal\\\/wp-content\\\/uploads\\\/2024\\\/06\\\/cropped-cropped-logo-1.png\",\"width\":1776,\"height\":738,\"caption\":\"Municipio de Oro Verde\"},\"image\":{\"@id\":\"https:\\\/\\\/oroverde.gob.ar\\\/portal\\\/#\\\/schema\\\/logo\\\/image\\\/\"}},{\"@type\":\"Person\",\"@id\":\"https:\\\/\\\/oroverde.gob.ar\\\/portal\\\/#\\\/schema\\\/person\\\/b975e0cbcd43b7dcf9c64511ec84f10f\",\"name\":\"Soledad\",\"image\":{\"@type\":\"ImageObject\",\"inLanguage\":\"es\",\"@id\":\"https:\\\/\\\/secure.gravatar.com\\\/avatar\\\/b2f5b6cda565395f31dc94c95932b9b3fbe6275bad58a1579843d3d1607d4a66?s=96&d=mm&r=g\",\"url\":\"https:\\\/\\\/secure.gravatar.com\\\/avatar\\\/b2f5b6cda565395f31dc94c95932b9b3fbe6275bad58a1579843d3d1607d4a66?s=96&d=mm&r=g\",\"contentUrl\":\"https:\\\/\\\/secure.gravatar.com\\\/avatar\\\/b2f5b6cda565395f31dc94c95932b9b3fbe6275bad58a1579843d3d1607d4a66?s=96&d=mm&r=g\",\"caption\":\"Soledad\"},\"url\":\"https:\\\/\\\/oroverde.gob.ar\\\/portal\\\/author\\\/soledad\\\/\"}]}<\/script>\n<!-- \/ Yoast SEO plugin. -->","yoast_head_json":{"title":"Conversatorio acceso y garant\u00eda a los derechos de las mujeres - Municipio de Oro Verde","robots":{"index":"index","follow":"follow","max-snippet":"max-snippet:-1","max-image-preview":"max-image-preview:large","max-video-preview":"max-video-preview:-1"},"canonical":"https:\/\/oroverde.gob.ar\/portal\/conversatorio-acceso-y-garantia-a-los-derechos-de-las-mujeres\/","og_locale":"es_ES","og_type":"article","og_title":"Conversatorio acceso y garant\u00eda a los derechos de las mujeres - Municipio de Oro Verde","og_description":"En el marco del D\u00eda Internacional de la Eliminaci\u00f3n de la Violencia contra la Mujer que se conmemora el 25 de noviembre, se realizar\u00e1 un conversatorio sobre Acceso y garant\u00edas de los derechos de las mujeres. Ser\u00e1 en el Centro Integrador Comunitario ubicado &hellip;","og_url":"https:\/\/oroverde.gob.ar\/portal\/conversatorio-acceso-y-garantia-a-los-derechos-de-las-mujeres\/","og_site_name":"Municipio de Oro Verde","article_published_time":"2024-12-03T14:24:45+00:00","article_modified_time":"2024-12-03T14:52:29+00:00","og_image":[{"width":1920,"height":1000,"url":"https:\/\/oroverde.gob.ar\/portal\/wp-content\/uploads\/2024\/11\/Conversatorio.jpg","type":"image\/jpeg"}],"author":"Soledad","twitter_card":"summary_large_image","twitter_misc":{"Escrito por":"Soledad","Tiempo de lectura":"1 minuto"},"schema":{"@context":"https:\/\/schema.org","@graph":[{"@type":"Article","@id":"https:\/\/oroverde.gob.ar\/portal\/conversatorio-acceso-y-garantia-a-los-derechos-de-las-mujeres\/#article","isPartOf":{"@id":"https:\/\/oroverde.gob.ar\/portal\/conversatorio-acceso-y-garantia-a-los-derechos-de-las-mujeres\/"},"author":{"name":"Soledad","@id":"https:\/\/oroverde.gob.ar\/portal\/#\/schema\/person\/b975e0cbcd43b7dcf9c64511ec84f10f"},"headline":"Conversatorio acceso y garant\u00eda a los derechos de las mujeres","datePublished":"2024-12-03T14:24:45+00:00","dateModified":"2024-12-03T14:52:29+00:00","mainEntityOfPage":{"@id":"https:\/\/oroverde.gob.ar\/portal\/conversatorio-acceso-y-garantia-a-los-derechos-de-las-mujeres\/"},"wordCount":156,"publisher":{"@id":"https:\/\/oroverde.gob.ar\/portal\/#organization"},"image":{"@id":"https:\/\/oroverde.gob.ar\/portal\/conversatorio-acceso-y-garantia-a-los-derechos-de-las-mujeres\/#primaryimage"},"thumbnailUrl":"https:\/\/oroverde.gob.ar\/portal\/wp-content\/uploads\/2024\/11\/Conversatorio.jpg","articleSection":["Locales"],"inLanguage":"es"},{"@type":"WebPage","@id":"https:\/\/oroverde.gob.ar\/portal\/conversatorio-acceso-y-garantia-a-los-derechos-de-las-mujeres\/","url":"https:\/\/oroverde.gob.ar\/portal\/conversatorio-acceso-y-garantia-a-los-derechos-de-las-mujeres\/","name":"Conversatorio acceso y garant\u00eda a los derechos de las mujeres - Municipio de Oro Verde","isPartOf":{"@id":"https:\/\/oroverde.gob.ar\/portal\/#website"},"primaryImageOfPage":{"@id":"https:\/\/oroverde.gob.ar\/portal\/conversatorio-acceso-y-garantia-a-los-derechos-de-las-mujeres\/#primaryimage"},"image":{"@id":"https:\/\/oroverde.gob.ar\/portal\/conversatorio-acceso-y-garantia-a-los-derechos-de-las-mujeres\/#primaryimage"},"thumbnailUrl":"https:\/\/oroverde.gob.ar\/portal\/wp-content\/uploads\/2024\/11\/Conversatorio.jpg","datePublished":"2024-12-03T14:24:45+00:00","dateModified":"2024-12-03T14:52:29+00:00","breadcrumb":{"@id":"https:\/\/oroverde.gob.ar\/portal\/conversatorio-acceso-y-garantia-a-los-derechos-de-las-mujeres\/#breadcrumb"},"inLanguage":"es","potentialAction":[{"@type":"ReadAction","target":["https:\/\/oroverde.gob.ar\/portal\/conversatorio-acceso-y-garantia-a-los-derechos-de-las-mujeres\/"]}]},{"@type":"ImageObject","inLanguage":"es","@id":"https:\/\/oroverde.gob.ar\/portal\/conversatorio-acceso-y-garantia-a-los-derechos-de-las-mujeres\/#primaryimage","url":"https:\/\/oroverde.gob.ar\/portal\/wp-content\/uploads\/2024\/11\/Conversatorio.jpg","contentUrl":"https:\/\/oroverde.gob.ar\/portal\/wp-content\/uploads\/2024\/11\/Conversatorio.jpg","width":1920,"height":1000},{"@type":"BreadcrumbList","@id":"https:\/\/oroverde.gob.ar\/portal\/conversatorio-acceso-y-garantia-a-los-derechos-de-las-mujeres\/#breadcrumb","itemListElement":[{"@type":"ListItem","position":1,"name":"Portada","item":"https:\/\/oroverde.gob.ar\/portal\/"},{"@type":"ListItem","position":2,"name":"Conversatorio acceso y garant\u00eda a los derechos de las mujeres"}]},{"@type":"WebSite","@id":"https:\/\/oroverde.gob.ar\/portal\/#website","url":"https:\/\/oroverde.gob.ar\/portal\/","name":"Municipio de Oro Verde","description":"Web Oficial","publisher":{"@id":"https:\/\/oroverde.gob.ar\/portal\/#organization"},"potentialAction":[{"@type":"SearchAction","target":{"@type":"EntryPoint","urlTemplate":"https:\/\/oroverde.gob.ar\/portal\/?s={search_term_string}"},"query-input":{"@type":"PropertyValueSpecification","valueRequired":true,"valueName":"search_term_string"}}],"inLanguage":"es"},{"@type":"Organization","@id":"https:\/\/oroverde.gob.ar\/portal\/#organization","name":"Municipio de Oro Verde","url":"https:\/\/oroverde.gob.ar\/portal\/","logo":{"@type":"ImageObject","inLanguage":"es","@id":"https:\/\/oroverde.gob.ar\/portal\/#\/schema\/logo\/image\/","url":"https:\/\/oroverde.gob.ar\/portal\/wp-content\/uploads\/2024\/06\/cropped-cropped-logo-1.png","contentUrl":"https:\/\/oroverde.gob.ar\/portal\/wp-content\/uploads\/2024\/06\/cropped-cropped-logo-1.png","width":1776,"height":738,"caption":"Municipio de Oro Verde"},"image":{"@id":"https:\/\/oroverde.gob.ar\/portal\/#\/schema\/logo\/image\/"}},{"@type":"Person","@id":"https:\/\/oroverde.gob.ar\/portal\/#\/schema\/person\/b975e0cbcd43b7dcf9c64511ec84f10f","name":"Soledad","image":{"@type":"ImageObject","inLanguage":"es","@id":"https:\/\/secure.gravatar.com\/avatar\/b2f5b6cda565395f31dc94c95932b9b3fbe6275bad58a1579843d3d1607d4a66?s=96&d=mm&r=g","url":"https:\/\/secure.gravatar.com\/avatar\/b2f5b6cda565395f31dc94c95932b9b3fbe6275bad58a1579843d3d1607d4a66?s=96&d=mm&r=g","contentUrl":"https:\/\/secure.gravatar.com\/avatar\/b2f5b6cda565395f31dc94c95932b9b3fbe6275bad58a1579843d3d1607d4a66?s=96&d=mm&r=g","caption":"Soledad"},"url":"https:\/\/oroverde.gob.ar\/portal\/author\/soledad\/"}]}},"_links":{"self":[{"href":"https:\/\/oroverde.gob.ar\/portal\/wp-json\/wp\/v2\/posts\/4760","targetHints":{"allow":["GET"]}}],"collection":[{"href":"https:\/\/oroverde.gob.ar\/portal\/wp-json\/wp\/v2\/posts"}],"about":[{"href":"https:\/\/oroverde.gob.ar\/portal\/wp-json\/wp\/v2\/types\/post"}],"author":[{"embeddable":true,"href":"https:\/\/oroverde.gob.ar\/portal\/wp-json\/wp\/v2\/users\/3"}],"replies":[{"embeddable":true,"href":"https:\/\/oroverde.gob.ar\/portal\/wp-json\/wp\/v2\/comments?post=4760"}],"version-history":[{"count":1,"href":"https:\/\/oroverde.gob.ar\/portal\/wp-json\/wp\/v2\/posts\/4760\/revisions"}],"predecessor-version":[{"id":4762,"href":"https:\/\/oroverde.gob.ar\/portal\/wp-json\/wp\/v2\/posts\/4760\/revisions\/4762"}],"wp:featuredmedia":[{"embeddable":true,"href":"https:\/\/oroverde.gob.ar\/portal\/wp-json\/wp\/v2\/media\/4761"}],"wp:attachment":[{"href":"https:\/\/oroverde.gob.ar\/portal\/wp-json\/wp\/v2\/media?parent=4760"}],"wp:term":[{"taxonomy":"category","embeddable":true,"href":"https:\/\/oroverde.gob.ar\/portal\/wp-json\/wp\/v2\/categories?post=4760"},{"taxonomy":"post_tag","embeddable":true,"href":"https:\/\/oroverde.gob.ar\/portal\/wp-json\/wp\/v2\/tags?post=4760"}],"curies":[{"name":"wp","href":"https:\/\/api.w.org\/{rel}","templated":true}]}}