{"id":4867,"date":"2024-12-05T08:40:42","date_gmt":"2024-12-05T11:40:42","guid":{"rendered":"https:\/\/oroverde.gob.ar\/portal\/?p=4867"},"modified":"2024-12-05T08:40:42","modified_gmt":"2024-12-05T11:40:42","slug":"residuos-en-el-area-metropolitana-oro-verde-firmo-el-consorcio-para-la-creacion-del-parque-ambiental-de-la-economia-circular","status":"publish","type":"post","link":"https:\/\/oroverde.gob.ar\/portal\/residuos-en-el-area-metropolitana-oro-verde-firmo-el-consorcio-para-la-creacion-del-parque-ambiental-de-la-economia-circular\/","title":{"rendered":"Residuos en el \u00c1rea Metropolitana, Oro Verde firm\u00f3 el Consorcio para la creaci\u00f3n del Parque Ambiental de la Econom\u00eda Circular"},"content":{"rendered":"<div class=\"xdj266r x11i5rnm xat24cr x1mh8g0r x1vvkbs x126k92a\">\n<div dir=\"auto\">Este mi\u00e9rcoles se firm\u00f3 el acta acuerdo de conformaci\u00f3n del Consorcio Interjurisdiccional Regional para el futuro Parque Ambiental de la Econom\u00eda Circular, entre las municipalidades de Paran\u00e1, Colonia Avellaneda, Oro Verde, San Benito, Sauce Montrul y Colonia Ensayo. La reuni\u00f3n estuvo encabezada por el gobernador Rogelio Frigerio.<\/div>\n<\/div>\n<div class=\"x11i5rnm xat24cr x1mh8g0r x1vvkbs xtlvy1s x126k92a\">\n<div dir=\"auto\">El acuerdo marco del Consorcio Interjurisdiccional Regional \u00abParque Ambiental de la Econom\u00eda Circular\u00bb resulta un instrumento previsto en la Ley Provincial 10.311 de Gesti\u00f3n Integral de Residuos S\u00f3lidos Urbanos. Fue rubricado por los intendentes de Paran\u00e1, Rosario Romero; de Oro Verde, C\u00e9sar Clement; de Colonia Avellaneda, Ariel Weiss; de San Benito, Ariel Voeffray; de Sauce Montrull, Mar\u00eda Soledad Daneri y de Colonia Ensayo, Cristian Kemerer.<\/div>\n<\/div>\n<div class=\"x11i5rnm xat24cr x1mh8g0r x1vvkbs xtlvy1s x126k92a\">\n<div dir=\"auto\">El intendente C\u00e9sar Clement, explic\u00f3 \u201cen Oro Verde tenemos un Programa de Gesti\u00f3n de RSU andando y no es el mismo caso que las otras localidades, eso lo decimos en cada reuni\u00f3n. Nos podr\u00eda ser \u00fatil la disposici\u00f3n final, pero lo dem\u00e1s lo venimos llevando adelante hace m\u00e1s de diez a\u00f1os. Por supuesto que estamos hablando de un proyecto de una envergadura diferente, pero queremos trabajar sobre lo que ya construimos y ser muy prudentes, pensando siempre en lo mejor para nuestros vecinos y nuestro pueblo\u201d.<\/div>\n<\/div>\n<div class=\"x11i5rnm xat24cr x1mh8g0r x1vvkbs xtlvy1s x126k92a\">\n<div dir=\"auto\">De la ceremonia participaron tambi\u00e9n la vicegobernadora Alicia Aluani; la secretaria de Ambiente, Rosa Hojman; el titular de la UEP, Gustavo Cusinato y el secretario de Gobiernos Locales, Miguel Heft.<\/div>\n<\/div>\n","protected":false},"excerpt":{"rendered":"<p>Este mi\u00e9rcoles se firm\u00f3 el acta acuerdo de conformaci\u00f3n del Consorcio Interjurisdiccional Regional para el futuro Parque Ambiental de la Econom\u00eda Circular, entre las municipalidades de Paran\u00e1, Colonia Avellaneda, Oro Verde, San Benito, Sauce Montrul y Colonia Ensayo. La reuni\u00f3n estuvo encabezada por &hellip;<\/p>\n","protected":false},"author":3,"featured_media":4868,"comment_status":"closed","ping_status":"closed","sticky":false,"template":"","format":"standard","meta":{"footnotes":""},"categories":[1],"tags":[],"class_list":["post-4867","post","type-post","status-publish","format-standard","has-post-thumbnail","hentry","category-municipio"],"yoast_head":"<!-- This site is optimized with the Yoast SEO plugin v27.4 - https:\/\/yoast.com\/product\/yoast-seo-wordpress\/ -->\n<title>Residuos en el \u00c1rea Metropolitana, Oro Verde firm\u00f3 el Consorcio para la creaci\u00f3n del Parque Ambiental de la Econom\u00eda Circular - Municipio de Oro Verde<\/title>\n<meta name=\"robots\" content=\"index, follow, max-snippet:-1, max-image-preview:large, max-video-preview:-1\" \/>\n<link rel=\"canonical\" href=\"https:\/\/oroverde.gob.ar\/portal\/residuos-en-el-area-metropolitana-oro-verde-firmo-el-consorcio-para-la-creacion-del-parque-ambiental-de-la-economia-circular\/\" \/>\n<meta property=\"og:locale\" content=\"es_ES\" \/>\n<meta property=\"og:type\" content=\"article\" \/>\n<meta property=\"og:title\" content=\"Residuos en el \u00c1rea Metropolitana, Oro Verde firm\u00f3 el Consorcio para la creaci\u00f3n del Parque Ambiental de la Econom\u00eda Circular - Municipio de Oro Verde\" \/>\n<meta property=\"og:description\" content=\"Este mi\u00e9rcoles se firm\u00f3 el acta acuerdo de conformaci\u00f3n del Consorcio Interjurisdiccional Regional para el futuro Parque Ambiental de la Econom\u00eda Circular, entre las municipalidades de Paran\u00e1, Colonia Avellaneda, Oro Verde, San Benito, Sauce Montrul y Colonia Ensayo. La reuni\u00f3n estuvo encabezada por &hellip;\" \/>\n<meta property=\"og:url\" content=\"https:\/\/oroverde.gob.ar\/portal\/residuos-en-el-area-metropolitana-oro-verde-firmo-el-consorcio-para-la-creacion-del-parque-ambiental-de-la-economia-circular\/\" \/>\n<meta property=\"og:site_name\" content=\"Municipio de Oro Verde\" \/>\n<meta property=\"article:published_time\" content=\"2024-12-05T11:40:42+00:00\" \/>\n<meta property=\"og:image\" content=\"https:\/\/oroverde.gob.ar\/portal\/wp-content\/uploads\/2024\/12\/ambiente-tres.jpg\" \/>\n\t<meta property=\"og:image:width\" content=\"1920\" \/>\n\t<meta property=\"og:image:height\" content=\"1280\" \/>\n\t<meta property=\"og:image:type\" content=\"image\/jpeg\" \/>\n<meta name=\"author\" content=\"Soledad\" \/>\n<meta name=\"twitter:card\" content=\"summary_large_image\" \/>\n<meta name=\"twitter:label1\" content=\"Escrito por\" \/>\n\t<meta name=\"twitter:data1\" content=\"Soledad\" \/>\n\t<meta name=\"twitter:label2\" content=\"Tiempo de lectura\" \/>\n\t<meta name=\"twitter:data2\" content=\"2 minutos\" \/>\n<script type=\"application\/ld+json\" class=\"yoast-schema-graph\">{\"@context\":\"https:\\\/\\\/schema.org\",\"@graph\":[{\"@type\":\"Article\",\"@id\":\"https:\\\/\\\/oroverde.gob.ar\\\/portal\\\/residuos-en-el-area-metropolitana-oro-verde-firmo-el-consorcio-para-la-creacion-del-parque-ambiental-de-la-economia-circular\\\/#article\",\"isPartOf\":{\"@id\":\"https:\\\/\\\/oroverde.gob.ar\\\/portal\\\/residuos-en-el-area-metropolitana-oro-verde-firmo-el-consorcio-para-la-creacion-del-parque-ambiental-de-la-economia-circular\\\/\"},\"author\":{\"name\":\"Soledad\",\"@id\":\"https:\\\/\\\/oroverde.gob.ar\\\/portal\\\/#\\\/schema\\\/person\\\/b975e0cbcd43b7dcf9c64511ec84f10f\"},\"headline\":\"Residuos en el \u00c1rea Metropolitana, Oro Verde firm\u00f3 el Consorcio para la creaci\u00f3n del Parque Ambiental de la Econom\u00eda Circular\",\"datePublished\":\"2024-12-05T11:40:42+00:00\",\"mainEntityOfPage\":{\"@id\":\"https:\\\/\\\/oroverde.gob.ar\\\/portal\\\/residuos-en-el-area-metropolitana-oro-verde-firmo-el-consorcio-para-la-creacion-del-parque-ambiental-de-la-economia-circular\\\/\"},\"wordCount\":267,\"publisher\":{\"@id\":\"https:\\\/\\\/oroverde.gob.ar\\\/portal\\\/#organization\"},\"image\":{\"@id\":\"https:\\\/\\\/oroverde.gob.ar\\\/portal\\\/residuos-en-el-area-metropolitana-oro-verde-firmo-el-consorcio-para-la-creacion-del-parque-ambiental-de-la-economia-circular\\\/#primaryimage\"},\"thumbnailUrl\":\"https:\\\/\\\/oroverde.gob.ar\\\/portal\\\/wp-content\\\/uploads\\\/2024\\\/12\\\/ambiente-tres.jpg\",\"articleSection\":[\"Municipio\"],\"inLanguage\":\"es\"},{\"@type\":\"WebPage\",\"@id\":\"https:\\\/\\\/oroverde.gob.ar\\\/portal\\\/residuos-en-el-area-metropolitana-oro-verde-firmo-el-consorcio-para-la-creacion-del-parque-ambiental-de-la-economia-circular\\\/\",\"url\":\"https:\\\/\\\/oroverde.gob.ar\\\/portal\\\/residuos-en-el-area-metropolitana-oro-verde-firmo-el-consorcio-para-la-creacion-del-parque-ambiental-de-la-economia-circular\\\/\",\"name\":\"Residuos en el \u00c1rea Metropolitana, Oro Verde firm\u00f3 el Consorcio para la creaci\u00f3n del Parque Ambiental de la Econom\u00eda Circular - Municipio de Oro Verde\",\"isPartOf\":{\"@id\":\"https:\\\/\\\/oroverde.gob.ar\\\/portal\\\/#website\"},\"primaryImageOfPage\":{\"@id\":\"https:\\\/\\\/oroverde.gob.ar\\\/portal\\\/residuos-en-el-area-metropolitana-oro-verde-firmo-el-consorcio-para-la-creacion-del-parque-ambiental-de-la-economia-circular\\\/#primaryimage\"},\"image\":{\"@id\":\"https:\\\/\\\/oroverde.gob.ar\\\/portal\\\/residuos-en-el-area-metropolitana-oro-verde-firmo-el-consorcio-para-la-creacion-del-parque-ambiental-de-la-economia-circular\\\/#primaryimage\"},\"thumbnailUrl\":\"https:\\\/\\\/oroverde.gob.ar\\\/portal\\\/wp-content\\\/uploads\\\/2024\\\/12\\\/ambiente-tres.jpg\",\"datePublished\":\"2024-12-05T11:40:42+00:00\",\"breadcrumb\":{\"@id\":\"https:\\\/\\\/oroverde.gob.ar\\\/portal\\\/residuos-en-el-area-metropolitana-oro-verde-firmo-el-consorcio-para-la-creacion-del-parque-ambiental-de-la-economia-circular\\\/#breadcrumb\"},\"inLanguage\":\"es\",\"potentialAction\":[{\"@type\":\"ReadAction\",\"target\":[\"https:\\\/\\\/oroverde.gob.ar\\\/portal\\\/residuos-en-el-area-metropolitana-oro-verde-firmo-el-consorcio-para-la-creacion-del-parque-ambiental-de-la-economia-circular\\\/\"]}]},{\"@type\":\"ImageObject\",\"inLanguage\":\"es\",\"@id\":\"https:\\\/\\\/oroverde.gob.ar\\\/portal\\\/residuos-en-el-area-metropolitana-oro-verde-firmo-el-consorcio-para-la-creacion-del-parque-ambiental-de-la-economia-circular\\\/#primaryimage\",\"url\":\"https:\\\/\\\/oroverde.gob.ar\\\/portal\\\/wp-content\\\/uploads\\\/2024\\\/12\\\/ambiente-tres.jpg\",\"contentUrl\":\"https:\\\/\\\/oroverde.gob.ar\\\/portal\\\/wp-content\\\/uploads\\\/2024\\\/12\\\/ambiente-tres.jpg\",\"width\":1920,\"height\":1280},{\"@type\":\"BreadcrumbList\",\"@id\":\"https:\\\/\\\/oroverde.gob.ar\\\/portal\\\/residuos-en-el-area-metropolitana-oro-verde-firmo-el-consorcio-para-la-creacion-del-parque-ambiental-de-la-economia-circular\\\/#breadcrumb\",\"itemListElement\":[{\"@type\":\"ListItem\",\"position\":1,\"name\":\"Portada\",\"item\":\"https:\\\/\\\/oroverde.gob.ar\\\/portal\\\/\"},{\"@type\":\"ListItem\",\"position\":2,\"name\":\"Residuos en el \u00c1rea Metropolitana, Oro Verde firm\u00f3 el Consorcio para la creaci\u00f3n del Parque Ambiental de la Econom\u00eda Circular\"}]},{\"@type\":\"WebSite\",\"@id\":\"https:\\\/\\\/oroverde.gob.ar\\\/portal\\\/#website\",\"url\":\"https:\\\/\\\/oroverde.gob.ar\\\/portal\\\/\",\"name\":\"Municipio de Oro Verde\",\"description\":\"Web Oficial\",\"publisher\":{\"@id\":\"https:\\\/\\\/oroverde.gob.ar\\\/portal\\\/#organization\"},\"potentialAction\":[{\"@type\":\"SearchAction\",\"target\":{\"@type\":\"EntryPoint\",\"urlTemplate\":\"https:\\\/\\\/oroverde.gob.ar\\\/portal\\\/?s={search_term_string}\"},\"query-input\":{\"@type\":\"PropertyValueSpecification\",\"valueRequired\":true,\"valueName\":\"search_term_string\"}}],\"inLanguage\":\"es\"},{\"@type\":\"Organization\",\"@id\":\"https:\\\/\\\/oroverde.gob.ar\\\/portal\\\/#organization\",\"name\":\"Municipio de Oro Verde\",\"url\":\"https:\\\/\\\/oroverde.gob.ar\\\/portal\\\/\",\"logo\":{\"@type\":\"ImageObject\",\"inLanguage\":\"es\",\"@id\":\"https:\\\/\\\/oroverde.gob.ar\\\/portal\\\/#\\\/schema\\\/logo\\\/image\\\/\",\"url\":\"https:\\\/\\\/oroverde.gob.ar\\\/portal\\\/wp-content\\\/uploads\\\/2024\\\/06\\\/cropped-cropped-logo-1.png\",\"contentUrl\":\"https:\\\/\\\/oroverde.gob.ar\\\/portal\\\/wp-content\\\/uploads\\\/2024\\\/06\\\/cropped-cropped-logo-1.png\",\"width\":1776,\"height\":738,\"caption\":\"Municipio de Oro Verde\"},\"image\":{\"@id\":\"https:\\\/\\\/oroverde.gob.ar\\\/portal\\\/#\\\/schema\\\/logo\\\/image\\\/\"}},{\"@type\":\"Person\",\"@id\":\"https:\\\/\\\/oroverde.gob.ar\\\/portal\\\/#\\\/schema\\\/person\\\/b975e0cbcd43b7dcf9c64511ec84f10f\",\"name\":\"Soledad\",\"image\":{\"@type\":\"ImageObject\",\"inLanguage\":\"es\",\"@id\":\"https:\\\/\\\/secure.gravatar.com\\\/avatar\\\/b2f5b6cda565395f31dc94c95932b9b3fbe6275bad58a1579843d3d1607d4a66?s=96&d=mm&r=g\",\"url\":\"https:\\\/\\\/secure.gravatar.com\\\/avatar\\\/b2f5b6cda565395f31dc94c95932b9b3fbe6275bad58a1579843d3d1607d4a66?s=96&d=mm&r=g\",\"contentUrl\":\"https:\\\/\\\/secure.gravatar.com\\\/avatar\\\/b2f5b6cda565395f31dc94c95932b9b3fbe6275bad58a1579843d3d1607d4a66?s=96&d=mm&r=g\",\"caption\":\"Soledad\"},\"url\":\"https:\\\/\\\/oroverde.gob.ar\\\/portal\\\/author\\\/soledad\\\/\"}]}<\/script>\n<!-- \/ Yoast SEO plugin. -->","yoast_head_json":{"title":"Residuos en el \u00c1rea Metropolitana, Oro Verde firm\u00f3 el Consorcio para la creaci\u00f3n del Parque Ambiental de la Econom\u00eda Circular - Municipio de Oro Verde","robots":{"index":"index","follow":"follow","max-snippet":"max-snippet:-1","max-image-preview":"max-image-preview:large","max-video-preview":"max-video-preview:-1"},"canonical":"https:\/\/oroverde.gob.ar\/portal\/residuos-en-el-area-metropolitana-oro-verde-firmo-el-consorcio-para-la-creacion-del-parque-ambiental-de-la-economia-circular\/","og_locale":"es_ES","og_type":"article","og_title":"Residuos en el \u00c1rea Metropolitana, Oro Verde firm\u00f3 el Consorcio para la creaci\u00f3n del Parque Ambiental de la Econom\u00eda Circular - Municipio de Oro Verde","og_description":"Este mi\u00e9rcoles se firm\u00f3 el acta acuerdo de conformaci\u00f3n del Consorcio Interjurisdiccional Regional para el futuro Parque Ambiental de la Econom\u00eda Circular, entre las municipalidades de Paran\u00e1, Colonia Avellaneda, Oro Verde, San Benito, Sauce Montrul y Colonia Ensayo. La reuni\u00f3n estuvo encabezada por &hellip;","og_url":"https:\/\/oroverde.gob.ar\/portal\/residuos-en-el-area-metropolitana-oro-verde-firmo-el-consorcio-para-la-creacion-del-parque-ambiental-de-la-economia-circular\/","og_site_name":"Municipio de Oro Verde","article_published_time":"2024-12-05T11:40:42+00:00","og_image":[{"width":1920,"height":1280,"url":"https:\/\/oroverde.gob.ar\/portal\/wp-content\/uploads\/2024\/12\/ambiente-tres.jpg","type":"image\/jpeg"}],"author":"Soledad","twitter_card":"summary_large_image","twitter_misc":{"Escrito por":"Soledad","Tiempo de lectura":"2 minutos"},"schema":{"@context":"https:\/\/schema.org","@graph":[{"@type":"Article","@id":"https:\/\/oroverde.gob.ar\/portal\/residuos-en-el-area-metropolitana-oro-verde-firmo-el-consorcio-para-la-creacion-del-parque-ambiental-de-la-economia-circular\/#article","isPartOf":{"@id":"https:\/\/oroverde.gob.ar\/portal\/residuos-en-el-area-metropolitana-oro-verde-firmo-el-consorcio-para-la-creacion-del-parque-ambiental-de-la-economia-circular\/"},"author":{"name":"Soledad","@id":"https:\/\/oroverde.gob.ar\/portal\/#\/schema\/person\/b975e0cbcd43b7dcf9c64511ec84f10f"},"headline":"Residuos en el \u00c1rea Metropolitana, Oro Verde firm\u00f3 el Consorcio para la creaci\u00f3n del Parque Ambiental de la Econom\u00eda Circular","datePublished":"2024-12-05T11:40:42+00:00","mainEntityOfPage":{"@id":"https:\/\/oroverde.gob.ar\/portal\/residuos-en-el-area-metropolitana-oro-verde-firmo-el-consorcio-para-la-creacion-del-parque-ambiental-de-la-economia-circular\/"},"wordCount":267,"publisher":{"@id":"https:\/\/oroverde.gob.ar\/portal\/#organization"},"image":{"@id":"https:\/\/oroverde.gob.ar\/portal\/residuos-en-el-area-metropolitana-oro-verde-firmo-el-consorcio-para-la-creacion-del-parque-ambiental-de-la-economia-circular\/#primaryimage"},"thumbnailUrl":"https:\/\/oroverde.gob.ar\/portal\/wp-content\/uploads\/2024\/12\/ambiente-tres.jpg","articleSection":["Municipio"],"inLanguage":"es"},{"@type":"WebPage","@id":"https:\/\/oroverde.gob.ar\/portal\/residuos-en-el-area-metropolitana-oro-verde-firmo-el-consorcio-para-la-creacion-del-parque-ambiental-de-la-economia-circular\/","url":"https:\/\/oroverde.gob.ar\/portal\/residuos-en-el-area-metropolitana-oro-verde-firmo-el-consorcio-para-la-creacion-del-parque-ambiental-de-la-economia-circular\/","name":"Residuos en el \u00c1rea Metropolitana, Oro Verde firm\u00f3 el Consorcio para la creaci\u00f3n del Parque Ambiental de la Econom\u00eda Circular - Municipio de Oro Verde","isPartOf":{"@id":"https:\/\/oroverde.gob.ar\/portal\/#website"},"primaryImageOfPage":{"@id":"https:\/\/oroverde.gob.ar\/portal\/residuos-en-el-area-metropolitana-oro-verde-firmo-el-consorcio-para-la-creacion-del-parque-ambiental-de-la-economia-circular\/#primaryimage"},"image":{"@id":"https:\/\/oroverde.gob.ar\/portal\/residuos-en-el-area-metropolitana-oro-verde-firmo-el-consorcio-para-la-creacion-del-parque-ambiental-de-la-economia-circular\/#primaryimage"},"thumbnailUrl":"https:\/\/oroverde.gob.ar\/portal\/wp-content\/uploads\/2024\/12\/ambiente-tres.jpg","datePublished":"2024-12-05T11:40:42+00:00","breadcrumb":{"@id":"https:\/\/oroverde.gob.ar\/portal\/residuos-en-el-area-metropolitana-oro-verde-firmo-el-consorcio-para-la-creacion-del-parque-ambiental-de-la-economia-circular\/#breadcrumb"},"inLanguage":"es","potentialAction":[{"@type":"ReadAction","target":["https:\/\/oroverde.gob.ar\/portal\/residuos-en-el-area-metropolitana-oro-verde-firmo-el-consorcio-para-la-creacion-del-parque-ambiental-de-la-economia-circular\/"]}]},{"@type":"ImageObject","inLanguage":"es","@id":"https:\/\/oroverde.gob.ar\/portal\/residuos-en-el-area-metropolitana-oro-verde-firmo-el-consorcio-para-la-creacion-del-parque-ambiental-de-la-economia-circular\/#primaryimage","url":"https:\/\/oroverde.gob.ar\/portal\/wp-content\/uploads\/2024\/12\/ambiente-tres.jpg","contentUrl":"https:\/\/oroverde.gob.ar\/portal\/wp-content\/uploads\/2024\/12\/ambiente-tres.jpg","width":1920,"height":1280},{"@type":"BreadcrumbList","@id":"https:\/\/oroverde.gob.ar\/portal\/residuos-en-el-area-metropolitana-oro-verde-firmo-el-consorcio-para-la-creacion-del-parque-ambiental-de-la-economia-circular\/#breadcrumb","itemListElement":[{"@type":"ListItem","position":1,"name":"Portada","item":"https:\/\/oroverde.gob.ar\/portal\/"},{"@type":"ListItem","position":2,"name":"Residuos en el \u00c1rea Metropolitana, Oro Verde firm\u00f3 el Consorcio para la creaci\u00f3n del Parque Ambiental de la Econom\u00eda Circular"}]},{"@type":"WebSite","@id":"https:\/\/oroverde.gob.ar\/portal\/#website","url":"https:\/\/oroverde.gob.ar\/portal\/","name":"Municipio de Oro Verde","description":"Web Oficial","publisher":{"@id":"https:\/\/oroverde.gob.ar\/portal\/#organization"},"potentialAction":[{"@type":"SearchAction","target":{"@type":"EntryPoint","urlTemplate":"https:\/\/oroverde.gob.ar\/portal\/?s={search_term_string}"},"query-input":{"@type":"PropertyValueSpecification","valueRequired":true,"valueName":"search_term_string"}}],"inLanguage":"es"},{"@type":"Organization","@id":"https:\/\/oroverde.gob.ar\/portal\/#organization","name":"Municipio de Oro Verde","url":"https:\/\/oroverde.gob.ar\/portal\/","logo":{"@type":"ImageObject","inLanguage":"es","@id":"https:\/\/oroverde.gob.ar\/portal\/#\/schema\/logo\/image\/","url":"https:\/\/oroverde.gob.ar\/portal\/wp-content\/uploads\/2024\/06\/cropped-cropped-logo-1.png","contentUrl":"https:\/\/oroverde.gob.ar\/portal\/wp-content\/uploads\/2024\/06\/cropped-cropped-logo-1.png","width":1776,"height":738,"caption":"Municipio de Oro Verde"},"image":{"@id":"https:\/\/oroverde.gob.ar\/portal\/#\/schema\/logo\/image\/"}},{"@type":"Person","@id":"https:\/\/oroverde.gob.ar\/portal\/#\/schema\/person\/b975e0cbcd43b7dcf9c64511ec84f10f","name":"Soledad","image":{"@type":"ImageObject","inLanguage":"es","@id":"https:\/\/secure.gravatar.com\/avatar\/b2f5b6cda565395f31dc94c95932b9b3fbe6275bad58a1579843d3d1607d4a66?s=96&d=mm&r=g","url":"https:\/\/secure.gravatar.com\/avatar\/b2f5b6cda565395f31dc94c95932b9b3fbe6275bad58a1579843d3d1607d4a66?s=96&d=mm&r=g","contentUrl":"https:\/\/secure.gravatar.com\/avatar\/b2f5b6cda565395f31dc94c95932b9b3fbe6275bad58a1579843d3d1607d4a66?s=96&d=mm&r=g","caption":"Soledad"},"url":"https:\/\/oroverde.gob.ar\/portal\/author\/soledad\/"}]}},"_links":{"self":[{"href":"https:\/\/oroverde.gob.ar\/portal\/wp-json\/wp\/v2\/posts\/4867","targetHints":{"allow":["GET"]}}],"collection":[{"href":"https:\/\/oroverde.gob.ar\/portal\/wp-json\/wp\/v2\/posts"}],"about":[{"href":"https:\/\/oroverde.gob.ar\/portal\/wp-json\/wp\/v2\/types\/post"}],"author":[{"embeddable":true,"href":"https:\/\/oroverde.gob.ar\/portal\/wp-json\/wp\/v2\/users\/3"}],"replies":[{"embeddable":true,"href":"https:\/\/oroverde.gob.ar\/portal\/wp-json\/wp\/v2\/comments?post=4867"}],"version-history":[{"count":1,"href":"https:\/\/oroverde.gob.ar\/portal\/wp-json\/wp\/v2\/posts\/4867\/revisions"}],"predecessor-version":[{"id":4869,"href":"https:\/\/oroverde.gob.ar\/portal\/wp-json\/wp\/v2\/posts\/4867\/revisions\/4869"}],"wp:featuredmedia":[{"embeddable":true,"href":"https:\/\/oroverde.gob.ar\/portal\/wp-json\/wp\/v2\/media\/4868"}],"wp:attachment":[{"href":"https:\/\/oroverde.gob.ar\/portal\/wp-json\/wp\/v2\/media?parent=4867"}],"wp:term":[{"taxonomy":"category","embeddable":true,"href":"https:\/\/oroverde.gob.ar\/portal\/wp-json\/wp\/v2\/categories?post=4867"},{"taxonomy":"post_tag","embeddable":true,"href":"https:\/\/oroverde.gob.ar\/portal\/wp-json\/wp\/v2\/tags?post=4867"}],"curies":[{"name":"wp","href":"https:\/\/api.w.org\/{rel}","templated":true}]}}