{"id":5161,"date":"2025-01-24T12:28:47","date_gmt":"2025-01-24T15:28:47","guid":{"rendered":"https:\/\/oroverde.gob.ar\/portal\/?p=5161"},"modified":"2025-01-24T12:43:53","modified_gmt":"2025-01-24T15:43:53","slug":"convocatoria-para-participar-con-un-stand-en-oro-verde-canta-y-baila","status":"publish","type":"post","link":"https:\/\/oroverde.gob.ar\/portal\/convocatoria-para-participar-con-un-stand-en-oro-verde-canta-y-baila\/","title":{"rendered":"Convocatoria para participar con un stand en \u201cOro Verde Canta y Baila\u201d"},"content":{"rendered":"<div class=\"xdj266r x11i5rnm xat24cr x1mh8g0r x1vvkbs x126k92a\">Contin\u00faa abierta la convocatoria para quienes deseen participar con un stand en la fiesta \u201cOro Verde Canta y Baila\u201d que se realizar\u00e1 el 8 de febrero, los rubros que comprendan comida y bebida, no podr\u00e1n sumarse ya que ese cupo est\u00e1 cubierto por las instituciones de la localidad. Tampoco peloteros e inflables.<\/div>\n<div dir=\"auto\">\n<div class=\"x11i5rnm xat24cr x1mh8g0r x1vvkbs xtlvy1s x126k92a\">\n<div dir=\"auto\">Otro requisito es que NO deben pertenecer a la Feria de Artesanos Productores de la localidad y tampoco a la Feria Americana (antes dudas o consultas pueden comunicarse con sus referentes).<\/div>\n<\/div>\n<div class=\"x11i5rnm xat24cr x1mh8g0r x1vvkbs xtlvy1s x126k92a\">\n<div dir=\"auto\">Deber\u00e1n abonar por el espacio un costo de $45.000.<\/div>\n<\/div>\n<div class=\"x11i5rnm xat24cr x1mh8g0r x1vvkbs xtlvy1s x126k92a\">\n<div dir=\"auto\">En un primer paso deber\u00e1n solicitar un volante de pago a tesoreriaoroverde@gmail.com que podr\u00e1n abonar a trav\u00e9s de Rapipago, Entre R\u00edos Servicios, entre otros. Una vez abonado podr\u00e1n inscribirse en el siguiente formulario<\/div>\n<div dir=\"auto\"><span class=\"html-span xdj266r x11i5rnm xat24cr x1mh8g0r xexx8yu x4uap5 x18d9i69 xkhd6sd x1hl2dhg x16tdsg8 x1vvkbs\"><a class=\"x1i10hfl xjbqb8w x1ejq31n xd10rxx x1sy0etr x17r0tee x972fbf xcfux6l x1qhh985 xm0m39n x9f619 x1ypdohk xt0psk2 xe8uvvx xdj266r x11i5rnm xat24cr x1mh8g0r xexx8yu x4uap5 x18d9i69 xkhd6sd x16tdsg8 x1hl2dhg xggy1nq x1a2a7pz x1sur9pj xkrqix3 x1fey0fg x1s688f\" tabindex=\"0\" role=\"link\" href=\"https:\/\/acortar.link\/wwPePV?fbclid=IwZXh0bgNhZW0CMTAAAR3gS_BVRultBiuU_rcEVf3e1UJH7oyvTkO0yvM6Gu9gAiPS-KWouH5H2Iw_aem_aaE8dgeqwCyAz3UrqDbr9A\" target=\"_blank\" rel=\"nofollow noopener noreferrer\">https:\/\/acortar.link\/wwPePV<\/a><\/span> y adjuntar el comprobante de pago. De esta manera se completa la inscripci\u00f3n.<\/div>\n<\/div>\n<div class=\"x11i5rnm xat24cr x1mh8g0r x1vvkbs xtlvy1s x126k92a\">\n<div dir=\"auto\">Es importante seguir todos los pasos. Cubierto el cupo se contactar\u00e1n desde el Municipio con cada feriante para ultimar detalles.<\/div>\n<\/div>\n<\/div>\n<div dir=\"auto\"><\/div>\n","protected":false},"excerpt":{"rendered":"<p>Contin\u00faa abierta la convocatoria para quienes deseen participar con un stand en la fiesta \u201cOro Verde Canta y Baila\u201d que se realizar\u00e1 el 8 de febrero, los rubros que comprendan comida y bebida, no podr\u00e1n sumarse ya que ese cupo est\u00e1 cubierto por &hellip;<\/p>\n","protected":false},"author":3,"featured_media":5162,"comment_status":"closed","ping_status":"closed","sticky":false,"template":"","format":"standard","meta":{"footnotes":""},"categories":[1],"tags":[],"class_list":["post-5161","post","type-post","status-publish","format-standard","has-post-thumbnail","hentry","category-municipio"],"yoast_head":"<!-- This site is optimized with the Yoast SEO plugin v27.5 - https:\/\/yoast.com\/product\/yoast-seo-wordpress\/ -->\n<title>Convocatoria para participar con un stand en \u201cOro Verde Canta y Baila\u201d - Municipio de Oro Verde<\/title>\n<meta name=\"robots\" content=\"index, follow, max-snippet:-1, max-image-preview:large, max-video-preview:-1\" \/>\n<link rel=\"canonical\" href=\"https:\/\/oroverde.gob.ar\/portal\/convocatoria-para-participar-con-un-stand-en-oro-verde-canta-y-baila\/\" \/>\n<meta property=\"og:locale\" content=\"es_ES\" \/>\n<meta property=\"og:type\" content=\"article\" \/>\n<meta property=\"og:title\" content=\"Convocatoria para participar con un stand en \u201cOro Verde Canta y Baila\u201d - Municipio de Oro Verde\" \/>\n<meta property=\"og:description\" content=\"Contin\u00faa abierta la convocatoria para quienes deseen participar con un stand en la fiesta \u201cOro Verde Canta y Baila\u201d que se realizar\u00e1 el 8 de febrero, los rubros que comprendan comida y bebida, no podr\u00e1n sumarse ya que ese cupo est\u00e1 cubierto por &hellip;\" \/>\n<meta property=\"og:url\" content=\"https:\/\/oroverde.gob.ar\/portal\/convocatoria-para-participar-con-un-stand-en-oro-verde-canta-y-baila\/\" \/>\n<meta property=\"og:site_name\" content=\"Municipio de Oro Verde\" \/>\n<meta property=\"article:published_time\" content=\"2025-01-24T15:28:47+00:00\" \/>\n<meta property=\"article:modified_time\" content=\"2025-01-24T15:43:53+00:00\" \/>\n<meta property=\"og:image\" content=\"https:\/\/oroverde.gob.ar\/portal\/wp-content\/uploads\/2025\/01\/para-web.jpg\" \/>\n\t<meta property=\"og:image:width\" content=\"1600\" \/>\n\t<meta property=\"og:image:height\" content=\"900\" \/>\n\t<meta property=\"og:image:type\" content=\"image\/jpeg\" \/>\n<meta name=\"author\" content=\"Soledad\" \/>\n<meta name=\"twitter:card\" content=\"summary_large_image\" \/>\n<meta name=\"twitter:label1\" content=\"Escrito por\" \/>\n\t<meta name=\"twitter:data1\" content=\"Soledad\" \/>\n\t<meta name=\"twitter:label2\" content=\"Tiempo de lectura\" \/>\n\t<meta name=\"twitter:data2\" content=\"1 minuto\" \/>\n<script type=\"application\/ld+json\" class=\"yoast-schema-graph\">{\"@context\":\"https:\\\/\\\/schema.org\",\"@graph\":[{\"@type\":\"Article\",\"@id\":\"https:\\\/\\\/oroverde.gob.ar\\\/portal\\\/convocatoria-para-participar-con-un-stand-en-oro-verde-canta-y-baila\\\/#article\",\"isPartOf\":{\"@id\":\"https:\\\/\\\/oroverde.gob.ar\\\/portal\\\/convocatoria-para-participar-con-un-stand-en-oro-verde-canta-y-baila\\\/\"},\"author\":{\"name\":\"Soledad\",\"@id\":\"https:\\\/\\\/oroverde.gob.ar\\\/portal\\\/#\\\/schema\\\/person\\\/b975e0cbcd43b7dcf9c64511ec84f10f\"},\"headline\":\"Convocatoria para participar con un stand en \u201cOro Verde Canta y Baila\u201d\",\"datePublished\":\"2025-01-24T15:28:47+00:00\",\"dateModified\":\"2025-01-24T15:43:53+00:00\",\"mainEntityOfPage\":{\"@id\":\"https:\\\/\\\/oroverde.gob.ar\\\/portal\\\/convocatoria-para-participar-con-un-stand-en-oro-verde-canta-y-baila\\\/\"},\"wordCount\":184,\"publisher\":{\"@id\":\"https:\\\/\\\/oroverde.gob.ar\\\/portal\\\/#organization\"},\"image\":{\"@id\":\"https:\\\/\\\/oroverde.gob.ar\\\/portal\\\/convocatoria-para-participar-con-un-stand-en-oro-verde-canta-y-baila\\\/#primaryimage\"},\"thumbnailUrl\":\"https:\\\/\\\/oroverde.gob.ar\\\/portal\\\/wp-content\\\/uploads\\\/2025\\\/01\\\/para-web.jpg\",\"articleSection\":[\"Municipio\"],\"inLanguage\":\"es\"},{\"@type\":\"WebPage\",\"@id\":\"https:\\\/\\\/oroverde.gob.ar\\\/portal\\\/convocatoria-para-participar-con-un-stand-en-oro-verde-canta-y-baila\\\/\",\"url\":\"https:\\\/\\\/oroverde.gob.ar\\\/portal\\\/convocatoria-para-participar-con-un-stand-en-oro-verde-canta-y-baila\\\/\",\"name\":\"Convocatoria para participar con un stand en \u201cOro Verde Canta y Baila\u201d - Municipio de Oro Verde\",\"isPartOf\":{\"@id\":\"https:\\\/\\\/oroverde.gob.ar\\\/portal\\\/#website\"},\"primaryImageOfPage\":{\"@id\":\"https:\\\/\\\/oroverde.gob.ar\\\/portal\\\/convocatoria-para-participar-con-un-stand-en-oro-verde-canta-y-baila\\\/#primaryimage\"},\"image\":{\"@id\":\"https:\\\/\\\/oroverde.gob.ar\\\/portal\\\/convocatoria-para-participar-con-un-stand-en-oro-verde-canta-y-baila\\\/#primaryimage\"},\"thumbnailUrl\":\"https:\\\/\\\/oroverde.gob.ar\\\/portal\\\/wp-content\\\/uploads\\\/2025\\\/01\\\/para-web.jpg\",\"datePublished\":\"2025-01-24T15:28:47+00:00\",\"dateModified\":\"2025-01-24T15:43:53+00:00\",\"breadcrumb\":{\"@id\":\"https:\\\/\\\/oroverde.gob.ar\\\/portal\\\/convocatoria-para-participar-con-un-stand-en-oro-verde-canta-y-baila\\\/#breadcrumb\"},\"inLanguage\":\"es\",\"potentialAction\":[{\"@type\":\"ReadAction\",\"target\":[\"https:\\\/\\\/oroverde.gob.ar\\\/portal\\\/convocatoria-para-participar-con-un-stand-en-oro-verde-canta-y-baila\\\/\"]}]},{\"@type\":\"ImageObject\",\"inLanguage\":\"es\",\"@id\":\"https:\\\/\\\/oroverde.gob.ar\\\/portal\\\/convocatoria-para-participar-con-un-stand-en-oro-verde-canta-y-baila\\\/#primaryimage\",\"url\":\"https:\\\/\\\/oroverde.gob.ar\\\/portal\\\/wp-content\\\/uploads\\\/2025\\\/01\\\/para-web.jpg\",\"contentUrl\":\"https:\\\/\\\/oroverde.gob.ar\\\/portal\\\/wp-content\\\/uploads\\\/2025\\\/01\\\/para-web.jpg\",\"width\":1600,\"height\":900},{\"@type\":\"BreadcrumbList\",\"@id\":\"https:\\\/\\\/oroverde.gob.ar\\\/portal\\\/convocatoria-para-participar-con-un-stand-en-oro-verde-canta-y-baila\\\/#breadcrumb\",\"itemListElement\":[{\"@type\":\"ListItem\",\"position\":1,\"name\":\"Portada\",\"item\":\"https:\\\/\\\/oroverde.gob.ar\\\/portal\\\/\"},{\"@type\":\"ListItem\",\"position\":2,\"name\":\"Convocatoria para participar con un stand en \u201cOro Verde Canta y Baila\u201d\"}]},{\"@type\":\"WebSite\",\"@id\":\"https:\\\/\\\/oroverde.gob.ar\\\/portal\\\/#website\",\"url\":\"https:\\\/\\\/oroverde.gob.ar\\\/portal\\\/\",\"name\":\"Municipio de Oro Verde\",\"description\":\"Web Oficial\",\"publisher\":{\"@id\":\"https:\\\/\\\/oroverde.gob.ar\\\/portal\\\/#organization\"},\"potentialAction\":[{\"@type\":\"SearchAction\",\"target\":{\"@type\":\"EntryPoint\",\"urlTemplate\":\"https:\\\/\\\/oroverde.gob.ar\\\/portal\\\/?s={search_term_string}\"},\"query-input\":{\"@type\":\"PropertyValueSpecification\",\"valueRequired\":true,\"valueName\":\"search_term_string\"}}],\"inLanguage\":\"es\"},{\"@type\":\"Organization\",\"@id\":\"https:\\\/\\\/oroverde.gob.ar\\\/portal\\\/#organization\",\"name\":\"Municipio de Oro Verde\",\"url\":\"https:\\\/\\\/oroverde.gob.ar\\\/portal\\\/\",\"logo\":{\"@type\":\"ImageObject\",\"inLanguage\":\"es\",\"@id\":\"https:\\\/\\\/oroverde.gob.ar\\\/portal\\\/#\\\/schema\\\/logo\\\/image\\\/\",\"url\":\"https:\\\/\\\/oroverde.gob.ar\\\/portal\\\/wp-content\\\/uploads\\\/2024\\\/06\\\/cropped-cropped-logo-1.png\",\"contentUrl\":\"https:\\\/\\\/oroverde.gob.ar\\\/portal\\\/wp-content\\\/uploads\\\/2024\\\/06\\\/cropped-cropped-logo-1.png\",\"width\":1776,\"height\":738,\"caption\":\"Municipio de Oro Verde\"},\"image\":{\"@id\":\"https:\\\/\\\/oroverde.gob.ar\\\/portal\\\/#\\\/schema\\\/logo\\\/image\\\/\"}},{\"@type\":\"Person\",\"@id\":\"https:\\\/\\\/oroverde.gob.ar\\\/portal\\\/#\\\/schema\\\/person\\\/b975e0cbcd43b7dcf9c64511ec84f10f\",\"name\":\"Soledad\",\"image\":{\"@type\":\"ImageObject\",\"inLanguage\":\"es\",\"@id\":\"https:\\\/\\\/secure.gravatar.com\\\/avatar\\\/b2f5b6cda565395f31dc94c95932b9b3fbe6275bad58a1579843d3d1607d4a66?s=96&d=mm&r=g\",\"url\":\"https:\\\/\\\/secure.gravatar.com\\\/avatar\\\/b2f5b6cda565395f31dc94c95932b9b3fbe6275bad58a1579843d3d1607d4a66?s=96&d=mm&r=g\",\"contentUrl\":\"https:\\\/\\\/secure.gravatar.com\\\/avatar\\\/b2f5b6cda565395f31dc94c95932b9b3fbe6275bad58a1579843d3d1607d4a66?s=96&d=mm&r=g\",\"caption\":\"Soledad\"},\"url\":\"https:\\\/\\\/oroverde.gob.ar\\\/portal\\\/author\\\/soledad\\\/\"}]}<\/script>\n<!-- \/ Yoast SEO plugin. -->","yoast_head_json":{"title":"Convocatoria para participar con un stand en \u201cOro Verde Canta y Baila\u201d - Municipio de Oro Verde","robots":{"index":"index","follow":"follow","max-snippet":"max-snippet:-1","max-image-preview":"max-image-preview:large","max-video-preview":"max-video-preview:-1"},"canonical":"https:\/\/oroverde.gob.ar\/portal\/convocatoria-para-participar-con-un-stand-en-oro-verde-canta-y-baila\/","og_locale":"es_ES","og_type":"article","og_title":"Convocatoria para participar con un stand en \u201cOro Verde Canta y Baila\u201d - Municipio de Oro Verde","og_description":"Contin\u00faa abierta la convocatoria para quienes deseen participar con un stand en la fiesta \u201cOro Verde Canta y Baila\u201d que se realizar\u00e1 el 8 de febrero, los rubros que comprendan comida y bebida, no podr\u00e1n sumarse ya que ese cupo est\u00e1 cubierto por &hellip;","og_url":"https:\/\/oroverde.gob.ar\/portal\/convocatoria-para-participar-con-un-stand-en-oro-verde-canta-y-baila\/","og_site_name":"Municipio de Oro Verde","article_published_time":"2025-01-24T15:28:47+00:00","article_modified_time":"2025-01-24T15:43:53+00:00","og_image":[{"width":1600,"height":900,"url":"https:\/\/oroverde.gob.ar\/portal\/wp-content\/uploads\/2025\/01\/para-web.jpg","type":"image\/jpeg"}],"author":"Soledad","twitter_card":"summary_large_image","twitter_misc":{"Escrito por":"Soledad","Tiempo de lectura":"1 minuto"},"schema":{"@context":"https:\/\/schema.org","@graph":[{"@type":"Article","@id":"https:\/\/oroverde.gob.ar\/portal\/convocatoria-para-participar-con-un-stand-en-oro-verde-canta-y-baila\/#article","isPartOf":{"@id":"https:\/\/oroverde.gob.ar\/portal\/convocatoria-para-participar-con-un-stand-en-oro-verde-canta-y-baila\/"},"author":{"name":"Soledad","@id":"https:\/\/oroverde.gob.ar\/portal\/#\/schema\/person\/b975e0cbcd43b7dcf9c64511ec84f10f"},"headline":"Convocatoria para participar con un stand en \u201cOro Verde Canta y Baila\u201d","datePublished":"2025-01-24T15:28:47+00:00","dateModified":"2025-01-24T15:43:53+00:00","mainEntityOfPage":{"@id":"https:\/\/oroverde.gob.ar\/portal\/convocatoria-para-participar-con-un-stand-en-oro-verde-canta-y-baila\/"},"wordCount":184,"publisher":{"@id":"https:\/\/oroverde.gob.ar\/portal\/#organization"},"image":{"@id":"https:\/\/oroverde.gob.ar\/portal\/convocatoria-para-participar-con-un-stand-en-oro-verde-canta-y-baila\/#primaryimage"},"thumbnailUrl":"https:\/\/oroverde.gob.ar\/portal\/wp-content\/uploads\/2025\/01\/para-web.jpg","articleSection":["Municipio"],"inLanguage":"es"},{"@type":"WebPage","@id":"https:\/\/oroverde.gob.ar\/portal\/convocatoria-para-participar-con-un-stand-en-oro-verde-canta-y-baila\/","url":"https:\/\/oroverde.gob.ar\/portal\/convocatoria-para-participar-con-un-stand-en-oro-verde-canta-y-baila\/","name":"Convocatoria para participar con un stand en \u201cOro Verde Canta y Baila\u201d - Municipio de Oro Verde","isPartOf":{"@id":"https:\/\/oroverde.gob.ar\/portal\/#website"},"primaryImageOfPage":{"@id":"https:\/\/oroverde.gob.ar\/portal\/convocatoria-para-participar-con-un-stand-en-oro-verde-canta-y-baila\/#primaryimage"},"image":{"@id":"https:\/\/oroverde.gob.ar\/portal\/convocatoria-para-participar-con-un-stand-en-oro-verde-canta-y-baila\/#primaryimage"},"thumbnailUrl":"https:\/\/oroverde.gob.ar\/portal\/wp-content\/uploads\/2025\/01\/para-web.jpg","datePublished":"2025-01-24T15:28:47+00:00","dateModified":"2025-01-24T15:43:53+00:00","breadcrumb":{"@id":"https:\/\/oroverde.gob.ar\/portal\/convocatoria-para-participar-con-un-stand-en-oro-verde-canta-y-baila\/#breadcrumb"},"inLanguage":"es","potentialAction":[{"@type":"ReadAction","target":["https:\/\/oroverde.gob.ar\/portal\/convocatoria-para-participar-con-un-stand-en-oro-verde-canta-y-baila\/"]}]},{"@type":"ImageObject","inLanguage":"es","@id":"https:\/\/oroverde.gob.ar\/portal\/convocatoria-para-participar-con-un-stand-en-oro-verde-canta-y-baila\/#primaryimage","url":"https:\/\/oroverde.gob.ar\/portal\/wp-content\/uploads\/2025\/01\/para-web.jpg","contentUrl":"https:\/\/oroverde.gob.ar\/portal\/wp-content\/uploads\/2025\/01\/para-web.jpg","width":1600,"height":900},{"@type":"BreadcrumbList","@id":"https:\/\/oroverde.gob.ar\/portal\/convocatoria-para-participar-con-un-stand-en-oro-verde-canta-y-baila\/#breadcrumb","itemListElement":[{"@type":"ListItem","position":1,"name":"Portada","item":"https:\/\/oroverde.gob.ar\/portal\/"},{"@type":"ListItem","position":2,"name":"Convocatoria para participar con un stand en \u201cOro Verde Canta y Baila\u201d"}]},{"@type":"WebSite","@id":"https:\/\/oroverde.gob.ar\/portal\/#website","url":"https:\/\/oroverde.gob.ar\/portal\/","name":"Municipio de Oro Verde","description":"Web Oficial","publisher":{"@id":"https:\/\/oroverde.gob.ar\/portal\/#organization"},"potentialAction":[{"@type":"SearchAction","target":{"@type":"EntryPoint","urlTemplate":"https:\/\/oroverde.gob.ar\/portal\/?s={search_term_string}"},"query-input":{"@type":"PropertyValueSpecification","valueRequired":true,"valueName":"search_term_string"}}],"inLanguage":"es"},{"@type":"Organization","@id":"https:\/\/oroverde.gob.ar\/portal\/#organization","name":"Municipio de Oro Verde","url":"https:\/\/oroverde.gob.ar\/portal\/","logo":{"@type":"ImageObject","inLanguage":"es","@id":"https:\/\/oroverde.gob.ar\/portal\/#\/schema\/logo\/image\/","url":"https:\/\/oroverde.gob.ar\/portal\/wp-content\/uploads\/2024\/06\/cropped-cropped-logo-1.png","contentUrl":"https:\/\/oroverde.gob.ar\/portal\/wp-content\/uploads\/2024\/06\/cropped-cropped-logo-1.png","width":1776,"height":738,"caption":"Municipio de Oro Verde"},"image":{"@id":"https:\/\/oroverde.gob.ar\/portal\/#\/schema\/logo\/image\/"}},{"@type":"Person","@id":"https:\/\/oroverde.gob.ar\/portal\/#\/schema\/person\/b975e0cbcd43b7dcf9c64511ec84f10f","name":"Soledad","image":{"@type":"ImageObject","inLanguage":"es","@id":"https:\/\/secure.gravatar.com\/avatar\/b2f5b6cda565395f31dc94c95932b9b3fbe6275bad58a1579843d3d1607d4a66?s=96&d=mm&r=g","url":"https:\/\/secure.gravatar.com\/avatar\/b2f5b6cda565395f31dc94c95932b9b3fbe6275bad58a1579843d3d1607d4a66?s=96&d=mm&r=g","contentUrl":"https:\/\/secure.gravatar.com\/avatar\/b2f5b6cda565395f31dc94c95932b9b3fbe6275bad58a1579843d3d1607d4a66?s=96&d=mm&r=g","caption":"Soledad"},"url":"https:\/\/oroverde.gob.ar\/portal\/author\/soledad\/"}]}},"_links":{"self":[{"href":"https:\/\/oroverde.gob.ar\/portal\/wp-json\/wp\/v2\/posts\/5161","targetHints":{"allow":["GET"]}}],"collection":[{"href":"https:\/\/oroverde.gob.ar\/portal\/wp-json\/wp\/v2\/posts"}],"about":[{"href":"https:\/\/oroverde.gob.ar\/portal\/wp-json\/wp\/v2\/types\/post"}],"author":[{"embeddable":true,"href":"https:\/\/oroverde.gob.ar\/portal\/wp-json\/wp\/v2\/users\/3"}],"replies":[{"embeddable":true,"href":"https:\/\/oroverde.gob.ar\/portal\/wp-json\/wp\/v2\/comments?post=5161"}],"version-history":[{"count":5,"href":"https:\/\/oroverde.gob.ar\/portal\/wp-json\/wp\/v2\/posts\/5161\/revisions"}],"predecessor-version":[{"id":5229,"href":"https:\/\/oroverde.gob.ar\/portal\/wp-json\/wp\/v2\/posts\/5161\/revisions\/5229"}],"wp:featuredmedia":[{"embeddable":true,"href":"https:\/\/oroverde.gob.ar\/portal\/wp-json\/wp\/v2\/media\/5162"}],"wp:attachment":[{"href":"https:\/\/oroverde.gob.ar\/portal\/wp-json\/wp\/v2\/media?parent=5161"}],"wp:term":[{"taxonomy":"category","embeddable":true,"href":"https:\/\/oroverde.gob.ar\/portal\/wp-json\/wp\/v2\/categories?post=5161"},{"taxonomy":"post_tag","embeddable":true,"href":"https:\/\/oroverde.gob.ar\/portal\/wp-json\/wp\/v2\/tags?post=5161"}],"curies":[{"name":"wp","href":"https:\/\/api.w.org\/{rel}","templated":true}]}}