{"id":5166,"date":"2025-01-15T14:12:42","date_gmt":"2025-01-15T17:12:42","guid":{"rendered":"https:\/\/oroverde.gob.ar\/portal\/?p=5166"},"modified":"2025-01-15T14:12:42","modified_gmt":"2025-01-15T17:12:42","slug":"mejoran-la-accesibilidad-para-personas-con-discapacidad-en-el-complejo-municipal-de-piletas","status":"publish","type":"post","link":"https:\/\/oroverde.gob.ar\/portal\/mejoran-la-accesibilidad-para-personas-con-discapacidad-en-el-complejo-municipal-de-piletas\/","title":{"rendered":"Mejoran la accesibilidad para personas con discapacidad en el Complejo Municipal de Piletas"},"content":{"rendered":"<div class=\"xdj266r x11i5rnm xat24cr x1mh8g0r x1vvkbs x126k92a\">\n<div dir=\"auto\">El Complejo Municipal de Piletas incorpor\u00f3 una escalera y una gr\u00faa port\u00e1til e inal\u00e1mbrica para personas con discapacidad o movilidad reducida.<\/div>\n<\/div>\n<div class=\"x11i5rnm xat24cr x1mh8g0r x1vvkbs xtlvy1s x126k92a\">\n<div dir=\"auto\">La escalera instalada en el natatorio de mayor tama\u00f1o permite un ingreso seguro ya que cuenta con barandas, pelda\u00f1os anchos y est\u00e1 adaptada a la profundidad del mismo lo que permite un descenso paulatino.<\/div>\n<\/div>\n<div class=\"x11i5rnm xat24cr x1mh8g0r x1vvkbs xtlvy1s x126k92a\">\n<div dir=\"auto\">La gr\u00faa, cuenta con un dispositivo port\u00e1til, que permitir\u00e1 el ingreso al natatorio de mayor tama\u00f1o y tambi\u00e9n al mediano. Dispone de un arn\u00e9s como soporte para que cualquier persona que se desplace en silla de ruedas o tenga movilidad reducida pueda ingresar con suavidad a disfrutar del agua.<\/div>\n<\/div>\n<div class=\"x11i5rnm xat24cr x1mh8g0r x1vvkbs xtlvy1s x126k92a\">\n<div dir=\"auto\">La empresa Between Rivers, encargada de la instalaci\u00f3n de estos dispositivos realiz\u00f3 una capacitaci\u00f3n con los guardavidas que trabajan en el Complejo para la utilizaci\u00f3n de esta gr\u00faa que es apta para ni\u00f1os y adultos.<\/div>\n<\/div>\n<div class=\"x11i5rnm xat24cr x1mh8g0r x1vvkbs xtlvy1s x126k92a\">\n<div dir=\"auto\">En este sentido el intendente C\u00e9sar Clement expres\u00f3 \u201ces una enorme satisfacci\u00f3n poder brindar mayor comodidad a las personas con discapacidad o con movilidad reducida. Es una prioridad en la que estamos trabajando en distintos espacios de la ciudad y estamos muy contentos de mejorar la accesibilidad en el Complejo de Piletas para que todos lo puedan disfrutar\u201d.<\/div>\n<\/div>\n","protected":false},"excerpt":{"rendered":"<p>El Complejo Municipal de Piletas incorpor\u00f3 una escalera y una gr\u00faa port\u00e1til e inal\u00e1mbrica para personas con discapacidad o movilidad reducida. La escalera instalada en el natatorio de mayor tama\u00f1o permite un ingreso seguro ya que cuenta con barandas, pelda\u00f1os anchos y est\u00e1 &hellip;<\/p>\n","protected":false},"author":3,"featured_media":5167,"comment_status":"closed","ping_status":"closed","sticky":false,"template":"","format":"standard","meta":{"footnotes":""},"categories":[1],"tags":[],"class_list":["post-5166","post","type-post","status-publish","format-standard","has-post-thumbnail","hentry","category-municipio"],"yoast_head":"<!-- This site is optimized with the Yoast SEO plugin v27.5 - https:\/\/yoast.com\/product\/yoast-seo-wordpress\/ -->\n<title>Mejoran la accesibilidad para personas con discapacidad en el Complejo Municipal de Piletas - Municipio de Oro Verde<\/title>\n<meta name=\"robots\" content=\"index, follow, max-snippet:-1, max-image-preview:large, max-video-preview:-1\" \/>\n<link rel=\"canonical\" href=\"https:\/\/oroverde.gob.ar\/portal\/mejoran-la-accesibilidad-para-personas-con-discapacidad-en-el-complejo-municipal-de-piletas\/\" \/>\n<meta property=\"og:locale\" content=\"es_ES\" \/>\n<meta property=\"og:type\" content=\"article\" \/>\n<meta property=\"og:title\" content=\"Mejoran la accesibilidad para personas con discapacidad en el Complejo Municipal de Piletas - Municipio de Oro Verde\" \/>\n<meta property=\"og:description\" content=\"El Complejo Municipal de Piletas incorpor\u00f3 una escalera y una gr\u00faa port\u00e1til e inal\u00e1mbrica para personas con discapacidad o movilidad reducida. La escalera instalada en el natatorio de mayor tama\u00f1o permite un ingreso seguro ya que cuenta con barandas, pelda\u00f1os anchos y est\u00e1 &hellip;\" \/>\n<meta property=\"og:url\" content=\"https:\/\/oroverde.gob.ar\/portal\/mejoran-la-accesibilidad-para-personas-con-discapacidad-en-el-complejo-municipal-de-piletas\/\" \/>\n<meta property=\"og:site_name\" content=\"Municipio de Oro Verde\" \/>\n<meta property=\"article:published_time\" content=\"2025-01-15T17:12:42+00:00\" \/>\n<meta property=\"og:image\" content=\"https:\/\/oroverde.gob.ar\/portal\/wp-content\/uploads\/2025\/01\/Complejo-de-Piletas-scaled.jpg\" \/>\n\t<meta property=\"og:image:width\" content=\"2560\" \/>\n\t<meta property=\"og:image:height\" content=\"1708\" \/>\n\t<meta property=\"og:image:type\" content=\"image\/jpeg\" \/>\n<meta name=\"author\" content=\"Soledad\" \/>\n<meta name=\"twitter:card\" content=\"summary_large_image\" \/>\n<meta name=\"twitter:label1\" content=\"Escrito por\" \/>\n\t<meta name=\"twitter:data1\" content=\"Soledad\" \/>\n\t<meta name=\"twitter:label2\" content=\"Tiempo de lectura\" \/>\n\t<meta name=\"twitter:data2\" content=\"2 minutos\" \/>\n<script type=\"application\/ld+json\" class=\"yoast-schema-graph\">{\"@context\":\"https:\\\/\\\/schema.org\",\"@graph\":[{\"@type\":\"Article\",\"@id\":\"https:\\\/\\\/oroverde.gob.ar\\\/portal\\\/mejoran-la-accesibilidad-para-personas-con-discapacidad-en-el-complejo-municipal-de-piletas\\\/#article\",\"isPartOf\":{\"@id\":\"https:\\\/\\\/oroverde.gob.ar\\\/portal\\\/mejoran-la-accesibilidad-para-personas-con-discapacidad-en-el-complejo-municipal-de-piletas\\\/\"},\"author\":{\"name\":\"Soledad\",\"@id\":\"https:\\\/\\\/oroverde.gob.ar\\\/portal\\\/#\\\/schema\\\/person\\\/b975e0cbcd43b7dcf9c64511ec84f10f\"},\"headline\":\"Mejoran la accesibilidad para personas con discapacidad en el Complejo Municipal de Piletas\",\"datePublished\":\"2025-01-15T17:12:42+00:00\",\"mainEntityOfPage\":{\"@id\":\"https:\\\/\\\/oroverde.gob.ar\\\/portal\\\/mejoran-la-accesibilidad-para-personas-con-discapacidad-en-el-complejo-municipal-de-piletas\\\/\"},\"wordCount\":227,\"publisher\":{\"@id\":\"https:\\\/\\\/oroverde.gob.ar\\\/portal\\\/#organization\"},\"image\":{\"@id\":\"https:\\\/\\\/oroverde.gob.ar\\\/portal\\\/mejoran-la-accesibilidad-para-personas-con-discapacidad-en-el-complejo-municipal-de-piletas\\\/#primaryimage\"},\"thumbnailUrl\":\"https:\\\/\\\/oroverde.gob.ar\\\/portal\\\/wp-content\\\/uploads\\\/2025\\\/01\\\/Complejo-de-Piletas-scaled.jpg\",\"articleSection\":[\"Municipio\"],\"inLanguage\":\"es\"},{\"@type\":\"WebPage\",\"@id\":\"https:\\\/\\\/oroverde.gob.ar\\\/portal\\\/mejoran-la-accesibilidad-para-personas-con-discapacidad-en-el-complejo-municipal-de-piletas\\\/\",\"url\":\"https:\\\/\\\/oroverde.gob.ar\\\/portal\\\/mejoran-la-accesibilidad-para-personas-con-discapacidad-en-el-complejo-municipal-de-piletas\\\/\",\"name\":\"Mejoran la accesibilidad para personas con discapacidad en el Complejo Municipal de Piletas - Municipio de Oro Verde\",\"isPartOf\":{\"@id\":\"https:\\\/\\\/oroverde.gob.ar\\\/portal\\\/#website\"},\"primaryImageOfPage\":{\"@id\":\"https:\\\/\\\/oroverde.gob.ar\\\/portal\\\/mejoran-la-accesibilidad-para-personas-con-discapacidad-en-el-complejo-municipal-de-piletas\\\/#primaryimage\"},\"image\":{\"@id\":\"https:\\\/\\\/oroverde.gob.ar\\\/portal\\\/mejoran-la-accesibilidad-para-personas-con-discapacidad-en-el-complejo-municipal-de-piletas\\\/#primaryimage\"},\"thumbnailUrl\":\"https:\\\/\\\/oroverde.gob.ar\\\/portal\\\/wp-content\\\/uploads\\\/2025\\\/01\\\/Complejo-de-Piletas-scaled.jpg\",\"datePublished\":\"2025-01-15T17:12:42+00:00\",\"breadcrumb\":{\"@id\":\"https:\\\/\\\/oroverde.gob.ar\\\/portal\\\/mejoran-la-accesibilidad-para-personas-con-discapacidad-en-el-complejo-municipal-de-piletas\\\/#breadcrumb\"},\"inLanguage\":\"es\",\"potentialAction\":[{\"@type\":\"ReadAction\",\"target\":[\"https:\\\/\\\/oroverde.gob.ar\\\/portal\\\/mejoran-la-accesibilidad-para-personas-con-discapacidad-en-el-complejo-municipal-de-piletas\\\/\"]}]},{\"@type\":\"ImageObject\",\"inLanguage\":\"es\",\"@id\":\"https:\\\/\\\/oroverde.gob.ar\\\/portal\\\/mejoran-la-accesibilidad-para-personas-con-discapacidad-en-el-complejo-municipal-de-piletas\\\/#primaryimage\",\"url\":\"https:\\\/\\\/oroverde.gob.ar\\\/portal\\\/wp-content\\\/uploads\\\/2025\\\/01\\\/Complejo-de-Piletas-scaled.jpg\",\"contentUrl\":\"https:\\\/\\\/oroverde.gob.ar\\\/portal\\\/wp-content\\\/uploads\\\/2025\\\/01\\\/Complejo-de-Piletas-scaled.jpg\",\"width\":2560,\"height\":1708},{\"@type\":\"BreadcrumbList\",\"@id\":\"https:\\\/\\\/oroverde.gob.ar\\\/portal\\\/mejoran-la-accesibilidad-para-personas-con-discapacidad-en-el-complejo-municipal-de-piletas\\\/#breadcrumb\",\"itemListElement\":[{\"@type\":\"ListItem\",\"position\":1,\"name\":\"Portada\",\"item\":\"https:\\\/\\\/oroverde.gob.ar\\\/portal\\\/\"},{\"@type\":\"ListItem\",\"position\":2,\"name\":\"Mejoran la accesibilidad para personas con discapacidad en el Complejo Municipal de Piletas\"}]},{\"@type\":\"WebSite\",\"@id\":\"https:\\\/\\\/oroverde.gob.ar\\\/portal\\\/#website\",\"url\":\"https:\\\/\\\/oroverde.gob.ar\\\/portal\\\/\",\"name\":\"Municipio de Oro Verde\",\"description\":\"Web Oficial\",\"publisher\":{\"@id\":\"https:\\\/\\\/oroverde.gob.ar\\\/portal\\\/#organization\"},\"potentialAction\":[{\"@type\":\"SearchAction\",\"target\":{\"@type\":\"EntryPoint\",\"urlTemplate\":\"https:\\\/\\\/oroverde.gob.ar\\\/portal\\\/?s={search_term_string}\"},\"query-input\":{\"@type\":\"PropertyValueSpecification\",\"valueRequired\":true,\"valueName\":\"search_term_string\"}}],\"inLanguage\":\"es\"},{\"@type\":\"Organization\",\"@id\":\"https:\\\/\\\/oroverde.gob.ar\\\/portal\\\/#organization\",\"name\":\"Municipio de Oro Verde\",\"url\":\"https:\\\/\\\/oroverde.gob.ar\\\/portal\\\/\",\"logo\":{\"@type\":\"ImageObject\",\"inLanguage\":\"es\",\"@id\":\"https:\\\/\\\/oroverde.gob.ar\\\/portal\\\/#\\\/schema\\\/logo\\\/image\\\/\",\"url\":\"https:\\\/\\\/oroverde.gob.ar\\\/portal\\\/wp-content\\\/uploads\\\/2024\\\/06\\\/cropped-cropped-logo-1.png\",\"contentUrl\":\"https:\\\/\\\/oroverde.gob.ar\\\/portal\\\/wp-content\\\/uploads\\\/2024\\\/06\\\/cropped-cropped-logo-1.png\",\"width\":1776,\"height\":738,\"caption\":\"Municipio de Oro Verde\"},\"image\":{\"@id\":\"https:\\\/\\\/oroverde.gob.ar\\\/portal\\\/#\\\/schema\\\/logo\\\/image\\\/\"}},{\"@type\":\"Person\",\"@id\":\"https:\\\/\\\/oroverde.gob.ar\\\/portal\\\/#\\\/schema\\\/person\\\/b975e0cbcd43b7dcf9c64511ec84f10f\",\"name\":\"Soledad\",\"image\":{\"@type\":\"ImageObject\",\"inLanguage\":\"es\",\"@id\":\"https:\\\/\\\/secure.gravatar.com\\\/avatar\\\/b2f5b6cda565395f31dc94c95932b9b3fbe6275bad58a1579843d3d1607d4a66?s=96&d=mm&r=g\",\"url\":\"https:\\\/\\\/secure.gravatar.com\\\/avatar\\\/b2f5b6cda565395f31dc94c95932b9b3fbe6275bad58a1579843d3d1607d4a66?s=96&d=mm&r=g\",\"contentUrl\":\"https:\\\/\\\/secure.gravatar.com\\\/avatar\\\/b2f5b6cda565395f31dc94c95932b9b3fbe6275bad58a1579843d3d1607d4a66?s=96&d=mm&r=g\",\"caption\":\"Soledad\"},\"url\":\"https:\\\/\\\/oroverde.gob.ar\\\/portal\\\/author\\\/soledad\\\/\"}]}<\/script>\n<!-- \/ Yoast SEO plugin. -->","yoast_head_json":{"title":"Mejoran la accesibilidad para personas con discapacidad en el Complejo Municipal de Piletas - Municipio de Oro Verde","robots":{"index":"index","follow":"follow","max-snippet":"max-snippet:-1","max-image-preview":"max-image-preview:large","max-video-preview":"max-video-preview:-1"},"canonical":"https:\/\/oroverde.gob.ar\/portal\/mejoran-la-accesibilidad-para-personas-con-discapacidad-en-el-complejo-municipal-de-piletas\/","og_locale":"es_ES","og_type":"article","og_title":"Mejoran la accesibilidad para personas con discapacidad en el Complejo Municipal de Piletas - Municipio de Oro Verde","og_description":"El Complejo Municipal de Piletas incorpor\u00f3 una escalera y una gr\u00faa port\u00e1til e inal\u00e1mbrica para personas con discapacidad o movilidad reducida. La escalera instalada en el natatorio de mayor tama\u00f1o permite un ingreso seguro ya que cuenta con barandas, pelda\u00f1os anchos y est\u00e1 &hellip;","og_url":"https:\/\/oroverde.gob.ar\/portal\/mejoran-la-accesibilidad-para-personas-con-discapacidad-en-el-complejo-municipal-de-piletas\/","og_site_name":"Municipio de Oro Verde","article_published_time":"2025-01-15T17:12:42+00:00","og_image":[{"width":2560,"height":1708,"url":"https:\/\/oroverde.gob.ar\/portal\/wp-content\/uploads\/2025\/01\/Complejo-de-Piletas-scaled.jpg","type":"image\/jpeg"}],"author":"Soledad","twitter_card":"summary_large_image","twitter_misc":{"Escrito por":"Soledad","Tiempo de lectura":"2 minutos"},"schema":{"@context":"https:\/\/schema.org","@graph":[{"@type":"Article","@id":"https:\/\/oroverde.gob.ar\/portal\/mejoran-la-accesibilidad-para-personas-con-discapacidad-en-el-complejo-municipal-de-piletas\/#article","isPartOf":{"@id":"https:\/\/oroverde.gob.ar\/portal\/mejoran-la-accesibilidad-para-personas-con-discapacidad-en-el-complejo-municipal-de-piletas\/"},"author":{"name":"Soledad","@id":"https:\/\/oroverde.gob.ar\/portal\/#\/schema\/person\/b975e0cbcd43b7dcf9c64511ec84f10f"},"headline":"Mejoran la accesibilidad para personas con discapacidad en el Complejo Municipal de Piletas","datePublished":"2025-01-15T17:12:42+00:00","mainEntityOfPage":{"@id":"https:\/\/oroverde.gob.ar\/portal\/mejoran-la-accesibilidad-para-personas-con-discapacidad-en-el-complejo-municipal-de-piletas\/"},"wordCount":227,"publisher":{"@id":"https:\/\/oroverde.gob.ar\/portal\/#organization"},"image":{"@id":"https:\/\/oroverde.gob.ar\/portal\/mejoran-la-accesibilidad-para-personas-con-discapacidad-en-el-complejo-municipal-de-piletas\/#primaryimage"},"thumbnailUrl":"https:\/\/oroverde.gob.ar\/portal\/wp-content\/uploads\/2025\/01\/Complejo-de-Piletas-scaled.jpg","articleSection":["Municipio"],"inLanguage":"es"},{"@type":"WebPage","@id":"https:\/\/oroverde.gob.ar\/portal\/mejoran-la-accesibilidad-para-personas-con-discapacidad-en-el-complejo-municipal-de-piletas\/","url":"https:\/\/oroverde.gob.ar\/portal\/mejoran-la-accesibilidad-para-personas-con-discapacidad-en-el-complejo-municipal-de-piletas\/","name":"Mejoran la accesibilidad para personas con discapacidad en el Complejo Municipal de Piletas - Municipio de Oro Verde","isPartOf":{"@id":"https:\/\/oroverde.gob.ar\/portal\/#website"},"primaryImageOfPage":{"@id":"https:\/\/oroverde.gob.ar\/portal\/mejoran-la-accesibilidad-para-personas-con-discapacidad-en-el-complejo-municipal-de-piletas\/#primaryimage"},"image":{"@id":"https:\/\/oroverde.gob.ar\/portal\/mejoran-la-accesibilidad-para-personas-con-discapacidad-en-el-complejo-municipal-de-piletas\/#primaryimage"},"thumbnailUrl":"https:\/\/oroverde.gob.ar\/portal\/wp-content\/uploads\/2025\/01\/Complejo-de-Piletas-scaled.jpg","datePublished":"2025-01-15T17:12:42+00:00","breadcrumb":{"@id":"https:\/\/oroverde.gob.ar\/portal\/mejoran-la-accesibilidad-para-personas-con-discapacidad-en-el-complejo-municipal-de-piletas\/#breadcrumb"},"inLanguage":"es","potentialAction":[{"@type":"ReadAction","target":["https:\/\/oroverde.gob.ar\/portal\/mejoran-la-accesibilidad-para-personas-con-discapacidad-en-el-complejo-municipal-de-piletas\/"]}]},{"@type":"ImageObject","inLanguage":"es","@id":"https:\/\/oroverde.gob.ar\/portal\/mejoran-la-accesibilidad-para-personas-con-discapacidad-en-el-complejo-municipal-de-piletas\/#primaryimage","url":"https:\/\/oroverde.gob.ar\/portal\/wp-content\/uploads\/2025\/01\/Complejo-de-Piletas-scaled.jpg","contentUrl":"https:\/\/oroverde.gob.ar\/portal\/wp-content\/uploads\/2025\/01\/Complejo-de-Piletas-scaled.jpg","width":2560,"height":1708},{"@type":"BreadcrumbList","@id":"https:\/\/oroverde.gob.ar\/portal\/mejoran-la-accesibilidad-para-personas-con-discapacidad-en-el-complejo-municipal-de-piletas\/#breadcrumb","itemListElement":[{"@type":"ListItem","position":1,"name":"Portada","item":"https:\/\/oroverde.gob.ar\/portal\/"},{"@type":"ListItem","position":2,"name":"Mejoran la accesibilidad para personas con discapacidad en el Complejo Municipal de Piletas"}]},{"@type":"WebSite","@id":"https:\/\/oroverde.gob.ar\/portal\/#website","url":"https:\/\/oroverde.gob.ar\/portal\/","name":"Municipio de Oro Verde","description":"Web Oficial","publisher":{"@id":"https:\/\/oroverde.gob.ar\/portal\/#organization"},"potentialAction":[{"@type":"SearchAction","target":{"@type":"EntryPoint","urlTemplate":"https:\/\/oroverde.gob.ar\/portal\/?s={search_term_string}"},"query-input":{"@type":"PropertyValueSpecification","valueRequired":true,"valueName":"search_term_string"}}],"inLanguage":"es"},{"@type":"Organization","@id":"https:\/\/oroverde.gob.ar\/portal\/#organization","name":"Municipio de Oro Verde","url":"https:\/\/oroverde.gob.ar\/portal\/","logo":{"@type":"ImageObject","inLanguage":"es","@id":"https:\/\/oroverde.gob.ar\/portal\/#\/schema\/logo\/image\/","url":"https:\/\/oroverde.gob.ar\/portal\/wp-content\/uploads\/2024\/06\/cropped-cropped-logo-1.png","contentUrl":"https:\/\/oroverde.gob.ar\/portal\/wp-content\/uploads\/2024\/06\/cropped-cropped-logo-1.png","width":1776,"height":738,"caption":"Municipio de Oro Verde"},"image":{"@id":"https:\/\/oroverde.gob.ar\/portal\/#\/schema\/logo\/image\/"}},{"@type":"Person","@id":"https:\/\/oroverde.gob.ar\/portal\/#\/schema\/person\/b975e0cbcd43b7dcf9c64511ec84f10f","name":"Soledad","image":{"@type":"ImageObject","inLanguage":"es","@id":"https:\/\/secure.gravatar.com\/avatar\/b2f5b6cda565395f31dc94c95932b9b3fbe6275bad58a1579843d3d1607d4a66?s=96&d=mm&r=g","url":"https:\/\/secure.gravatar.com\/avatar\/b2f5b6cda565395f31dc94c95932b9b3fbe6275bad58a1579843d3d1607d4a66?s=96&d=mm&r=g","contentUrl":"https:\/\/secure.gravatar.com\/avatar\/b2f5b6cda565395f31dc94c95932b9b3fbe6275bad58a1579843d3d1607d4a66?s=96&d=mm&r=g","caption":"Soledad"},"url":"https:\/\/oroverde.gob.ar\/portal\/author\/soledad\/"}]}},"_links":{"self":[{"href":"https:\/\/oroverde.gob.ar\/portal\/wp-json\/wp\/v2\/posts\/5166","targetHints":{"allow":["GET"]}}],"collection":[{"href":"https:\/\/oroverde.gob.ar\/portal\/wp-json\/wp\/v2\/posts"}],"about":[{"href":"https:\/\/oroverde.gob.ar\/portal\/wp-json\/wp\/v2\/types\/post"}],"author":[{"embeddable":true,"href":"https:\/\/oroverde.gob.ar\/portal\/wp-json\/wp\/v2\/users\/3"}],"replies":[{"embeddable":true,"href":"https:\/\/oroverde.gob.ar\/portal\/wp-json\/wp\/v2\/comments?post=5166"}],"version-history":[{"count":1,"href":"https:\/\/oroverde.gob.ar\/portal\/wp-json\/wp\/v2\/posts\/5166\/revisions"}],"predecessor-version":[{"id":5168,"href":"https:\/\/oroverde.gob.ar\/portal\/wp-json\/wp\/v2\/posts\/5166\/revisions\/5168"}],"wp:featuredmedia":[{"embeddable":true,"href":"https:\/\/oroverde.gob.ar\/portal\/wp-json\/wp\/v2\/media\/5167"}],"wp:attachment":[{"href":"https:\/\/oroverde.gob.ar\/portal\/wp-json\/wp\/v2\/media?parent=5166"}],"wp:term":[{"taxonomy":"category","embeddable":true,"href":"https:\/\/oroverde.gob.ar\/portal\/wp-json\/wp\/v2\/categories?post=5166"},{"taxonomy":"post_tag","embeddable":true,"href":"https:\/\/oroverde.gob.ar\/portal\/wp-json\/wp\/v2\/tags?post=5166"}],"curies":[{"name":"wp","href":"https:\/\/api.w.org\/{rel}","templated":true}]}}