{"id":5190,"date":"2025-01-22T13:11:08","date_gmt":"2025-01-22T16:11:08","guid":{"rendered":"https:\/\/oroverde.gob.ar\/portal\/?p=5190"},"modified":"2025-01-22T13:17:47","modified_gmt":"2025-01-22T16:17:47","slug":"la-colonia-de-vacaciones-cierra-sus-actividades-con-paseos-y-un-campamento","status":"publish","type":"post","link":"https:\/\/oroverde.gob.ar\/portal\/la-colonia-de-vacaciones-cierra-sus-actividades-con-paseos-y-un-campamento\/","title":{"rendered":"La colonia de vacaciones cierra sus actividades con paseos y un campamento"},"content":{"rendered":"<div class=\"xdj266r x11i5rnm xat24cr x1mh8g0r x1vvkbs x126k92a\">\n<div dir=\"auto\">Comienza la etapa de cierre de la Escuela de Nataci\u00f3n y Vida en la Naturaleza con actividades pensadas para las diferentes edades. Por este motivo no habr\u00e1 encuentros la semana que viene en el horario habitual, sino que cada grupo deber\u00e1 asistir a la despedida pensada para su edad.<\/div>\n<\/div>\n<div class=\"x11i5rnm xat24cr x1mh8g0r x1vvkbs xtlvy1s x126k92a\">\n<div dir=\"auto\">La colonia es llevada adelante por el Municipio junto al Cef de Oro Verde, de manera gratuita y se inscribieron este a\u00f1o casi 450 chicos.<\/div>\n<\/div>\n<div class=\"x11i5rnm xat24cr x1mh8g0r x1vvkbs xtlvy1s x126k92a\">\n<div dir=\"auto\">El calendario de actividades es el siguiente:<\/div>\n<\/div>\n<div class=\"x11i5rnm xat24cr x1mh8g0r x1vvkbs xtlvy1s x126k92a\">\n<div dir=\"auto\"><span class=\"html-span xexx8yu x4uap5 x18d9i69 xkhd6sd x1hl2dhg x16tdsg8 x1vvkbs x3nfvp2 x1j61x8r x1fcty0u xdj266r xat24cr xgzva0m xhhsvwb xxymvpz xlup9mm x1kky2od\"><img decoding=\"async\" class=\"xz74otr lazyload\" data-src=\"https:\/\/static.xx.fbcdn.net\/images\/emoji.php\/v9\/t4c\/1\/16\/25aa.png\" alt=\"\u25aa\ufe0f\" width=\"16\" height=\"16\" src=\"data:image\/svg+xml;base64,PHN2ZyB3aWR0aD0iMSIgaGVpZ2h0PSIxIiB4bWxucz0iaHR0cDovL3d3dy53My5vcmcvMjAwMC9zdmciPjwvc3ZnPg==\" style=\"--smush-placeholder-width: 16px; --smush-placeholder-aspect-ratio: 16\/16;\" \/><\/span>Lunes 27 y martes 28 de enero: Campamento en la ciudad de Viale con los grupos de 10, 11 y 12 a\u00f1os de edad. Salida y regreso en el Complejo de Piletas. Lunes 8 hs, vuelven martes 12 hs.<\/div>\n<\/div>\n<div class=\"x11i5rnm xat24cr x1mh8g0r x1vvkbs xtlvy1s x126k92a\">\n<div dir=\"auto\"><span class=\"html-span xexx8yu x4uap5 x18d9i69 xkhd6sd x1hl2dhg x16tdsg8 x1vvkbs x3nfvp2 x1j61x8r x1fcty0u xdj266r xat24cr xgzva0m xhhsvwb xxymvpz xlup9mm x1kky2od\"><img decoding=\"async\" class=\"xz74otr lazyload\" data-src=\"https:\/\/static.xx.fbcdn.net\/images\/emoji.php\/v9\/t4c\/1\/16\/25aa.png\" alt=\"\u25aa\ufe0f\" width=\"16\" height=\"16\" src=\"data:image\/svg+xml;base64,PHN2ZyB3aWR0aD0iMSIgaGVpZ2h0PSIxIiB4bWxucz0iaHR0cDovL3d3dy53My5vcmcvMjAwMC9zdmciPjwvc3ZnPg==\" style=\"--smush-placeholder-width: 16px; --smush-placeholder-aspect-ratio: 16\/16;\" \/><\/span>Mi\u00e9rcoles 29 de enero: paseo por Padre Lamy con los ni\u00f1os y ni\u00f1as de 6 y 7 a\u00f1os. Deben llevarlos y retirarlos en ese lugar.<\/div>\n<\/div>\n<div class=\"x11i5rnm xat24cr x1mh8g0r x1vvkbs xtlvy1s x126k92a\">\n<div dir=\"auto\"><span class=\"html-span xexx8yu x4uap5 x18d9i69 xkhd6sd x1hl2dhg x16tdsg8 x1vvkbs x3nfvp2 x1j61x8r x1fcty0u xdj266r xat24cr xgzva0m xhhsvwb xxymvpz xlup9mm x1kky2od\"><img decoding=\"async\" class=\"xz74otr lazyload\" data-src=\"https:\/\/static.xx.fbcdn.net\/images\/emoji.php\/v9\/t4c\/1\/16\/25aa.png\" alt=\"\u25aa\ufe0f\" width=\"16\" height=\"16\" src=\"data:image\/svg+xml;base64,PHN2ZyB3aWR0aD0iMSIgaGVpZ2h0PSIxIiB4bWxucz0iaHR0cDovL3d3dy53My5vcmcvMjAwMC9zdmciPjwvc3ZnPg==\" style=\"--smush-placeholder-width: 16px; --smush-placeholder-aspect-ratio: 16\/16;\" \/><\/span>Jueves 30 de enero: jornada pre-campamentil en el predio de la Escuela Alberdi con el grupo de 8 y 9 a\u00f1os. Deben llevarlos y retirarlos en ese lugar.<\/div>\n<\/div>\n<div class=\"x11i5rnm xat24cr x1mh8g0r x1vvkbs xtlvy1s x126k92a\">\n<div dir=\"auto\"><span class=\"html-span xexx8yu x4uap5 x18d9i69 xkhd6sd x1hl2dhg x16tdsg8 x1vvkbs x3nfvp2 x1j61x8r x1fcty0u xdj266r xat24cr xgzva0m xhhsvwb xxymvpz xlup9mm x1kky2od\"><img decoding=\"async\" class=\"xz74otr lazyload\" data-src=\"https:\/\/static.xx.fbcdn.net\/images\/emoji.php\/v9\/t4c\/1\/16\/25aa.png\" alt=\"\u25aa\ufe0f\" width=\"16\" height=\"16\" src=\"data:image\/svg+xml;base64,PHN2ZyB3aWR0aD0iMSIgaGVpZ2h0PSIxIiB4bWxucz0iaHR0cDovL3d3dy53My5vcmcvMjAwMC9zdmciPjwvc3ZnPg==\" style=\"--smush-placeholder-width: 16px; --smush-placeholder-aspect-ratio: 16\/16;\" \/><\/span>Vienes 31 de enero: Paseo por Escuela Alberdi con el grupo de 4 y 5 a\u00f1os. Deben llevarlos y retirarlos en ese lugar.<\/div>\n<\/div>\n","protected":false},"excerpt":{"rendered":"<p>Comienza la etapa de cierre de la Escuela de Nataci\u00f3n y Vida en la Naturaleza con actividades pensadas para las diferentes edades. Por este motivo no habr\u00e1 encuentros la semana que viene en el horario habitual, sino que cada grupo deber\u00e1 asistir a &hellip;<\/p>\n","protected":false},"author":3,"featured_media":5191,"comment_status":"closed","ping_status":"closed","sticky":false,"template":"","format":"standard","meta":{"footnotes":""},"categories":[1],"tags":[],"class_list":["post-5190","post","type-post","status-publish","format-standard","has-post-thumbnail","hentry","category-municipio"],"yoast_head":"<!-- This site is optimized with the Yoast SEO plugin v27.5 - https:\/\/yoast.com\/product\/yoast-seo-wordpress\/ -->\n<title>La colonia de vacaciones cierra sus actividades con paseos y un campamento - Municipio de Oro Verde<\/title>\n<meta name=\"robots\" content=\"index, follow, max-snippet:-1, max-image-preview:large, max-video-preview:-1\" \/>\n<link rel=\"canonical\" href=\"https:\/\/oroverde.gob.ar\/portal\/la-colonia-de-vacaciones-cierra-sus-actividades-con-paseos-y-un-campamento\/\" \/>\n<meta property=\"og:locale\" content=\"es_ES\" \/>\n<meta property=\"og:type\" content=\"article\" \/>\n<meta property=\"og:title\" content=\"La colonia de vacaciones cierra sus actividades con paseos y un campamento - Municipio de Oro Verde\" \/>\n<meta property=\"og:description\" content=\"Comienza la etapa de cierre de la Escuela de Nataci\u00f3n y Vida en la Naturaleza con actividades pensadas para las diferentes edades. Por este motivo no habr\u00e1 encuentros la semana que viene en el horario habitual, sino que cada grupo deber\u00e1 asistir a &hellip;\" \/>\n<meta property=\"og:url\" content=\"https:\/\/oroverde.gob.ar\/portal\/la-colonia-de-vacaciones-cierra-sus-actividades-con-paseos-y-un-campamento\/\" \/>\n<meta property=\"og:site_name\" content=\"Municipio de Oro Verde\" \/>\n<meta property=\"article:published_time\" content=\"2025-01-22T16:11:08+00:00\" \/>\n<meta property=\"article:modified_time\" content=\"2025-01-22T16:17:47+00:00\" \/>\n<meta property=\"og:image\" content=\"https:\/\/oroverde.gob.ar\/portal\/wp-content\/uploads\/2025\/01\/d95cda89-ccd0-4e62-8e14-63bc72b06776.jpeg\" \/>\n\t<meta property=\"og:image:width\" content=\"1600\" \/>\n\t<meta property=\"og:image:height\" content=\"960\" \/>\n\t<meta property=\"og:image:type\" content=\"image\/jpeg\" \/>\n<meta name=\"author\" content=\"Soledad\" \/>\n<meta name=\"twitter:card\" content=\"summary_large_image\" \/>\n<meta name=\"twitter:label1\" content=\"Escrito por\" \/>\n\t<meta name=\"twitter:data1\" content=\"Soledad\" \/>\n\t<meta name=\"twitter:label2\" content=\"Tiempo de lectura\" \/>\n\t<meta name=\"twitter:data2\" content=\"2 minutos\" \/>\n<script type=\"application\/ld+json\" class=\"yoast-schema-graph\">{\"@context\":\"https:\\\/\\\/schema.org\",\"@graph\":[{\"@type\":\"Article\",\"@id\":\"https:\\\/\\\/oroverde.gob.ar\\\/portal\\\/la-colonia-de-vacaciones-cierra-sus-actividades-con-paseos-y-un-campamento\\\/#article\",\"isPartOf\":{\"@id\":\"https:\\\/\\\/oroverde.gob.ar\\\/portal\\\/la-colonia-de-vacaciones-cierra-sus-actividades-con-paseos-y-un-campamento\\\/\"},\"author\":{\"name\":\"Soledad\",\"@id\":\"https:\\\/\\\/oroverde.gob.ar\\\/portal\\\/#\\\/schema\\\/person\\\/b975e0cbcd43b7dcf9c64511ec84f10f\"},\"headline\":\"La colonia de vacaciones cierra sus actividades con paseos y un campamento\",\"datePublished\":\"2025-01-22T16:11:08+00:00\",\"dateModified\":\"2025-01-22T16:17:47+00:00\",\"mainEntityOfPage\":{\"@id\":\"https:\\\/\\\/oroverde.gob.ar\\\/portal\\\/la-colonia-de-vacaciones-cierra-sus-actividades-con-paseos-y-un-campamento\\\/\"},\"wordCount\":200,\"publisher\":{\"@id\":\"https:\\\/\\\/oroverde.gob.ar\\\/portal\\\/#organization\"},\"image\":{\"@id\":\"https:\\\/\\\/oroverde.gob.ar\\\/portal\\\/la-colonia-de-vacaciones-cierra-sus-actividades-con-paseos-y-un-campamento\\\/#primaryimage\"},\"thumbnailUrl\":\"https:\\\/\\\/oroverde.gob.ar\\\/portal\\\/wp-content\\\/uploads\\\/2025\\\/01\\\/d95cda89-ccd0-4e62-8e14-63bc72b06776.jpeg\",\"articleSection\":[\"Municipio\"],\"inLanguage\":\"es\"},{\"@type\":\"WebPage\",\"@id\":\"https:\\\/\\\/oroverde.gob.ar\\\/portal\\\/la-colonia-de-vacaciones-cierra-sus-actividades-con-paseos-y-un-campamento\\\/\",\"url\":\"https:\\\/\\\/oroverde.gob.ar\\\/portal\\\/la-colonia-de-vacaciones-cierra-sus-actividades-con-paseos-y-un-campamento\\\/\",\"name\":\"La colonia de vacaciones cierra sus actividades con paseos y un campamento - Municipio de Oro Verde\",\"isPartOf\":{\"@id\":\"https:\\\/\\\/oroverde.gob.ar\\\/portal\\\/#website\"},\"primaryImageOfPage\":{\"@id\":\"https:\\\/\\\/oroverde.gob.ar\\\/portal\\\/la-colonia-de-vacaciones-cierra-sus-actividades-con-paseos-y-un-campamento\\\/#primaryimage\"},\"image\":{\"@id\":\"https:\\\/\\\/oroverde.gob.ar\\\/portal\\\/la-colonia-de-vacaciones-cierra-sus-actividades-con-paseos-y-un-campamento\\\/#primaryimage\"},\"thumbnailUrl\":\"https:\\\/\\\/oroverde.gob.ar\\\/portal\\\/wp-content\\\/uploads\\\/2025\\\/01\\\/d95cda89-ccd0-4e62-8e14-63bc72b06776.jpeg\",\"datePublished\":\"2025-01-22T16:11:08+00:00\",\"dateModified\":\"2025-01-22T16:17:47+00:00\",\"breadcrumb\":{\"@id\":\"https:\\\/\\\/oroverde.gob.ar\\\/portal\\\/la-colonia-de-vacaciones-cierra-sus-actividades-con-paseos-y-un-campamento\\\/#breadcrumb\"},\"inLanguage\":\"es\",\"potentialAction\":[{\"@type\":\"ReadAction\",\"target\":[\"https:\\\/\\\/oroverde.gob.ar\\\/portal\\\/la-colonia-de-vacaciones-cierra-sus-actividades-con-paseos-y-un-campamento\\\/\"]}]},{\"@type\":\"ImageObject\",\"inLanguage\":\"es\",\"@id\":\"https:\\\/\\\/oroverde.gob.ar\\\/portal\\\/la-colonia-de-vacaciones-cierra-sus-actividades-con-paseos-y-un-campamento\\\/#primaryimage\",\"url\":\"https:\\\/\\\/oroverde.gob.ar\\\/portal\\\/wp-content\\\/uploads\\\/2025\\\/01\\\/d95cda89-ccd0-4e62-8e14-63bc72b06776.jpeg\",\"contentUrl\":\"https:\\\/\\\/oroverde.gob.ar\\\/portal\\\/wp-content\\\/uploads\\\/2025\\\/01\\\/d95cda89-ccd0-4e62-8e14-63bc72b06776.jpeg\",\"width\":1600,\"height\":960},{\"@type\":\"BreadcrumbList\",\"@id\":\"https:\\\/\\\/oroverde.gob.ar\\\/portal\\\/la-colonia-de-vacaciones-cierra-sus-actividades-con-paseos-y-un-campamento\\\/#breadcrumb\",\"itemListElement\":[{\"@type\":\"ListItem\",\"position\":1,\"name\":\"Portada\",\"item\":\"https:\\\/\\\/oroverde.gob.ar\\\/portal\\\/\"},{\"@type\":\"ListItem\",\"position\":2,\"name\":\"La colonia de vacaciones cierra sus actividades con paseos y un campamento\"}]},{\"@type\":\"WebSite\",\"@id\":\"https:\\\/\\\/oroverde.gob.ar\\\/portal\\\/#website\",\"url\":\"https:\\\/\\\/oroverde.gob.ar\\\/portal\\\/\",\"name\":\"Municipio de Oro Verde\",\"description\":\"Web Oficial\",\"publisher\":{\"@id\":\"https:\\\/\\\/oroverde.gob.ar\\\/portal\\\/#organization\"},\"potentialAction\":[{\"@type\":\"SearchAction\",\"target\":{\"@type\":\"EntryPoint\",\"urlTemplate\":\"https:\\\/\\\/oroverde.gob.ar\\\/portal\\\/?s={search_term_string}\"},\"query-input\":{\"@type\":\"PropertyValueSpecification\",\"valueRequired\":true,\"valueName\":\"search_term_string\"}}],\"inLanguage\":\"es\"},{\"@type\":\"Organization\",\"@id\":\"https:\\\/\\\/oroverde.gob.ar\\\/portal\\\/#organization\",\"name\":\"Municipio de Oro Verde\",\"url\":\"https:\\\/\\\/oroverde.gob.ar\\\/portal\\\/\",\"logo\":{\"@type\":\"ImageObject\",\"inLanguage\":\"es\",\"@id\":\"https:\\\/\\\/oroverde.gob.ar\\\/portal\\\/#\\\/schema\\\/logo\\\/image\\\/\",\"url\":\"https:\\\/\\\/oroverde.gob.ar\\\/portal\\\/wp-content\\\/uploads\\\/2024\\\/06\\\/cropped-cropped-logo-1.png\",\"contentUrl\":\"https:\\\/\\\/oroverde.gob.ar\\\/portal\\\/wp-content\\\/uploads\\\/2024\\\/06\\\/cropped-cropped-logo-1.png\",\"width\":1776,\"height\":738,\"caption\":\"Municipio de Oro Verde\"},\"image\":{\"@id\":\"https:\\\/\\\/oroverde.gob.ar\\\/portal\\\/#\\\/schema\\\/logo\\\/image\\\/\"}},{\"@type\":\"Person\",\"@id\":\"https:\\\/\\\/oroverde.gob.ar\\\/portal\\\/#\\\/schema\\\/person\\\/b975e0cbcd43b7dcf9c64511ec84f10f\",\"name\":\"Soledad\",\"image\":{\"@type\":\"ImageObject\",\"inLanguage\":\"es\",\"@id\":\"https:\\\/\\\/secure.gravatar.com\\\/avatar\\\/b2f5b6cda565395f31dc94c95932b9b3fbe6275bad58a1579843d3d1607d4a66?s=96&d=mm&r=g\",\"url\":\"https:\\\/\\\/secure.gravatar.com\\\/avatar\\\/b2f5b6cda565395f31dc94c95932b9b3fbe6275bad58a1579843d3d1607d4a66?s=96&d=mm&r=g\",\"contentUrl\":\"https:\\\/\\\/secure.gravatar.com\\\/avatar\\\/b2f5b6cda565395f31dc94c95932b9b3fbe6275bad58a1579843d3d1607d4a66?s=96&d=mm&r=g\",\"caption\":\"Soledad\"},\"url\":\"https:\\\/\\\/oroverde.gob.ar\\\/portal\\\/author\\\/soledad\\\/\"}]}<\/script>\n<!-- \/ Yoast SEO plugin. -->","yoast_head_json":{"title":"La colonia de vacaciones cierra sus actividades con paseos y un campamento - Municipio de Oro Verde","robots":{"index":"index","follow":"follow","max-snippet":"max-snippet:-1","max-image-preview":"max-image-preview:large","max-video-preview":"max-video-preview:-1"},"canonical":"https:\/\/oroverde.gob.ar\/portal\/la-colonia-de-vacaciones-cierra-sus-actividades-con-paseos-y-un-campamento\/","og_locale":"es_ES","og_type":"article","og_title":"La colonia de vacaciones cierra sus actividades con paseos y un campamento - Municipio de Oro Verde","og_description":"Comienza la etapa de cierre de la Escuela de Nataci\u00f3n y Vida en la Naturaleza con actividades pensadas para las diferentes edades. Por este motivo no habr\u00e1 encuentros la semana que viene en el horario habitual, sino que cada grupo deber\u00e1 asistir a &hellip;","og_url":"https:\/\/oroverde.gob.ar\/portal\/la-colonia-de-vacaciones-cierra-sus-actividades-con-paseos-y-un-campamento\/","og_site_name":"Municipio de Oro Verde","article_published_time":"2025-01-22T16:11:08+00:00","article_modified_time":"2025-01-22T16:17:47+00:00","og_image":[{"width":1600,"height":960,"url":"https:\/\/oroverde.gob.ar\/portal\/wp-content\/uploads\/2025\/01\/d95cda89-ccd0-4e62-8e14-63bc72b06776.jpeg","type":"image\/jpeg"}],"author":"Soledad","twitter_card":"summary_large_image","twitter_misc":{"Escrito por":"Soledad","Tiempo de lectura":"2 minutos"},"schema":{"@context":"https:\/\/schema.org","@graph":[{"@type":"Article","@id":"https:\/\/oroverde.gob.ar\/portal\/la-colonia-de-vacaciones-cierra-sus-actividades-con-paseos-y-un-campamento\/#article","isPartOf":{"@id":"https:\/\/oroverde.gob.ar\/portal\/la-colonia-de-vacaciones-cierra-sus-actividades-con-paseos-y-un-campamento\/"},"author":{"name":"Soledad","@id":"https:\/\/oroverde.gob.ar\/portal\/#\/schema\/person\/b975e0cbcd43b7dcf9c64511ec84f10f"},"headline":"La colonia de vacaciones cierra sus actividades con paseos y un campamento","datePublished":"2025-01-22T16:11:08+00:00","dateModified":"2025-01-22T16:17:47+00:00","mainEntityOfPage":{"@id":"https:\/\/oroverde.gob.ar\/portal\/la-colonia-de-vacaciones-cierra-sus-actividades-con-paseos-y-un-campamento\/"},"wordCount":200,"publisher":{"@id":"https:\/\/oroverde.gob.ar\/portal\/#organization"},"image":{"@id":"https:\/\/oroverde.gob.ar\/portal\/la-colonia-de-vacaciones-cierra-sus-actividades-con-paseos-y-un-campamento\/#primaryimage"},"thumbnailUrl":"https:\/\/oroverde.gob.ar\/portal\/wp-content\/uploads\/2025\/01\/d95cda89-ccd0-4e62-8e14-63bc72b06776.jpeg","articleSection":["Municipio"],"inLanguage":"es"},{"@type":"WebPage","@id":"https:\/\/oroverde.gob.ar\/portal\/la-colonia-de-vacaciones-cierra-sus-actividades-con-paseos-y-un-campamento\/","url":"https:\/\/oroverde.gob.ar\/portal\/la-colonia-de-vacaciones-cierra-sus-actividades-con-paseos-y-un-campamento\/","name":"La colonia de vacaciones cierra sus actividades con paseos y un campamento - Municipio de Oro Verde","isPartOf":{"@id":"https:\/\/oroverde.gob.ar\/portal\/#website"},"primaryImageOfPage":{"@id":"https:\/\/oroverde.gob.ar\/portal\/la-colonia-de-vacaciones-cierra-sus-actividades-con-paseos-y-un-campamento\/#primaryimage"},"image":{"@id":"https:\/\/oroverde.gob.ar\/portal\/la-colonia-de-vacaciones-cierra-sus-actividades-con-paseos-y-un-campamento\/#primaryimage"},"thumbnailUrl":"https:\/\/oroverde.gob.ar\/portal\/wp-content\/uploads\/2025\/01\/d95cda89-ccd0-4e62-8e14-63bc72b06776.jpeg","datePublished":"2025-01-22T16:11:08+00:00","dateModified":"2025-01-22T16:17:47+00:00","breadcrumb":{"@id":"https:\/\/oroverde.gob.ar\/portal\/la-colonia-de-vacaciones-cierra-sus-actividades-con-paseos-y-un-campamento\/#breadcrumb"},"inLanguage":"es","potentialAction":[{"@type":"ReadAction","target":["https:\/\/oroverde.gob.ar\/portal\/la-colonia-de-vacaciones-cierra-sus-actividades-con-paseos-y-un-campamento\/"]}]},{"@type":"ImageObject","inLanguage":"es","@id":"https:\/\/oroverde.gob.ar\/portal\/la-colonia-de-vacaciones-cierra-sus-actividades-con-paseos-y-un-campamento\/#primaryimage","url":"https:\/\/oroverde.gob.ar\/portal\/wp-content\/uploads\/2025\/01\/d95cda89-ccd0-4e62-8e14-63bc72b06776.jpeg","contentUrl":"https:\/\/oroverde.gob.ar\/portal\/wp-content\/uploads\/2025\/01\/d95cda89-ccd0-4e62-8e14-63bc72b06776.jpeg","width":1600,"height":960},{"@type":"BreadcrumbList","@id":"https:\/\/oroverde.gob.ar\/portal\/la-colonia-de-vacaciones-cierra-sus-actividades-con-paseos-y-un-campamento\/#breadcrumb","itemListElement":[{"@type":"ListItem","position":1,"name":"Portada","item":"https:\/\/oroverde.gob.ar\/portal\/"},{"@type":"ListItem","position":2,"name":"La colonia de vacaciones cierra sus actividades con paseos y un campamento"}]},{"@type":"WebSite","@id":"https:\/\/oroverde.gob.ar\/portal\/#website","url":"https:\/\/oroverde.gob.ar\/portal\/","name":"Municipio de Oro Verde","description":"Web Oficial","publisher":{"@id":"https:\/\/oroverde.gob.ar\/portal\/#organization"},"potentialAction":[{"@type":"SearchAction","target":{"@type":"EntryPoint","urlTemplate":"https:\/\/oroverde.gob.ar\/portal\/?s={search_term_string}"},"query-input":{"@type":"PropertyValueSpecification","valueRequired":true,"valueName":"search_term_string"}}],"inLanguage":"es"},{"@type":"Organization","@id":"https:\/\/oroverde.gob.ar\/portal\/#organization","name":"Municipio de Oro Verde","url":"https:\/\/oroverde.gob.ar\/portal\/","logo":{"@type":"ImageObject","inLanguage":"es","@id":"https:\/\/oroverde.gob.ar\/portal\/#\/schema\/logo\/image\/","url":"https:\/\/oroverde.gob.ar\/portal\/wp-content\/uploads\/2024\/06\/cropped-cropped-logo-1.png","contentUrl":"https:\/\/oroverde.gob.ar\/portal\/wp-content\/uploads\/2024\/06\/cropped-cropped-logo-1.png","width":1776,"height":738,"caption":"Municipio de Oro Verde"},"image":{"@id":"https:\/\/oroverde.gob.ar\/portal\/#\/schema\/logo\/image\/"}},{"@type":"Person","@id":"https:\/\/oroverde.gob.ar\/portal\/#\/schema\/person\/b975e0cbcd43b7dcf9c64511ec84f10f","name":"Soledad","image":{"@type":"ImageObject","inLanguage":"es","@id":"https:\/\/secure.gravatar.com\/avatar\/b2f5b6cda565395f31dc94c95932b9b3fbe6275bad58a1579843d3d1607d4a66?s=96&d=mm&r=g","url":"https:\/\/secure.gravatar.com\/avatar\/b2f5b6cda565395f31dc94c95932b9b3fbe6275bad58a1579843d3d1607d4a66?s=96&d=mm&r=g","contentUrl":"https:\/\/secure.gravatar.com\/avatar\/b2f5b6cda565395f31dc94c95932b9b3fbe6275bad58a1579843d3d1607d4a66?s=96&d=mm&r=g","caption":"Soledad"},"url":"https:\/\/oroverde.gob.ar\/portal\/author\/soledad\/"}]}},"_links":{"self":[{"href":"https:\/\/oroverde.gob.ar\/portal\/wp-json\/wp\/v2\/posts\/5190","targetHints":{"allow":["GET"]}}],"collection":[{"href":"https:\/\/oroverde.gob.ar\/portal\/wp-json\/wp\/v2\/posts"}],"about":[{"href":"https:\/\/oroverde.gob.ar\/portal\/wp-json\/wp\/v2\/types\/post"}],"author":[{"embeddable":true,"href":"https:\/\/oroverde.gob.ar\/portal\/wp-json\/wp\/v2\/users\/3"}],"replies":[{"embeddable":true,"href":"https:\/\/oroverde.gob.ar\/portal\/wp-json\/wp\/v2\/comments?post=5190"}],"version-history":[{"count":2,"href":"https:\/\/oroverde.gob.ar\/portal\/wp-json\/wp\/v2\/posts\/5190\/revisions"}],"predecessor-version":[{"id":5195,"href":"https:\/\/oroverde.gob.ar\/portal\/wp-json\/wp\/v2\/posts\/5190\/revisions\/5195"}],"wp:featuredmedia":[{"embeddable":true,"href":"https:\/\/oroverde.gob.ar\/portal\/wp-json\/wp\/v2\/media\/5191"}],"wp:attachment":[{"href":"https:\/\/oroverde.gob.ar\/portal\/wp-json\/wp\/v2\/media?parent=5190"}],"wp:term":[{"taxonomy":"category","embeddable":true,"href":"https:\/\/oroverde.gob.ar\/portal\/wp-json\/wp\/v2\/categories?post=5190"},{"taxonomy":"post_tag","embeddable":true,"href":"https:\/\/oroverde.gob.ar\/portal\/wp-json\/wp\/v2\/tags?post=5190"}],"curies":[{"name":"wp","href":"https:\/\/api.w.org\/{rel}","templated":true}]}}