{"id":5233,"date":"2025-01-27T12:56:12","date_gmt":"2025-01-27T15:56:12","guid":{"rendered":"https:\/\/oroverde.gob.ar\/portal\/?p=5233"},"modified":"2025-01-27T12:56:12","modified_gmt":"2025-01-27T15:56:12","slug":"renuevan-la-entrada-al-predio-multieventos-con-una-rampa-y-escalera-de-hormigon","status":"publish","type":"post","link":"https:\/\/oroverde.gob.ar\/portal\/renuevan-la-entrada-al-predio-multieventos-con-una-rampa-y-escalera-de-hormigon\/","title":{"rendered":"Renuevan la entrada al predio Multieventos con una rampa y escalera de hormig\u00f3n"},"content":{"rendered":"<div dir=\"auto\">El Municipio prepara el predio multieventos de cara a la nueva edici\u00f3n de la Fiesta Oro Verde Canta y Baila. Construyen una rampa para bajar al sector del p\u00fablico y una escalera con pasamanos para mejorar el acceso en la intersecci\u00f3n de Los Tordos y Los Sauces.<\/div>\n<div class=\"x11i5rnm xat24cr x1mh8g0r x1vvkbs xtlvy1s x126k92a\">\n<div dir=\"auto\">Forma parte de la mejora de este espacio p\u00fablico que se fue transformando en el coraz\u00f3n de los eventos culturales de la localidad. Adem\u00e1s, se parquizar\u00e1 para que pueda seguir utiliz\u00e1ndose durante todo el a\u00f1o como espacio verde.<\/div>\n<\/div>\n","protected":false},"excerpt":{"rendered":"<p>El Municipio prepara el predio multieventos de cara a la nueva edici\u00f3n de la Fiesta Oro Verde Canta y Baila. Construyen una rampa para bajar al sector del p\u00fablico y una escalera con pasamanos para mejorar el acceso en la intersecci\u00f3n de Los &hellip;<\/p>\n","protected":false},"author":3,"featured_media":5234,"comment_status":"closed","ping_status":"closed","sticky":false,"template":"","format":"standard","meta":{"footnotes":""},"categories":[1],"tags":[],"class_list":["post-5233","post","type-post","status-publish","format-standard","has-post-thumbnail","hentry","category-municipio"],"yoast_head":"<!-- This site is optimized with the Yoast SEO plugin v27.5 - https:\/\/yoast.com\/product\/yoast-seo-wordpress\/ -->\n<title>Renuevan la entrada al predio Multieventos con una rampa y escalera de hormig\u00f3n - Municipio de Oro Verde<\/title>\n<meta name=\"robots\" content=\"index, follow, max-snippet:-1, max-image-preview:large, max-video-preview:-1\" \/>\n<link rel=\"canonical\" href=\"https:\/\/oroverde.gob.ar\/portal\/renuevan-la-entrada-al-predio-multieventos-con-una-rampa-y-escalera-de-hormigon\/\" \/>\n<meta property=\"og:locale\" content=\"es_ES\" \/>\n<meta property=\"og:type\" content=\"article\" \/>\n<meta property=\"og:title\" content=\"Renuevan la entrada al predio Multieventos con una rampa y escalera de hormig\u00f3n - Municipio de Oro Verde\" \/>\n<meta property=\"og:description\" content=\"El Municipio prepara el predio multieventos de cara a la nueva edici\u00f3n de la Fiesta Oro Verde Canta y Baila. Construyen una rampa para bajar al sector del p\u00fablico y una escalera con pasamanos para mejorar el acceso en la intersecci\u00f3n de Los &hellip;\" \/>\n<meta property=\"og:url\" content=\"https:\/\/oroverde.gob.ar\/portal\/renuevan-la-entrada-al-predio-multieventos-con-una-rampa-y-escalera-de-hormigon\/\" \/>\n<meta property=\"og:site_name\" content=\"Municipio de Oro Verde\" \/>\n<meta property=\"article:published_time\" content=\"2025-01-27T15:56:12+00:00\" \/>\n<meta property=\"og:image\" content=\"https:\/\/oroverde.gob.ar\/portal\/wp-content\/uploads\/2025\/01\/DSC0493-scaled.jpg\" \/>\n\t<meta property=\"og:image:width\" content=\"2560\" \/>\n\t<meta property=\"og:image:height\" content=\"1708\" \/>\n\t<meta property=\"og:image:type\" content=\"image\/jpeg\" \/>\n<meta name=\"author\" content=\"Soledad\" \/>\n<meta name=\"twitter:card\" content=\"summary_large_image\" \/>\n<meta name=\"twitter:label1\" content=\"Escrito por\" \/>\n\t<meta name=\"twitter:data1\" content=\"Soledad\" \/>\n\t<meta name=\"twitter:label2\" content=\"Tiempo de lectura\" \/>\n\t<meta name=\"twitter:data2\" content=\"1 minuto\" \/>\n<script type=\"application\/ld+json\" class=\"yoast-schema-graph\">{\"@context\":\"https:\\\/\\\/schema.org\",\"@graph\":[{\"@type\":\"Article\",\"@id\":\"https:\\\/\\\/oroverde.gob.ar\\\/portal\\\/renuevan-la-entrada-al-predio-multieventos-con-una-rampa-y-escalera-de-hormigon\\\/#article\",\"isPartOf\":{\"@id\":\"https:\\\/\\\/oroverde.gob.ar\\\/portal\\\/renuevan-la-entrada-al-predio-multieventos-con-una-rampa-y-escalera-de-hormigon\\\/\"},\"author\":{\"name\":\"Soledad\",\"@id\":\"https:\\\/\\\/oroverde.gob.ar\\\/portal\\\/#\\\/schema\\\/person\\\/b975e0cbcd43b7dcf9c64511ec84f10f\"},\"headline\":\"Renuevan la entrada al predio Multieventos con una rampa y escalera de hormig\u00f3n\",\"datePublished\":\"2025-01-27T15:56:12+00:00\",\"mainEntityOfPage\":{\"@id\":\"https:\\\/\\\/oroverde.gob.ar\\\/portal\\\/renuevan-la-entrada-al-predio-multieventos-con-una-rampa-y-escalera-de-hormigon\\\/\"},\"wordCount\":107,\"publisher\":{\"@id\":\"https:\\\/\\\/oroverde.gob.ar\\\/portal\\\/#organization\"},\"image\":{\"@id\":\"https:\\\/\\\/oroverde.gob.ar\\\/portal\\\/renuevan-la-entrada-al-predio-multieventos-con-una-rampa-y-escalera-de-hormigon\\\/#primaryimage\"},\"thumbnailUrl\":\"https:\\\/\\\/oroverde.gob.ar\\\/portal\\\/wp-content\\\/uploads\\\/2025\\\/01\\\/DSC0493-scaled.jpg\",\"articleSection\":[\"Municipio\"],\"inLanguage\":\"es\"},{\"@type\":\"WebPage\",\"@id\":\"https:\\\/\\\/oroverde.gob.ar\\\/portal\\\/renuevan-la-entrada-al-predio-multieventos-con-una-rampa-y-escalera-de-hormigon\\\/\",\"url\":\"https:\\\/\\\/oroverde.gob.ar\\\/portal\\\/renuevan-la-entrada-al-predio-multieventos-con-una-rampa-y-escalera-de-hormigon\\\/\",\"name\":\"Renuevan la entrada al predio Multieventos con una rampa y escalera de hormig\u00f3n - Municipio de Oro Verde\",\"isPartOf\":{\"@id\":\"https:\\\/\\\/oroverde.gob.ar\\\/portal\\\/#website\"},\"primaryImageOfPage\":{\"@id\":\"https:\\\/\\\/oroverde.gob.ar\\\/portal\\\/renuevan-la-entrada-al-predio-multieventos-con-una-rampa-y-escalera-de-hormigon\\\/#primaryimage\"},\"image\":{\"@id\":\"https:\\\/\\\/oroverde.gob.ar\\\/portal\\\/renuevan-la-entrada-al-predio-multieventos-con-una-rampa-y-escalera-de-hormigon\\\/#primaryimage\"},\"thumbnailUrl\":\"https:\\\/\\\/oroverde.gob.ar\\\/portal\\\/wp-content\\\/uploads\\\/2025\\\/01\\\/DSC0493-scaled.jpg\",\"datePublished\":\"2025-01-27T15:56:12+00:00\",\"breadcrumb\":{\"@id\":\"https:\\\/\\\/oroverde.gob.ar\\\/portal\\\/renuevan-la-entrada-al-predio-multieventos-con-una-rampa-y-escalera-de-hormigon\\\/#breadcrumb\"},\"inLanguage\":\"es\",\"potentialAction\":[{\"@type\":\"ReadAction\",\"target\":[\"https:\\\/\\\/oroverde.gob.ar\\\/portal\\\/renuevan-la-entrada-al-predio-multieventos-con-una-rampa-y-escalera-de-hormigon\\\/\"]}]},{\"@type\":\"ImageObject\",\"inLanguage\":\"es\",\"@id\":\"https:\\\/\\\/oroverde.gob.ar\\\/portal\\\/renuevan-la-entrada-al-predio-multieventos-con-una-rampa-y-escalera-de-hormigon\\\/#primaryimage\",\"url\":\"https:\\\/\\\/oroverde.gob.ar\\\/portal\\\/wp-content\\\/uploads\\\/2025\\\/01\\\/DSC0493-scaled.jpg\",\"contentUrl\":\"https:\\\/\\\/oroverde.gob.ar\\\/portal\\\/wp-content\\\/uploads\\\/2025\\\/01\\\/DSC0493-scaled.jpg\",\"width\":2560,\"height\":1708},{\"@type\":\"BreadcrumbList\",\"@id\":\"https:\\\/\\\/oroverde.gob.ar\\\/portal\\\/renuevan-la-entrada-al-predio-multieventos-con-una-rampa-y-escalera-de-hormigon\\\/#breadcrumb\",\"itemListElement\":[{\"@type\":\"ListItem\",\"position\":1,\"name\":\"Portada\",\"item\":\"https:\\\/\\\/oroverde.gob.ar\\\/portal\\\/\"},{\"@type\":\"ListItem\",\"position\":2,\"name\":\"Renuevan la entrada al predio Multieventos con una rampa y escalera de hormig\u00f3n\"}]},{\"@type\":\"WebSite\",\"@id\":\"https:\\\/\\\/oroverde.gob.ar\\\/portal\\\/#website\",\"url\":\"https:\\\/\\\/oroverde.gob.ar\\\/portal\\\/\",\"name\":\"Municipio de Oro Verde\",\"description\":\"Web Oficial\",\"publisher\":{\"@id\":\"https:\\\/\\\/oroverde.gob.ar\\\/portal\\\/#organization\"},\"potentialAction\":[{\"@type\":\"SearchAction\",\"target\":{\"@type\":\"EntryPoint\",\"urlTemplate\":\"https:\\\/\\\/oroverde.gob.ar\\\/portal\\\/?s={search_term_string}\"},\"query-input\":{\"@type\":\"PropertyValueSpecification\",\"valueRequired\":true,\"valueName\":\"search_term_string\"}}],\"inLanguage\":\"es\"},{\"@type\":\"Organization\",\"@id\":\"https:\\\/\\\/oroverde.gob.ar\\\/portal\\\/#organization\",\"name\":\"Municipio de Oro Verde\",\"url\":\"https:\\\/\\\/oroverde.gob.ar\\\/portal\\\/\",\"logo\":{\"@type\":\"ImageObject\",\"inLanguage\":\"es\",\"@id\":\"https:\\\/\\\/oroverde.gob.ar\\\/portal\\\/#\\\/schema\\\/logo\\\/image\\\/\",\"url\":\"https:\\\/\\\/oroverde.gob.ar\\\/portal\\\/wp-content\\\/uploads\\\/2024\\\/06\\\/cropped-cropped-logo-1.png\",\"contentUrl\":\"https:\\\/\\\/oroverde.gob.ar\\\/portal\\\/wp-content\\\/uploads\\\/2024\\\/06\\\/cropped-cropped-logo-1.png\",\"width\":1776,\"height\":738,\"caption\":\"Municipio de Oro Verde\"},\"image\":{\"@id\":\"https:\\\/\\\/oroverde.gob.ar\\\/portal\\\/#\\\/schema\\\/logo\\\/image\\\/\"}},{\"@type\":\"Person\",\"@id\":\"https:\\\/\\\/oroverde.gob.ar\\\/portal\\\/#\\\/schema\\\/person\\\/b975e0cbcd43b7dcf9c64511ec84f10f\",\"name\":\"Soledad\",\"image\":{\"@type\":\"ImageObject\",\"inLanguage\":\"es\",\"@id\":\"https:\\\/\\\/secure.gravatar.com\\\/avatar\\\/b2f5b6cda565395f31dc94c95932b9b3fbe6275bad58a1579843d3d1607d4a66?s=96&d=mm&r=g\",\"url\":\"https:\\\/\\\/secure.gravatar.com\\\/avatar\\\/b2f5b6cda565395f31dc94c95932b9b3fbe6275bad58a1579843d3d1607d4a66?s=96&d=mm&r=g\",\"contentUrl\":\"https:\\\/\\\/secure.gravatar.com\\\/avatar\\\/b2f5b6cda565395f31dc94c95932b9b3fbe6275bad58a1579843d3d1607d4a66?s=96&d=mm&r=g\",\"caption\":\"Soledad\"},\"url\":\"https:\\\/\\\/oroverde.gob.ar\\\/portal\\\/author\\\/soledad\\\/\"}]}<\/script>\n<!-- \/ Yoast SEO plugin. -->","yoast_head_json":{"title":"Renuevan la entrada al predio Multieventos con una rampa y escalera de hormig\u00f3n - Municipio de Oro Verde","robots":{"index":"index","follow":"follow","max-snippet":"max-snippet:-1","max-image-preview":"max-image-preview:large","max-video-preview":"max-video-preview:-1"},"canonical":"https:\/\/oroverde.gob.ar\/portal\/renuevan-la-entrada-al-predio-multieventos-con-una-rampa-y-escalera-de-hormigon\/","og_locale":"es_ES","og_type":"article","og_title":"Renuevan la entrada al predio Multieventos con una rampa y escalera de hormig\u00f3n - Municipio de Oro Verde","og_description":"El Municipio prepara el predio multieventos de cara a la nueva edici\u00f3n de la Fiesta Oro Verde Canta y Baila. Construyen una rampa para bajar al sector del p\u00fablico y una escalera con pasamanos para mejorar el acceso en la intersecci\u00f3n de Los &hellip;","og_url":"https:\/\/oroverde.gob.ar\/portal\/renuevan-la-entrada-al-predio-multieventos-con-una-rampa-y-escalera-de-hormigon\/","og_site_name":"Municipio de Oro Verde","article_published_time":"2025-01-27T15:56:12+00:00","og_image":[{"width":2560,"height":1708,"url":"https:\/\/oroverde.gob.ar\/portal\/wp-content\/uploads\/2025\/01\/DSC0493-scaled.jpg","type":"image\/jpeg"}],"author":"Soledad","twitter_card":"summary_large_image","twitter_misc":{"Escrito por":"Soledad","Tiempo de lectura":"1 minuto"},"schema":{"@context":"https:\/\/schema.org","@graph":[{"@type":"Article","@id":"https:\/\/oroverde.gob.ar\/portal\/renuevan-la-entrada-al-predio-multieventos-con-una-rampa-y-escalera-de-hormigon\/#article","isPartOf":{"@id":"https:\/\/oroverde.gob.ar\/portal\/renuevan-la-entrada-al-predio-multieventos-con-una-rampa-y-escalera-de-hormigon\/"},"author":{"name":"Soledad","@id":"https:\/\/oroverde.gob.ar\/portal\/#\/schema\/person\/b975e0cbcd43b7dcf9c64511ec84f10f"},"headline":"Renuevan la entrada al predio Multieventos con una rampa y escalera de hormig\u00f3n","datePublished":"2025-01-27T15:56:12+00:00","mainEntityOfPage":{"@id":"https:\/\/oroverde.gob.ar\/portal\/renuevan-la-entrada-al-predio-multieventos-con-una-rampa-y-escalera-de-hormigon\/"},"wordCount":107,"publisher":{"@id":"https:\/\/oroverde.gob.ar\/portal\/#organization"},"image":{"@id":"https:\/\/oroverde.gob.ar\/portal\/renuevan-la-entrada-al-predio-multieventos-con-una-rampa-y-escalera-de-hormigon\/#primaryimage"},"thumbnailUrl":"https:\/\/oroverde.gob.ar\/portal\/wp-content\/uploads\/2025\/01\/DSC0493-scaled.jpg","articleSection":["Municipio"],"inLanguage":"es"},{"@type":"WebPage","@id":"https:\/\/oroverde.gob.ar\/portal\/renuevan-la-entrada-al-predio-multieventos-con-una-rampa-y-escalera-de-hormigon\/","url":"https:\/\/oroverde.gob.ar\/portal\/renuevan-la-entrada-al-predio-multieventos-con-una-rampa-y-escalera-de-hormigon\/","name":"Renuevan la entrada al predio Multieventos con una rampa y escalera de hormig\u00f3n - Municipio de Oro Verde","isPartOf":{"@id":"https:\/\/oroverde.gob.ar\/portal\/#website"},"primaryImageOfPage":{"@id":"https:\/\/oroverde.gob.ar\/portal\/renuevan-la-entrada-al-predio-multieventos-con-una-rampa-y-escalera-de-hormigon\/#primaryimage"},"image":{"@id":"https:\/\/oroverde.gob.ar\/portal\/renuevan-la-entrada-al-predio-multieventos-con-una-rampa-y-escalera-de-hormigon\/#primaryimage"},"thumbnailUrl":"https:\/\/oroverde.gob.ar\/portal\/wp-content\/uploads\/2025\/01\/DSC0493-scaled.jpg","datePublished":"2025-01-27T15:56:12+00:00","breadcrumb":{"@id":"https:\/\/oroverde.gob.ar\/portal\/renuevan-la-entrada-al-predio-multieventos-con-una-rampa-y-escalera-de-hormigon\/#breadcrumb"},"inLanguage":"es","potentialAction":[{"@type":"ReadAction","target":["https:\/\/oroverde.gob.ar\/portal\/renuevan-la-entrada-al-predio-multieventos-con-una-rampa-y-escalera-de-hormigon\/"]}]},{"@type":"ImageObject","inLanguage":"es","@id":"https:\/\/oroverde.gob.ar\/portal\/renuevan-la-entrada-al-predio-multieventos-con-una-rampa-y-escalera-de-hormigon\/#primaryimage","url":"https:\/\/oroverde.gob.ar\/portal\/wp-content\/uploads\/2025\/01\/DSC0493-scaled.jpg","contentUrl":"https:\/\/oroverde.gob.ar\/portal\/wp-content\/uploads\/2025\/01\/DSC0493-scaled.jpg","width":2560,"height":1708},{"@type":"BreadcrumbList","@id":"https:\/\/oroverde.gob.ar\/portal\/renuevan-la-entrada-al-predio-multieventos-con-una-rampa-y-escalera-de-hormigon\/#breadcrumb","itemListElement":[{"@type":"ListItem","position":1,"name":"Portada","item":"https:\/\/oroverde.gob.ar\/portal\/"},{"@type":"ListItem","position":2,"name":"Renuevan la entrada al predio Multieventos con una rampa y escalera de hormig\u00f3n"}]},{"@type":"WebSite","@id":"https:\/\/oroverde.gob.ar\/portal\/#website","url":"https:\/\/oroverde.gob.ar\/portal\/","name":"Municipio de Oro Verde","description":"Web Oficial","publisher":{"@id":"https:\/\/oroverde.gob.ar\/portal\/#organization"},"potentialAction":[{"@type":"SearchAction","target":{"@type":"EntryPoint","urlTemplate":"https:\/\/oroverde.gob.ar\/portal\/?s={search_term_string}"},"query-input":{"@type":"PropertyValueSpecification","valueRequired":true,"valueName":"search_term_string"}}],"inLanguage":"es"},{"@type":"Organization","@id":"https:\/\/oroverde.gob.ar\/portal\/#organization","name":"Municipio de Oro Verde","url":"https:\/\/oroverde.gob.ar\/portal\/","logo":{"@type":"ImageObject","inLanguage":"es","@id":"https:\/\/oroverde.gob.ar\/portal\/#\/schema\/logo\/image\/","url":"https:\/\/oroverde.gob.ar\/portal\/wp-content\/uploads\/2024\/06\/cropped-cropped-logo-1.png","contentUrl":"https:\/\/oroverde.gob.ar\/portal\/wp-content\/uploads\/2024\/06\/cropped-cropped-logo-1.png","width":1776,"height":738,"caption":"Municipio de Oro Verde"},"image":{"@id":"https:\/\/oroverde.gob.ar\/portal\/#\/schema\/logo\/image\/"}},{"@type":"Person","@id":"https:\/\/oroverde.gob.ar\/portal\/#\/schema\/person\/b975e0cbcd43b7dcf9c64511ec84f10f","name":"Soledad","image":{"@type":"ImageObject","inLanguage":"es","@id":"https:\/\/secure.gravatar.com\/avatar\/b2f5b6cda565395f31dc94c95932b9b3fbe6275bad58a1579843d3d1607d4a66?s=96&d=mm&r=g","url":"https:\/\/secure.gravatar.com\/avatar\/b2f5b6cda565395f31dc94c95932b9b3fbe6275bad58a1579843d3d1607d4a66?s=96&d=mm&r=g","contentUrl":"https:\/\/secure.gravatar.com\/avatar\/b2f5b6cda565395f31dc94c95932b9b3fbe6275bad58a1579843d3d1607d4a66?s=96&d=mm&r=g","caption":"Soledad"},"url":"https:\/\/oroverde.gob.ar\/portal\/author\/soledad\/"}]}},"_links":{"self":[{"href":"https:\/\/oroverde.gob.ar\/portal\/wp-json\/wp\/v2\/posts\/5233","targetHints":{"allow":["GET"]}}],"collection":[{"href":"https:\/\/oroverde.gob.ar\/portal\/wp-json\/wp\/v2\/posts"}],"about":[{"href":"https:\/\/oroverde.gob.ar\/portal\/wp-json\/wp\/v2\/types\/post"}],"author":[{"embeddable":true,"href":"https:\/\/oroverde.gob.ar\/portal\/wp-json\/wp\/v2\/users\/3"}],"replies":[{"embeddable":true,"href":"https:\/\/oroverde.gob.ar\/portal\/wp-json\/wp\/v2\/comments?post=5233"}],"version-history":[{"count":1,"href":"https:\/\/oroverde.gob.ar\/portal\/wp-json\/wp\/v2\/posts\/5233\/revisions"}],"predecessor-version":[{"id":5235,"href":"https:\/\/oroverde.gob.ar\/portal\/wp-json\/wp\/v2\/posts\/5233\/revisions\/5235"}],"wp:featuredmedia":[{"embeddable":true,"href":"https:\/\/oroverde.gob.ar\/portal\/wp-json\/wp\/v2\/media\/5234"}],"wp:attachment":[{"href":"https:\/\/oroverde.gob.ar\/portal\/wp-json\/wp\/v2\/media?parent=5233"}],"wp:term":[{"taxonomy":"category","embeddable":true,"href":"https:\/\/oroverde.gob.ar\/portal\/wp-json\/wp\/v2\/categories?post=5233"},{"taxonomy":"post_tag","embeddable":true,"href":"https:\/\/oroverde.gob.ar\/portal\/wp-json\/wp\/v2\/tags?post=5233"}],"curies":[{"name":"wp","href":"https:\/\/api.w.org\/{rel}","templated":true}]}}