{"id":5263,"date":"2025-02-07T11:20:59","date_gmt":"2025-02-07T14:20:59","guid":{"rendered":"https:\/\/oroverde.gob.ar\/portal\/?p=5263"},"modified":"2025-02-07T11:45:02","modified_gmt":"2025-02-07T14:45:02","slug":"clement-recibio-equipamiento-de-seguridad-vial-por-parte-del-ministro-roncaglia-que-ya-fue-entregado-al-area-de-transito","status":"publish","type":"post","link":"https:\/\/oroverde.gob.ar\/portal\/clement-recibio-equipamiento-de-seguridad-vial-por-parte-del-ministro-roncaglia-que-ya-fue-entregado-al-area-de-transito\/","title":{"rendered":"Clement recibi\u00f3 equipamiento de seguridad vial por parte del ministro Roncaglia que ya fue entregado al \u00e1rea de Tr\u00e1nsito"},"content":{"rendered":"<div class=\"xdj266r x11i5rnm xat24cr x1mh8g0r x1vvkbs x126k92a\">\n<div dir=\"auto\">El intendente C\u00e9sar Clement particip\u00f3 este jueves de un encuentro en Casa de gobierno donde el ministro de Seguridad y Justicia, N\u00e9stor Roncaglia hizo entrega de cascos homologados y kits de seguridad a comunas y municipios en el marco del fortalecimiento institucional de los gobiernos locales que lleva adelante el Observatorio Provincial de Seguridad Vial, que coordina la Lic. Ana Elle.<\/div>\n<div dir=\"auto\"><\/div>\n<\/div>\n<div class=\"x11i5rnm xat24cr x1mh8g0r x1vvkbs xtlvy1s x126k92a\">\n<div dir=\"auto\">Clement recibi\u00f3 por parte de Roncaglia un kit de seguridad que consta de cinco conos de se\u00f1alizaci\u00f3n vial, cincos chalecos reflectivos dos bastones luminosos, tres rollos de cintas perimetrales de peligro y material gr\u00e1fico, que ya fue entregado al \u00e1rea de Tr\u00e1nsito municipal.<\/div>\n<\/div>\n","protected":false},"excerpt":{"rendered":"<p>El intendente C\u00e9sar Clement particip\u00f3 este jueves de un encuentro en Casa de gobierno donde el ministro de Seguridad y Justicia, N\u00e9stor Roncaglia hizo entrega de cascos homologados y kits de seguridad a comunas y municipios en el marco del fortalecimiento institucional de &hellip;<\/p>\n","protected":false},"author":3,"featured_media":5264,"comment_status":"closed","ping_status":"closed","sticky":false,"template":"","format":"standard","meta":{"footnotes":""},"categories":[1],"tags":[],"class_list":["post-5263","post","type-post","status-publish","format-standard","has-post-thumbnail","hentry","category-municipio"],"yoast_head":"<!-- This site is optimized with the Yoast SEO plugin v27.5 - https:\/\/yoast.com\/product\/yoast-seo-wordpress\/ -->\n<title>Clement recibi\u00f3 equipamiento de seguridad vial por parte del ministro Roncaglia que ya fue entregado al \u00e1rea de Tr\u00e1nsito - Municipio de Oro Verde<\/title>\n<meta name=\"robots\" content=\"index, follow, max-snippet:-1, max-image-preview:large, max-video-preview:-1\" \/>\n<link rel=\"canonical\" href=\"https:\/\/oroverde.gob.ar\/portal\/clement-recibio-equipamiento-de-seguridad-vial-por-parte-del-ministro-roncaglia-que-ya-fue-entregado-al-area-de-transito\/\" \/>\n<meta property=\"og:locale\" content=\"es_ES\" \/>\n<meta property=\"og:type\" content=\"article\" \/>\n<meta property=\"og:title\" content=\"Clement recibi\u00f3 equipamiento de seguridad vial por parte del ministro Roncaglia que ya fue entregado al \u00e1rea de Tr\u00e1nsito - Municipio de Oro Verde\" \/>\n<meta property=\"og:description\" content=\"El intendente C\u00e9sar Clement particip\u00f3 este jueves de un encuentro en Casa de gobierno donde el ministro de Seguridad y Justicia, N\u00e9stor Roncaglia hizo entrega de cascos homologados y kits de seguridad a comunas y municipios en el marco del fortalecimiento institucional de &hellip;\" \/>\n<meta property=\"og:url\" content=\"https:\/\/oroverde.gob.ar\/portal\/clement-recibio-equipamiento-de-seguridad-vial-por-parte-del-ministro-roncaglia-que-ya-fue-entregado-al-area-de-transito\/\" \/>\n<meta property=\"og:site_name\" content=\"Municipio de Oro Verde\" \/>\n<meta property=\"article:published_time\" content=\"2025-02-07T14:20:59+00:00\" \/>\n<meta property=\"article:modified_time\" content=\"2025-02-07T14:45:02+00:00\" \/>\n<meta property=\"og:image\" content=\"https:\/\/oroverde.gob.ar\/portal\/wp-content\/uploads\/2025\/02\/entrega-de-kit-scaled.jpg\" \/>\n\t<meta property=\"og:image:width\" content=\"2560\" \/>\n\t<meta property=\"og:image:height\" content=\"1708\" \/>\n\t<meta property=\"og:image:type\" content=\"image\/jpeg\" \/>\n<meta name=\"author\" content=\"Soledad\" \/>\n<meta name=\"twitter:card\" content=\"summary_large_image\" \/>\n<meta name=\"twitter:label1\" content=\"Escrito por\" \/>\n\t<meta name=\"twitter:data1\" content=\"Soledad\" \/>\n\t<meta name=\"twitter:label2\" content=\"Tiempo de lectura\" \/>\n\t<meta name=\"twitter:data2\" content=\"1 minuto\" \/>\n<script type=\"application\/ld+json\" class=\"yoast-schema-graph\">{\"@context\":\"https:\\\/\\\/schema.org\",\"@graph\":[{\"@type\":\"Article\",\"@id\":\"https:\\\/\\\/oroverde.gob.ar\\\/portal\\\/clement-recibio-equipamiento-de-seguridad-vial-por-parte-del-ministro-roncaglia-que-ya-fue-entregado-al-area-de-transito\\\/#article\",\"isPartOf\":{\"@id\":\"https:\\\/\\\/oroverde.gob.ar\\\/portal\\\/clement-recibio-equipamiento-de-seguridad-vial-por-parte-del-ministro-roncaglia-que-ya-fue-entregado-al-area-de-transito\\\/\"},\"author\":{\"name\":\"Soledad\",\"@id\":\"https:\\\/\\\/oroverde.gob.ar\\\/portal\\\/#\\\/schema\\\/person\\\/b975e0cbcd43b7dcf9c64511ec84f10f\"},\"headline\":\"Clement recibi\u00f3 equipamiento de seguridad vial por parte del ministro Roncaglia que ya fue entregado al \u00e1rea de Tr\u00e1nsito\",\"datePublished\":\"2025-02-07T14:20:59+00:00\",\"dateModified\":\"2025-02-07T14:45:02+00:00\",\"mainEntityOfPage\":{\"@id\":\"https:\\\/\\\/oroverde.gob.ar\\\/portal\\\/clement-recibio-equipamiento-de-seguridad-vial-por-parte-del-ministro-roncaglia-que-ya-fue-entregado-al-area-de-transito\\\/\"},\"wordCount\":130,\"publisher\":{\"@id\":\"https:\\\/\\\/oroverde.gob.ar\\\/portal\\\/#organization\"},\"image\":{\"@id\":\"https:\\\/\\\/oroverde.gob.ar\\\/portal\\\/clement-recibio-equipamiento-de-seguridad-vial-por-parte-del-ministro-roncaglia-que-ya-fue-entregado-al-area-de-transito\\\/#primaryimage\"},\"thumbnailUrl\":\"https:\\\/\\\/oroverde.gob.ar\\\/portal\\\/wp-content\\\/uploads\\\/2025\\\/02\\\/entrega-de-kit-scaled.jpg\",\"articleSection\":[\"Municipio\"],\"inLanguage\":\"es\"},{\"@type\":\"WebPage\",\"@id\":\"https:\\\/\\\/oroverde.gob.ar\\\/portal\\\/clement-recibio-equipamiento-de-seguridad-vial-por-parte-del-ministro-roncaglia-que-ya-fue-entregado-al-area-de-transito\\\/\",\"url\":\"https:\\\/\\\/oroverde.gob.ar\\\/portal\\\/clement-recibio-equipamiento-de-seguridad-vial-por-parte-del-ministro-roncaglia-que-ya-fue-entregado-al-area-de-transito\\\/\",\"name\":\"Clement recibi\u00f3 equipamiento de seguridad vial por parte del ministro Roncaglia que ya fue entregado al \u00e1rea de Tr\u00e1nsito - Municipio de Oro Verde\",\"isPartOf\":{\"@id\":\"https:\\\/\\\/oroverde.gob.ar\\\/portal\\\/#website\"},\"primaryImageOfPage\":{\"@id\":\"https:\\\/\\\/oroverde.gob.ar\\\/portal\\\/clement-recibio-equipamiento-de-seguridad-vial-por-parte-del-ministro-roncaglia-que-ya-fue-entregado-al-area-de-transito\\\/#primaryimage\"},\"image\":{\"@id\":\"https:\\\/\\\/oroverde.gob.ar\\\/portal\\\/clement-recibio-equipamiento-de-seguridad-vial-por-parte-del-ministro-roncaglia-que-ya-fue-entregado-al-area-de-transito\\\/#primaryimage\"},\"thumbnailUrl\":\"https:\\\/\\\/oroverde.gob.ar\\\/portal\\\/wp-content\\\/uploads\\\/2025\\\/02\\\/entrega-de-kit-scaled.jpg\",\"datePublished\":\"2025-02-07T14:20:59+00:00\",\"dateModified\":\"2025-02-07T14:45:02+00:00\",\"breadcrumb\":{\"@id\":\"https:\\\/\\\/oroverde.gob.ar\\\/portal\\\/clement-recibio-equipamiento-de-seguridad-vial-por-parte-del-ministro-roncaglia-que-ya-fue-entregado-al-area-de-transito\\\/#breadcrumb\"},\"inLanguage\":\"es\",\"potentialAction\":[{\"@type\":\"ReadAction\",\"target\":[\"https:\\\/\\\/oroverde.gob.ar\\\/portal\\\/clement-recibio-equipamiento-de-seguridad-vial-por-parte-del-ministro-roncaglia-que-ya-fue-entregado-al-area-de-transito\\\/\"]}]},{\"@type\":\"ImageObject\",\"inLanguage\":\"es\",\"@id\":\"https:\\\/\\\/oroverde.gob.ar\\\/portal\\\/clement-recibio-equipamiento-de-seguridad-vial-por-parte-del-ministro-roncaglia-que-ya-fue-entregado-al-area-de-transito\\\/#primaryimage\",\"url\":\"https:\\\/\\\/oroverde.gob.ar\\\/portal\\\/wp-content\\\/uploads\\\/2025\\\/02\\\/entrega-de-kit-scaled.jpg\",\"contentUrl\":\"https:\\\/\\\/oroverde.gob.ar\\\/portal\\\/wp-content\\\/uploads\\\/2025\\\/02\\\/entrega-de-kit-scaled.jpg\",\"width\":2560,\"height\":1708},{\"@type\":\"BreadcrumbList\",\"@id\":\"https:\\\/\\\/oroverde.gob.ar\\\/portal\\\/clement-recibio-equipamiento-de-seguridad-vial-por-parte-del-ministro-roncaglia-que-ya-fue-entregado-al-area-de-transito\\\/#breadcrumb\",\"itemListElement\":[{\"@type\":\"ListItem\",\"position\":1,\"name\":\"Portada\",\"item\":\"https:\\\/\\\/oroverde.gob.ar\\\/portal\\\/\"},{\"@type\":\"ListItem\",\"position\":2,\"name\":\"Clement recibi\u00f3 equipamiento de seguridad vial por parte del ministro Roncaglia que ya fue entregado al \u00e1rea de Tr\u00e1nsito\"}]},{\"@type\":\"WebSite\",\"@id\":\"https:\\\/\\\/oroverde.gob.ar\\\/portal\\\/#website\",\"url\":\"https:\\\/\\\/oroverde.gob.ar\\\/portal\\\/\",\"name\":\"Municipio de Oro Verde\",\"description\":\"Web Oficial\",\"publisher\":{\"@id\":\"https:\\\/\\\/oroverde.gob.ar\\\/portal\\\/#organization\"},\"potentialAction\":[{\"@type\":\"SearchAction\",\"target\":{\"@type\":\"EntryPoint\",\"urlTemplate\":\"https:\\\/\\\/oroverde.gob.ar\\\/portal\\\/?s={search_term_string}\"},\"query-input\":{\"@type\":\"PropertyValueSpecification\",\"valueRequired\":true,\"valueName\":\"search_term_string\"}}],\"inLanguage\":\"es\"},{\"@type\":\"Organization\",\"@id\":\"https:\\\/\\\/oroverde.gob.ar\\\/portal\\\/#organization\",\"name\":\"Municipio de Oro Verde\",\"url\":\"https:\\\/\\\/oroverde.gob.ar\\\/portal\\\/\",\"logo\":{\"@type\":\"ImageObject\",\"inLanguage\":\"es\",\"@id\":\"https:\\\/\\\/oroverde.gob.ar\\\/portal\\\/#\\\/schema\\\/logo\\\/image\\\/\",\"url\":\"https:\\\/\\\/oroverde.gob.ar\\\/portal\\\/wp-content\\\/uploads\\\/2024\\\/06\\\/cropped-cropped-logo-1.png\",\"contentUrl\":\"https:\\\/\\\/oroverde.gob.ar\\\/portal\\\/wp-content\\\/uploads\\\/2024\\\/06\\\/cropped-cropped-logo-1.png\",\"width\":1776,\"height\":738,\"caption\":\"Municipio de Oro Verde\"},\"image\":{\"@id\":\"https:\\\/\\\/oroverde.gob.ar\\\/portal\\\/#\\\/schema\\\/logo\\\/image\\\/\"}},{\"@type\":\"Person\",\"@id\":\"https:\\\/\\\/oroverde.gob.ar\\\/portal\\\/#\\\/schema\\\/person\\\/b975e0cbcd43b7dcf9c64511ec84f10f\",\"name\":\"Soledad\",\"image\":{\"@type\":\"ImageObject\",\"inLanguage\":\"es\",\"@id\":\"https:\\\/\\\/secure.gravatar.com\\\/avatar\\\/b2f5b6cda565395f31dc94c95932b9b3fbe6275bad58a1579843d3d1607d4a66?s=96&d=mm&r=g\",\"url\":\"https:\\\/\\\/secure.gravatar.com\\\/avatar\\\/b2f5b6cda565395f31dc94c95932b9b3fbe6275bad58a1579843d3d1607d4a66?s=96&d=mm&r=g\",\"contentUrl\":\"https:\\\/\\\/secure.gravatar.com\\\/avatar\\\/b2f5b6cda565395f31dc94c95932b9b3fbe6275bad58a1579843d3d1607d4a66?s=96&d=mm&r=g\",\"caption\":\"Soledad\"},\"url\":\"https:\\\/\\\/oroverde.gob.ar\\\/portal\\\/author\\\/soledad\\\/\"}]}<\/script>\n<!-- \/ Yoast SEO plugin. -->","yoast_head_json":{"title":"Clement recibi\u00f3 equipamiento de seguridad vial por parte del ministro Roncaglia que ya fue entregado al \u00e1rea de Tr\u00e1nsito - Municipio de Oro Verde","robots":{"index":"index","follow":"follow","max-snippet":"max-snippet:-1","max-image-preview":"max-image-preview:large","max-video-preview":"max-video-preview:-1"},"canonical":"https:\/\/oroverde.gob.ar\/portal\/clement-recibio-equipamiento-de-seguridad-vial-por-parte-del-ministro-roncaglia-que-ya-fue-entregado-al-area-de-transito\/","og_locale":"es_ES","og_type":"article","og_title":"Clement recibi\u00f3 equipamiento de seguridad vial por parte del ministro Roncaglia que ya fue entregado al \u00e1rea de Tr\u00e1nsito - Municipio de Oro Verde","og_description":"El intendente C\u00e9sar Clement particip\u00f3 este jueves de un encuentro en Casa de gobierno donde el ministro de Seguridad y Justicia, N\u00e9stor Roncaglia hizo entrega de cascos homologados y kits de seguridad a comunas y municipios en el marco del fortalecimiento institucional de &hellip;","og_url":"https:\/\/oroverde.gob.ar\/portal\/clement-recibio-equipamiento-de-seguridad-vial-por-parte-del-ministro-roncaglia-que-ya-fue-entregado-al-area-de-transito\/","og_site_name":"Municipio de Oro Verde","article_published_time":"2025-02-07T14:20:59+00:00","article_modified_time":"2025-02-07T14:45:02+00:00","og_image":[{"width":2560,"height":1708,"url":"https:\/\/oroverde.gob.ar\/portal\/wp-content\/uploads\/2025\/02\/entrega-de-kit-scaled.jpg","type":"image\/jpeg"}],"author":"Soledad","twitter_card":"summary_large_image","twitter_misc":{"Escrito por":"Soledad","Tiempo de lectura":"1 minuto"},"schema":{"@context":"https:\/\/schema.org","@graph":[{"@type":"Article","@id":"https:\/\/oroverde.gob.ar\/portal\/clement-recibio-equipamiento-de-seguridad-vial-por-parte-del-ministro-roncaglia-que-ya-fue-entregado-al-area-de-transito\/#article","isPartOf":{"@id":"https:\/\/oroverde.gob.ar\/portal\/clement-recibio-equipamiento-de-seguridad-vial-por-parte-del-ministro-roncaglia-que-ya-fue-entregado-al-area-de-transito\/"},"author":{"name":"Soledad","@id":"https:\/\/oroverde.gob.ar\/portal\/#\/schema\/person\/b975e0cbcd43b7dcf9c64511ec84f10f"},"headline":"Clement recibi\u00f3 equipamiento de seguridad vial por parte del ministro Roncaglia que ya fue entregado al \u00e1rea de Tr\u00e1nsito","datePublished":"2025-02-07T14:20:59+00:00","dateModified":"2025-02-07T14:45:02+00:00","mainEntityOfPage":{"@id":"https:\/\/oroverde.gob.ar\/portal\/clement-recibio-equipamiento-de-seguridad-vial-por-parte-del-ministro-roncaglia-que-ya-fue-entregado-al-area-de-transito\/"},"wordCount":130,"publisher":{"@id":"https:\/\/oroverde.gob.ar\/portal\/#organization"},"image":{"@id":"https:\/\/oroverde.gob.ar\/portal\/clement-recibio-equipamiento-de-seguridad-vial-por-parte-del-ministro-roncaglia-que-ya-fue-entregado-al-area-de-transito\/#primaryimage"},"thumbnailUrl":"https:\/\/oroverde.gob.ar\/portal\/wp-content\/uploads\/2025\/02\/entrega-de-kit-scaled.jpg","articleSection":["Municipio"],"inLanguage":"es"},{"@type":"WebPage","@id":"https:\/\/oroverde.gob.ar\/portal\/clement-recibio-equipamiento-de-seguridad-vial-por-parte-del-ministro-roncaglia-que-ya-fue-entregado-al-area-de-transito\/","url":"https:\/\/oroverde.gob.ar\/portal\/clement-recibio-equipamiento-de-seguridad-vial-por-parte-del-ministro-roncaglia-que-ya-fue-entregado-al-area-de-transito\/","name":"Clement recibi\u00f3 equipamiento de seguridad vial por parte del ministro Roncaglia que ya fue entregado al \u00e1rea de Tr\u00e1nsito - Municipio de Oro Verde","isPartOf":{"@id":"https:\/\/oroverde.gob.ar\/portal\/#website"},"primaryImageOfPage":{"@id":"https:\/\/oroverde.gob.ar\/portal\/clement-recibio-equipamiento-de-seguridad-vial-por-parte-del-ministro-roncaglia-que-ya-fue-entregado-al-area-de-transito\/#primaryimage"},"image":{"@id":"https:\/\/oroverde.gob.ar\/portal\/clement-recibio-equipamiento-de-seguridad-vial-por-parte-del-ministro-roncaglia-que-ya-fue-entregado-al-area-de-transito\/#primaryimage"},"thumbnailUrl":"https:\/\/oroverde.gob.ar\/portal\/wp-content\/uploads\/2025\/02\/entrega-de-kit-scaled.jpg","datePublished":"2025-02-07T14:20:59+00:00","dateModified":"2025-02-07T14:45:02+00:00","breadcrumb":{"@id":"https:\/\/oroverde.gob.ar\/portal\/clement-recibio-equipamiento-de-seguridad-vial-por-parte-del-ministro-roncaglia-que-ya-fue-entregado-al-area-de-transito\/#breadcrumb"},"inLanguage":"es","potentialAction":[{"@type":"ReadAction","target":["https:\/\/oroverde.gob.ar\/portal\/clement-recibio-equipamiento-de-seguridad-vial-por-parte-del-ministro-roncaglia-que-ya-fue-entregado-al-area-de-transito\/"]}]},{"@type":"ImageObject","inLanguage":"es","@id":"https:\/\/oroverde.gob.ar\/portal\/clement-recibio-equipamiento-de-seguridad-vial-por-parte-del-ministro-roncaglia-que-ya-fue-entregado-al-area-de-transito\/#primaryimage","url":"https:\/\/oroverde.gob.ar\/portal\/wp-content\/uploads\/2025\/02\/entrega-de-kit-scaled.jpg","contentUrl":"https:\/\/oroverde.gob.ar\/portal\/wp-content\/uploads\/2025\/02\/entrega-de-kit-scaled.jpg","width":2560,"height":1708},{"@type":"BreadcrumbList","@id":"https:\/\/oroverde.gob.ar\/portal\/clement-recibio-equipamiento-de-seguridad-vial-por-parte-del-ministro-roncaglia-que-ya-fue-entregado-al-area-de-transito\/#breadcrumb","itemListElement":[{"@type":"ListItem","position":1,"name":"Portada","item":"https:\/\/oroverde.gob.ar\/portal\/"},{"@type":"ListItem","position":2,"name":"Clement recibi\u00f3 equipamiento de seguridad vial por parte del ministro Roncaglia que ya fue entregado al \u00e1rea de Tr\u00e1nsito"}]},{"@type":"WebSite","@id":"https:\/\/oroverde.gob.ar\/portal\/#website","url":"https:\/\/oroverde.gob.ar\/portal\/","name":"Municipio de Oro Verde","description":"Web Oficial","publisher":{"@id":"https:\/\/oroverde.gob.ar\/portal\/#organization"},"potentialAction":[{"@type":"SearchAction","target":{"@type":"EntryPoint","urlTemplate":"https:\/\/oroverde.gob.ar\/portal\/?s={search_term_string}"},"query-input":{"@type":"PropertyValueSpecification","valueRequired":true,"valueName":"search_term_string"}}],"inLanguage":"es"},{"@type":"Organization","@id":"https:\/\/oroverde.gob.ar\/portal\/#organization","name":"Municipio de Oro Verde","url":"https:\/\/oroverde.gob.ar\/portal\/","logo":{"@type":"ImageObject","inLanguage":"es","@id":"https:\/\/oroverde.gob.ar\/portal\/#\/schema\/logo\/image\/","url":"https:\/\/oroverde.gob.ar\/portal\/wp-content\/uploads\/2024\/06\/cropped-cropped-logo-1.png","contentUrl":"https:\/\/oroverde.gob.ar\/portal\/wp-content\/uploads\/2024\/06\/cropped-cropped-logo-1.png","width":1776,"height":738,"caption":"Municipio de Oro Verde"},"image":{"@id":"https:\/\/oroverde.gob.ar\/portal\/#\/schema\/logo\/image\/"}},{"@type":"Person","@id":"https:\/\/oroverde.gob.ar\/portal\/#\/schema\/person\/b975e0cbcd43b7dcf9c64511ec84f10f","name":"Soledad","image":{"@type":"ImageObject","inLanguage":"es","@id":"https:\/\/secure.gravatar.com\/avatar\/b2f5b6cda565395f31dc94c95932b9b3fbe6275bad58a1579843d3d1607d4a66?s=96&d=mm&r=g","url":"https:\/\/secure.gravatar.com\/avatar\/b2f5b6cda565395f31dc94c95932b9b3fbe6275bad58a1579843d3d1607d4a66?s=96&d=mm&r=g","contentUrl":"https:\/\/secure.gravatar.com\/avatar\/b2f5b6cda565395f31dc94c95932b9b3fbe6275bad58a1579843d3d1607d4a66?s=96&d=mm&r=g","caption":"Soledad"},"url":"https:\/\/oroverde.gob.ar\/portal\/author\/soledad\/"}]}},"_links":{"self":[{"href":"https:\/\/oroverde.gob.ar\/portal\/wp-json\/wp\/v2\/posts\/5263","targetHints":{"allow":["GET"]}}],"collection":[{"href":"https:\/\/oroverde.gob.ar\/portal\/wp-json\/wp\/v2\/posts"}],"about":[{"href":"https:\/\/oroverde.gob.ar\/portal\/wp-json\/wp\/v2\/types\/post"}],"author":[{"embeddable":true,"href":"https:\/\/oroverde.gob.ar\/portal\/wp-json\/wp\/v2\/users\/3"}],"replies":[{"embeddable":true,"href":"https:\/\/oroverde.gob.ar\/portal\/wp-json\/wp\/v2\/comments?post=5263"}],"version-history":[{"count":1,"href":"https:\/\/oroverde.gob.ar\/portal\/wp-json\/wp\/v2\/posts\/5263\/revisions"}],"predecessor-version":[{"id":5265,"href":"https:\/\/oroverde.gob.ar\/portal\/wp-json\/wp\/v2\/posts\/5263\/revisions\/5265"}],"wp:featuredmedia":[{"embeddable":true,"href":"https:\/\/oroverde.gob.ar\/portal\/wp-json\/wp\/v2\/media\/5264"}],"wp:attachment":[{"href":"https:\/\/oroverde.gob.ar\/portal\/wp-json\/wp\/v2\/media?parent=5263"}],"wp:term":[{"taxonomy":"category","embeddable":true,"href":"https:\/\/oroverde.gob.ar\/portal\/wp-json\/wp\/v2\/categories?post=5263"},{"taxonomy":"post_tag","embeddable":true,"href":"https:\/\/oroverde.gob.ar\/portal\/wp-json\/wp\/v2\/tags?post=5263"}],"curies":[{"name":"wp","href":"https:\/\/api.w.org\/{rel}","templated":true}]}}