{"id":5373,"date":"2025-02-28T11:02:15","date_gmt":"2025-02-28T14:02:15","guid":{"rendered":"https:\/\/oroverde.gob.ar\/portal\/?p=5373"},"modified":"2025-02-28T11:02:15","modified_gmt":"2025-02-28T14:02:15","slug":"cesar-clement-participo-de-la-reunion-de-intendentes-convocada-por-el-gobernador-frigerio","status":"publish","type":"post","link":"https:\/\/oroverde.gob.ar\/portal\/cesar-clement-participo-de-la-reunion-de-intendentes-convocada-por-el-gobernador-frigerio\/","title":{"rendered":"C\u00e9sar Clement particip\u00f3 de la reuni\u00f3n de intendentes convocada por el gobernador Frigerio"},"content":{"rendered":"<div class=\"xdj266r x11i5rnm xat24cr x1mh8g0r x1vvkbs x126k92a\">\n<div dir=\"auto\">El gobernador Rogelio Frigerio encabez\u00f3 este jueves un encuentro con intendentes entrerrianos, acompa\u00f1ado por todo su gabinete. Durante la reuni\u00f3n, se abordaron temas clave vinculados al reordenamiento de la administraci\u00f3n provincial y municipal, as\u00ed como a la planificaci\u00f3n de la obra p\u00fablica. El intendente de nuestra localidad, C\u00e9sar Clement, particip\u00f3 de la reuni\u00f3n en el Centro Provincial de Convenciones de Paran\u00e1.<\/div>\n<\/div>\n<div class=\"x11i5rnm xat24cr x1mh8g0r x1vvkbs xtlvy1s x126k92a\">\n<div dir=\"auto\">El ministro de Gobierno y Trabajo, Manuel Troncoso, resalt\u00f3 la importancia de la instancia, afirmando \u00abcreemos que es fundamental aportar sentido com\u00fan a la pol\u00edtica p\u00fablica y estar en contacto con todos los sectores. No hay mejores conocedores de los territorios que los presidentes municipales, quienes tienen contacto directo con los vecinos\u00bb.<\/div>\n<\/div>\n<div class=\"x11i5rnm xat24cr x1mh8g0r x1vvkbs xtlvy1s x126k92a\">\n<div dir=\"auto\"><span class=\"html-span xexx8yu x4uap5 x18d9i69 xkhd6sd x1hl2dhg x16tdsg8 x1vvkbs x3nfvp2 x1j61x8r x1fcty0u xdj266r xat24cr xgzva0m xhhsvwb xxymvpz xlup9mm x1kky2od\"><img decoding=\"async\" class=\"xz74otr lazyload\" data-src=\"https:\/\/static.xx.fbcdn.net\/images\/emoji.php\/v9\/tf3\/1\/16\/1f539.png\" alt=\"\ud83d\udd39\" width=\"16\" height=\"16\" src=\"data:image\/svg+xml;base64,PHN2ZyB3aWR0aD0iMSIgaGVpZ2h0PSIxIiB4bWxucz0iaHR0cDovL3d3dy53My5vcmcvMjAwMC9zdmciPjwvc3ZnPg==\" style=\"--smush-placeholder-width: 16px; --smush-placeholder-aspect-ratio: 16\/16;\" \/><\/span><span class=\"html-span xexx8yu x4uap5 x18d9i69 xkhd6sd x1hl2dhg x16tdsg8 x1vvkbs x3nfvp2 x1j61x8r x1fcty0u xdj266r xat24cr xgzva0m xhhsvwb xxymvpz xlup9mm x1kky2od\"><img decoding=\"async\" class=\"xz74otr lazyload\" data-src=\"https:\/\/static.xx.fbcdn.net\/images\/emoji.php\/v9\/tf3\/1\/16\/1f539.png\" alt=\"\ud83d\udd39\" width=\"16\" height=\"16\" src=\"data:image\/svg+xml;base64,PHN2ZyB3aWR0aD0iMSIgaGVpZ2h0PSIxIiB4bWxucz0iaHR0cDovL3d3dy53My5vcmcvMjAwMC9zdmciPjwvc3ZnPg==\" style=\"--smush-placeholder-width: 16px; --smush-placeholder-aspect-ratio: 16\/16;\" \/><\/span>En ese sentido, el funcionario tambi\u00e9n destac\u00f3 la predisposici\u00f3n del gobernador para atender cuestiones que, si bien corresponden al gobierno provincial, muchas veces son asumidas por los municipios.<\/div>\n<\/div>\n<div class=\"x11i5rnm xat24cr x1mh8g0r x1vvkbs xtlvy1s x126k92a\">\n<div dir=\"auto\">\u00abEn el plan de mantenimiento de escuelas, los intendentes realizan un aporte enorme para que la educaci\u00f3n funcione en el territorio, a pesar de que es responsabilidad del gobierno provincial\u00bb. Como respuesta a esta situaci\u00f3n, Troncoso anunci\u00f3 la puesta en marcha de un programa de mantenimiento escolar a corto y largo plazo. \u00abVamos a abrir licitaciones para empresas, y as\u00ed descentralizar el mantenimiento de las escuelas, aliviando la carga de los intendentes, quienes actualmente destinan trabajadores municipales a tareas que deber\u00edan estar a cargo de la provincia\u00bb, sostuvo.<\/div>\n<\/div>\n<div class=\"x11i5rnm xat24cr x1mh8g0r x1vvkbs xtlvy1s x126k92a\">\n<div dir=\"auto\"><span class=\"html-span xexx8yu x4uap5 x18d9i69 xkhd6sd x1hl2dhg x16tdsg8 x1vvkbs x3nfvp2 x1j61x8r x1fcty0u xdj266r xat24cr xgzva0m xhhsvwb xxymvpz xlup9mm x1kky2od\"><img decoding=\"async\" class=\"xz74otr lazyload\" data-src=\"https:\/\/static.xx.fbcdn.net\/images\/emoji.php\/v9\/t51\/1\/16\/1f449.png\" alt=\"\ud83d\udc49\" width=\"16\" height=\"16\" src=\"data:image\/svg+xml;base64,PHN2ZyB3aWR0aD0iMSIgaGVpZ2h0PSIxIiB4bWxucz0iaHR0cDovL3d3dy53My5vcmcvMjAwMC9zdmciPjwvc3ZnPg==\" style=\"--smush-placeholder-width: 16px; --smush-placeholder-aspect-ratio: 16\/16;\" \/><\/span><span class=\"html-span xexx8yu x4uap5 x18d9i69 xkhd6sd x1hl2dhg x16tdsg8 x1vvkbs x3nfvp2 x1j61x8r x1fcty0u xdj266r xat24cr xgzva0m xhhsvwb xxymvpz xlup9mm x1kky2od\"><img decoding=\"async\" class=\"xz74otr lazyload\" data-src=\"https:\/\/static.xx.fbcdn.net\/images\/emoji.php\/v9\/tc4\/1\/16\/1f6a7.png\" alt=\"\ud83d\udea7\" width=\"16\" height=\"16\" src=\"data:image\/svg+xml;base64,PHN2ZyB3aWR0aD0iMSIgaGVpZ2h0PSIxIiB4bWxucz0iaHR0cDovL3d3dy53My5vcmcvMjAwMC9zdmciPjwvc3ZnPg==\" style=\"--smush-placeholder-width: 16px; --smush-placeholder-aspect-ratio: 16\/16;\" \/><\/span>Por otro lado, dijo que el gobernador propuso a los intendentes modificar la metodolog\u00eda de trabajo de Vialidad. \u00abSe trata de que el organismo firme convenios con los municipios y transfiera fondos a los mismos para que \u00e9stos realicen el trabajo de mantenimiento de caminos\u00bb, explic\u00f3 Troncoso, y detall\u00f3 que para ello \u00abse establecer\u00e1 un monto por kil\u00f3metros y se girar\u00e1 de acuerdo a la cantidad de kil\u00f3metros que dicho municipio atienda, mantenga o repare\u00bb.<\/div>\n<\/div>\n<div class=\"x11i5rnm xat24cr x1mh8g0r x1vvkbs xtlvy1s x126k92a\">\n<div dir=\"auto\">Fuente: Gobierno de Entre R\u00edos<\/div>\n<\/div>\n","protected":false},"excerpt":{"rendered":"<p>El gobernador Rogelio Frigerio encabez\u00f3 este jueves un encuentro con intendentes entrerrianos, acompa\u00f1ado por todo su gabinete. Durante la reuni\u00f3n, se abordaron temas clave vinculados al reordenamiento de la administraci\u00f3n provincial y municipal, as\u00ed como a la planificaci\u00f3n de la obra p\u00fablica. El &hellip;<\/p>\n","protected":false},"author":3,"featured_media":5374,"comment_status":"closed","ping_status":"closed","sticky":false,"template":"","format":"standard","meta":{"footnotes":""},"categories":[25],"tags":[],"class_list":["post-5373","post","type-post","status-publish","format-standard","has-post-thumbnail","hentry","category-gobierno"],"yoast_head":"<!-- This site is optimized with the Yoast SEO plugin v27.5 - https:\/\/yoast.com\/product\/yoast-seo-wordpress\/ -->\n<title>C\u00e9sar Clement particip\u00f3 de la reuni\u00f3n de intendentes convocada por el gobernador Frigerio - Municipio de Oro Verde<\/title>\n<meta name=\"robots\" content=\"index, follow, max-snippet:-1, max-image-preview:large, max-video-preview:-1\" \/>\n<link rel=\"canonical\" href=\"https:\/\/oroverde.gob.ar\/portal\/cesar-clement-participo-de-la-reunion-de-intendentes-convocada-por-el-gobernador-frigerio\/\" \/>\n<meta property=\"og:locale\" content=\"es_ES\" \/>\n<meta property=\"og:type\" content=\"article\" \/>\n<meta property=\"og:title\" content=\"C\u00e9sar Clement particip\u00f3 de la reuni\u00f3n de intendentes convocada por el gobernador Frigerio - Municipio de Oro Verde\" \/>\n<meta property=\"og:description\" content=\"El gobernador Rogelio Frigerio encabez\u00f3 este jueves un encuentro con intendentes entrerrianos, acompa\u00f1ado por todo su gabinete. Durante la reuni\u00f3n, se abordaron temas clave vinculados al reordenamiento de la administraci\u00f3n provincial y municipal, as\u00ed como a la planificaci\u00f3n de la obra p\u00fablica. El &hellip;\" \/>\n<meta property=\"og:url\" content=\"https:\/\/oroverde.gob.ar\/portal\/cesar-clement-participo-de-la-reunion-de-intendentes-convocada-por-el-gobernador-frigerio\/\" \/>\n<meta property=\"og:site_name\" content=\"Municipio de Oro Verde\" \/>\n<meta property=\"article:published_time\" content=\"2025-02-28T14:02:15+00:00\" \/>\n<meta property=\"og:image\" content=\"https:\/\/oroverde.gob.ar\/portal\/wp-content\/uploads\/2025\/02\/480585259_937311081907207_6503431668496290528_n.jpg\" \/>\n\t<meta property=\"og:image:width\" content=\"1599\" \/>\n\t<meta property=\"og:image:height\" content=\"1066\" \/>\n\t<meta property=\"og:image:type\" content=\"image\/jpeg\" \/>\n<meta name=\"author\" content=\"Soledad\" \/>\n<meta name=\"twitter:card\" content=\"summary_large_image\" \/>\n<meta name=\"twitter:label1\" content=\"Escrito por\" \/>\n\t<meta name=\"twitter:data1\" content=\"Soledad\" \/>\n\t<meta name=\"twitter:label2\" content=\"Tiempo de lectura\" \/>\n\t<meta name=\"twitter:data2\" content=\"3 minutos\" \/>\n<script type=\"application\/ld+json\" class=\"yoast-schema-graph\">{\"@context\":\"https:\\\/\\\/schema.org\",\"@graph\":[{\"@type\":\"Article\",\"@id\":\"https:\\\/\\\/oroverde.gob.ar\\\/portal\\\/cesar-clement-participo-de-la-reunion-de-intendentes-convocada-por-el-gobernador-frigerio\\\/#article\",\"isPartOf\":{\"@id\":\"https:\\\/\\\/oroverde.gob.ar\\\/portal\\\/cesar-clement-participo-de-la-reunion-de-intendentes-convocada-por-el-gobernador-frigerio\\\/\"},\"author\":{\"name\":\"Soledad\",\"@id\":\"https:\\\/\\\/oroverde.gob.ar\\\/portal\\\/#\\\/schema\\\/person\\\/b975e0cbcd43b7dcf9c64511ec84f10f\"},\"headline\":\"C\u00e9sar Clement particip\u00f3 de la reuni\u00f3n de intendentes convocada por el gobernador Frigerio\",\"datePublished\":\"2025-02-28T14:02:15+00:00\",\"mainEntityOfPage\":{\"@id\":\"https:\\\/\\\/oroverde.gob.ar\\\/portal\\\/cesar-clement-participo-de-la-reunion-de-intendentes-convocada-por-el-gobernador-frigerio\\\/\"},\"wordCount\":343,\"publisher\":{\"@id\":\"https:\\\/\\\/oroverde.gob.ar\\\/portal\\\/#organization\"},\"image\":{\"@id\":\"https:\\\/\\\/oroverde.gob.ar\\\/portal\\\/cesar-clement-participo-de-la-reunion-de-intendentes-convocada-por-el-gobernador-frigerio\\\/#primaryimage\"},\"thumbnailUrl\":\"https:\\\/\\\/oroverde.gob.ar\\\/portal\\\/wp-content\\\/uploads\\\/2025\\\/02\\\/480585259_937311081907207_6503431668496290528_n.jpg\",\"articleSection\":[\"Gobierno\"],\"inLanguage\":\"es\"},{\"@type\":\"WebPage\",\"@id\":\"https:\\\/\\\/oroverde.gob.ar\\\/portal\\\/cesar-clement-participo-de-la-reunion-de-intendentes-convocada-por-el-gobernador-frigerio\\\/\",\"url\":\"https:\\\/\\\/oroverde.gob.ar\\\/portal\\\/cesar-clement-participo-de-la-reunion-de-intendentes-convocada-por-el-gobernador-frigerio\\\/\",\"name\":\"C\u00e9sar Clement particip\u00f3 de la reuni\u00f3n de intendentes convocada por el gobernador Frigerio - Municipio de Oro Verde\",\"isPartOf\":{\"@id\":\"https:\\\/\\\/oroverde.gob.ar\\\/portal\\\/#website\"},\"primaryImageOfPage\":{\"@id\":\"https:\\\/\\\/oroverde.gob.ar\\\/portal\\\/cesar-clement-participo-de-la-reunion-de-intendentes-convocada-por-el-gobernador-frigerio\\\/#primaryimage\"},\"image\":{\"@id\":\"https:\\\/\\\/oroverde.gob.ar\\\/portal\\\/cesar-clement-participo-de-la-reunion-de-intendentes-convocada-por-el-gobernador-frigerio\\\/#primaryimage\"},\"thumbnailUrl\":\"https:\\\/\\\/oroverde.gob.ar\\\/portal\\\/wp-content\\\/uploads\\\/2025\\\/02\\\/480585259_937311081907207_6503431668496290528_n.jpg\",\"datePublished\":\"2025-02-28T14:02:15+00:00\",\"breadcrumb\":{\"@id\":\"https:\\\/\\\/oroverde.gob.ar\\\/portal\\\/cesar-clement-participo-de-la-reunion-de-intendentes-convocada-por-el-gobernador-frigerio\\\/#breadcrumb\"},\"inLanguage\":\"es\",\"potentialAction\":[{\"@type\":\"ReadAction\",\"target\":[\"https:\\\/\\\/oroverde.gob.ar\\\/portal\\\/cesar-clement-participo-de-la-reunion-de-intendentes-convocada-por-el-gobernador-frigerio\\\/\"]}]},{\"@type\":\"ImageObject\",\"inLanguage\":\"es\",\"@id\":\"https:\\\/\\\/oroverde.gob.ar\\\/portal\\\/cesar-clement-participo-de-la-reunion-de-intendentes-convocada-por-el-gobernador-frigerio\\\/#primaryimage\",\"url\":\"https:\\\/\\\/oroverde.gob.ar\\\/portal\\\/wp-content\\\/uploads\\\/2025\\\/02\\\/480585259_937311081907207_6503431668496290528_n.jpg\",\"contentUrl\":\"https:\\\/\\\/oroverde.gob.ar\\\/portal\\\/wp-content\\\/uploads\\\/2025\\\/02\\\/480585259_937311081907207_6503431668496290528_n.jpg\",\"width\":1599,\"height\":1066},{\"@type\":\"BreadcrumbList\",\"@id\":\"https:\\\/\\\/oroverde.gob.ar\\\/portal\\\/cesar-clement-participo-de-la-reunion-de-intendentes-convocada-por-el-gobernador-frigerio\\\/#breadcrumb\",\"itemListElement\":[{\"@type\":\"ListItem\",\"position\":1,\"name\":\"Portada\",\"item\":\"https:\\\/\\\/oroverde.gob.ar\\\/portal\\\/\"},{\"@type\":\"ListItem\",\"position\":2,\"name\":\"C\u00e9sar Clement particip\u00f3 de la reuni\u00f3n de intendentes convocada por el gobernador Frigerio\"}]},{\"@type\":\"WebSite\",\"@id\":\"https:\\\/\\\/oroverde.gob.ar\\\/portal\\\/#website\",\"url\":\"https:\\\/\\\/oroverde.gob.ar\\\/portal\\\/\",\"name\":\"Municipio de Oro Verde\",\"description\":\"Web Oficial\",\"publisher\":{\"@id\":\"https:\\\/\\\/oroverde.gob.ar\\\/portal\\\/#organization\"},\"potentialAction\":[{\"@type\":\"SearchAction\",\"target\":{\"@type\":\"EntryPoint\",\"urlTemplate\":\"https:\\\/\\\/oroverde.gob.ar\\\/portal\\\/?s={search_term_string}\"},\"query-input\":{\"@type\":\"PropertyValueSpecification\",\"valueRequired\":true,\"valueName\":\"search_term_string\"}}],\"inLanguage\":\"es\"},{\"@type\":\"Organization\",\"@id\":\"https:\\\/\\\/oroverde.gob.ar\\\/portal\\\/#organization\",\"name\":\"Municipio de Oro Verde\",\"url\":\"https:\\\/\\\/oroverde.gob.ar\\\/portal\\\/\",\"logo\":{\"@type\":\"ImageObject\",\"inLanguage\":\"es\",\"@id\":\"https:\\\/\\\/oroverde.gob.ar\\\/portal\\\/#\\\/schema\\\/logo\\\/image\\\/\",\"url\":\"https:\\\/\\\/oroverde.gob.ar\\\/portal\\\/wp-content\\\/uploads\\\/2024\\\/06\\\/cropped-cropped-logo-1.png\",\"contentUrl\":\"https:\\\/\\\/oroverde.gob.ar\\\/portal\\\/wp-content\\\/uploads\\\/2024\\\/06\\\/cropped-cropped-logo-1.png\",\"width\":1776,\"height\":738,\"caption\":\"Municipio de Oro Verde\"},\"image\":{\"@id\":\"https:\\\/\\\/oroverde.gob.ar\\\/portal\\\/#\\\/schema\\\/logo\\\/image\\\/\"}},{\"@type\":\"Person\",\"@id\":\"https:\\\/\\\/oroverde.gob.ar\\\/portal\\\/#\\\/schema\\\/person\\\/b975e0cbcd43b7dcf9c64511ec84f10f\",\"name\":\"Soledad\",\"image\":{\"@type\":\"ImageObject\",\"inLanguage\":\"es\",\"@id\":\"https:\\\/\\\/secure.gravatar.com\\\/avatar\\\/b2f5b6cda565395f31dc94c95932b9b3fbe6275bad58a1579843d3d1607d4a66?s=96&d=mm&r=g\",\"url\":\"https:\\\/\\\/secure.gravatar.com\\\/avatar\\\/b2f5b6cda565395f31dc94c95932b9b3fbe6275bad58a1579843d3d1607d4a66?s=96&d=mm&r=g\",\"contentUrl\":\"https:\\\/\\\/secure.gravatar.com\\\/avatar\\\/b2f5b6cda565395f31dc94c95932b9b3fbe6275bad58a1579843d3d1607d4a66?s=96&d=mm&r=g\",\"caption\":\"Soledad\"},\"url\":\"https:\\\/\\\/oroverde.gob.ar\\\/portal\\\/author\\\/soledad\\\/\"}]}<\/script>\n<!-- \/ Yoast SEO plugin. -->","yoast_head_json":{"title":"C\u00e9sar Clement particip\u00f3 de la reuni\u00f3n de intendentes convocada por el gobernador Frigerio - Municipio de Oro Verde","robots":{"index":"index","follow":"follow","max-snippet":"max-snippet:-1","max-image-preview":"max-image-preview:large","max-video-preview":"max-video-preview:-1"},"canonical":"https:\/\/oroverde.gob.ar\/portal\/cesar-clement-participo-de-la-reunion-de-intendentes-convocada-por-el-gobernador-frigerio\/","og_locale":"es_ES","og_type":"article","og_title":"C\u00e9sar Clement particip\u00f3 de la reuni\u00f3n de intendentes convocada por el gobernador Frigerio - Municipio de Oro Verde","og_description":"El gobernador Rogelio Frigerio encabez\u00f3 este jueves un encuentro con intendentes entrerrianos, acompa\u00f1ado por todo su gabinete. Durante la reuni\u00f3n, se abordaron temas clave vinculados al reordenamiento de la administraci\u00f3n provincial y municipal, as\u00ed como a la planificaci\u00f3n de la obra p\u00fablica. El &hellip;","og_url":"https:\/\/oroverde.gob.ar\/portal\/cesar-clement-participo-de-la-reunion-de-intendentes-convocada-por-el-gobernador-frigerio\/","og_site_name":"Municipio de Oro Verde","article_published_time":"2025-02-28T14:02:15+00:00","og_image":[{"width":1599,"height":1066,"url":"https:\/\/oroverde.gob.ar\/portal\/wp-content\/uploads\/2025\/02\/480585259_937311081907207_6503431668496290528_n.jpg","type":"image\/jpeg"}],"author":"Soledad","twitter_card":"summary_large_image","twitter_misc":{"Escrito por":"Soledad","Tiempo de lectura":"3 minutos"},"schema":{"@context":"https:\/\/schema.org","@graph":[{"@type":"Article","@id":"https:\/\/oroverde.gob.ar\/portal\/cesar-clement-participo-de-la-reunion-de-intendentes-convocada-por-el-gobernador-frigerio\/#article","isPartOf":{"@id":"https:\/\/oroverde.gob.ar\/portal\/cesar-clement-participo-de-la-reunion-de-intendentes-convocada-por-el-gobernador-frigerio\/"},"author":{"name":"Soledad","@id":"https:\/\/oroverde.gob.ar\/portal\/#\/schema\/person\/b975e0cbcd43b7dcf9c64511ec84f10f"},"headline":"C\u00e9sar Clement particip\u00f3 de la reuni\u00f3n de intendentes convocada por el gobernador Frigerio","datePublished":"2025-02-28T14:02:15+00:00","mainEntityOfPage":{"@id":"https:\/\/oroverde.gob.ar\/portal\/cesar-clement-participo-de-la-reunion-de-intendentes-convocada-por-el-gobernador-frigerio\/"},"wordCount":343,"publisher":{"@id":"https:\/\/oroverde.gob.ar\/portal\/#organization"},"image":{"@id":"https:\/\/oroverde.gob.ar\/portal\/cesar-clement-participo-de-la-reunion-de-intendentes-convocada-por-el-gobernador-frigerio\/#primaryimage"},"thumbnailUrl":"https:\/\/oroverde.gob.ar\/portal\/wp-content\/uploads\/2025\/02\/480585259_937311081907207_6503431668496290528_n.jpg","articleSection":["Gobierno"],"inLanguage":"es"},{"@type":"WebPage","@id":"https:\/\/oroverde.gob.ar\/portal\/cesar-clement-participo-de-la-reunion-de-intendentes-convocada-por-el-gobernador-frigerio\/","url":"https:\/\/oroverde.gob.ar\/portal\/cesar-clement-participo-de-la-reunion-de-intendentes-convocada-por-el-gobernador-frigerio\/","name":"C\u00e9sar Clement particip\u00f3 de la reuni\u00f3n de intendentes convocada por el gobernador Frigerio - Municipio de Oro Verde","isPartOf":{"@id":"https:\/\/oroverde.gob.ar\/portal\/#website"},"primaryImageOfPage":{"@id":"https:\/\/oroverde.gob.ar\/portal\/cesar-clement-participo-de-la-reunion-de-intendentes-convocada-por-el-gobernador-frigerio\/#primaryimage"},"image":{"@id":"https:\/\/oroverde.gob.ar\/portal\/cesar-clement-participo-de-la-reunion-de-intendentes-convocada-por-el-gobernador-frigerio\/#primaryimage"},"thumbnailUrl":"https:\/\/oroverde.gob.ar\/portal\/wp-content\/uploads\/2025\/02\/480585259_937311081907207_6503431668496290528_n.jpg","datePublished":"2025-02-28T14:02:15+00:00","breadcrumb":{"@id":"https:\/\/oroverde.gob.ar\/portal\/cesar-clement-participo-de-la-reunion-de-intendentes-convocada-por-el-gobernador-frigerio\/#breadcrumb"},"inLanguage":"es","potentialAction":[{"@type":"ReadAction","target":["https:\/\/oroverde.gob.ar\/portal\/cesar-clement-participo-de-la-reunion-de-intendentes-convocada-por-el-gobernador-frigerio\/"]}]},{"@type":"ImageObject","inLanguage":"es","@id":"https:\/\/oroverde.gob.ar\/portal\/cesar-clement-participo-de-la-reunion-de-intendentes-convocada-por-el-gobernador-frigerio\/#primaryimage","url":"https:\/\/oroverde.gob.ar\/portal\/wp-content\/uploads\/2025\/02\/480585259_937311081907207_6503431668496290528_n.jpg","contentUrl":"https:\/\/oroverde.gob.ar\/portal\/wp-content\/uploads\/2025\/02\/480585259_937311081907207_6503431668496290528_n.jpg","width":1599,"height":1066},{"@type":"BreadcrumbList","@id":"https:\/\/oroverde.gob.ar\/portal\/cesar-clement-participo-de-la-reunion-de-intendentes-convocada-por-el-gobernador-frigerio\/#breadcrumb","itemListElement":[{"@type":"ListItem","position":1,"name":"Portada","item":"https:\/\/oroverde.gob.ar\/portal\/"},{"@type":"ListItem","position":2,"name":"C\u00e9sar Clement particip\u00f3 de la reuni\u00f3n de intendentes convocada por el gobernador Frigerio"}]},{"@type":"WebSite","@id":"https:\/\/oroverde.gob.ar\/portal\/#website","url":"https:\/\/oroverde.gob.ar\/portal\/","name":"Municipio de Oro Verde","description":"Web Oficial","publisher":{"@id":"https:\/\/oroverde.gob.ar\/portal\/#organization"},"potentialAction":[{"@type":"SearchAction","target":{"@type":"EntryPoint","urlTemplate":"https:\/\/oroverde.gob.ar\/portal\/?s={search_term_string}"},"query-input":{"@type":"PropertyValueSpecification","valueRequired":true,"valueName":"search_term_string"}}],"inLanguage":"es"},{"@type":"Organization","@id":"https:\/\/oroverde.gob.ar\/portal\/#organization","name":"Municipio de Oro Verde","url":"https:\/\/oroverde.gob.ar\/portal\/","logo":{"@type":"ImageObject","inLanguage":"es","@id":"https:\/\/oroverde.gob.ar\/portal\/#\/schema\/logo\/image\/","url":"https:\/\/oroverde.gob.ar\/portal\/wp-content\/uploads\/2024\/06\/cropped-cropped-logo-1.png","contentUrl":"https:\/\/oroverde.gob.ar\/portal\/wp-content\/uploads\/2024\/06\/cropped-cropped-logo-1.png","width":1776,"height":738,"caption":"Municipio de Oro Verde"},"image":{"@id":"https:\/\/oroverde.gob.ar\/portal\/#\/schema\/logo\/image\/"}},{"@type":"Person","@id":"https:\/\/oroverde.gob.ar\/portal\/#\/schema\/person\/b975e0cbcd43b7dcf9c64511ec84f10f","name":"Soledad","image":{"@type":"ImageObject","inLanguage":"es","@id":"https:\/\/secure.gravatar.com\/avatar\/b2f5b6cda565395f31dc94c95932b9b3fbe6275bad58a1579843d3d1607d4a66?s=96&d=mm&r=g","url":"https:\/\/secure.gravatar.com\/avatar\/b2f5b6cda565395f31dc94c95932b9b3fbe6275bad58a1579843d3d1607d4a66?s=96&d=mm&r=g","contentUrl":"https:\/\/secure.gravatar.com\/avatar\/b2f5b6cda565395f31dc94c95932b9b3fbe6275bad58a1579843d3d1607d4a66?s=96&d=mm&r=g","caption":"Soledad"},"url":"https:\/\/oroverde.gob.ar\/portal\/author\/soledad\/"}]}},"_links":{"self":[{"href":"https:\/\/oroverde.gob.ar\/portal\/wp-json\/wp\/v2\/posts\/5373","targetHints":{"allow":["GET"]}}],"collection":[{"href":"https:\/\/oroverde.gob.ar\/portal\/wp-json\/wp\/v2\/posts"}],"about":[{"href":"https:\/\/oroverde.gob.ar\/portal\/wp-json\/wp\/v2\/types\/post"}],"author":[{"embeddable":true,"href":"https:\/\/oroverde.gob.ar\/portal\/wp-json\/wp\/v2\/users\/3"}],"replies":[{"embeddable":true,"href":"https:\/\/oroverde.gob.ar\/portal\/wp-json\/wp\/v2\/comments?post=5373"}],"version-history":[{"count":1,"href":"https:\/\/oroverde.gob.ar\/portal\/wp-json\/wp\/v2\/posts\/5373\/revisions"}],"predecessor-version":[{"id":5375,"href":"https:\/\/oroverde.gob.ar\/portal\/wp-json\/wp\/v2\/posts\/5373\/revisions\/5375"}],"wp:featuredmedia":[{"embeddable":true,"href":"https:\/\/oroverde.gob.ar\/portal\/wp-json\/wp\/v2\/media\/5374"}],"wp:attachment":[{"href":"https:\/\/oroverde.gob.ar\/portal\/wp-json\/wp\/v2\/media?parent=5373"}],"wp:term":[{"taxonomy":"category","embeddable":true,"href":"https:\/\/oroverde.gob.ar\/portal\/wp-json\/wp\/v2\/categories?post=5373"},{"taxonomy":"post_tag","embeddable":true,"href":"https:\/\/oroverde.gob.ar\/portal\/wp-json\/wp\/v2\/tags?post=5373"}],"curies":[{"name":"wp","href":"https:\/\/api.w.org\/{rel}","templated":true}]}}