{"id":5376,"date":"2025-02-28T11:09:47","date_gmt":"2025-02-28T14:09:47","guid":{"rendered":"https:\/\/oroverde.gob.ar\/portal\/?p=5376"},"modified":"2025-02-28T11:09:47","modified_gmt":"2025-02-28T14:09:47","slug":"inicia-un-nuevo-periodo-de-sesiones-en-el-hcd","status":"publish","type":"post","link":"https:\/\/oroverde.gob.ar\/portal\/inicia-un-nuevo-periodo-de-sesiones-en-el-hcd\/","title":{"rendered":"Inicia un nuevo per\u00edodo de sesiones en el HCD"},"content":{"rendered":"<div class=\"xdj266r x11i5rnm xat24cr x1mh8g0r x1vvkbs x126k92a\">\n<div dir=\"auto\">Se realizar\u00e1 la apertura del per\u00edodo de Sesiones Ordinarias del Concejo Deliberante de Oro Verde. Ser\u00e1 el viernes 14 de marzo en el sal\u00f3n auditorio municipal (Los Canarios N\u00ba 391) a partir de las 20 hs. All\u00ed, el intendente Clement dar\u00e1 cuenta de lo actuado en la gesti\u00f3n de Gobierno en 2024 como lo establece la Ley de Municipios. De esta manera comenzar\u00e1 el per\u00edodo legislativo de este a\u00f1o.<\/div>\n<\/div>\n<div class=\"x11i5rnm xat24cr x1mh8g0r x1vvkbs xtlvy1s x126k92a\">\n<div dir=\"auto\">El Concejo Deliberante actualmente est\u00e1 presidido por Mercedes Schvindt e integrado por los concejales Amelia Gerstner, Ernesto Roth, Oscar Ocampo, Rosana Cappellacci, Oscar Almir\u00f3n, Ver\u00f3nica Mi\u00f1o y Horacio Unrein.<\/div>\n<\/div>\n","protected":false},"excerpt":{"rendered":"<p>Se realizar\u00e1 la apertura del per\u00edodo de Sesiones Ordinarias del Concejo Deliberante de Oro Verde. Ser\u00e1 el viernes 14 de marzo en el sal\u00f3n auditorio municipal (Los Canarios N\u00ba 391) a partir de las 20 hs. All\u00ed, el intendente Clement dar\u00e1 cuenta de &hellip;<\/p>\n","protected":false},"author":3,"featured_media":5377,"comment_status":"closed","ping_status":"closed","sticky":false,"template":"","format":"standard","meta":{"footnotes":""},"categories":[24],"tags":[],"class_list":["post-5376","post","type-post","status-publish","format-standard","has-post-thumbnail","hentry","category-concejo-deliberante"],"yoast_head":"<!-- This site is optimized with the Yoast SEO plugin v27.5 - https:\/\/yoast.com\/product\/yoast-seo-wordpress\/ -->\n<title>Inicia un nuevo per\u00edodo de sesiones en el HCD - Municipio de Oro Verde<\/title>\n<meta name=\"robots\" content=\"index, follow, max-snippet:-1, max-image-preview:large, max-video-preview:-1\" \/>\n<link rel=\"canonical\" href=\"https:\/\/oroverde.gob.ar\/portal\/inicia-un-nuevo-periodo-de-sesiones-en-el-hcd\/\" \/>\n<meta property=\"og:locale\" content=\"es_ES\" \/>\n<meta property=\"og:type\" content=\"article\" \/>\n<meta property=\"og:title\" content=\"Inicia un nuevo per\u00edodo de sesiones en el HCD - Municipio de Oro Verde\" \/>\n<meta property=\"og:description\" content=\"Se realizar\u00e1 la apertura del per\u00edodo de Sesiones Ordinarias del Concejo Deliberante de Oro Verde. Ser\u00e1 el viernes 14 de marzo en el sal\u00f3n auditorio municipal (Los Canarios N\u00ba 391) a partir de las 20 hs. All\u00ed, el intendente Clement dar\u00e1 cuenta de &hellip;\" \/>\n<meta property=\"og:url\" content=\"https:\/\/oroverde.gob.ar\/portal\/inicia-un-nuevo-periodo-de-sesiones-en-el-hcd\/\" \/>\n<meta property=\"og:site_name\" content=\"Municipio de Oro Verde\" \/>\n<meta property=\"article:published_time\" content=\"2025-02-28T14:09:47+00:00\" \/>\n<meta property=\"og:image\" content=\"https:\/\/oroverde.gob.ar\/portal\/wp-content\/uploads\/2025\/02\/DSC0079-scaled.jpg\" \/>\n\t<meta property=\"og:image:width\" content=\"2560\" \/>\n\t<meta property=\"og:image:height\" content=\"1707\" \/>\n\t<meta property=\"og:image:type\" content=\"image\/jpeg\" \/>\n<meta name=\"author\" content=\"Soledad\" \/>\n<meta name=\"twitter:card\" content=\"summary_large_image\" \/>\n<meta name=\"twitter:label1\" content=\"Escrito por\" \/>\n\t<meta name=\"twitter:data1\" content=\"Soledad\" \/>\n\t<meta name=\"twitter:label2\" content=\"Tiempo de lectura\" \/>\n\t<meta name=\"twitter:data2\" content=\"1 minuto\" \/>\n<script type=\"application\/ld+json\" class=\"yoast-schema-graph\">{\"@context\":\"https:\\\/\\\/schema.org\",\"@graph\":[{\"@type\":\"Article\",\"@id\":\"https:\\\/\\\/oroverde.gob.ar\\\/portal\\\/inicia-un-nuevo-periodo-de-sesiones-en-el-hcd\\\/#article\",\"isPartOf\":{\"@id\":\"https:\\\/\\\/oroverde.gob.ar\\\/portal\\\/inicia-un-nuevo-periodo-de-sesiones-en-el-hcd\\\/\"},\"author\":{\"name\":\"Soledad\",\"@id\":\"https:\\\/\\\/oroverde.gob.ar\\\/portal\\\/#\\\/schema\\\/person\\\/b975e0cbcd43b7dcf9c64511ec84f10f\"},\"headline\":\"Inicia un nuevo per\u00edodo de sesiones en el HCD\",\"datePublished\":\"2025-02-28T14:09:47+00:00\",\"mainEntityOfPage\":{\"@id\":\"https:\\\/\\\/oroverde.gob.ar\\\/portal\\\/inicia-un-nuevo-periodo-de-sesiones-en-el-hcd\\\/\"},\"wordCount\":112,\"publisher\":{\"@id\":\"https:\\\/\\\/oroverde.gob.ar\\\/portal\\\/#organization\"},\"image\":{\"@id\":\"https:\\\/\\\/oroverde.gob.ar\\\/portal\\\/inicia-un-nuevo-periodo-de-sesiones-en-el-hcd\\\/#primaryimage\"},\"thumbnailUrl\":\"https:\\\/\\\/oroverde.gob.ar\\\/portal\\\/wp-content\\\/uploads\\\/2025\\\/02\\\/DSC0079-scaled.jpg\",\"articleSection\":[\"Concejo Deliberante\"],\"inLanguage\":\"es\"},{\"@type\":\"WebPage\",\"@id\":\"https:\\\/\\\/oroverde.gob.ar\\\/portal\\\/inicia-un-nuevo-periodo-de-sesiones-en-el-hcd\\\/\",\"url\":\"https:\\\/\\\/oroverde.gob.ar\\\/portal\\\/inicia-un-nuevo-periodo-de-sesiones-en-el-hcd\\\/\",\"name\":\"Inicia un nuevo per\u00edodo de sesiones en el HCD - Municipio de Oro Verde\",\"isPartOf\":{\"@id\":\"https:\\\/\\\/oroverde.gob.ar\\\/portal\\\/#website\"},\"primaryImageOfPage\":{\"@id\":\"https:\\\/\\\/oroverde.gob.ar\\\/portal\\\/inicia-un-nuevo-periodo-de-sesiones-en-el-hcd\\\/#primaryimage\"},\"image\":{\"@id\":\"https:\\\/\\\/oroverde.gob.ar\\\/portal\\\/inicia-un-nuevo-periodo-de-sesiones-en-el-hcd\\\/#primaryimage\"},\"thumbnailUrl\":\"https:\\\/\\\/oroverde.gob.ar\\\/portal\\\/wp-content\\\/uploads\\\/2025\\\/02\\\/DSC0079-scaled.jpg\",\"datePublished\":\"2025-02-28T14:09:47+00:00\",\"breadcrumb\":{\"@id\":\"https:\\\/\\\/oroverde.gob.ar\\\/portal\\\/inicia-un-nuevo-periodo-de-sesiones-en-el-hcd\\\/#breadcrumb\"},\"inLanguage\":\"es\",\"potentialAction\":[{\"@type\":\"ReadAction\",\"target\":[\"https:\\\/\\\/oroverde.gob.ar\\\/portal\\\/inicia-un-nuevo-periodo-de-sesiones-en-el-hcd\\\/\"]}]},{\"@type\":\"ImageObject\",\"inLanguage\":\"es\",\"@id\":\"https:\\\/\\\/oroverde.gob.ar\\\/portal\\\/inicia-un-nuevo-periodo-de-sesiones-en-el-hcd\\\/#primaryimage\",\"url\":\"https:\\\/\\\/oroverde.gob.ar\\\/portal\\\/wp-content\\\/uploads\\\/2025\\\/02\\\/DSC0079-scaled.jpg\",\"contentUrl\":\"https:\\\/\\\/oroverde.gob.ar\\\/portal\\\/wp-content\\\/uploads\\\/2025\\\/02\\\/DSC0079-scaled.jpg\",\"width\":2560,\"height\":1707},{\"@type\":\"BreadcrumbList\",\"@id\":\"https:\\\/\\\/oroverde.gob.ar\\\/portal\\\/inicia-un-nuevo-periodo-de-sesiones-en-el-hcd\\\/#breadcrumb\",\"itemListElement\":[{\"@type\":\"ListItem\",\"position\":1,\"name\":\"Portada\",\"item\":\"https:\\\/\\\/oroverde.gob.ar\\\/portal\\\/\"},{\"@type\":\"ListItem\",\"position\":2,\"name\":\"Inicia un nuevo per\u00edodo de sesiones en el HCD\"}]},{\"@type\":\"WebSite\",\"@id\":\"https:\\\/\\\/oroverde.gob.ar\\\/portal\\\/#website\",\"url\":\"https:\\\/\\\/oroverde.gob.ar\\\/portal\\\/\",\"name\":\"Municipio de Oro Verde\",\"description\":\"Web Oficial\",\"publisher\":{\"@id\":\"https:\\\/\\\/oroverde.gob.ar\\\/portal\\\/#organization\"},\"potentialAction\":[{\"@type\":\"SearchAction\",\"target\":{\"@type\":\"EntryPoint\",\"urlTemplate\":\"https:\\\/\\\/oroverde.gob.ar\\\/portal\\\/?s={search_term_string}\"},\"query-input\":{\"@type\":\"PropertyValueSpecification\",\"valueRequired\":true,\"valueName\":\"search_term_string\"}}],\"inLanguage\":\"es\"},{\"@type\":\"Organization\",\"@id\":\"https:\\\/\\\/oroverde.gob.ar\\\/portal\\\/#organization\",\"name\":\"Municipio de Oro Verde\",\"url\":\"https:\\\/\\\/oroverde.gob.ar\\\/portal\\\/\",\"logo\":{\"@type\":\"ImageObject\",\"inLanguage\":\"es\",\"@id\":\"https:\\\/\\\/oroverde.gob.ar\\\/portal\\\/#\\\/schema\\\/logo\\\/image\\\/\",\"url\":\"https:\\\/\\\/oroverde.gob.ar\\\/portal\\\/wp-content\\\/uploads\\\/2024\\\/06\\\/cropped-cropped-logo-1.png\",\"contentUrl\":\"https:\\\/\\\/oroverde.gob.ar\\\/portal\\\/wp-content\\\/uploads\\\/2024\\\/06\\\/cropped-cropped-logo-1.png\",\"width\":1776,\"height\":738,\"caption\":\"Municipio de Oro Verde\"},\"image\":{\"@id\":\"https:\\\/\\\/oroverde.gob.ar\\\/portal\\\/#\\\/schema\\\/logo\\\/image\\\/\"}},{\"@type\":\"Person\",\"@id\":\"https:\\\/\\\/oroverde.gob.ar\\\/portal\\\/#\\\/schema\\\/person\\\/b975e0cbcd43b7dcf9c64511ec84f10f\",\"name\":\"Soledad\",\"image\":{\"@type\":\"ImageObject\",\"inLanguage\":\"es\",\"@id\":\"https:\\\/\\\/secure.gravatar.com\\\/avatar\\\/b2f5b6cda565395f31dc94c95932b9b3fbe6275bad58a1579843d3d1607d4a66?s=96&d=mm&r=g\",\"url\":\"https:\\\/\\\/secure.gravatar.com\\\/avatar\\\/b2f5b6cda565395f31dc94c95932b9b3fbe6275bad58a1579843d3d1607d4a66?s=96&d=mm&r=g\",\"contentUrl\":\"https:\\\/\\\/secure.gravatar.com\\\/avatar\\\/b2f5b6cda565395f31dc94c95932b9b3fbe6275bad58a1579843d3d1607d4a66?s=96&d=mm&r=g\",\"caption\":\"Soledad\"},\"url\":\"https:\\\/\\\/oroverde.gob.ar\\\/portal\\\/author\\\/soledad\\\/\"}]}<\/script>\n<!-- \/ Yoast SEO plugin. -->","yoast_head_json":{"title":"Inicia un nuevo per\u00edodo de sesiones en el HCD - Municipio de Oro Verde","robots":{"index":"index","follow":"follow","max-snippet":"max-snippet:-1","max-image-preview":"max-image-preview:large","max-video-preview":"max-video-preview:-1"},"canonical":"https:\/\/oroverde.gob.ar\/portal\/inicia-un-nuevo-periodo-de-sesiones-en-el-hcd\/","og_locale":"es_ES","og_type":"article","og_title":"Inicia un nuevo per\u00edodo de sesiones en el HCD - Municipio de Oro Verde","og_description":"Se realizar\u00e1 la apertura del per\u00edodo de Sesiones Ordinarias del Concejo Deliberante de Oro Verde. Ser\u00e1 el viernes 14 de marzo en el sal\u00f3n auditorio municipal (Los Canarios N\u00ba 391) a partir de las 20 hs. All\u00ed, el intendente Clement dar\u00e1 cuenta de &hellip;","og_url":"https:\/\/oroverde.gob.ar\/portal\/inicia-un-nuevo-periodo-de-sesiones-en-el-hcd\/","og_site_name":"Municipio de Oro Verde","article_published_time":"2025-02-28T14:09:47+00:00","og_image":[{"width":2560,"height":1707,"url":"https:\/\/oroverde.gob.ar\/portal\/wp-content\/uploads\/2025\/02\/DSC0079-scaled.jpg","type":"image\/jpeg"}],"author":"Soledad","twitter_card":"summary_large_image","twitter_misc":{"Escrito por":"Soledad","Tiempo de lectura":"1 minuto"},"schema":{"@context":"https:\/\/schema.org","@graph":[{"@type":"Article","@id":"https:\/\/oroverde.gob.ar\/portal\/inicia-un-nuevo-periodo-de-sesiones-en-el-hcd\/#article","isPartOf":{"@id":"https:\/\/oroverde.gob.ar\/portal\/inicia-un-nuevo-periodo-de-sesiones-en-el-hcd\/"},"author":{"name":"Soledad","@id":"https:\/\/oroverde.gob.ar\/portal\/#\/schema\/person\/b975e0cbcd43b7dcf9c64511ec84f10f"},"headline":"Inicia un nuevo per\u00edodo de sesiones en el HCD","datePublished":"2025-02-28T14:09:47+00:00","mainEntityOfPage":{"@id":"https:\/\/oroverde.gob.ar\/portal\/inicia-un-nuevo-periodo-de-sesiones-en-el-hcd\/"},"wordCount":112,"publisher":{"@id":"https:\/\/oroverde.gob.ar\/portal\/#organization"},"image":{"@id":"https:\/\/oroverde.gob.ar\/portal\/inicia-un-nuevo-periodo-de-sesiones-en-el-hcd\/#primaryimage"},"thumbnailUrl":"https:\/\/oroverde.gob.ar\/portal\/wp-content\/uploads\/2025\/02\/DSC0079-scaled.jpg","articleSection":["Concejo Deliberante"],"inLanguage":"es"},{"@type":"WebPage","@id":"https:\/\/oroverde.gob.ar\/portal\/inicia-un-nuevo-periodo-de-sesiones-en-el-hcd\/","url":"https:\/\/oroverde.gob.ar\/portal\/inicia-un-nuevo-periodo-de-sesiones-en-el-hcd\/","name":"Inicia un nuevo per\u00edodo de sesiones en el HCD - Municipio de Oro Verde","isPartOf":{"@id":"https:\/\/oroverde.gob.ar\/portal\/#website"},"primaryImageOfPage":{"@id":"https:\/\/oroverde.gob.ar\/portal\/inicia-un-nuevo-periodo-de-sesiones-en-el-hcd\/#primaryimage"},"image":{"@id":"https:\/\/oroverde.gob.ar\/portal\/inicia-un-nuevo-periodo-de-sesiones-en-el-hcd\/#primaryimage"},"thumbnailUrl":"https:\/\/oroverde.gob.ar\/portal\/wp-content\/uploads\/2025\/02\/DSC0079-scaled.jpg","datePublished":"2025-02-28T14:09:47+00:00","breadcrumb":{"@id":"https:\/\/oroverde.gob.ar\/portal\/inicia-un-nuevo-periodo-de-sesiones-en-el-hcd\/#breadcrumb"},"inLanguage":"es","potentialAction":[{"@type":"ReadAction","target":["https:\/\/oroverde.gob.ar\/portal\/inicia-un-nuevo-periodo-de-sesiones-en-el-hcd\/"]}]},{"@type":"ImageObject","inLanguage":"es","@id":"https:\/\/oroverde.gob.ar\/portal\/inicia-un-nuevo-periodo-de-sesiones-en-el-hcd\/#primaryimage","url":"https:\/\/oroverde.gob.ar\/portal\/wp-content\/uploads\/2025\/02\/DSC0079-scaled.jpg","contentUrl":"https:\/\/oroverde.gob.ar\/portal\/wp-content\/uploads\/2025\/02\/DSC0079-scaled.jpg","width":2560,"height":1707},{"@type":"BreadcrumbList","@id":"https:\/\/oroverde.gob.ar\/portal\/inicia-un-nuevo-periodo-de-sesiones-en-el-hcd\/#breadcrumb","itemListElement":[{"@type":"ListItem","position":1,"name":"Portada","item":"https:\/\/oroverde.gob.ar\/portal\/"},{"@type":"ListItem","position":2,"name":"Inicia un nuevo per\u00edodo de sesiones en el HCD"}]},{"@type":"WebSite","@id":"https:\/\/oroverde.gob.ar\/portal\/#website","url":"https:\/\/oroverde.gob.ar\/portal\/","name":"Municipio de Oro Verde","description":"Web Oficial","publisher":{"@id":"https:\/\/oroverde.gob.ar\/portal\/#organization"},"potentialAction":[{"@type":"SearchAction","target":{"@type":"EntryPoint","urlTemplate":"https:\/\/oroverde.gob.ar\/portal\/?s={search_term_string}"},"query-input":{"@type":"PropertyValueSpecification","valueRequired":true,"valueName":"search_term_string"}}],"inLanguage":"es"},{"@type":"Organization","@id":"https:\/\/oroverde.gob.ar\/portal\/#organization","name":"Municipio de Oro Verde","url":"https:\/\/oroverde.gob.ar\/portal\/","logo":{"@type":"ImageObject","inLanguage":"es","@id":"https:\/\/oroverde.gob.ar\/portal\/#\/schema\/logo\/image\/","url":"https:\/\/oroverde.gob.ar\/portal\/wp-content\/uploads\/2024\/06\/cropped-cropped-logo-1.png","contentUrl":"https:\/\/oroverde.gob.ar\/portal\/wp-content\/uploads\/2024\/06\/cropped-cropped-logo-1.png","width":1776,"height":738,"caption":"Municipio de Oro Verde"},"image":{"@id":"https:\/\/oroverde.gob.ar\/portal\/#\/schema\/logo\/image\/"}},{"@type":"Person","@id":"https:\/\/oroverde.gob.ar\/portal\/#\/schema\/person\/b975e0cbcd43b7dcf9c64511ec84f10f","name":"Soledad","image":{"@type":"ImageObject","inLanguage":"es","@id":"https:\/\/secure.gravatar.com\/avatar\/b2f5b6cda565395f31dc94c95932b9b3fbe6275bad58a1579843d3d1607d4a66?s=96&d=mm&r=g","url":"https:\/\/secure.gravatar.com\/avatar\/b2f5b6cda565395f31dc94c95932b9b3fbe6275bad58a1579843d3d1607d4a66?s=96&d=mm&r=g","contentUrl":"https:\/\/secure.gravatar.com\/avatar\/b2f5b6cda565395f31dc94c95932b9b3fbe6275bad58a1579843d3d1607d4a66?s=96&d=mm&r=g","caption":"Soledad"},"url":"https:\/\/oroverde.gob.ar\/portal\/author\/soledad\/"}]}},"_links":{"self":[{"href":"https:\/\/oroverde.gob.ar\/portal\/wp-json\/wp\/v2\/posts\/5376","targetHints":{"allow":["GET"]}}],"collection":[{"href":"https:\/\/oroverde.gob.ar\/portal\/wp-json\/wp\/v2\/posts"}],"about":[{"href":"https:\/\/oroverde.gob.ar\/portal\/wp-json\/wp\/v2\/types\/post"}],"author":[{"embeddable":true,"href":"https:\/\/oroverde.gob.ar\/portal\/wp-json\/wp\/v2\/users\/3"}],"replies":[{"embeddable":true,"href":"https:\/\/oroverde.gob.ar\/portal\/wp-json\/wp\/v2\/comments?post=5376"}],"version-history":[{"count":1,"href":"https:\/\/oroverde.gob.ar\/portal\/wp-json\/wp\/v2\/posts\/5376\/revisions"}],"predecessor-version":[{"id":5378,"href":"https:\/\/oroverde.gob.ar\/portal\/wp-json\/wp\/v2\/posts\/5376\/revisions\/5378"}],"wp:featuredmedia":[{"embeddable":true,"href":"https:\/\/oroverde.gob.ar\/portal\/wp-json\/wp\/v2\/media\/5377"}],"wp:attachment":[{"href":"https:\/\/oroverde.gob.ar\/portal\/wp-json\/wp\/v2\/media?parent=5376"}],"wp:term":[{"taxonomy":"category","embeddable":true,"href":"https:\/\/oroverde.gob.ar\/portal\/wp-json\/wp\/v2\/categories?post=5376"},{"taxonomy":"post_tag","embeddable":true,"href":"https:\/\/oroverde.gob.ar\/portal\/wp-json\/wp\/v2\/tags?post=5376"}],"curies":[{"name":"wp","href":"https:\/\/api.w.org\/{rel}","templated":true}]}}