{"id":5404,"date":"2025-03-26T09:35:04","date_gmt":"2025-03-26T12:35:04","guid":{"rendered":"https:\/\/oroverde.gob.ar\/portal\/?p=5404"},"modified":"2025-03-27T11:55:47","modified_gmt":"2025-03-27T14:55:47","slug":"ya-se-encuentra-disponible-en-nuestra-web-el-registro-de-trabajadores-y-profesionales-de-la-construccion","status":"publish","type":"post","link":"https:\/\/oroverde.gob.ar\/portal\/ya-se-encuentra-disponible-en-nuestra-web-el-registro-de-trabajadores-y-profesionales-de-la-construccion\/","title":{"rendered":"Se encuentra disponible en nuestra web el registro de trabajadores y profesionales de la construcci\u00f3n"},"content":{"rendered":"<div class=\"xdj266r x11i5rnm xat24cr x1mh8g0r x1vvkbs x126k92a\">\n<div dir=\"auto\">Con el objetivo de brindarle mayor visibilidad en la comunidad, el \u00e1rea de Obras Privadas realiz\u00f3 un listado donde quedaron registrados trabajadores y profesionales de la construcci\u00f3n. El mismo se encuentra disponible en <span class=\"html-span xdj266r x11i5rnm xat24cr x1mh8g0r xexx8yu x4uap5 x18d9i69 xkhd6sd x1hl2dhg x16tdsg8 x1vvkbs\"><a class=\"x1i10hfl xjbqb8w x1ejq31n xd10rxx x1sy0etr x17r0tee x972fbf xcfux6l x1qhh985 xm0m39n x9f619 x1ypdohk xt0psk2 xe8uvvx xdj266r x11i5rnm xat24cr x1mh8g0r xexx8yu x4uap5 x18d9i69 xkhd6sd x16tdsg8 x1hl2dhg xggy1nq x1a2a7pz xkrqix3 x1sur9pj x1fey0fg x1s688f\" tabindex=\"0\" role=\"link\" href=\"http:\/\/www.oroverde.gob.ar\/?fbclid=IwZXh0bgNhZW0CMTAAAR3FcrYZwwf2NMMDwRjs8AzWzZz3a-ynHREEnFtoQBOkEjRxh-dFj8Od008_aem_-3S_AOYyqk4SVw-Ne7AuDQ\" target=\"_blank\" rel=\"nofollow noopener noreferrer\">www.oroverde.gob.ar<\/a><\/span> (secci\u00f3n Tr\u00e1mites \/ Obras Privadas)<\/div>\n<\/div>\n<div class=\"x11i5rnm xat24cr x1mh8g0r x1vvkbs xtlvy1s x126k92a\">\n<div dir=\"auto\">Para su elaboraci\u00f3n se realiz\u00f3 un recorte de todos aquellos trabajadores y profesionales que se hayan matriculado o renovado la misma desde 2020. Dicho registro ser\u00e1 actualizado mensualmente.<\/div>\n<div dir=\"auto\">En el caso de querer que su nombre no figure en el listado general, deber\u00e1n comunicarse mediante WhatsApp al 0343 \u2013 154171733 (solo mensajes).<\/div>\n<\/div>\n<div class=\"x11i5rnm xat24cr x1mh8g0r x1vvkbs xtlvy1s x126k92a\">\n<div dir=\"auto\">Para quienes no est\u00e9n en ese listado y deseen formar parte de \u00e9l, podr\u00e1n regularizar su situaci\u00f3n en el Municipio con turno previo, a trav\u00e9s de este link <span class=\"html-span xdj266r x11i5rnm xat24cr x1mh8g0r xexx8yu x4uap5 x18d9i69 xkhd6sd x1hl2dhg x16tdsg8 x1vvkbs\"><a class=\"x1i10hfl xjbqb8w x1ejq31n xd10rxx x1sy0etr x17r0tee x972fbf xcfux6l x1qhh985 xm0m39n x9f619 x1ypdohk xt0psk2 xe8uvvx xdj266r x11i5rnm xat24cr x1mh8g0r xexx8yu x4uap5 x18d9i69 xkhd6sd x16tdsg8 x1hl2dhg xggy1nq x1a2a7pz xkrqix3 x1sur9pj x1fey0fg x1s688f\" tabindex=\"0\" role=\"link\" href=\"https:\/\/turnito.app\/c\/obrasprivadasoroverde?fbclid=IwZXh0bgNhZW0CMTAAAR3wk8-5KMgyBB2iHqxmDyDVxUShT99kl1wSE8K8GcGJzkumE9g6ap1_vuk_aem_d_XHqhhHy57YeOsouYTmzw\" target=\"_blank\" rel=\"nofollow noopener noreferrer\">https:\/\/turnito.app\/c\/obrasprivadasoroverde<\/a><\/span> o mediante mensaje al 0343 \u2013 154171733.<\/div>\n<\/div>\n","protected":false},"excerpt":{"rendered":"<p>Con el objetivo de brindarle mayor visibilidad en la comunidad, el \u00e1rea de Obras Privadas realiz\u00f3 un listado donde quedaron registrados trabajadores y profesionales de la construcci\u00f3n. El mismo se encuentra disponible en www.oroverde.gob.ar (secci\u00f3n Tr\u00e1mites \/ Obras Privadas) Para su elaboraci\u00f3n se &hellip;<\/p>\n","protected":false},"author":3,"featured_media":4618,"comment_status":"closed","ping_status":"closed","sticky":false,"template":"","format":"standard","meta":{"footnotes":""},"categories":[1],"tags":[],"class_list":["post-5404","post","type-post","status-publish","format-standard","has-post-thumbnail","hentry","category-municipio"],"yoast_head":"<!-- This site is optimized with the Yoast SEO plugin v27.5 - https:\/\/yoast.com\/product\/yoast-seo-wordpress\/ -->\n<title>Se encuentra disponible en nuestra web el registro de trabajadores y profesionales de la construcci\u00f3n - Municipio de Oro Verde<\/title>\n<meta name=\"robots\" content=\"index, follow, max-snippet:-1, max-image-preview:large, max-video-preview:-1\" \/>\n<link rel=\"canonical\" href=\"https:\/\/oroverde.gob.ar\/portal\/ya-se-encuentra-disponible-en-nuestra-web-el-registro-de-trabajadores-y-profesionales-de-la-construccion\/\" \/>\n<meta property=\"og:locale\" content=\"es_ES\" \/>\n<meta property=\"og:type\" content=\"article\" \/>\n<meta property=\"og:title\" content=\"Se encuentra disponible en nuestra web el registro de trabajadores y profesionales de la construcci\u00f3n - Municipio de Oro Verde\" \/>\n<meta property=\"og:description\" content=\"Con el objetivo de brindarle mayor visibilidad en la comunidad, el \u00e1rea de Obras Privadas realiz\u00f3 un listado donde quedaron registrados trabajadores y profesionales de la construcci\u00f3n. El mismo se encuentra disponible en www.oroverde.gob.ar (secci\u00f3n Tr\u00e1mites \/ Obras Privadas) Para su elaboraci\u00f3n se &hellip;\" \/>\n<meta property=\"og:url\" content=\"https:\/\/oroverde.gob.ar\/portal\/ya-se-encuentra-disponible-en-nuestra-web-el-registro-de-trabajadores-y-profesionales-de-la-construccion\/\" \/>\n<meta property=\"og:site_name\" content=\"Municipio de Oro Verde\" \/>\n<meta property=\"article:published_time\" content=\"2025-03-26T12:35:04+00:00\" \/>\n<meta property=\"article:modified_time\" content=\"2025-03-27T14:55:47+00:00\" \/>\n<meta property=\"og:image\" content=\"https:\/\/oroverde.gob.ar\/portal\/wp-content\/uploads\/2024\/11\/Muni-para-web.jpeg\" \/>\n\t<meta property=\"og:image:width\" content=\"1600\" \/>\n\t<meta property=\"og:image:height\" content=\"900\" \/>\n\t<meta property=\"og:image:type\" content=\"image\/jpeg\" \/>\n<meta name=\"author\" content=\"Soledad\" \/>\n<meta name=\"twitter:card\" content=\"summary_large_image\" \/>\n<meta name=\"twitter:label1\" content=\"Escrito por\" \/>\n\t<meta name=\"twitter:data1\" content=\"Soledad\" \/>\n\t<meta name=\"twitter:label2\" content=\"Tiempo de lectura\" \/>\n\t<meta name=\"twitter:data2\" content=\"1 minuto\" \/>\n<script type=\"application\/ld+json\" class=\"yoast-schema-graph\">{\"@context\":\"https:\\\/\\\/schema.org\",\"@graph\":[{\"@type\":\"Article\",\"@id\":\"https:\\\/\\\/oroverde.gob.ar\\\/portal\\\/ya-se-encuentra-disponible-en-nuestra-web-el-registro-de-trabajadores-y-profesionales-de-la-construccion\\\/#article\",\"isPartOf\":{\"@id\":\"https:\\\/\\\/oroverde.gob.ar\\\/portal\\\/ya-se-encuentra-disponible-en-nuestra-web-el-registro-de-trabajadores-y-profesionales-de-la-construccion\\\/\"},\"author\":{\"name\":\"Soledad\",\"@id\":\"https:\\\/\\\/oroverde.gob.ar\\\/portal\\\/#\\\/schema\\\/person\\\/b975e0cbcd43b7dcf9c64511ec84f10f\"},\"headline\":\"Se encuentra disponible en nuestra web el registro de trabajadores y profesionales de la construcci\u00f3n\",\"datePublished\":\"2025-03-26T12:35:04+00:00\",\"dateModified\":\"2025-03-27T14:55:47+00:00\",\"mainEntityOfPage\":{\"@id\":\"https:\\\/\\\/oroverde.gob.ar\\\/portal\\\/ya-se-encuentra-disponible-en-nuestra-web-el-registro-de-trabajadores-y-profesionales-de-la-construccion\\\/\"},\"wordCount\":151,\"publisher\":{\"@id\":\"https:\\\/\\\/oroverde.gob.ar\\\/portal\\\/#organization\"},\"image\":{\"@id\":\"https:\\\/\\\/oroverde.gob.ar\\\/portal\\\/ya-se-encuentra-disponible-en-nuestra-web-el-registro-de-trabajadores-y-profesionales-de-la-construccion\\\/#primaryimage\"},\"thumbnailUrl\":\"https:\\\/\\\/oroverde.gob.ar\\\/portal\\\/wp-content\\\/uploads\\\/2024\\\/11\\\/Muni-para-web.jpeg\",\"articleSection\":[\"Municipio\"],\"inLanguage\":\"es\"},{\"@type\":\"WebPage\",\"@id\":\"https:\\\/\\\/oroverde.gob.ar\\\/portal\\\/ya-se-encuentra-disponible-en-nuestra-web-el-registro-de-trabajadores-y-profesionales-de-la-construccion\\\/\",\"url\":\"https:\\\/\\\/oroverde.gob.ar\\\/portal\\\/ya-se-encuentra-disponible-en-nuestra-web-el-registro-de-trabajadores-y-profesionales-de-la-construccion\\\/\",\"name\":\"Se encuentra disponible en nuestra web el registro de trabajadores y profesionales de la construcci\u00f3n - Municipio de Oro Verde\",\"isPartOf\":{\"@id\":\"https:\\\/\\\/oroverde.gob.ar\\\/portal\\\/#website\"},\"primaryImageOfPage\":{\"@id\":\"https:\\\/\\\/oroverde.gob.ar\\\/portal\\\/ya-se-encuentra-disponible-en-nuestra-web-el-registro-de-trabajadores-y-profesionales-de-la-construccion\\\/#primaryimage\"},\"image\":{\"@id\":\"https:\\\/\\\/oroverde.gob.ar\\\/portal\\\/ya-se-encuentra-disponible-en-nuestra-web-el-registro-de-trabajadores-y-profesionales-de-la-construccion\\\/#primaryimage\"},\"thumbnailUrl\":\"https:\\\/\\\/oroverde.gob.ar\\\/portal\\\/wp-content\\\/uploads\\\/2024\\\/11\\\/Muni-para-web.jpeg\",\"datePublished\":\"2025-03-26T12:35:04+00:00\",\"dateModified\":\"2025-03-27T14:55:47+00:00\",\"breadcrumb\":{\"@id\":\"https:\\\/\\\/oroverde.gob.ar\\\/portal\\\/ya-se-encuentra-disponible-en-nuestra-web-el-registro-de-trabajadores-y-profesionales-de-la-construccion\\\/#breadcrumb\"},\"inLanguage\":\"es\",\"potentialAction\":[{\"@type\":\"ReadAction\",\"target\":[\"https:\\\/\\\/oroverde.gob.ar\\\/portal\\\/ya-se-encuentra-disponible-en-nuestra-web-el-registro-de-trabajadores-y-profesionales-de-la-construccion\\\/\"]}]},{\"@type\":\"ImageObject\",\"inLanguage\":\"es\",\"@id\":\"https:\\\/\\\/oroverde.gob.ar\\\/portal\\\/ya-se-encuentra-disponible-en-nuestra-web-el-registro-de-trabajadores-y-profesionales-de-la-construccion\\\/#primaryimage\",\"url\":\"https:\\\/\\\/oroverde.gob.ar\\\/portal\\\/wp-content\\\/uploads\\\/2024\\\/11\\\/Muni-para-web.jpeg\",\"contentUrl\":\"https:\\\/\\\/oroverde.gob.ar\\\/portal\\\/wp-content\\\/uploads\\\/2024\\\/11\\\/Muni-para-web.jpeg\",\"width\":1600,\"height\":900},{\"@type\":\"BreadcrumbList\",\"@id\":\"https:\\\/\\\/oroverde.gob.ar\\\/portal\\\/ya-se-encuentra-disponible-en-nuestra-web-el-registro-de-trabajadores-y-profesionales-de-la-construccion\\\/#breadcrumb\",\"itemListElement\":[{\"@type\":\"ListItem\",\"position\":1,\"name\":\"Portada\",\"item\":\"https:\\\/\\\/oroverde.gob.ar\\\/portal\\\/\"},{\"@type\":\"ListItem\",\"position\":2,\"name\":\"Se encuentra disponible en nuestra web el registro de trabajadores y profesionales de la construcci\u00f3n\"}]},{\"@type\":\"WebSite\",\"@id\":\"https:\\\/\\\/oroverde.gob.ar\\\/portal\\\/#website\",\"url\":\"https:\\\/\\\/oroverde.gob.ar\\\/portal\\\/\",\"name\":\"Municipio de Oro Verde\",\"description\":\"Web Oficial\",\"publisher\":{\"@id\":\"https:\\\/\\\/oroverde.gob.ar\\\/portal\\\/#organization\"},\"potentialAction\":[{\"@type\":\"SearchAction\",\"target\":{\"@type\":\"EntryPoint\",\"urlTemplate\":\"https:\\\/\\\/oroverde.gob.ar\\\/portal\\\/?s={search_term_string}\"},\"query-input\":{\"@type\":\"PropertyValueSpecification\",\"valueRequired\":true,\"valueName\":\"search_term_string\"}}],\"inLanguage\":\"es\"},{\"@type\":\"Organization\",\"@id\":\"https:\\\/\\\/oroverde.gob.ar\\\/portal\\\/#organization\",\"name\":\"Municipio de Oro Verde\",\"url\":\"https:\\\/\\\/oroverde.gob.ar\\\/portal\\\/\",\"logo\":{\"@type\":\"ImageObject\",\"inLanguage\":\"es\",\"@id\":\"https:\\\/\\\/oroverde.gob.ar\\\/portal\\\/#\\\/schema\\\/logo\\\/image\\\/\",\"url\":\"https:\\\/\\\/oroverde.gob.ar\\\/portal\\\/wp-content\\\/uploads\\\/2024\\\/06\\\/cropped-cropped-logo-1.png\",\"contentUrl\":\"https:\\\/\\\/oroverde.gob.ar\\\/portal\\\/wp-content\\\/uploads\\\/2024\\\/06\\\/cropped-cropped-logo-1.png\",\"width\":1776,\"height\":738,\"caption\":\"Municipio de Oro Verde\"},\"image\":{\"@id\":\"https:\\\/\\\/oroverde.gob.ar\\\/portal\\\/#\\\/schema\\\/logo\\\/image\\\/\"}},{\"@type\":\"Person\",\"@id\":\"https:\\\/\\\/oroverde.gob.ar\\\/portal\\\/#\\\/schema\\\/person\\\/b975e0cbcd43b7dcf9c64511ec84f10f\",\"name\":\"Soledad\",\"image\":{\"@type\":\"ImageObject\",\"inLanguage\":\"es\",\"@id\":\"https:\\\/\\\/secure.gravatar.com\\\/avatar\\\/b2f5b6cda565395f31dc94c95932b9b3fbe6275bad58a1579843d3d1607d4a66?s=96&d=mm&r=g\",\"url\":\"https:\\\/\\\/secure.gravatar.com\\\/avatar\\\/b2f5b6cda565395f31dc94c95932b9b3fbe6275bad58a1579843d3d1607d4a66?s=96&d=mm&r=g\",\"contentUrl\":\"https:\\\/\\\/secure.gravatar.com\\\/avatar\\\/b2f5b6cda565395f31dc94c95932b9b3fbe6275bad58a1579843d3d1607d4a66?s=96&d=mm&r=g\",\"caption\":\"Soledad\"},\"url\":\"https:\\\/\\\/oroverde.gob.ar\\\/portal\\\/author\\\/soledad\\\/\"}]}<\/script>\n<!-- \/ Yoast SEO plugin. -->","yoast_head_json":{"title":"Se encuentra disponible en nuestra web el registro de trabajadores y profesionales de la construcci\u00f3n - Municipio de Oro Verde","robots":{"index":"index","follow":"follow","max-snippet":"max-snippet:-1","max-image-preview":"max-image-preview:large","max-video-preview":"max-video-preview:-1"},"canonical":"https:\/\/oroverde.gob.ar\/portal\/ya-se-encuentra-disponible-en-nuestra-web-el-registro-de-trabajadores-y-profesionales-de-la-construccion\/","og_locale":"es_ES","og_type":"article","og_title":"Se encuentra disponible en nuestra web el registro de trabajadores y profesionales de la construcci\u00f3n - Municipio de Oro Verde","og_description":"Con el objetivo de brindarle mayor visibilidad en la comunidad, el \u00e1rea de Obras Privadas realiz\u00f3 un listado donde quedaron registrados trabajadores y profesionales de la construcci\u00f3n. El mismo se encuentra disponible en www.oroverde.gob.ar (secci\u00f3n Tr\u00e1mites \/ Obras Privadas) Para su elaboraci\u00f3n se &hellip;","og_url":"https:\/\/oroverde.gob.ar\/portal\/ya-se-encuentra-disponible-en-nuestra-web-el-registro-de-trabajadores-y-profesionales-de-la-construccion\/","og_site_name":"Municipio de Oro Verde","article_published_time":"2025-03-26T12:35:04+00:00","article_modified_time":"2025-03-27T14:55:47+00:00","og_image":[{"width":1600,"height":900,"url":"https:\/\/oroverde.gob.ar\/portal\/wp-content\/uploads\/2024\/11\/Muni-para-web.jpeg","type":"image\/jpeg"}],"author":"Soledad","twitter_card":"summary_large_image","twitter_misc":{"Escrito por":"Soledad","Tiempo de lectura":"1 minuto"},"schema":{"@context":"https:\/\/schema.org","@graph":[{"@type":"Article","@id":"https:\/\/oroverde.gob.ar\/portal\/ya-se-encuentra-disponible-en-nuestra-web-el-registro-de-trabajadores-y-profesionales-de-la-construccion\/#article","isPartOf":{"@id":"https:\/\/oroverde.gob.ar\/portal\/ya-se-encuentra-disponible-en-nuestra-web-el-registro-de-trabajadores-y-profesionales-de-la-construccion\/"},"author":{"name":"Soledad","@id":"https:\/\/oroverde.gob.ar\/portal\/#\/schema\/person\/b975e0cbcd43b7dcf9c64511ec84f10f"},"headline":"Se encuentra disponible en nuestra web el registro de trabajadores y profesionales de la construcci\u00f3n","datePublished":"2025-03-26T12:35:04+00:00","dateModified":"2025-03-27T14:55:47+00:00","mainEntityOfPage":{"@id":"https:\/\/oroverde.gob.ar\/portal\/ya-se-encuentra-disponible-en-nuestra-web-el-registro-de-trabajadores-y-profesionales-de-la-construccion\/"},"wordCount":151,"publisher":{"@id":"https:\/\/oroverde.gob.ar\/portal\/#organization"},"image":{"@id":"https:\/\/oroverde.gob.ar\/portal\/ya-se-encuentra-disponible-en-nuestra-web-el-registro-de-trabajadores-y-profesionales-de-la-construccion\/#primaryimage"},"thumbnailUrl":"https:\/\/oroverde.gob.ar\/portal\/wp-content\/uploads\/2024\/11\/Muni-para-web.jpeg","articleSection":["Municipio"],"inLanguage":"es"},{"@type":"WebPage","@id":"https:\/\/oroverde.gob.ar\/portal\/ya-se-encuentra-disponible-en-nuestra-web-el-registro-de-trabajadores-y-profesionales-de-la-construccion\/","url":"https:\/\/oroverde.gob.ar\/portal\/ya-se-encuentra-disponible-en-nuestra-web-el-registro-de-trabajadores-y-profesionales-de-la-construccion\/","name":"Se encuentra disponible en nuestra web el registro de trabajadores y profesionales de la construcci\u00f3n - Municipio de Oro Verde","isPartOf":{"@id":"https:\/\/oroverde.gob.ar\/portal\/#website"},"primaryImageOfPage":{"@id":"https:\/\/oroverde.gob.ar\/portal\/ya-se-encuentra-disponible-en-nuestra-web-el-registro-de-trabajadores-y-profesionales-de-la-construccion\/#primaryimage"},"image":{"@id":"https:\/\/oroverde.gob.ar\/portal\/ya-se-encuentra-disponible-en-nuestra-web-el-registro-de-trabajadores-y-profesionales-de-la-construccion\/#primaryimage"},"thumbnailUrl":"https:\/\/oroverde.gob.ar\/portal\/wp-content\/uploads\/2024\/11\/Muni-para-web.jpeg","datePublished":"2025-03-26T12:35:04+00:00","dateModified":"2025-03-27T14:55:47+00:00","breadcrumb":{"@id":"https:\/\/oroverde.gob.ar\/portal\/ya-se-encuentra-disponible-en-nuestra-web-el-registro-de-trabajadores-y-profesionales-de-la-construccion\/#breadcrumb"},"inLanguage":"es","potentialAction":[{"@type":"ReadAction","target":["https:\/\/oroverde.gob.ar\/portal\/ya-se-encuentra-disponible-en-nuestra-web-el-registro-de-trabajadores-y-profesionales-de-la-construccion\/"]}]},{"@type":"ImageObject","inLanguage":"es","@id":"https:\/\/oroverde.gob.ar\/portal\/ya-se-encuentra-disponible-en-nuestra-web-el-registro-de-trabajadores-y-profesionales-de-la-construccion\/#primaryimage","url":"https:\/\/oroverde.gob.ar\/portal\/wp-content\/uploads\/2024\/11\/Muni-para-web.jpeg","contentUrl":"https:\/\/oroverde.gob.ar\/portal\/wp-content\/uploads\/2024\/11\/Muni-para-web.jpeg","width":1600,"height":900},{"@type":"BreadcrumbList","@id":"https:\/\/oroverde.gob.ar\/portal\/ya-se-encuentra-disponible-en-nuestra-web-el-registro-de-trabajadores-y-profesionales-de-la-construccion\/#breadcrumb","itemListElement":[{"@type":"ListItem","position":1,"name":"Portada","item":"https:\/\/oroverde.gob.ar\/portal\/"},{"@type":"ListItem","position":2,"name":"Se encuentra disponible en nuestra web el registro de trabajadores y profesionales de la construcci\u00f3n"}]},{"@type":"WebSite","@id":"https:\/\/oroverde.gob.ar\/portal\/#website","url":"https:\/\/oroverde.gob.ar\/portal\/","name":"Municipio de Oro Verde","description":"Web Oficial","publisher":{"@id":"https:\/\/oroverde.gob.ar\/portal\/#organization"},"potentialAction":[{"@type":"SearchAction","target":{"@type":"EntryPoint","urlTemplate":"https:\/\/oroverde.gob.ar\/portal\/?s={search_term_string}"},"query-input":{"@type":"PropertyValueSpecification","valueRequired":true,"valueName":"search_term_string"}}],"inLanguage":"es"},{"@type":"Organization","@id":"https:\/\/oroverde.gob.ar\/portal\/#organization","name":"Municipio de Oro Verde","url":"https:\/\/oroverde.gob.ar\/portal\/","logo":{"@type":"ImageObject","inLanguage":"es","@id":"https:\/\/oroverde.gob.ar\/portal\/#\/schema\/logo\/image\/","url":"https:\/\/oroverde.gob.ar\/portal\/wp-content\/uploads\/2024\/06\/cropped-cropped-logo-1.png","contentUrl":"https:\/\/oroverde.gob.ar\/portal\/wp-content\/uploads\/2024\/06\/cropped-cropped-logo-1.png","width":1776,"height":738,"caption":"Municipio de Oro Verde"},"image":{"@id":"https:\/\/oroverde.gob.ar\/portal\/#\/schema\/logo\/image\/"}},{"@type":"Person","@id":"https:\/\/oroverde.gob.ar\/portal\/#\/schema\/person\/b975e0cbcd43b7dcf9c64511ec84f10f","name":"Soledad","image":{"@type":"ImageObject","inLanguage":"es","@id":"https:\/\/secure.gravatar.com\/avatar\/b2f5b6cda565395f31dc94c95932b9b3fbe6275bad58a1579843d3d1607d4a66?s=96&d=mm&r=g","url":"https:\/\/secure.gravatar.com\/avatar\/b2f5b6cda565395f31dc94c95932b9b3fbe6275bad58a1579843d3d1607d4a66?s=96&d=mm&r=g","contentUrl":"https:\/\/secure.gravatar.com\/avatar\/b2f5b6cda565395f31dc94c95932b9b3fbe6275bad58a1579843d3d1607d4a66?s=96&d=mm&r=g","caption":"Soledad"},"url":"https:\/\/oroverde.gob.ar\/portal\/author\/soledad\/"}]}},"_links":{"self":[{"href":"https:\/\/oroverde.gob.ar\/portal\/wp-json\/wp\/v2\/posts\/5404","targetHints":{"allow":["GET"]}}],"collection":[{"href":"https:\/\/oroverde.gob.ar\/portal\/wp-json\/wp\/v2\/posts"}],"about":[{"href":"https:\/\/oroverde.gob.ar\/portal\/wp-json\/wp\/v2\/types\/post"}],"author":[{"embeddable":true,"href":"https:\/\/oroverde.gob.ar\/portal\/wp-json\/wp\/v2\/users\/3"}],"replies":[{"embeddable":true,"href":"https:\/\/oroverde.gob.ar\/portal\/wp-json\/wp\/v2\/comments?post=5404"}],"version-history":[{"count":4,"href":"https:\/\/oroverde.gob.ar\/portal\/wp-json\/wp\/v2\/posts\/5404\/revisions"}],"predecessor-version":[{"id":5623,"href":"https:\/\/oroverde.gob.ar\/portal\/wp-json\/wp\/v2\/posts\/5404\/revisions\/5623"}],"wp:featuredmedia":[{"embeddable":true,"href":"https:\/\/oroverde.gob.ar\/portal\/wp-json\/wp\/v2\/media\/4618"}],"wp:attachment":[{"href":"https:\/\/oroverde.gob.ar\/portal\/wp-json\/wp\/v2\/media?parent=5404"}],"wp:term":[{"taxonomy":"category","embeddable":true,"href":"https:\/\/oroverde.gob.ar\/portal\/wp-json\/wp\/v2\/categories?post=5404"},{"taxonomy":"post_tag","embeddable":true,"href":"https:\/\/oroverde.gob.ar\/portal\/wp-json\/wp\/v2\/tags?post=5404"}],"curies":[{"name":"wp","href":"https:\/\/api.w.org\/{rel}","templated":true}]}}