{"id":5491,"date":"2025-03-14T15:02:56","date_gmt":"2025-03-14T18:02:56","guid":{"rendered":"https:\/\/oroverde.gob.ar\/portal\/?p=5491"},"modified":"2025-03-14T15:02:56","modified_gmt":"2025-03-14T18:02:56","slug":"primer-encuentro-de-la-capacitacion-sobre-consumos-problematicos","status":"publish","type":"post","link":"https:\/\/oroverde.gob.ar\/portal\/primer-encuentro-de-la-capacitacion-sobre-consumos-problematicos\/","title":{"rendered":"Primer encuentro de la capacitaci\u00f3n sobre consumos problem\u00e1ticos"},"content":{"rendered":"<div class=\"xdj266r x11i5rnm xat24cr x1mh8g0r x1vvkbs x126k92a\">\n<div dir=\"auto\"><\/div>\n<\/div>\n<div class=\"x11i5rnm xat24cr x1mh8g0r x1vvkbs xtlvy1s x126k92a\">\n<div dir=\"auto\">El Programa de Capacitaci\u00f3n de Adicciones, dependiente de la Direcci\u00f3n de prevenci\u00f3n y Control de Adicciones de la Provincia de Entre R\u00edos realiz\u00f3 en Oro Verde el primer encuentro de una capacitaci\u00f3n sobre consumos problem\u00e1ticos.<\/div>\n<\/div>\n<div class=\"x11i5rnm xat24cr x1mh8g0r x1vvkbs xtlvy1s x126k92a\">\n<div dir=\"auto\">Estuvo a cargo del director de Prevenci\u00f3n y Control de Adicciones de la Provincia, Pablo Cymbalista qui\u00e9n expuso sobre el consumo de sustancias con el objetivo de brindar las herramientas necesarias que permitan la elaboraci\u00f3n de acciones de prevenci\u00f3n, entre otros temas.<\/div>\n<\/div>\n<div class=\"x11i5rnm xat24cr x1mh8g0r x1vvkbs xtlvy1s x126k92a\">\n<div dir=\"auto\">Estuvieron presentes el intendente C\u00e9sar Clement, la Viceintendenta Mercedes Schvindt, los concejales Amelia Gerstner, Rosana Cappellacci, Ver\u00f3nica Mi\u00f1o y Oscar Almir\u00f3n. Tambi\u00e9n Jorgelina Milone y Mar\u00eda Mi\u00f1o, integrantes del \u00c1rea de Desarrollo Social y referentes de distintas intuiciones de la localidad.<\/div>\n<\/div>\n","protected":false},"excerpt":{"rendered":"<p>El Programa de Capacitaci\u00f3n de Adicciones, dependiente de la Direcci\u00f3n de prevenci\u00f3n y Control de Adicciones de la Provincia de Entre R\u00edos realiz\u00f3 en Oro Verde el primer encuentro de una capacitaci\u00f3n sobre consumos problem\u00e1ticos. Estuvo a cargo del director de Prevenci\u00f3n y &hellip;<\/p>\n","protected":false},"author":3,"featured_media":5492,"comment_status":"closed","ping_status":"closed","sticky":false,"template":"","format":"standard","meta":{"footnotes":""},"categories":[25],"tags":[],"class_list":["post-5491","post","type-post","status-publish","format-standard","has-post-thumbnail","hentry","category-gobierno"],"yoast_head":"<!-- This site is optimized with the Yoast SEO plugin v27.5 - https:\/\/yoast.com\/product\/yoast-seo-wordpress\/ -->\n<title>Primer encuentro de la capacitaci\u00f3n sobre consumos problem\u00e1ticos - Municipio de Oro Verde<\/title>\n<meta name=\"robots\" content=\"index, follow, max-snippet:-1, max-image-preview:large, max-video-preview:-1\" \/>\n<link rel=\"canonical\" href=\"https:\/\/oroverde.gob.ar\/portal\/primer-encuentro-de-la-capacitacion-sobre-consumos-problematicos\/\" \/>\n<meta property=\"og:locale\" content=\"es_ES\" \/>\n<meta property=\"og:type\" content=\"article\" \/>\n<meta property=\"og:title\" content=\"Primer encuentro de la capacitaci\u00f3n sobre consumos problem\u00e1ticos - Municipio de Oro Verde\" \/>\n<meta property=\"og:description\" content=\"El Programa de Capacitaci\u00f3n de Adicciones, dependiente de la Direcci\u00f3n de prevenci\u00f3n y Control de Adicciones de la Provincia de Entre R\u00edos realiz\u00f3 en Oro Verde el primer encuentro de una capacitaci\u00f3n sobre consumos problem\u00e1ticos. Estuvo a cargo del director de Prevenci\u00f3n y &hellip;\" \/>\n<meta property=\"og:url\" content=\"https:\/\/oroverde.gob.ar\/portal\/primer-encuentro-de-la-capacitacion-sobre-consumos-problematicos\/\" \/>\n<meta property=\"og:site_name\" content=\"Municipio de Oro Verde\" \/>\n<meta property=\"article:published_time\" content=\"2025-03-14T18:02:56+00:00\" \/>\n<meta property=\"og:image\" content=\"https:\/\/oroverde.gob.ar\/portal\/wp-content\/uploads\/2025\/03\/WhatsApp-Image-2025-03-14-at-11.31.27-AM.jpeg\" \/>\n\t<meta property=\"og:image:width\" content=\"1600\" \/>\n\t<meta property=\"og:image:height\" content=\"1067\" \/>\n\t<meta property=\"og:image:type\" content=\"image\/jpeg\" \/>\n<meta name=\"author\" content=\"Soledad\" \/>\n<meta name=\"twitter:card\" content=\"summary_large_image\" \/>\n<meta name=\"twitter:label1\" content=\"Escrito por\" \/>\n\t<meta name=\"twitter:data1\" content=\"Soledad\" \/>\n\t<meta name=\"twitter:label2\" content=\"Tiempo de lectura\" \/>\n\t<meta name=\"twitter:data2\" content=\"1 minuto\" \/>\n<script type=\"application\/ld+json\" class=\"yoast-schema-graph\">{\"@context\":\"https:\\\/\\\/schema.org\",\"@graph\":[{\"@type\":\"Article\",\"@id\":\"https:\\\/\\\/oroverde.gob.ar\\\/portal\\\/primer-encuentro-de-la-capacitacion-sobre-consumos-problematicos\\\/#article\",\"isPartOf\":{\"@id\":\"https:\\\/\\\/oroverde.gob.ar\\\/portal\\\/primer-encuentro-de-la-capacitacion-sobre-consumos-problematicos\\\/\"},\"author\":{\"name\":\"Soledad\",\"@id\":\"https:\\\/\\\/oroverde.gob.ar\\\/portal\\\/#\\\/schema\\\/person\\\/b975e0cbcd43b7dcf9c64511ec84f10f\"},\"headline\":\"Primer encuentro de la capacitaci\u00f3n sobre consumos problem\u00e1ticos\",\"datePublished\":\"2025-03-14T18:02:56+00:00\",\"mainEntityOfPage\":{\"@id\":\"https:\\\/\\\/oroverde.gob.ar\\\/portal\\\/primer-encuentro-de-la-capacitacion-sobre-consumos-problematicos\\\/\"},\"wordCount\":145,\"publisher\":{\"@id\":\"https:\\\/\\\/oroverde.gob.ar\\\/portal\\\/#organization\"},\"image\":{\"@id\":\"https:\\\/\\\/oroverde.gob.ar\\\/portal\\\/primer-encuentro-de-la-capacitacion-sobre-consumos-problematicos\\\/#primaryimage\"},\"thumbnailUrl\":\"https:\\\/\\\/oroverde.gob.ar\\\/portal\\\/wp-content\\\/uploads\\\/2025\\\/03\\\/WhatsApp-Image-2025-03-14-at-11.31.27-AM.jpeg\",\"articleSection\":[\"Gobierno\"],\"inLanguage\":\"es\"},{\"@type\":\"WebPage\",\"@id\":\"https:\\\/\\\/oroverde.gob.ar\\\/portal\\\/primer-encuentro-de-la-capacitacion-sobre-consumos-problematicos\\\/\",\"url\":\"https:\\\/\\\/oroverde.gob.ar\\\/portal\\\/primer-encuentro-de-la-capacitacion-sobre-consumos-problematicos\\\/\",\"name\":\"Primer encuentro de la capacitaci\u00f3n sobre consumos problem\u00e1ticos - Municipio de Oro Verde\",\"isPartOf\":{\"@id\":\"https:\\\/\\\/oroverde.gob.ar\\\/portal\\\/#website\"},\"primaryImageOfPage\":{\"@id\":\"https:\\\/\\\/oroverde.gob.ar\\\/portal\\\/primer-encuentro-de-la-capacitacion-sobre-consumos-problematicos\\\/#primaryimage\"},\"image\":{\"@id\":\"https:\\\/\\\/oroverde.gob.ar\\\/portal\\\/primer-encuentro-de-la-capacitacion-sobre-consumos-problematicos\\\/#primaryimage\"},\"thumbnailUrl\":\"https:\\\/\\\/oroverde.gob.ar\\\/portal\\\/wp-content\\\/uploads\\\/2025\\\/03\\\/WhatsApp-Image-2025-03-14-at-11.31.27-AM.jpeg\",\"datePublished\":\"2025-03-14T18:02:56+00:00\",\"breadcrumb\":{\"@id\":\"https:\\\/\\\/oroverde.gob.ar\\\/portal\\\/primer-encuentro-de-la-capacitacion-sobre-consumos-problematicos\\\/#breadcrumb\"},\"inLanguage\":\"es\",\"potentialAction\":[{\"@type\":\"ReadAction\",\"target\":[\"https:\\\/\\\/oroverde.gob.ar\\\/portal\\\/primer-encuentro-de-la-capacitacion-sobre-consumos-problematicos\\\/\"]}]},{\"@type\":\"ImageObject\",\"inLanguage\":\"es\",\"@id\":\"https:\\\/\\\/oroverde.gob.ar\\\/portal\\\/primer-encuentro-de-la-capacitacion-sobre-consumos-problematicos\\\/#primaryimage\",\"url\":\"https:\\\/\\\/oroverde.gob.ar\\\/portal\\\/wp-content\\\/uploads\\\/2025\\\/03\\\/WhatsApp-Image-2025-03-14-at-11.31.27-AM.jpeg\",\"contentUrl\":\"https:\\\/\\\/oroverde.gob.ar\\\/portal\\\/wp-content\\\/uploads\\\/2025\\\/03\\\/WhatsApp-Image-2025-03-14-at-11.31.27-AM.jpeg\",\"width\":1600,\"height\":1067},{\"@type\":\"BreadcrumbList\",\"@id\":\"https:\\\/\\\/oroverde.gob.ar\\\/portal\\\/primer-encuentro-de-la-capacitacion-sobre-consumos-problematicos\\\/#breadcrumb\",\"itemListElement\":[{\"@type\":\"ListItem\",\"position\":1,\"name\":\"Portada\",\"item\":\"https:\\\/\\\/oroverde.gob.ar\\\/portal\\\/\"},{\"@type\":\"ListItem\",\"position\":2,\"name\":\"Primer encuentro de la capacitaci\u00f3n sobre consumos problem\u00e1ticos\"}]},{\"@type\":\"WebSite\",\"@id\":\"https:\\\/\\\/oroverde.gob.ar\\\/portal\\\/#website\",\"url\":\"https:\\\/\\\/oroverde.gob.ar\\\/portal\\\/\",\"name\":\"Municipio de Oro Verde\",\"description\":\"Web Oficial\",\"publisher\":{\"@id\":\"https:\\\/\\\/oroverde.gob.ar\\\/portal\\\/#organization\"},\"potentialAction\":[{\"@type\":\"SearchAction\",\"target\":{\"@type\":\"EntryPoint\",\"urlTemplate\":\"https:\\\/\\\/oroverde.gob.ar\\\/portal\\\/?s={search_term_string}\"},\"query-input\":{\"@type\":\"PropertyValueSpecification\",\"valueRequired\":true,\"valueName\":\"search_term_string\"}}],\"inLanguage\":\"es\"},{\"@type\":\"Organization\",\"@id\":\"https:\\\/\\\/oroverde.gob.ar\\\/portal\\\/#organization\",\"name\":\"Municipio de Oro Verde\",\"url\":\"https:\\\/\\\/oroverde.gob.ar\\\/portal\\\/\",\"logo\":{\"@type\":\"ImageObject\",\"inLanguage\":\"es\",\"@id\":\"https:\\\/\\\/oroverde.gob.ar\\\/portal\\\/#\\\/schema\\\/logo\\\/image\\\/\",\"url\":\"https:\\\/\\\/oroverde.gob.ar\\\/portal\\\/wp-content\\\/uploads\\\/2024\\\/06\\\/cropped-cropped-logo-1.png\",\"contentUrl\":\"https:\\\/\\\/oroverde.gob.ar\\\/portal\\\/wp-content\\\/uploads\\\/2024\\\/06\\\/cropped-cropped-logo-1.png\",\"width\":1776,\"height\":738,\"caption\":\"Municipio de Oro Verde\"},\"image\":{\"@id\":\"https:\\\/\\\/oroverde.gob.ar\\\/portal\\\/#\\\/schema\\\/logo\\\/image\\\/\"}},{\"@type\":\"Person\",\"@id\":\"https:\\\/\\\/oroverde.gob.ar\\\/portal\\\/#\\\/schema\\\/person\\\/b975e0cbcd43b7dcf9c64511ec84f10f\",\"name\":\"Soledad\",\"image\":{\"@type\":\"ImageObject\",\"inLanguage\":\"es\",\"@id\":\"https:\\\/\\\/secure.gravatar.com\\\/avatar\\\/b2f5b6cda565395f31dc94c95932b9b3fbe6275bad58a1579843d3d1607d4a66?s=96&d=mm&r=g\",\"url\":\"https:\\\/\\\/secure.gravatar.com\\\/avatar\\\/b2f5b6cda565395f31dc94c95932b9b3fbe6275bad58a1579843d3d1607d4a66?s=96&d=mm&r=g\",\"contentUrl\":\"https:\\\/\\\/secure.gravatar.com\\\/avatar\\\/b2f5b6cda565395f31dc94c95932b9b3fbe6275bad58a1579843d3d1607d4a66?s=96&d=mm&r=g\",\"caption\":\"Soledad\"},\"url\":\"https:\\\/\\\/oroverde.gob.ar\\\/portal\\\/author\\\/soledad\\\/\"}]}<\/script>\n<!-- \/ Yoast SEO plugin. -->","yoast_head_json":{"title":"Primer encuentro de la capacitaci\u00f3n sobre consumos problem\u00e1ticos - Municipio de Oro Verde","robots":{"index":"index","follow":"follow","max-snippet":"max-snippet:-1","max-image-preview":"max-image-preview:large","max-video-preview":"max-video-preview:-1"},"canonical":"https:\/\/oroverde.gob.ar\/portal\/primer-encuentro-de-la-capacitacion-sobre-consumos-problematicos\/","og_locale":"es_ES","og_type":"article","og_title":"Primer encuentro de la capacitaci\u00f3n sobre consumos problem\u00e1ticos - Municipio de Oro Verde","og_description":"El Programa de Capacitaci\u00f3n de Adicciones, dependiente de la Direcci\u00f3n de prevenci\u00f3n y Control de Adicciones de la Provincia de Entre R\u00edos realiz\u00f3 en Oro Verde el primer encuentro de una capacitaci\u00f3n sobre consumos problem\u00e1ticos. Estuvo a cargo del director de Prevenci\u00f3n y &hellip;","og_url":"https:\/\/oroverde.gob.ar\/portal\/primer-encuentro-de-la-capacitacion-sobre-consumos-problematicos\/","og_site_name":"Municipio de Oro Verde","article_published_time":"2025-03-14T18:02:56+00:00","og_image":[{"width":1600,"height":1067,"url":"https:\/\/oroverde.gob.ar\/portal\/wp-content\/uploads\/2025\/03\/WhatsApp-Image-2025-03-14-at-11.31.27-AM.jpeg","type":"image\/jpeg"}],"author":"Soledad","twitter_card":"summary_large_image","twitter_misc":{"Escrito por":"Soledad","Tiempo de lectura":"1 minuto"},"schema":{"@context":"https:\/\/schema.org","@graph":[{"@type":"Article","@id":"https:\/\/oroverde.gob.ar\/portal\/primer-encuentro-de-la-capacitacion-sobre-consumos-problematicos\/#article","isPartOf":{"@id":"https:\/\/oroverde.gob.ar\/portal\/primer-encuentro-de-la-capacitacion-sobre-consumos-problematicos\/"},"author":{"name":"Soledad","@id":"https:\/\/oroverde.gob.ar\/portal\/#\/schema\/person\/b975e0cbcd43b7dcf9c64511ec84f10f"},"headline":"Primer encuentro de la capacitaci\u00f3n sobre consumos problem\u00e1ticos","datePublished":"2025-03-14T18:02:56+00:00","mainEntityOfPage":{"@id":"https:\/\/oroverde.gob.ar\/portal\/primer-encuentro-de-la-capacitacion-sobre-consumos-problematicos\/"},"wordCount":145,"publisher":{"@id":"https:\/\/oroverde.gob.ar\/portal\/#organization"},"image":{"@id":"https:\/\/oroverde.gob.ar\/portal\/primer-encuentro-de-la-capacitacion-sobre-consumos-problematicos\/#primaryimage"},"thumbnailUrl":"https:\/\/oroverde.gob.ar\/portal\/wp-content\/uploads\/2025\/03\/WhatsApp-Image-2025-03-14-at-11.31.27-AM.jpeg","articleSection":["Gobierno"],"inLanguage":"es"},{"@type":"WebPage","@id":"https:\/\/oroverde.gob.ar\/portal\/primer-encuentro-de-la-capacitacion-sobre-consumos-problematicos\/","url":"https:\/\/oroverde.gob.ar\/portal\/primer-encuentro-de-la-capacitacion-sobre-consumos-problematicos\/","name":"Primer encuentro de la capacitaci\u00f3n sobre consumos problem\u00e1ticos - Municipio de Oro Verde","isPartOf":{"@id":"https:\/\/oroverde.gob.ar\/portal\/#website"},"primaryImageOfPage":{"@id":"https:\/\/oroverde.gob.ar\/portal\/primer-encuentro-de-la-capacitacion-sobre-consumos-problematicos\/#primaryimage"},"image":{"@id":"https:\/\/oroverde.gob.ar\/portal\/primer-encuentro-de-la-capacitacion-sobre-consumos-problematicos\/#primaryimage"},"thumbnailUrl":"https:\/\/oroverde.gob.ar\/portal\/wp-content\/uploads\/2025\/03\/WhatsApp-Image-2025-03-14-at-11.31.27-AM.jpeg","datePublished":"2025-03-14T18:02:56+00:00","breadcrumb":{"@id":"https:\/\/oroverde.gob.ar\/portal\/primer-encuentro-de-la-capacitacion-sobre-consumos-problematicos\/#breadcrumb"},"inLanguage":"es","potentialAction":[{"@type":"ReadAction","target":["https:\/\/oroverde.gob.ar\/portal\/primer-encuentro-de-la-capacitacion-sobre-consumos-problematicos\/"]}]},{"@type":"ImageObject","inLanguage":"es","@id":"https:\/\/oroverde.gob.ar\/portal\/primer-encuentro-de-la-capacitacion-sobre-consumos-problematicos\/#primaryimage","url":"https:\/\/oroverde.gob.ar\/portal\/wp-content\/uploads\/2025\/03\/WhatsApp-Image-2025-03-14-at-11.31.27-AM.jpeg","contentUrl":"https:\/\/oroverde.gob.ar\/portal\/wp-content\/uploads\/2025\/03\/WhatsApp-Image-2025-03-14-at-11.31.27-AM.jpeg","width":1600,"height":1067},{"@type":"BreadcrumbList","@id":"https:\/\/oroverde.gob.ar\/portal\/primer-encuentro-de-la-capacitacion-sobre-consumos-problematicos\/#breadcrumb","itemListElement":[{"@type":"ListItem","position":1,"name":"Portada","item":"https:\/\/oroverde.gob.ar\/portal\/"},{"@type":"ListItem","position":2,"name":"Primer encuentro de la capacitaci\u00f3n sobre consumos problem\u00e1ticos"}]},{"@type":"WebSite","@id":"https:\/\/oroverde.gob.ar\/portal\/#website","url":"https:\/\/oroverde.gob.ar\/portal\/","name":"Municipio de Oro Verde","description":"Web Oficial","publisher":{"@id":"https:\/\/oroverde.gob.ar\/portal\/#organization"},"potentialAction":[{"@type":"SearchAction","target":{"@type":"EntryPoint","urlTemplate":"https:\/\/oroverde.gob.ar\/portal\/?s={search_term_string}"},"query-input":{"@type":"PropertyValueSpecification","valueRequired":true,"valueName":"search_term_string"}}],"inLanguage":"es"},{"@type":"Organization","@id":"https:\/\/oroverde.gob.ar\/portal\/#organization","name":"Municipio de Oro Verde","url":"https:\/\/oroverde.gob.ar\/portal\/","logo":{"@type":"ImageObject","inLanguage":"es","@id":"https:\/\/oroverde.gob.ar\/portal\/#\/schema\/logo\/image\/","url":"https:\/\/oroverde.gob.ar\/portal\/wp-content\/uploads\/2024\/06\/cropped-cropped-logo-1.png","contentUrl":"https:\/\/oroverde.gob.ar\/portal\/wp-content\/uploads\/2024\/06\/cropped-cropped-logo-1.png","width":1776,"height":738,"caption":"Municipio de Oro Verde"},"image":{"@id":"https:\/\/oroverde.gob.ar\/portal\/#\/schema\/logo\/image\/"}},{"@type":"Person","@id":"https:\/\/oroverde.gob.ar\/portal\/#\/schema\/person\/b975e0cbcd43b7dcf9c64511ec84f10f","name":"Soledad","image":{"@type":"ImageObject","inLanguage":"es","@id":"https:\/\/secure.gravatar.com\/avatar\/b2f5b6cda565395f31dc94c95932b9b3fbe6275bad58a1579843d3d1607d4a66?s=96&d=mm&r=g","url":"https:\/\/secure.gravatar.com\/avatar\/b2f5b6cda565395f31dc94c95932b9b3fbe6275bad58a1579843d3d1607d4a66?s=96&d=mm&r=g","contentUrl":"https:\/\/secure.gravatar.com\/avatar\/b2f5b6cda565395f31dc94c95932b9b3fbe6275bad58a1579843d3d1607d4a66?s=96&d=mm&r=g","caption":"Soledad"},"url":"https:\/\/oroverde.gob.ar\/portal\/author\/soledad\/"}]}},"_links":{"self":[{"href":"https:\/\/oroverde.gob.ar\/portal\/wp-json\/wp\/v2\/posts\/5491","targetHints":{"allow":["GET"]}}],"collection":[{"href":"https:\/\/oroverde.gob.ar\/portal\/wp-json\/wp\/v2\/posts"}],"about":[{"href":"https:\/\/oroverde.gob.ar\/portal\/wp-json\/wp\/v2\/types\/post"}],"author":[{"embeddable":true,"href":"https:\/\/oroverde.gob.ar\/portal\/wp-json\/wp\/v2\/users\/3"}],"replies":[{"embeddable":true,"href":"https:\/\/oroverde.gob.ar\/portal\/wp-json\/wp\/v2\/comments?post=5491"}],"version-history":[{"count":1,"href":"https:\/\/oroverde.gob.ar\/portal\/wp-json\/wp\/v2\/posts\/5491\/revisions"}],"predecessor-version":[{"id":5493,"href":"https:\/\/oroverde.gob.ar\/portal\/wp-json\/wp\/v2\/posts\/5491\/revisions\/5493"}],"wp:featuredmedia":[{"embeddable":true,"href":"https:\/\/oroverde.gob.ar\/portal\/wp-json\/wp\/v2\/media\/5492"}],"wp:attachment":[{"href":"https:\/\/oroverde.gob.ar\/portal\/wp-json\/wp\/v2\/media?parent=5491"}],"wp:term":[{"taxonomy":"category","embeddable":true,"href":"https:\/\/oroverde.gob.ar\/portal\/wp-json\/wp\/v2\/categories?post=5491"},{"taxonomy":"post_tag","embeddable":true,"href":"https:\/\/oroverde.gob.ar\/portal\/wp-json\/wp\/v2\/tags?post=5491"}],"curies":[{"name":"wp","href":"https:\/\/api.w.org\/{rel}","templated":true}]}}