{"id":5523,"date":"2025-03-17T13:32:11","date_gmt":"2025-03-17T16:32:11","guid":{"rendered":"https:\/\/oroverde.gob.ar\/portal\/?p=5523"},"modified":"2025-03-19T10:54:21","modified_gmt":"2025-03-19T13:54:21","slug":"el-intendente-cesar-clement-dejo-inaugurado-el-periodo-de-sesiones-ordinarias-del-hcd","status":"publish","type":"post","link":"https:\/\/oroverde.gob.ar\/portal\/el-intendente-cesar-clement-dejo-inaugurado-el-periodo-de-sesiones-ordinarias-del-hcd\/","title":{"rendered":"El intendente C\u00e9sar Clement dej\u00f3 inaugurado el Per\u00edodo de Sesiones Ordinarias del HCD"},"content":{"rendered":"<div class=\"xdj266r x11i5rnm xat24cr x1mh8g0r x1vvkbs x126k92a\">\n<div dir=\"auto\">El presidente municipal C\u00e9sar Clement dej\u00f3 inaugurado el per\u00edodo de Sesiones Ordinarias del Concejo Deliberante de Oro Verde. Fue en el Sal\u00f3n Auditorio Municipal y all\u00ed, tal como lo establece la legislaci\u00f3n dio cuenta de lo actuado en 2024 y brind\u00f3 un mensaje con los principales lineamientos de lo que el Municipio realizar\u00e1 este a\u00f1o ante el HCD, autoridades de instituciones locales y vecinos en general.<\/div>\n<div dir=\"auto\"><\/div>\n<\/div>\n<div class=\"x11i5rnm xat24cr x1mh8g0r x1vvkbs xtlvy1s x126k92a\">\n<div dir=\"auto\">Para comenzar, la presidente del Honorable Concejo Deliberante Mercedes Schvindt, dio la bienvenida y se realiz\u00f3 lectura del decreto que establece el inicio del per\u00edodo de sesiones ordinarias, en cumplimiento a lo establecido en la Constituci\u00f3n Provincial y la Ley de Municipios.<\/div>\n<div dir=\"auto\"><\/div>\n<\/div>\n<div class=\"x11i5rnm xat24cr x1mh8g0r x1vvkbs xtlvy1s x126k92a\">\n<div dir=\"auto\">Posteriormente, ante los concejales Ernesto Roth, Oscar Ocampo, Rosana Cappellacci, Amelia Gerstner, Oscar Almir\u00f3n, Ver\u00f3nica Mi\u00f1o y Horacio Unrein, el presidente Municipal C\u00e9sar Clement hizo un raconto de las actividades de las \u00e1reas municipales durante 2024.<\/div>\n<div dir=\"auto\"><\/div>\n<\/div>\n<div class=\"x11i5rnm xat24cr x1mh8g0r x1vvkbs xtlvy1s x126k92a\">\n<div dir=\"auto\">Destac\u00f3 tres aspectos que centrar\u00e1n el trabajo, Ambiente y Obra P\u00fablica, acompa\u00f1amiento en el plano social y potencial humano. Acerca del primero de estos ejes explic\u00f3 \u00abPotenciaremos el trabajo realizado con el programa GIRSU, innovaremos en nuevas pr\u00e1cticas ambientales para la disposici\u00f3n final de residuos. Continuaremos mejorando los espacios verdes, con el Paseo de las Diagonales en Loteo La Reja, la Plaza Oasis, ba\u00f1os nuevos del polideportivo, con cambios de juegos y con cambio de iluminaci\u00f3n. Comenzaremos con el albergue deportivo en el Complejo de Piletas y realizaremos entubado y asfalto de un tramo de calle Los Laureles. Tambi\u00e9n continuaremos con la uni\u00f3n de las veredas que van desde Facultades con Barrio Lomas de Oro Verde, ese tramo faltante conlleva de realizar tres puentes y obras de mejora en Los \u00d1and\u00faes, con cord\u00f3n cuneta y piedra mora, por nombrar s\u00f3lo algunas obras\u00bb.<\/div>\n<\/div>\n<div class=\"x11i5rnm xat24cr x1mh8g0r x1vvkbs xtlvy1s x126k92a\">\n<div dir=\"auto\">En cuanto a los social y viviendas destac\u00f3 \u00abfocalizaremos el trabajo en alcanzar a cubrir las necesidades de los vecinos que necesitan terrenos, los vecinos que necesitan viviendas, es materia nuestra como Estado acompa\u00f1ar este sue\u00f1o de cada vecino y trabajaremos para eso\u00bb.<\/div>\n<\/div>\n<div class=\"x11i5rnm xat24cr x1mh8g0r x1vvkbs xtlvy1s x126k92a\">\n<div dir=\"auto\">Respecto del eje de capital humano, se refiri\u00f3 a potenciar el trabajo de los empleados municipales, su capacitaci\u00f3n, bienestar y reconocimiento para transformar y modernizar el Municipio.<\/div>\n<\/div>\n<div class=\"x11i5rnm xat24cr x1mh8g0r x1vvkbs xtlvy1s x126k92a\">\n<div dir=\"auto\">Memoria Completa en el siguiente link:<span class=\"html-span xdj266r x11i5rnm xat24cr x1mh8g0r xexx8yu x4uap5 x18d9i69 xkhd6sd x1hl2dhg x16tdsg8 x1vvkbs\"><a class=\"x1i10hfl xjbqb8w x1ejq31n xd10rxx x1sy0etr x17r0tee x972fbf xcfux6l x1qhh985 xm0m39n x9f619 x1ypdohk xt0psk2 xe8uvvx xdj266r x11i5rnm xat24cr x1mh8g0r xexx8yu x4uap5 x18d9i69 xkhd6sd x16tdsg8 x1hl2dhg xggy1nq x1a2a7pz xkrqix3 x1sur9pj x1fey0fg x1s688f\" tabindex=\"0\" role=\"link\" href=\"https:\/\/tinyurl.com\/25s5t82f?fbclid=IwZXh0bgNhZW0CMTAAAR3wCalsipVPFkW1VBmMXaoBo5_P-fGF7QCe4BO7bJ5QHh-mQrUWJjmgSYs_aem_OfUYxTUSrTacMTLNbPjW0Q\" target=\"_blank\" rel=\"nofollow noopener noreferrer\">https:\/\/tinyurl.com\/25s5t82f<\/a><\/span><\/div>\n<\/div>\n","protected":false},"excerpt":{"rendered":"<p>El presidente municipal C\u00e9sar Clement dej\u00f3 inaugurado el per\u00edodo de Sesiones Ordinarias del Concejo Deliberante de Oro Verde. Fue en el Sal\u00f3n Auditorio Municipal y all\u00ed, tal como lo establece la legislaci\u00f3n dio cuenta de lo actuado en 2024 y brind\u00f3 un mensaje &hellip;<\/p>\n","protected":false},"author":3,"featured_media":5524,"comment_status":"closed","ping_status":"closed","sticky":false,"template":"","format":"standard","meta":{"footnotes":""},"categories":[24,1],"tags":[],"class_list":["post-5523","post","type-post","status-publish","format-standard","has-post-thumbnail","hentry","category-concejo-deliberante","category-municipio"],"yoast_head":"<!-- This site is optimized with the Yoast SEO plugin v27.5 - https:\/\/yoast.com\/product\/yoast-seo-wordpress\/ -->\n<title>El intendente C\u00e9sar Clement dej\u00f3 inaugurado el Per\u00edodo de Sesiones Ordinarias del HCD - Municipio de Oro Verde<\/title>\n<meta name=\"robots\" content=\"index, follow, max-snippet:-1, max-image-preview:large, max-video-preview:-1\" \/>\n<link rel=\"canonical\" href=\"https:\/\/oroverde.gob.ar\/portal\/el-intendente-cesar-clement-dejo-inaugurado-el-periodo-de-sesiones-ordinarias-del-hcd\/\" \/>\n<meta property=\"og:locale\" content=\"es_ES\" \/>\n<meta property=\"og:type\" content=\"article\" \/>\n<meta property=\"og:title\" content=\"El intendente C\u00e9sar Clement dej\u00f3 inaugurado el Per\u00edodo de Sesiones Ordinarias del HCD - Municipio de Oro Verde\" \/>\n<meta property=\"og:description\" content=\"El presidente municipal C\u00e9sar Clement dej\u00f3 inaugurado el per\u00edodo de Sesiones Ordinarias del Concejo Deliberante de Oro Verde. Fue en el Sal\u00f3n Auditorio Municipal y all\u00ed, tal como lo establece la legislaci\u00f3n dio cuenta de lo actuado en 2024 y brind\u00f3 un mensaje &hellip;\" \/>\n<meta property=\"og:url\" content=\"https:\/\/oroverde.gob.ar\/portal\/el-intendente-cesar-clement-dejo-inaugurado-el-periodo-de-sesiones-ordinarias-del-hcd\/\" \/>\n<meta property=\"og:site_name\" content=\"Municipio de Oro Verde\" \/>\n<meta property=\"article:published_time\" content=\"2025-03-17T16:32:11+00:00\" \/>\n<meta property=\"article:modified_time\" content=\"2025-03-19T13:54:21+00:00\" \/>\n<meta property=\"og:image\" content=\"https:\/\/oroverde.gob.ar\/portal\/wp-content\/uploads\/2025\/03\/DSC0514-scaled.jpg\" \/>\n\t<meta property=\"og:image:width\" content=\"2560\" \/>\n\t<meta property=\"og:image:height\" content=\"1708\" \/>\n\t<meta property=\"og:image:type\" content=\"image\/jpeg\" \/>\n<meta name=\"author\" content=\"Soledad\" \/>\n<meta name=\"twitter:card\" content=\"summary_large_image\" \/>\n<meta name=\"twitter:label1\" content=\"Escrito por\" \/>\n\t<meta name=\"twitter:data1\" content=\"Soledad\" \/>\n\t<meta name=\"twitter:label2\" content=\"Tiempo de lectura\" \/>\n\t<meta name=\"twitter:data2\" content=\"2 minutos\" \/>\n<script type=\"application\/ld+json\" class=\"yoast-schema-graph\">{\"@context\":\"https:\\\/\\\/schema.org\",\"@graph\":[{\"@type\":\"Article\",\"@id\":\"https:\\\/\\\/oroverde.gob.ar\\\/portal\\\/el-intendente-cesar-clement-dejo-inaugurado-el-periodo-de-sesiones-ordinarias-del-hcd\\\/#article\",\"isPartOf\":{\"@id\":\"https:\\\/\\\/oroverde.gob.ar\\\/portal\\\/el-intendente-cesar-clement-dejo-inaugurado-el-periodo-de-sesiones-ordinarias-del-hcd\\\/\"},\"author\":{\"name\":\"Soledad\",\"@id\":\"https:\\\/\\\/oroverde.gob.ar\\\/portal\\\/#\\\/schema\\\/person\\\/b975e0cbcd43b7dcf9c64511ec84f10f\"},\"headline\":\"El intendente C\u00e9sar Clement dej\u00f3 inaugurado el Per\u00edodo de Sesiones Ordinarias del HCD\",\"datePublished\":\"2025-03-17T16:32:11+00:00\",\"dateModified\":\"2025-03-19T13:54:21+00:00\",\"mainEntityOfPage\":{\"@id\":\"https:\\\/\\\/oroverde.gob.ar\\\/portal\\\/el-intendente-cesar-clement-dejo-inaugurado-el-periodo-de-sesiones-ordinarias-del-hcd\\\/\"},\"wordCount\":407,\"publisher\":{\"@id\":\"https:\\\/\\\/oroverde.gob.ar\\\/portal\\\/#organization\"},\"image\":{\"@id\":\"https:\\\/\\\/oroverde.gob.ar\\\/portal\\\/el-intendente-cesar-clement-dejo-inaugurado-el-periodo-de-sesiones-ordinarias-del-hcd\\\/#primaryimage\"},\"thumbnailUrl\":\"https:\\\/\\\/oroverde.gob.ar\\\/portal\\\/wp-content\\\/uploads\\\/2025\\\/03\\\/DSC0514-scaled.jpg\",\"articleSection\":[\"Concejo Deliberante\",\"Municipio\"],\"inLanguage\":\"es\"},{\"@type\":\"WebPage\",\"@id\":\"https:\\\/\\\/oroverde.gob.ar\\\/portal\\\/el-intendente-cesar-clement-dejo-inaugurado-el-periodo-de-sesiones-ordinarias-del-hcd\\\/\",\"url\":\"https:\\\/\\\/oroverde.gob.ar\\\/portal\\\/el-intendente-cesar-clement-dejo-inaugurado-el-periodo-de-sesiones-ordinarias-del-hcd\\\/\",\"name\":\"El intendente C\u00e9sar Clement dej\u00f3 inaugurado el Per\u00edodo de Sesiones Ordinarias del HCD - Municipio de Oro Verde\",\"isPartOf\":{\"@id\":\"https:\\\/\\\/oroverde.gob.ar\\\/portal\\\/#website\"},\"primaryImageOfPage\":{\"@id\":\"https:\\\/\\\/oroverde.gob.ar\\\/portal\\\/el-intendente-cesar-clement-dejo-inaugurado-el-periodo-de-sesiones-ordinarias-del-hcd\\\/#primaryimage\"},\"image\":{\"@id\":\"https:\\\/\\\/oroverde.gob.ar\\\/portal\\\/el-intendente-cesar-clement-dejo-inaugurado-el-periodo-de-sesiones-ordinarias-del-hcd\\\/#primaryimage\"},\"thumbnailUrl\":\"https:\\\/\\\/oroverde.gob.ar\\\/portal\\\/wp-content\\\/uploads\\\/2025\\\/03\\\/DSC0514-scaled.jpg\",\"datePublished\":\"2025-03-17T16:32:11+00:00\",\"dateModified\":\"2025-03-19T13:54:21+00:00\",\"breadcrumb\":{\"@id\":\"https:\\\/\\\/oroverde.gob.ar\\\/portal\\\/el-intendente-cesar-clement-dejo-inaugurado-el-periodo-de-sesiones-ordinarias-del-hcd\\\/#breadcrumb\"},\"inLanguage\":\"es\",\"potentialAction\":[{\"@type\":\"ReadAction\",\"target\":[\"https:\\\/\\\/oroverde.gob.ar\\\/portal\\\/el-intendente-cesar-clement-dejo-inaugurado-el-periodo-de-sesiones-ordinarias-del-hcd\\\/\"]}]},{\"@type\":\"ImageObject\",\"inLanguage\":\"es\",\"@id\":\"https:\\\/\\\/oroverde.gob.ar\\\/portal\\\/el-intendente-cesar-clement-dejo-inaugurado-el-periodo-de-sesiones-ordinarias-del-hcd\\\/#primaryimage\",\"url\":\"https:\\\/\\\/oroverde.gob.ar\\\/portal\\\/wp-content\\\/uploads\\\/2025\\\/03\\\/DSC0514-scaled.jpg\",\"contentUrl\":\"https:\\\/\\\/oroverde.gob.ar\\\/portal\\\/wp-content\\\/uploads\\\/2025\\\/03\\\/DSC0514-scaled.jpg\",\"width\":2560,\"height\":1708},{\"@type\":\"BreadcrumbList\",\"@id\":\"https:\\\/\\\/oroverde.gob.ar\\\/portal\\\/el-intendente-cesar-clement-dejo-inaugurado-el-periodo-de-sesiones-ordinarias-del-hcd\\\/#breadcrumb\",\"itemListElement\":[{\"@type\":\"ListItem\",\"position\":1,\"name\":\"Portada\",\"item\":\"https:\\\/\\\/oroverde.gob.ar\\\/portal\\\/\"},{\"@type\":\"ListItem\",\"position\":2,\"name\":\"El intendente C\u00e9sar Clement dej\u00f3 inaugurado el Per\u00edodo de Sesiones Ordinarias del HCD\"}]},{\"@type\":\"WebSite\",\"@id\":\"https:\\\/\\\/oroverde.gob.ar\\\/portal\\\/#website\",\"url\":\"https:\\\/\\\/oroverde.gob.ar\\\/portal\\\/\",\"name\":\"Municipio de Oro Verde\",\"description\":\"Web Oficial\",\"publisher\":{\"@id\":\"https:\\\/\\\/oroverde.gob.ar\\\/portal\\\/#organization\"},\"potentialAction\":[{\"@type\":\"SearchAction\",\"target\":{\"@type\":\"EntryPoint\",\"urlTemplate\":\"https:\\\/\\\/oroverde.gob.ar\\\/portal\\\/?s={search_term_string}\"},\"query-input\":{\"@type\":\"PropertyValueSpecification\",\"valueRequired\":true,\"valueName\":\"search_term_string\"}}],\"inLanguage\":\"es\"},{\"@type\":\"Organization\",\"@id\":\"https:\\\/\\\/oroverde.gob.ar\\\/portal\\\/#organization\",\"name\":\"Municipio de Oro Verde\",\"url\":\"https:\\\/\\\/oroverde.gob.ar\\\/portal\\\/\",\"logo\":{\"@type\":\"ImageObject\",\"inLanguage\":\"es\",\"@id\":\"https:\\\/\\\/oroverde.gob.ar\\\/portal\\\/#\\\/schema\\\/logo\\\/image\\\/\",\"url\":\"https:\\\/\\\/oroverde.gob.ar\\\/portal\\\/wp-content\\\/uploads\\\/2024\\\/06\\\/cropped-cropped-logo-1.png\",\"contentUrl\":\"https:\\\/\\\/oroverde.gob.ar\\\/portal\\\/wp-content\\\/uploads\\\/2024\\\/06\\\/cropped-cropped-logo-1.png\",\"width\":1776,\"height\":738,\"caption\":\"Municipio de Oro Verde\"},\"image\":{\"@id\":\"https:\\\/\\\/oroverde.gob.ar\\\/portal\\\/#\\\/schema\\\/logo\\\/image\\\/\"}},{\"@type\":\"Person\",\"@id\":\"https:\\\/\\\/oroverde.gob.ar\\\/portal\\\/#\\\/schema\\\/person\\\/b975e0cbcd43b7dcf9c64511ec84f10f\",\"name\":\"Soledad\",\"image\":{\"@type\":\"ImageObject\",\"inLanguage\":\"es\",\"@id\":\"https:\\\/\\\/secure.gravatar.com\\\/avatar\\\/b2f5b6cda565395f31dc94c95932b9b3fbe6275bad58a1579843d3d1607d4a66?s=96&d=mm&r=g\",\"url\":\"https:\\\/\\\/secure.gravatar.com\\\/avatar\\\/b2f5b6cda565395f31dc94c95932b9b3fbe6275bad58a1579843d3d1607d4a66?s=96&d=mm&r=g\",\"contentUrl\":\"https:\\\/\\\/secure.gravatar.com\\\/avatar\\\/b2f5b6cda565395f31dc94c95932b9b3fbe6275bad58a1579843d3d1607d4a66?s=96&d=mm&r=g\",\"caption\":\"Soledad\"},\"url\":\"https:\\\/\\\/oroverde.gob.ar\\\/portal\\\/author\\\/soledad\\\/\"}]}<\/script>\n<!-- \/ Yoast SEO plugin. -->","yoast_head_json":{"title":"El intendente C\u00e9sar Clement dej\u00f3 inaugurado el Per\u00edodo de Sesiones Ordinarias del HCD - Municipio de Oro Verde","robots":{"index":"index","follow":"follow","max-snippet":"max-snippet:-1","max-image-preview":"max-image-preview:large","max-video-preview":"max-video-preview:-1"},"canonical":"https:\/\/oroverde.gob.ar\/portal\/el-intendente-cesar-clement-dejo-inaugurado-el-periodo-de-sesiones-ordinarias-del-hcd\/","og_locale":"es_ES","og_type":"article","og_title":"El intendente C\u00e9sar Clement dej\u00f3 inaugurado el Per\u00edodo de Sesiones Ordinarias del HCD - Municipio de Oro Verde","og_description":"El presidente municipal C\u00e9sar Clement dej\u00f3 inaugurado el per\u00edodo de Sesiones Ordinarias del Concejo Deliberante de Oro Verde. Fue en el Sal\u00f3n Auditorio Municipal y all\u00ed, tal como lo establece la legislaci\u00f3n dio cuenta de lo actuado en 2024 y brind\u00f3 un mensaje &hellip;","og_url":"https:\/\/oroverde.gob.ar\/portal\/el-intendente-cesar-clement-dejo-inaugurado-el-periodo-de-sesiones-ordinarias-del-hcd\/","og_site_name":"Municipio de Oro Verde","article_published_time":"2025-03-17T16:32:11+00:00","article_modified_time":"2025-03-19T13:54:21+00:00","og_image":[{"width":2560,"height":1708,"url":"https:\/\/oroverde.gob.ar\/portal\/wp-content\/uploads\/2025\/03\/DSC0514-scaled.jpg","type":"image\/jpeg"}],"author":"Soledad","twitter_card":"summary_large_image","twitter_misc":{"Escrito por":"Soledad","Tiempo de lectura":"2 minutos"},"schema":{"@context":"https:\/\/schema.org","@graph":[{"@type":"Article","@id":"https:\/\/oroverde.gob.ar\/portal\/el-intendente-cesar-clement-dejo-inaugurado-el-periodo-de-sesiones-ordinarias-del-hcd\/#article","isPartOf":{"@id":"https:\/\/oroverde.gob.ar\/portal\/el-intendente-cesar-clement-dejo-inaugurado-el-periodo-de-sesiones-ordinarias-del-hcd\/"},"author":{"name":"Soledad","@id":"https:\/\/oroverde.gob.ar\/portal\/#\/schema\/person\/b975e0cbcd43b7dcf9c64511ec84f10f"},"headline":"El intendente C\u00e9sar Clement dej\u00f3 inaugurado el Per\u00edodo de Sesiones Ordinarias del HCD","datePublished":"2025-03-17T16:32:11+00:00","dateModified":"2025-03-19T13:54:21+00:00","mainEntityOfPage":{"@id":"https:\/\/oroverde.gob.ar\/portal\/el-intendente-cesar-clement-dejo-inaugurado-el-periodo-de-sesiones-ordinarias-del-hcd\/"},"wordCount":407,"publisher":{"@id":"https:\/\/oroverde.gob.ar\/portal\/#organization"},"image":{"@id":"https:\/\/oroverde.gob.ar\/portal\/el-intendente-cesar-clement-dejo-inaugurado-el-periodo-de-sesiones-ordinarias-del-hcd\/#primaryimage"},"thumbnailUrl":"https:\/\/oroverde.gob.ar\/portal\/wp-content\/uploads\/2025\/03\/DSC0514-scaled.jpg","articleSection":["Concejo Deliberante","Municipio"],"inLanguage":"es"},{"@type":"WebPage","@id":"https:\/\/oroverde.gob.ar\/portal\/el-intendente-cesar-clement-dejo-inaugurado-el-periodo-de-sesiones-ordinarias-del-hcd\/","url":"https:\/\/oroverde.gob.ar\/portal\/el-intendente-cesar-clement-dejo-inaugurado-el-periodo-de-sesiones-ordinarias-del-hcd\/","name":"El intendente C\u00e9sar Clement dej\u00f3 inaugurado el Per\u00edodo de Sesiones Ordinarias del HCD - Municipio de Oro Verde","isPartOf":{"@id":"https:\/\/oroverde.gob.ar\/portal\/#website"},"primaryImageOfPage":{"@id":"https:\/\/oroverde.gob.ar\/portal\/el-intendente-cesar-clement-dejo-inaugurado-el-periodo-de-sesiones-ordinarias-del-hcd\/#primaryimage"},"image":{"@id":"https:\/\/oroverde.gob.ar\/portal\/el-intendente-cesar-clement-dejo-inaugurado-el-periodo-de-sesiones-ordinarias-del-hcd\/#primaryimage"},"thumbnailUrl":"https:\/\/oroverde.gob.ar\/portal\/wp-content\/uploads\/2025\/03\/DSC0514-scaled.jpg","datePublished":"2025-03-17T16:32:11+00:00","dateModified":"2025-03-19T13:54:21+00:00","breadcrumb":{"@id":"https:\/\/oroverde.gob.ar\/portal\/el-intendente-cesar-clement-dejo-inaugurado-el-periodo-de-sesiones-ordinarias-del-hcd\/#breadcrumb"},"inLanguage":"es","potentialAction":[{"@type":"ReadAction","target":["https:\/\/oroverde.gob.ar\/portal\/el-intendente-cesar-clement-dejo-inaugurado-el-periodo-de-sesiones-ordinarias-del-hcd\/"]}]},{"@type":"ImageObject","inLanguage":"es","@id":"https:\/\/oroverde.gob.ar\/portal\/el-intendente-cesar-clement-dejo-inaugurado-el-periodo-de-sesiones-ordinarias-del-hcd\/#primaryimage","url":"https:\/\/oroverde.gob.ar\/portal\/wp-content\/uploads\/2025\/03\/DSC0514-scaled.jpg","contentUrl":"https:\/\/oroverde.gob.ar\/portal\/wp-content\/uploads\/2025\/03\/DSC0514-scaled.jpg","width":2560,"height":1708},{"@type":"BreadcrumbList","@id":"https:\/\/oroverde.gob.ar\/portal\/el-intendente-cesar-clement-dejo-inaugurado-el-periodo-de-sesiones-ordinarias-del-hcd\/#breadcrumb","itemListElement":[{"@type":"ListItem","position":1,"name":"Portada","item":"https:\/\/oroverde.gob.ar\/portal\/"},{"@type":"ListItem","position":2,"name":"El intendente C\u00e9sar Clement dej\u00f3 inaugurado el Per\u00edodo de Sesiones Ordinarias del HCD"}]},{"@type":"WebSite","@id":"https:\/\/oroverde.gob.ar\/portal\/#website","url":"https:\/\/oroverde.gob.ar\/portal\/","name":"Municipio de Oro Verde","description":"Web Oficial","publisher":{"@id":"https:\/\/oroverde.gob.ar\/portal\/#organization"},"potentialAction":[{"@type":"SearchAction","target":{"@type":"EntryPoint","urlTemplate":"https:\/\/oroverde.gob.ar\/portal\/?s={search_term_string}"},"query-input":{"@type":"PropertyValueSpecification","valueRequired":true,"valueName":"search_term_string"}}],"inLanguage":"es"},{"@type":"Organization","@id":"https:\/\/oroverde.gob.ar\/portal\/#organization","name":"Municipio de Oro Verde","url":"https:\/\/oroverde.gob.ar\/portal\/","logo":{"@type":"ImageObject","inLanguage":"es","@id":"https:\/\/oroverde.gob.ar\/portal\/#\/schema\/logo\/image\/","url":"https:\/\/oroverde.gob.ar\/portal\/wp-content\/uploads\/2024\/06\/cropped-cropped-logo-1.png","contentUrl":"https:\/\/oroverde.gob.ar\/portal\/wp-content\/uploads\/2024\/06\/cropped-cropped-logo-1.png","width":1776,"height":738,"caption":"Municipio de Oro Verde"},"image":{"@id":"https:\/\/oroverde.gob.ar\/portal\/#\/schema\/logo\/image\/"}},{"@type":"Person","@id":"https:\/\/oroverde.gob.ar\/portal\/#\/schema\/person\/b975e0cbcd43b7dcf9c64511ec84f10f","name":"Soledad","image":{"@type":"ImageObject","inLanguage":"es","@id":"https:\/\/secure.gravatar.com\/avatar\/b2f5b6cda565395f31dc94c95932b9b3fbe6275bad58a1579843d3d1607d4a66?s=96&d=mm&r=g","url":"https:\/\/secure.gravatar.com\/avatar\/b2f5b6cda565395f31dc94c95932b9b3fbe6275bad58a1579843d3d1607d4a66?s=96&d=mm&r=g","contentUrl":"https:\/\/secure.gravatar.com\/avatar\/b2f5b6cda565395f31dc94c95932b9b3fbe6275bad58a1579843d3d1607d4a66?s=96&d=mm&r=g","caption":"Soledad"},"url":"https:\/\/oroverde.gob.ar\/portal\/author\/soledad\/"}]}},"_links":{"self":[{"href":"https:\/\/oroverde.gob.ar\/portal\/wp-json\/wp\/v2\/posts\/5523","targetHints":{"allow":["GET"]}}],"collection":[{"href":"https:\/\/oroverde.gob.ar\/portal\/wp-json\/wp\/v2\/posts"}],"about":[{"href":"https:\/\/oroverde.gob.ar\/portal\/wp-json\/wp\/v2\/types\/post"}],"author":[{"embeddable":true,"href":"https:\/\/oroverde.gob.ar\/portal\/wp-json\/wp\/v2\/users\/3"}],"replies":[{"embeddable":true,"href":"https:\/\/oroverde.gob.ar\/portal\/wp-json\/wp\/v2\/comments?post=5523"}],"version-history":[{"count":1,"href":"https:\/\/oroverde.gob.ar\/portal\/wp-json\/wp\/v2\/posts\/5523\/revisions"}],"predecessor-version":[{"id":5525,"href":"https:\/\/oroverde.gob.ar\/portal\/wp-json\/wp\/v2\/posts\/5523\/revisions\/5525"}],"wp:featuredmedia":[{"embeddable":true,"href":"https:\/\/oroverde.gob.ar\/portal\/wp-json\/wp\/v2\/media\/5524"}],"wp:attachment":[{"href":"https:\/\/oroverde.gob.ar\/portal\/wp-json\/wp\/v2\/media?parent=5523"}],"wp:term":[{"taxonomy":"category","embeddable":true,"href":"https:\/\/oroverde.gob.ar\/portal\/wp-json\/wp\/v2\/categories?post=5523"},{"taxonomy":"post_tag","embeddable":true,"href":"https:\/\/oroverde.gob.ar\/portal\/wp-json\/wp\/v2\/tags?post=5523"}],"curies":[{"name":"wp","href":"https:\/\/api.w.org\/{rel}","templated":true}]}}