{"id":5582,"date":"2025-03-21T13:05:10","date_gmt":"2025-03-21T16:05:10","guid":{"rendered":"https:\/\/oroverde.gob.ar\/portal\/?p=5582"},"modified":"2025-03-21T13:09:35","modified_gmt":"2025-03-21T16:09:35","slug":"sesiono-el-concejo-deliberante-de-oro-verde","status":"publish","type":"post","link":"https:\/\/oroverde.gob.ar\/portal\/sesiono-el-concejo-deliberante-de-oro-verde\/","title":{"rendered":"Sesion\u00f3 el Concejo Deliberante de Oro Verde"},"content":{"rendered":"<div class=\"xdj266r x11i5rnm xat24cr x1mh8g0r x1vvkbs x126k92a\">\n<div dir=\"auto\">El Honorable Concejo Deliberante de Oro Verde sesion\u00f3 este jueves, presidido por Mercedes Schvindt y con la presencia de los concejales Ernesto Roth, Oscar Ocampo, Amelia Gerstner, Rosana Cappellacci, Oscar Almir\u00f3n, Ver\u00f3nica Mi\u00f1o y Horacio Unrein.<\/div>\n<\/div>\n<div class=\"x11i5rnm xat24cr x1mh8g0r x1vvkbs xtlvy1s x126k92a\">\n<div dir=\"auto\">En la sesi\u00f3n, aprobaron dos proyectos y enviaron otros para su an\u00e1lisis y tratamiento en comisiones.<\/div>\n<\/div>\n<div class=\"x11i5rnm xat24cr x1mh8g0r x1vvkbs xtlvy1s x126k92a\">\n<div dir=\"auto\">Aprobaron en primer lugar la Ordenanza enviada por el Ejecutivo municipal, \u201cEximir del pago de sellado municipal para la emisi\u00f3n de licencias de conducir a los agentes activos de los Bomberos Voluntarios de Oro Verde\u201d.<\/div>\n<\/div>\n<div class=\"x11i5rnm xat24cr x1mh8g0r x1vvkbs xtlvy1s x126k92a\">\n<div dir=\"auto\">En segundo lugar, declararon de Inter\u00e9s Municipal la VIII Marat\u00f3n de la Mujer de nuestra localidad que se llevar\u00e1 adelante este fin de semana, presentado por el Bloque \u201cUni\u00f3n Vecinal Oro Verde\u201d. Entre sus fundamentos destacaron \u00abque en las ediciones anteriores se ha visto reflejado el disfrute de las mujeres que han participado, valorando el cuidado de la salud, la cordialidad entre las mismas y el sentido de uni\u00f3n ante las distintas luchas\u00bb.<\/div>\n<\/div>\n<div class=\"x11i5rnm xat24cr x1mh8g0r x1vvkbs xtlvy1s x126k92a\">\n<div dir=\"auto\">Los temas que pasaron a trabajo en Comisi\u00f3n fueron los siguientes:<\/div>\n<\/div>\n<div class=\"x11i5rnm xat24cr x1mh8g0r x1vvkbs xtlvy1s x126k92a\">\n<div dir=\"auto\">Tratamiento de Proyecto de Ordenanza \u201cAprobando el Convenio Marco de Colaboraci\u00f3n y Asistencia rec\u00edproca para la urbanizaci\u00f3n y desarrollo de Ciudades Intermedias y Gobiernos locales, entre el Ministerio de Planificaci\u00f3n, Infraestructura y Servicios a trav\u00e9s de la Secretaria de Planificaci\u00f3n e Inversi\u00f3n P\u00fablica, la catedra UNESCO Udl \u201cCiudades Intermedias: Urbanizaci\u00f3n y Desarrollo\u201d, Fundaci\u00f3n en Obras y el Municipio de Oro Verde.<\/div>\n<div dir=\"auto\">Proyecto de Ordenanza \u201cNo es un Juego, es una enfermedad\u201d, presentada por el Concejal Oscar Almir\u00f3n del Bloque \u201cJuntos por Entre R\u00edos\u201d.<\/div>\n<div dir=\"auto\">Proyecto de Ordenanza \u201cEco Sostenible: Educaci\u00f3n y Conciencia Ambiental\u201d, presentada por el Bloque \u201cUni\u00f3n Vecinal Oro Verde\u201d.<\/div>\n<div dir=\"auto\">Proyecto de Ordenanza \u201cHabilitar nueva actividad econ\u00f3mica al uso de espacios privados para la realizaci\u00f3n de reuniones\/fiestas\u201d, presentada por el Concejal Horacio Unrein del Bloque \u201cJuntos por Entre R\u00edos\u201d.<\/div>\n<\/div>\n","protected":false},"excerpt":{"rendered":"<p>El Honorable Concejo Deliberante de Oro Verde sesion\u00f3 este jueves, presidido por Mercedes Schvindt y con la presencia de los concejales Ernesto Roth, Oscar Ocampo, Amelia Gerstner, Rosana Cappellacci, Oscar Almir\u00f3n, Ver\u00f3nica Mi\u00f1o y Horacio Unrein. En la sesi\u00f3n, aprobaron dos proyectos y &hellip;<\/p>\n","protected":false},"author":3,"featured_media":5586,"comment_status":"closed","ping_status":"closed","sticky":false,"template":"","format":"standard","meta":{"footnotes":""},"categories":[24],"tags":[],"class_list":["post-5582","post","type-post","status-publish","format-standard","has-post-thumbnail","hentry","category-concejo-deliberante"],"yoast_head":"<!-- This site is optimized with the Yoast SEO plugin v27.5 - https:\/\/yoast.com\/product\/yoast-seo-wordpress\/ -->\n<title>Sesion\u00f3 el Concejo Deliberante de Oro Verde - Municipio de Oro Verde<\/title>\n<meta name=\"robots\" content=\"index, follow, max-snippet:-1, max-image-preview:large, max-video-preview:-1\" \/>\n<link rel=\"canonical\" href=\"https:\/\/oroverde.gob.ar\/portal\/sesiono-el-concejo-deliberante-de-oro-verde\/\" \/>\n<meta property=\"og:locale\" content=\"es_ES\" \/>\n<meta property=\"og:type\" content=\"article\" \/>\n<meta property=\"og:title\" content=\"Sesion\u00f3 el Concejo Deliberante de Oro Verde - Municipio de Oro Verde\" \/>\n<meta property=\"og:description\" content=\"El Honorable Concejo Deliberante de Oro Verde sesion\u00f3 este jueves, presidido por Mercedes Schvindt y con la presencia de los concejales Ernesto Roth, Oscar Ocampo, Amelia Gerstner, Rosana Cappellacci, Oscar Almir\u00f3n, Ver\u00f3nica Mi\u00f1o y Horacio Unrein. En la sesi\u00f3n, aprobaron dos proyectos y &hellip;\" \/>\n<meta property=\"og:url\" content=\"https:\/\/oroverde.gob.ar\/portal\/sesiono-el-concejo-deliberante-de-oro-verde\/\" \/>\n<meta property=\"og:site_name\" content=\"Municipio de Oro Verde\" \/>\n<meta property=\"article:published_time\" content=\"2025-03-21T16:05:10+00:00\" \/>\n<meta property=\"article:modified_time\" content=\"2025-03-21T16:09:35+00:00\" \/>\n<meta property=\"og:image\" content=\"https:\/\/oroverde.gob.ar\/portal\/wp-content\/uploads\/2025\/03\/Sesion-para-web-2.jpg\" \/>\n\t<meta property=\"og:image:width\" content=\"1377\" \/>\n\t<meta property=\"og:image:height\" content=\"676\" \/>\n\t<meta property=\"og:image:type\" content=\"image\/jpeg\" \/>\n<meta name=\"author\" content=\"Soledad\" \/>\n<meta name=\"twitter:card\" content=\"summary_large_image\" \/>\n<meta name=\"twitter:label1\" content=\"Escrito por\" \/>\n\t<meta name=\"twitter:data1\" content=\"Soledad\" \/>\n\t<meta name=\"twitter:label2\" content=\"Tiempo de lectura\" \/>\n\t<meta name=\"twitter:data2\" content=\"2 minutos\" \/>\n<script type=\"application\/ld+json\" class=\"yoast-schema-graph\">{\"@context\":\"https:\\\/\\\/schema.org\",\"@graph\":[{\"@type\":\"Article\",\"@id\":\"https:\\\/\\\/oroverde.gob.ar\\\/portal\\\/sesiono-el-concejo-deliberante-de-oro-verde\\\/#article\",\"isPartOf\":{\"@id\":\"https:\\\/\\\/oroverde.gob.ar\\\/portal\\\/sesiono-el-concejo-deliberante-de-oro-verde\\\/\"},\"author\":{\"name\":\"Soledad\",\"@id\":\"https:\\\/\\\/oroverde.gob.ar\\\/portal\\\/#\\\/schema\\\/person\\\/b975e0cbcd43b7dcf9c64511ec84f10f\"},\"headline\":\"Sesion\u00f3 el Concejo Deliberante de Oro Verde\",\"datePublished\":\"2025-03-21T16:05:10+00:00\",\"dateModified\":\"2025-03-21T16:09:35+00:00\",\"mainEntityOfPage\":{\"@id\":\"https:\\\/\\\/oroverde.gob.ar\\\/portal\\\/sesiono-el-concejo-deliberante-de-oro-verde\\\/\"},\"wordCount\":336,\"publisher\":{\"@id\":\"https:\\\/\\\/oroverde.gob.ar\\\/portal\\\/#organization\"},\"image\":{\"@id\":\"https:\\\/\\\/oroverde.gob.ar\\\/portal\\\/sesiono-el-concejo-deliberante-de-oro-verde\\\/#primaryimage\"},\"thumbnailUrl\":\"https:\\\/\\\/oroverde.gob.ar\\\/portal\\\/wp-content\\\/uploads\\\/2025\\\/03\\\/Sesion-para-web-2.jpg\",\"articleSection\":[\"Concejo Deliberante\"],\"inLanguage\":\"es\"},{\"@type\":\"WebPage\",\"@id\":\"https:\\\/\\\/oroverde.gob.ar\\\/portal\\\/sesiono-el-concejo-deliberante-de-oro-verde\\\/\",\"url\":\"https:\\\/\\\/oroverde.gob.ar\\\/portal\\\/sesiono-el-concejo-deliberante-de-oro-verde\\\/\",\"name\":\"Sesion\u00f3 el Concejo Deliberante de Oro Verde - Municipio de Oro Verde\",\"isPartOf\":{\"@id\":\"https:\\\/\\\/oroverde.gob.ar\\\/portal\\\/#website\"},\"primaryImageOfPage\":{\"@id\":\"https:\\\/\\\/oroverde.gob.ar\\\/portal\\\/sesiono-el-concejo-deliberante-de-oro-verde\\\/#primaryimage\"},\"image\":{\"@id\":\"https:\\\/\\\/oroverde.gob.ar\\\/portal\\\/sesiono-el-concejo-deliberante-de-oro-verde\\\/#primaryimage\"},\"thumbnailUrl\":\"https:\\\/\\\/oroverde.gob.ar\\\/portal\\\/wp-content\\\/uploads\\\/2025\\\/03\\\/Sesion-para-web-2.jpg\",\"datePublished\":\"2025-03-21T16:05:10+00:00\",\"dateModified\":\"2025-03-21T16:09:35+00:00\",\"breadcrumb\":{\"@id\":\"https:\\\/\\\/oroverde.gob.ar\\\/portal\\\/sesiono-el-concejo-deliberante-de-oro-verde\\\/#breadcrumb\"},\"inLanguage\":\"es\",\"potentialAction\":[{\"@type\":\"ReadAction\",\"target\":[\"https:\\\/\\\/oroverde.gob.ar\\\/portal\\\/sesiono-el-concejo-deliberante-de-oro-verde\\\/\"]}]},{\"@type\":\"ImageObject\",\"inLanguage\":\"es\",\"@id\":\"https:\\\/\\\/oroverde.gob.ar\\\/portal\\\/sesiono-el-concejo-deliberante-de-oro-verde\\\/#primaryimage\",\"url\":\"https:\\\/\\\/oroverde.gob.ar\\\/portal\\\/wp-content\\\/uploads\\\/2025\\\/03\\\/Sesion-para-web-2.jpg\",\"contentUrl\":\"https:\\\/\\\/oroverde.gob.ar\\\/portal\\\/wp-content\\\/uploads\\\/2025\\\/03\\\/Sesion-para-web-2.jpg\",\"width\":1377,\"height\":676},{\"@type\":\"BreadcrumbList\",\"@id\":\"https:\\\/\\\/oroverde.gob.ar\\\/portal\\\/sesiono-el-concejo-deliberante-de-oro-verde\\\/#breadcrumb\",\"itemListElement\":[{\"@type\":\"ListItem\",\"position\":1,\"name\":\"Portada\",\"item\":\"https:\\\/\\\/oroverde.gob.ar\\\/portal\\\/\"},{\"@type\":\"ListItem\",\"position\":2,\"name\":\"Sesion\u00f3 el Concejo Deliberante de Oro Verde\"}]},{\"@type\":\"WebSite\",\"@id\":\"https:\\\/\\\/oroverde.gob.ar\\\/portal\\\/#website\",\"url\":\"https:\\\/\\\/oroverde.gob.ar\\\/portal\\\/\",\"name\":\"Municipio de Oro Verde\",\"description\":\"Web Oficial\",\"publisher\":{\"@id\":\"https:\\\/\\\/oroverde.gob.ar\\\/portal\\\/#organization\"},\"potentialAction\":[{\"@type\":\"SearchAction\",\"target\":{\"@type\":\"EntryPoint\",\"urlTemplate\":\"https:\\\/\\\/oroverde.gob.ar\\\/portal\\\/?s={search_term_string}\"},\"query-input\":{\"@type\":\"PropertyValueSpecification\",\"valueRequired\":true,\"valueName\":\"search_term_string\"}}],\"inLanguage\":\"es\"},{\"@type\":\"Organization\",\"@id\":\"https:\\\/\\\/oroverde.gob.ar\\\/portal\\\/#organization\",\"name\":\"Municipio de Oro Verde\",\"url\":\"https:\\\/\\\/oroverde.gob.ar\\\/portal\\\/\",\"logo\":{\"@type\":\"ImageObject\",\"inLanguage\":\"es\",\"@id\":\"https:\\\/\\\/oroverde.gob.ar\\\/portal\\\/#\\\/schema\\\/logo\\\/image\\\/\",\"url\":\"https:\\\/\\\/oroverde.gob.ar\\\/portal\\\/wp-content\\\/uploads\\\/2024\\\/06\\\/cropped-cropped-logo-1.png\",\"contentUrl\":\"https:\\\/\\\/oroverde.gob.ar\\\/portal\\\/wp-content\\\/uploads\\\/2024\\\/06\\\/cropped-cropped-logo-1.png\",\"width\":1776,\"height\":738,\"caption\":\"Municipio de Oro Verde\"},\"image\":{\"@id\":\"https:\\\/\\\/oroverde.gob.ar\\\/portal\\\/#\\\/schema\\\/logo\\\/image\\\/\"}},{\"@type\":\"Person\",\"@id\":\"https:\\\/\\\/oroverde.gob.ar\\\/portal\\\/#\\\/schema\\\/person\\\/b975e0cbcd43b7dcf9c64511ec84f10f\",\"name\":\"Soledad\",\"image\":{\"@type\":\"ImageObject\",\"inLanguage\":\"es\",\"@id\":\"https:\\\/\\\/secure.gravatar.com\\\/avatar\\\/b2f5b6cda565395f31dc94c95932b9b3fbe6275bad58a1579843d3d1607d4a66?s=96&d=mm&r=g\",\"url\":\"https:\\\/\\\/secure.gravatar.com\\\/avatar\\\/b2f5b6cda565395f31dc94c95932b9b3fbe6275bad58a1579843d3d1607d4a66?s=96&d=mm&r=g\",\"contentUrl\":\"https:\\\/\\\/secure.gravatar.com\\\/avatar\\\/b2f5b6cda565395f31dc94c95932b9b3fbe6275bad58a1579843d3d1607d4a66?s=96&d=mm&r=g\",\"caption\":\"Soledad\"},\"url\":\"https:\\\/\\\/oroverde.gob.ar\\\/portal\\\/author\\\/soledad\\\/\"}]}<\/script>\n<!-- \/ Yoast SEO plugin. -->","yoast_head_json":{"title":"Sesion\u00f3 el Concejo Deliberante de Oro Verde - Municipio de Oro Verde","robots":{"index":"index","follow":"follow","max-snippet":"max-snippet:-1","max-image-preview":"max-image-preview:large","max-video-preview":"max-video-preview:-1"},"canonical":"https:\/\/oroverde.gob.ar\/portal\/sesiono-el-concejo-deliberante-de-oro-verde\/","og_locale":"es_ES","og_type":"article","og_title":"Sesion\u00f3 el Concejo Deliberante de Oro Verde - Municipio de Oro Verde","og_description":"El Honorable Concejo Deliberante de Oro Verde sesion\u00f3 este jueves, presidido por Mercedes Schvindt y con la presencia de los concejales Ernesto Roth, Oscar Ocampo, Amelia Gerstner, Rosana Cappellacci, Oscar Almir\u00f3n, Ver\u00f3nica Mi\u00f1o y Horacio Unrein. En la sesi\u00f3n, aprobaron dos proyectos y &hellip;","og_url":"https:\/\/oroverde.gob.ar\/portal\/sesiono-el-concejo-deliberante-de-oro-verde\/","og_site_name":"Municipio de Oro Verde","article_published_time":"2025-03-21T16:05:10+00:00","article_modified_time":"2025-03-21T16:09:35+00:00","og_image":[{"width":1377,"height":676,"url":"https:\/\/oroverde.gob.ar\/portal\/wp-content\/uploads\/2025\/03\/Sesion-para-web-2.jpg","type":"image\/jpeg"}],"author":"Soledad","twitter_card":"summary_large_image","twitter_misc":{"Escrito por":"Soledad","Tiempo de lectura":"2 minutos"},"schema":{"@context":"https:\/\/schema.org","@graph":[{"@type":"Article","@id":"https:\/\/oroverde.gob.ar\/portal\/sesiono-el-concejo-deliberante-de-oro-verde\/#article","isPartOf":{"@id":"https:\/\/oroverde.gob.ar\/portal\/sesiono-el-concejo-deliberante-de-oro-verde\/"},"author":{"name":"Soledad","@id":"https:\/\/oroverde.gob.ar\/portal\/#\/schema\/person\/b975e0cbcd43b7dcf9c64511ec84f10f"},"headline":"Sesion\u00f3 el Concejo Deliberante de Oro Verde","datePublished":"2025-03-21T16:05:10+00:00","dateModified":"2025-03-21T16:09:35+00:00","mainEntityOfPage":{"@id":"https:\/\/oroverde.gob.ar\/portal\/sesiono-el-concejo-deliberante-de-oro-verde\/"},"wordCount":336,"publisher":{"@id":"https:\/\/oroverde.gob.ar\/portal\/#organization"},"image":{"@id":"https:\/\/oroverde.gob.ar\/portal\/sesiono-el-concejo-deliberante-de-oro-verde\/#primaryimage"},"thumbnailUrl":"https:\/\/oroverde.gob.ar\/portal\/wp-content\/uploads\/2025\/03\/Sesion-para-web-2.jpg","articleSection":["Concejo Deliberante"],"inLanguage":"es"},{"@type":"WebPage","@id":"https:\/\/oroverde.gob.ar\/portal\/sesiono-el-concejo-deliberante-de-oro-verde\/","url":"https:\/\/oroverde.gob.ar\/portal\/sesiono-el-concejo-deliberante-de-oro-verde\/","name":"Sesion\u00f3 el Concejo Deliberante de Oro Verde - Municipio de Oro Verde","isPartOf":{"@id":"https:\/\/oroverde.gob.ar\/portal\/#website"},"primaryImageOfPage":{"@id":"https:\/\/oroverde.gob.ar\/portal\/sesiono-el-concejo-deliberante-de-oro-verde\/#primaryimage"},"image":{"@id":"https:\/\/oroverde.gob.ar\/portal\/sesiono-el-concejo-deliberante-de-oro-verde\/#primaryimage"},"thumbnailUrl":"https:\/\/oroverde.gob.ar\/portal\/wp-content\/uploads\/2025\/03\/Sesion-para-web-2.jpg","datePublished":"2025-03-21T16:05:10+00:00","dateModified":"2025-03-21T16:09:35+00:00","breadcrumb":{"@id":"https:\/\/oroverde.gob.ar\/portal\/sesiono-el-concejo-deliberante-de-oro-verde\/#breadcrumb"},"inLanguage":"es","potentialAction":[{"@type":"ReadAction","target":["https:\/\/oroverde.gob.ar\/portal\/sesiono-el-concejo-deliberante-de-oro-verde\/"]}]},{"@type":"ImageObject","inLanguage":"es","@id":"https:\/\/oroverde.gob.ar\/portal\/sesiono-el-concejo-deliberante-de-oro-verde\/#primaryimage","url":"https:\/\/oroverde.gob.ar\/portal\/wp-content\/uploads\/2025\/03\/Sesion-para-web-2.jpg","contentUrl":"https:\/\/oroverde.gob.ar\/portal\/wp-content\/uploads\/2025\/03\/Sesion-para-web-2.jpg","width":1377,"height":676},{"@type":"BreadcrumbList","@id":"https:\/\/oroverde.gob.ar\/portal\/sesiono-el-concejo-deliberante-de-oro-verde\/#breadcrumb","itemListElement":[{"@type":"ListItem","position":1,"name":"Portada","item":"https:\/\/oroverde.gob.ar\/portal\/"},{"@type":"ListItem","position":2,"name":"Sesion\u00f3 el Concejo Deliberante de Oro Verde"}]},{"@type":"WebSite","@id":"https:\/\/oroverde.gob.ar\/portal\/#website","url":"https:\/\/oroverde.gob.ar\/portal\/","name":"Municipio de Oro Verde","description":"Web Oficial","publisher":{"@id":"https:\/\/oroverde.gob.ar\/portal\/#organization"},"potentialAction":[{"@type":"SearchAction","target":{"@type":"EntryPoint","urlTemplate":"https:\/\/oroverde.gob.ar\/portal\/?s={search_term_string}"},"query-input":{"@type":"PropertyValueSpecification","valueRequired":true,"valueName":"search_term_string"}}],"inLanguage":"es"},{"@type":"Organization","@id":"https:\/\/oroverde.gob.ar\/portal\/#organization","name":"Municipio de Oro Verde","url":"https:\/\/oroverde.gob.ar\/portal\/","logo":{"@type":"ImageObject","inLanguage":"es","@id":"https:\/\/oroverde.gob.ar\/portal\/#\/schema\/logo\/image\/","url":"https:\/\/oroverde.gob.ar\/portal\/wp-content\/uploads\/2024\/06\/cropped-cropped-logo-1.png","contentUrl":"https:\/\/oroverde.gob.ar\/portal\/wp-content\/uploads\/2024\/06\/cropped-cropped-logo-1.png","width":1776,"height":738,"caption":"Municipio de Oro Verde"},"image":{"@id":"https:\/\/oroverde.gob.ar\/portal\/#\/schema\/logo\/image\/"}},{"@type":"Person","@id":"https:\/\/oroverde.gob.ar\/portal\/#\/schema\/person\/b975e0cbcd43b7dcf9c64511ec84f10f","name":"Soledad","image":{"@type":"ImageObject","inLanguage":"es","@id":"https:\/\/secure.gravatar.com\/avatar\/b2f5b6cda565395f31dc94c95932b9b3fbe6275bad58a1579843d3d1607d4a66?s=96&d=mm&r=g","url":"https:\/\/secure.gravatar.com\/avatar\/b2f5b6cda565395f31dc94c95932b9b3fbe6275bad58a1579843d3d1607d4a66?s=96&d=mm&r=g","contentUrl":"https:\/\/secure.gravatar.com\/avatar\/b2f5b6cda565395f31dc94c95932b9b3fbe6275bad58a1579843d3d1607d4a66?s=96&d=mm&r=g","caption":"Soledad"},"url":"https:\/\/oroverde.gob.ar\/portal\/author\/soledad\/"}]}},"_links":{"self":[{"href":"https:\/\/oroverde.gob.ar\/portal\/wp-json\/wp\/v2\/posts\/5582","targetHints":{"allow":["GET"]}}],"collection":[{"href":"https:\/\/oroverde.gob.ar\/portal\/wp-json\/wp\/v2\/posts"}],"about":[{"href":"https:\/\/oroverde.gob.ar\/portal\/wp-json\/wp\/v2\/types\/post"}],"author":[{"embeddable":true,"href":"https:\/\/oroverde.gob.ar\/portal\/wp-json\/wp\/v2\/users\/3"}],"replies":[{"embeddable":true,"href":"https:\/\/oroverde.gob.ar\/portal\/wp-json\/wp\/v2\/comments?post=5582"}],"version-history":[{"count":1,"href":"https:\/\/oroverde.gob.ar\/portal\/wp-json\/wp\/v2\/posts\/5582\/revisions"}],"predecessor-version":[{"id":5584,"href":"https:\/\/oroverde.gob.ar\/portal\/wp-json\/wp\/v2\/posts\/5582\/revisions\/5584"}],"wp:featuredmedia":[{"embeddable":true,"href":"https:\/\/oroverde.gob.ar\/portal\/wp-json\/wp\/v2\/media\/5586"}],"wp:attachment":[{"href":"https:\/\/oroverde.gob.ar\/portal\/wp-json\/wp\/v2\/media?parent=5582"}],"wp:term":[{"taxonomy":"category","embeddable":true,"href":"https:\/\/oroverde.gob.ar\/portal\/wp-json\/wp\/v2\/categories?post=5582"},{"taxonomy":"post_tag","embeddable":true,"href":"https:\/\/oroverde.gob.ar\/portal\/wp-json\/wp\/v2\/tags?post=5582"}],"curies":[{"name":"wp","href":"https:\/\/api.w.org\/{rel}","templated":true}]}}