{"id":5594,"date":"2025-03-21T13:43:09","date_gmt":"2025-03-21T16:43:09","guid":{"rendered":"https:\/\/oroverde.gob.ar\/portal\/?p=5594"},"modified":"2025-03-21T13:43:09","modified_gmt":"2025-03-21T16:43:09","slug":"este-jueves-se-realizo-el-taller-de-mandalas-y-ojos-de-dios","status":"publish","type":"post","link":"https:\/\/oroverde.gob.ar\/portal\/este-jueves-se-realizo-el-taller-de-mandalas-y-ojos-de-dios\/","title":{"rendered":"Este jueves se realiz\u00f3 el Taller de mandalas y ojos de Dios"},"content":{"rendered":"<div class=\"xdj266r x11i5rnm xat24cr x1mh8g0r x1vvkbs x126k92a\">\n<div dir=\"auto\">Es parte de tres talleres gratuitos que se realizan en el Centro Integrador Comunitario por el Mes de la Mujer. Con una gran convocatoria se llev\u00f3 adelante este jueves el Taller de mandalas y ojos de Dios que estuvo a cargo de la artesana Carolina Scipioni.<\/div>\n<\/div>\n<div class=\"x11i5rnm xat24cr x1mh8g0r x1vvkbs xtlvy1s x126k92a\">\n<div dir=\"auto\">All\u00ed, se trabaj\u00f3 con esta t\u00e9cnica donde se teje con las manos y materiales b\u00e1sicos como palos, lanas e hilos diversos que permiten elaborar una gran variedad de lindos dise\u00f1os donde se mezclan los colores y las formas.<\/div>\n<\/div>\n<div class=\"x11i5rnm xat24cr x1mh8g0r x1vvkbs xtlvy1s x126k92a\">\n<div dir=\"auto\">Recordamos que otra de las propuestas, ser\u00e1 el 27 de marzo en un taller denominado \u201cCorta y cose: v\u00ednculos en la adolescencia\u201d, con las licenciadas Paula Truffe y Marianela Braffa de 9 a 11 hs.<\/div>\n<\/div>\n<div class=\"x11i5rnm xat24cr x1mh8g0r x1vvkbs xtlvy1s x126k92a\">\n<div dir=\"auto\">En este espacio se abordar\u00e1 el reconocimiento de din\u00e1micas de violencia en los v\u00ednculos interpersonales, valorando la afectividad y fomentando relaciones basadas en la igualdad de g\u00e9nero, el respeto por la diversidad, y el ejercicio de los derechos.<\/div>\n<\/div>\n<div class=\"x11i5rnm xat24cr x1mh8g0r x1vvkbs xtlvy1s x126k92a\">\n<div dir=\"auto\">Adem\u00e1s, todos los mi\u00e9rcoles de este mes, est\u00e1 el taller \u201cYoga e infancias\u201d donde se brindan clases de yoga y hay un espacio lindante para que los ni\u00f1as y ni\u00f1os puedan jugar mientras esperan a sus mam\u00e1s o familiares. Es a las 19:30 hs y est\u00e1n a cargo de esta actividad las profesoras Geogina Elsesser y Noem\u00ed Benitez.<\/div>\n<\/div>\n<div class=\"x11i5rnm xat24cr x1mh8g0r x1vvkbs xtlvy1s x126k92a\">\n<div dir=\"auto\">Aclaramos que estas actividades est\u00e1n pensadas por el Mes de la Mujer. M\u00e1s adelante se informar\u00e1 sobre las propuestas e inscripci\u00f3n a los talleres municipales.<\/div>\n<\/div>\n","protected":false},"excerpt":{"rendered":"<p>Es parte de tres talleres gratuitos que se realizan en el Centro Integrador Comunitario por el Mes de la Mujer. Con una gran convocatoria se llev\u00f3 adelante este jueves el Taller de mandalas y ojos de Dios que estuvo a cargo de la &hellip;<\/p>\n","protected":false},"author":3,"featured_media":5595,"comment_status":"closed","ping_status":"closed","sticky":false,"template":"","format":"standard","meta":{"footnotes":""},"categories":[1],"tags":[],"class_list":["post-5594","post","type-post","status-publish","format-standard","has-post-thumbnail","hentry","category-municipio"],"yoast_head":"<!-- This site is optimized with the Yoast SEO plugin v27.5 - https:\/\/yoast.com\/product\/yoast-seo-wordpress\/ -->\n<title>Este jueves se realiz\u00f3 el Taller de mandalas y ojos de Dios - Municipio de Oro Verde<\/title>\n<meta name=\"robots\" content=\"index, follow, max-snippet:-1, max-image-preview:large, max-video-preview:-1\" \/>\n<link rel=\"canonical\" href=\"https:\/\/oroverde.gob.ar\/portal\/este-jueves-se-realizo-el-taller-de-mandalas-y-ojos-de-dios\/\" \/>\n<meta property=\"og:locale\" content=\"es_ES\" \/>\n<meta property=\"og:type\" content=\"article\" \/>\n<meta property=\"og:title\" content=\"Este jueves se realiz\u00f3 el Taller de mandalas y ojos de Dios - Municipio de Oro Verde\" \/>\n<meta property=\"og:description\" content=\"Es parte de tres talleres gratuitos que se realizan en el Centro Integrador Comunitario por el Mes de la Mujer. Con una gran convocatoria se llev\u00f3 adelante este jueves el Taller de mandalas y ojos de Dios que estuvo a cargo de la &hellip;\" \/>\n<meta property=\"og:url\" content=\"https:\/\/oroverde.gob.ar\/portal\/este-jueves-se-realizo-el-taller-de-mandalas-y-ojos-de-dios\/\" \/>\n<meta property=\"og:site_name\" content=\"Municipio de Oro Verde\" \/>\n<meta property=\"article:published_time\" content=\"2025-03-21T16:43:09+00:00\" \/>\n<meta property=\"og:image\" content=\"https:\/\/oroverde.gob.ar\/portal\/wp-content\/uploads\/2025\/03\/taller.jpg\" \/>\n\t<meta property=\"og:image:width\" content=\"2048\" \/>\n\t<meta property=\"og:image:height\" content=\"1367\" \/>\n\t<meta property=\"og:image:type\" content=\"image\/jpeg\" \/>\n<meta name=\"author\" content=\"Soledad\" \/>\n<meta name=\"twitter:card\" content=\"summary_large_image\" \/>\n<meta name=\"twitter:label1\" content=\"Escrito por\" \/>\n\t<meta name=\"twitter:data1\" content=\"Soledad\" \/>\n\t<meta name=\"twitter:label2\" content=\"Tiempo de lectura\" \/>\n\t<meta name=\"twitter:data2\" content=\"2 minutos\" \/>\n<script type=\"application\/ld+json\" class=\"yoast-schema-graph\">{\"@context\":\"https:\\\/\\\/schema.org\",\"@graph\":[{\"@type\":\"Article\",\"@id\":\"https:\\\/\\\/oroverde.gob.ar\\\/portal\\\/este-jueves-se-realizo-el-taller-de-mandalas-y-ojos-de-dios\\\/#article\",\"isPartOf\":{\"@id\":\"https:\\\/\\\/oroverde.gob.ar\\\/portal\\\/este-jueves-se-realizo-el-taller-de-mandalas-y-ojos-de-dios\\\/\"},\"author\":{\"name\":\"Soledad\",\"@id\":\"https:\\\/\\\/oroverde.gob.ar\\\/portal\\\/#\\\/schema\\\/person\\\/b975e0cbcd43b7dcf9c64511ec84f10f\"},\"headline\":\"Este jueves se realiz\u00f3 el Taller de mandalas y ojos de Dios\",\"datePublished\":\"2025-03-21T16:43:09+00:00\",\"mainEntityOfPage\":{\"@id\":\"https:\\\/\\\/oroverde.gob.ar\\\/portal\\\/este-jueves-se-realizo-el-taller-de-mandalas-y-ojos-de-dios\\\/\"},\"wordCount\":264,\"publisher\":{\"@id\":\"https:\\\/\\\/oroverde.gob.ar\\\/portal\\\/#organization\"},\"image\":{\"@id\":\"https:\\\/\\\/oroverde.gob.ar\\\/portal\\\/este-jueves-se-realizo-el-taller-de-mandalas-y-ojos-de-dios\\\/#primaryimage\"},\"thumbnailUrl\":\"https:\\\/\\\/oroverde.gob.ar\\\/portal\\\/wp-content\\\/uploads\\\/2025\\\/03\\\/taller.jpg\",\"articleSection\":[\"Municipio\"],\"inLanguage\":\"es\"},{\"@type\":\"WebPage\",\"@id\":\"https:\\\/\\\/oroverde.gob.ar\\\/portal\\\/este-jueves-se-realizo-el-taller-de-mandalas-y-ojos-de-dios\\\/\",\"url\":\"https:\\\/\\\/oroverde.gob.ar\\\/portal\\\/este-jueves-se-realizo-el-taller-de-mandalas-y-ojos-de-dios\\\/\",\"name\":\"Este jueves se realiz\u00f3 el Taller de mandalas y ojos de Dios - Municipio de Oro Verde\",\"isPartOf\":{\"@id\":\"https:\\\/\\\/oroverde.gob.ar\\\/portal\\\/#website\"},\"primaryImageOfPage\":{\"@id\":\"https:\\\/\\\/oroverde.gob.ar\\\/portal\\\/este-jueves-se-realizo-el-taller-de-mandalas-y-ojos-de-dios\\\/#primaryimage\"},\"image\":{\"@id\":\"https:\\\/\\\/oroverde.gob.ar\\\/portal\\\/este-jueves-se-realizo-el-taller-de-mandalas-y-ojos-de-dios\\\/#primaryimage\"},\"thumbnailUrl\":\"https:\\\/\\\/oroverde.gob.ar\\\/portal\\\/wp-content\\\/uploads\\\/2025\\\/03\\\/taller.jpg\",\"datePublished\":\"2025-03-21T16:43:09+00:00\",\"breadcrumb\":{\"@id\":\"https:\\\/\\\/oroverde.gob.ar\\\/portal\\\/este-jueves-se-realizo-el-taller-de-mandalas-y-ojos-de-dios\\\/#breadcrumb\"},\"inLanguage\":\"es\",\"potentialAction\":[{\"@type\":\"ReadAction\",\"target\":[\"https:\\\/\\\/oroverde.gob.ar\\\/portal\\\/este-jueves-se-realizo-el-taller-de-mandalas-y-ojos-de-dios\\\/\"]}]},{\"@type\":\"ImageObject\",\"inLanguage\":\"es\",\"@id\":\"https:\\\/\\\/oroverde.gob.ar\\\/portal\\\/este-jueves-se-realizo-el-taller-de-mandalas-y-ojos-de-dios\\\/#primaryimage\",\"url\":\"https:\\\/\\\/oroverde.gob.ar\\\/portal\\\/wp-content\\\/uploads\\\/2025\\\/03\\\/taller.jpg\",\"contentUrl\":\"https:\\\/\\\/oroverde.gob.ar\\\/portal\\\/wp-content\\\/uploads\\\/2025\\\/03\\\/taller.jpg\",\"width\":2048,\"height\":1367},{\"@type\":\"BreadcrumbList\",\"@id\":\"https:\\\/\\\/oroverde.gob.ar\\\/portal\\\/este-jueves-se-realizo-el-taller-de-mandalas-y-ojos-de-dios\\\/#breadcrumb\",\"itemListElement\":[{\"@type\":\"ListItem\",\"position\":1,\"name\":\"Portada\",\"item\":\"https:\\\/\\\/oroverde.gob.ar\\\/portal\\\/\"},{\"@type\":\"ListItem\",\"position\":2,\"name\":\"Este jueves se realiz\u00f3 el Taller de mandalas y ojos de Dios\"}]},{\"@type\":\"WebSite\",\"@id\":\"https:\\\/\\\/oroverde.gob.ar\\\/portal\\\/#website\",\"url\":\"https:\\\/\\\/oroverde.gob.ar\\\/portal\\\/\",\"name\":\"Municipio de Oro Verde\",\"description\":\"Web Oficial\",\"publisher\":{\"@id\":\"https:\\\/\\\/oroverde.gob.ar\\\/portal\\\/#organization\"},\"potentialAction\":[{\"@type\":\"SearchAction\",\"target\":{\"@type\":\"EntryPoint\",\"urlTemplate\":\"https:\\\/\\\/oroverde.gob.ar\\\/portal\\\/?s={search_term_string}\"},\"query-input\":{\"@type\":\"PropertyValueSpecification\",\"valueRequired\":true,\"valueName\":\"search_term_string\"}}],\"inLanguage\":\"es\"},{\"@type\":\"Organization\",\"@id\":\"https:\\\/\\\/oroverde.gob.ar\\\/portal\\\/#organization\",\"name\":\"Municipio de Oro Verde\",\"url\":\"https:\\\/\\\/oroverde.gob.ar\\\/portal\\\/\",\"logo\":{\"@type\":\"ImageObject\",\"inLanguage\":\"es\",\"@id\":\"https:\\\/\\\/oroverde.gob.ar\\\/portal\\\/#\\\/schema\\\/logo\\\/image\\\/\",\"url\":\"https:\\\/\\\/oroverde.gob.ar\\\/portal\\\/wp-content\\\/uploads\\\/2024\\\/06\\\/cropped-cropped-logo-1.png\",\"contentUrl\":\"https:\\\/\\\/oroverde.gob.ar\\\/portal\\\/wp-content\\\/uploads\\\/2024\\\/06\\\/cropped-cropped-logo-1.png\",\"width\":1776,\"height\":738,\"caption\":\"Municipio de Oro Verde\"},\"image\":{\"@id\":\"https:\\\/\\\/oroverde.gob.ar\\\/portal\\\/#\\\/schema\\\/logo\\\/image\\\/\"}},{\"@type\":\"Person\",\"@id\":\"https:\\\/\\\/oroverde.gob.ar\\\/portal\\\/#\\\/schema\\\/person\\\/b975e0cbcd43b7dcf9c64511ec84f10f\",\"name\":\"Soledad\",\"image\":{\"@type\":\"ImageObject\",\"inLanguage\":\"es\",\"@id\":\"https:\\\/\\\/secure.gravatar.com\\\/avatar\\\/b2f5b6cda565395f31dc94c95932b9b3fbe6275bad58a1579843d3d1607d4a66?s=96&d=mm&r=g\",\"url\":\"https:\\\/\\\/secure.gravatar.com\\\/avatar\\\/b2f5b6cda565395f31dc94c95932b9b3fbe6275bad58a1579843d3d1607d4a66?s=96&d=mm&r=g\",\"contentUrl\":\"https:\\\/\\\/secure.gravatar.com\\\/avatar\\\/b2f5b6cda565395f31dc94c95932b9b3fbe6275bad58a1579843d3d1607d4a66?s=96&d=mm&r=g\",\"caption\":\"Soledad\"},\"url\":\"https:\\\/\\\/oroverde.gob.ar\\\/portal\\\/author\\\/soledad\\\/\"}]}<\/script>\n<!-- \/ Yoast SEO plugin. -->","yoast_head_json":{"title":"Este jueves se realiz\u00f3 el Taller de mandalas y ojos de Dios - Municipio de Oro Verde","robots":{"index":"index","follow":"follow","max-snippet":"max-snippet:-1","max-image-preview":"max-image-preview:large","max-video-preview":"max-video-preview:-1"},"canonical":"https:\/\/oroverde.gob.ar\/portal\/este-jueves-se-realizo-el-taller-de-mandalas-y-ojos-de-dios\/","og_locale":"es_ES","og_type":"article","og_title":"Este jueves se realiz\u00f3 el Taller de mandalas y ojos de Dios - Municipio de Oro Verde","og_description":"Es parte de tres talleres gratuitos que se realizan en el Centro Integrador Comunitario por el Mes de la Mujer. Con una gran convocatoria se llev\u00f3 adelante este jueves el Taller de mandalas y ojos de Dios que estuvo a cargo de la &hellip;","og_url":"https:\/\/oroverde.gob.ar\/portal\/este-jueves-se-realizo-el-taller-de-mandalas-y-ojos-de-dios\/","og_site_name":"Municipio de Oro Verde","article_published_time":"2025-03-21T16:43:09+00:00","og_image":[{"width":2048,"height":1367,"url":"https:\/\/oroverde.gob.ar\/portal\/wp-content\/uploads\/2025\/03\/taller.jpg","type":"image\/jpeg"}],"author":"Soledad","twitter_card":"summary_large_image","twitter_misc":{"Escrito por":"Soledad","Tiempo de lectura":"2 minutos"},"schema":{"@context":"https:\/\/schema.org","@graph":[{"@type":"Article","@id":"https:\/\/oroverde.gob.ar\/portal\/este-jueves-se-realizo-el-taller-de-mandalas-y-ojos-de-dios\/#article","isPartOf":{"@id":"https:\/\/oroverde.gob.ar\/portal\/este-jueves-se-realizo-el-taller-de-mandalas-y-ojos-de-dios\/"},"author":{"name":"Soledad","@id":"https:\/\/oroverde.gob.ar\/portal\/#\/schema\/person\/b975e0cbcd43b7dcf9c64511ec84f10f"},"headline":"Este jueves se realiz\u00f3 el Taller de mandalas y ojos de Dios","datePublished":"2025-03-21T16:43:09+00:00","mainEntityOfPage":{"@id":"https:\/\/oroverde.gob.ar\/portal\/este-jueves-se-realizo-el-taller-de-mandalas-y-ojos-de-dios\/"},"wordCount":264,"publisher":{"@id":"https:\/\/oroverde.gob.ar\/portal\/#organization"},"image":{"@id":"https:\/\/oroverde.gob.ar\/portal\/este-jueves-se-realizo-el-taller-de-mandalas-y-ojos-de-dios\/#primaryimage"},"thumbnailUrl":"https:\/\/oroverde.gob.ar\/portal\/wp-content\/uploads\/2025\/03\/taller.jpg","articleSection":["Municipio"],"inLanguage":"es"},{"@type":"WebPage","@id":"https:\/\/oroverde.gob.ar\/portal\/este-jueves-se-realizo-el-taller-de-mandalas-y-ojos-de-dios\/","url":"https:\/\/oroverde.gob.ar\/portal\/este-jueves-se-realizo-el-taller-de-mandalas-y-ojos-de-dios\/","name":"Este jueves se realiz\u00f3 el Taller de mandalas y ojos de Dios - Municipio de Oro Verde","isPartOf":{"@id":"https:\/\/oroverde.gob.ar\/portal\/#website"},"primaryImageOfPage":{"@id":"https:\/\/oroverde.gob.ar\/portal\/este-jueves-se-realizo-el-taller-de-mandalas-y-ojos-de-dios\/#primaryimage"},"image":{"@id":"https:\/\/oroverde.gob.ar\/portal\/este-jueves-se-realizo-el-taller-de-mandalas-y-ojos-de-dios\/#primaryimage"},"thumbnailUrl":"https:\/\/oroverde.gob.ar\/portal\/wp-content\/uploads\/2025\/03\/taller.jpg","datePublished":"2025-03-21T16:43:09+00:00","breadcrumb":{"@id":"https:\/\/oroverde.gob.ar\/portal\/este-jueves-se-realizo-el-taller-de-mandalas-y-ojos-de-dios\/#breadcrumb"},"inLanguage":"es","potentialAction":[{"@type":"ReadAction","target":["https:\/\/oroverde.gob.ar\/portal\/este-jueves-se-realizo-el-taller-de-mandalas-y-ojos-de-dios\/"]}]},{"@type":"ImageObject","inLanguage":"es","@id":"https:\/\/oroverde.gob.ar\/portal\/este-jueves-se-realizo-el-taller-de-mandalas-y-ojos-de-dios\/#primaryimage","url":"https:\/\/oroverde.gob.ar\/portal\/wp-content\/uploads\/2025\/03\/taller.jpg","contentUrl":"https:\/\/oroverde.gob.ar\/portal\/wp-content\/uploads\/2025\/03\/taller.jpg","width":2048,"height":1367},{"@type":"BreadcrumbList","@id":"https:\/\/oroverde.gob.ar\/portal\/este-jueves-se-realizo-el-taller-de-mandalas-y-ojos-de-dios\/#breadcrumb","itemListElement":[{"@type":"ListItem","position":1,"name":"Portada","item":"https:\/\/oroverde.gob.ar\/portal\/"},{"@type":"ListItem","position":2,"name":"Este jueves se realiz\u00f3 el Taller de mandalas y ojos de Dios"}]},{"@type":"WebSite","@id":"https:\/\/oroverde.gob.ar\/portal\/#website","url":"https:\/\/oroverde.gob.ar\/portal\/","name":"Municipio de Oro Verde","description":"Web Oficial","publisher":{"@id":"https:\/\/oroverde.gob.ar\/portal\/#organization"},"potentialAction":[{"@type":"SearchAction","target":{"@type":"EntryPoint","urlTemplate":"https:\/\/oroverde.gob.ar\/portal\/?s={search_term_string}"},"query-input":{"@type":"PropertyValueSpecification","valueRequired":true,"valueName":"search_term_string"}}],"inLanguage":"es"},{"@type":"Organization","@id":"https:\/\/oroverde.gob.ar\/portal\/#organization","name":"Municipio de Oro Verde","url":"https:\/\/oroverde.gob.ar\/portal\/","logo":{"@type":"ImageObject","inLanguage":"es","@id":"https:\/\/oroverde.gob.ar\/portal\/#\/schema\/logo\/image\/","url":"https:\/\/oroverde.gob.ar\/portal\/wp-content\/uploads\/2024\/06\/cropped-cropped-logo-1.png","contentUrl":"https:\/\/oroverde.gob.ar\/portal\/wp-content\/uploads\/2024\/06\/cropped-cropped-logo-1.png","width":1776,"height":738,"caption":"Municipio de Oro Verde"},"image":{"@id":"https:\/\/oroverde.gob.ar\/portal\/#\/schema\/logo\/image\/"}},{"@type":"Person","@id":"https:\/\/oroverde.gob.ar\/portal\/#\/schema\/person\/b975e0cbcd43b7dcf9c64511ec84f10f","name":"Soledad","image":{"@type":"ImageObject","inLanguage":"es","@id":"https:\/\/secure.gravatar.com\/avatar\/b2f5b6cda565395f31dc94c95932b9b3fbe6275bad58a1579843d3d1607d4a66?s=96&d=mm&r=g","url":"https:\/\/secure.gravatar.com\/avatar\/b2f5b6cda565395f31dc94c95932b9b3fbe6275bad58a1579843d3d1607d4a66?s=96&d=mm&r=g","contentUrl":"https:\/\/secure.gravatar.com\/avatar\/b2f5b6cda565395f31dc94c95932b9b3fbe6275bad58a1579843d3d1607d4a66?s=96&d=mm&r=g","caption":"Soledad"},"url":"https:\/\/oroverde.gob.ar\/portal\/author\/soledad\/"}]}},"_links":{"self":[{"href":"https:\/\/oroverde.gob.ar\/portal\/wp-json\/wp\/v2\/posts\/5594","targetHints":{"allow":["GET"]}}],"collection":[{"href":"https:\/\/oroverde.gob.ar\/portal\/wp-json\/wp\/v2\/posts"}],"about":[{"href":"https:\/\/oroverde.gob.ar\/portal\/wp-json\/wp\/v2\/types\/post"}],"author":[{"embeddable":true,"href":"https:\/\/oroverde.gob.ar\/portal\/wp-json\/wp\/v2\/users\/3"}],"replies":[{"embeddable":true,"href":"https:\/\/oroverde.gob.ar\/portal\/wp-json\/wp\/v2\/comments?post=5594"}],"version-history":[{"count":1,"href":"https:\/\/oroverde.gob.ar\/portal\/wp-json\/wp\/v2\/posts\/5594\/revisions"}],"predecessor-version":[{"id":5596,"href":"https:\/\/oroverde.gob.ar\/portal\/wp-json\/wp\/v2\/posts\/5594\/revisions\/5596"}],"wp:featuredmedia":[{"embeddable":true,"href":"https:\/\/oroverde.gob.ar\/portal\/wp-json\/wp\/v2\/media\/5595"}],"wp:attachment":[{"href":"https:\/\/oroverde.gob.ar\/portal\/wp-json\/wp\/v2\/media?parent=5594"}],"wp:term":[{"taxonomy":"category","embeddable":true,"href":"https:\/\/oroverde.gob.ar\/portal\/wp-json\/wp\/v2\/categories?post=5594"},{"taxonomy":"post_tag","embeddable":true,"href":"https:\/\/oroverde.gob.ar\/portal\/wp-json\/wp\/v2\/tags?post=5594"}],"curies":[{"name":"wp","href":"https:\/\/api.w.org\/{rel}","templated":true}]}}