{"id":5606,"date":"2025-03-27T11:04:01","date_gmt":"2025-03-27T14:04:01","guid":{"rendered":"https:\/\/oroverde.gob.ar\/portal\/?p=5606"},"modified":"2025-03-27T11:46:25","modified_gmt":"2025-03-27T14:46:25","slug":"realizan-la-seleccion-de-los-talleres-municipales","status":"publish","type":"post","link":"https:\/\/oroverde.gob.ar\/portal\/realizan-la-seleccion-de-los-talleres-municipales\/","title":{"rendered":"Realizan la selecci\u00f3n de los talleres municipales"},"content":{"rendered":"<div class=\"xdj266r x11i5rnm xat24cr x1mh8g0r x1vvkbs x126k92a\">\n<div dir=\"auto\"><img fetchpriority=\"high\" decoding=\"async\" class=\"alignnone wp-image-5607 size-large\" src=\"https:\/\/oroverde.gob.ar\/portal\/wp-content\/uploads\/2025\/03\/seleccion-talleres-1024x683.jpg\" alt=\"\" width=\"966\" height=\"644\" srcset=\"https:\/\/oroverde.gob.ar\/portal\/wp-content\/uploads\/2025\/03\/seleccion-talleres-1024x683.jpg 1024w, https:\/\/oroverde.gob.ar\/portal\/wp-content\/uploads\/2025\/03\/seleccion-talleres-300x200.jpg 300w, https:\/\/oroverde.gob.ar\/portal\/wp-content\/uploads\/2025\/03\/seleccion-talleres-768x512.jpg 768w, https:\/\/oroverde.gob.ar\/portal\/wp-content\/uploads\/2025\/03\/seleccion-talleres-1536x1025.jpg 1536w, https:\/\/oroverde.gob.ar\/portal\/wp-content\/uploads\/2025\/03\/seleccion-talleres-2048x1367.jpg 2048w, https:\/\/oroverde.gob.ar\/portal\/wp-content\/uploads\/2025\/03\/seleccion-talleres-535x357.jpg 535w, https:\/\/oroverde.gob.ar\/portal\/wp-content\/uploads\/2025\/03\/seleccion-talleres-815x544.jpg 815w, https:\/\/oroverde.gob.ar\/portal\/wp-content\/uploads\/2025\/03\/seleccion-talleres-800x534.jpg 800w, https:\/\/oroverde.gob.ar\/portal\/wp-content\/uploads\/2025\/03\/seleccion-talleres-512x342.jpg 512w\" sizes=\"(max-width: 966px) 100vw, 966px\" \/><\/div>\n<div dir=\"auto\">El \u00e1rea de Cultura selecciona este jueves y viernes los talleres municipales que se llevar\u00e1n adelante este a\u00f1o. Previamente hubo una convocatoria abierta que finaliz\u00f3 el 14 de marzo. Establec\u00eda la presentaci\u00f3n de proyectos en la que se especific\u00f3 normas de presentaci\u00f3n y estilo, entre otros detalles.<\/div>\n<div dir=\"auto\"><\/div>\n<\/div>\n<div class=\"x11i5rnm xat24cr x1mh8g0r x1vvkbs xtlvy1s x126k92a\">\n<div dir=\"auto\">La selecci\u00f3n de propuestas se realiza otorg\u00e1ndole un puntaje a cada uno de ellas, lo que tambi\u00e9n permite establecer un orden de m\u00e9rito en base a t\u00edtulos acad\u00e9micos, antecedentes, entre otros puntos.<\/div>\n<div dir=\"auto\"><\/div>\n<div dir=\"auto\">La primera semana del mes que viene se abrir\u00e1 la inscripci\u00f3n para estos talleres que comienzan el 14 de abril.<\/div>\n<\/div>\n","protected":false},"excerpt":{"rendered":"<p>El \u00e1rea de Cultura selecciona este jueves y viernes los talleres municipales que se llevar\u00e1n adelante este a\u00f1o. Previamente hubo una convocatoria abierta que finaliz\u00f3 el 14 de marzo. Establec\u00eda la presentaci\u00f3n de proyectos en la que se especific\u00f3 normas de presentaci\u00f3n y &hellip;<\/p>\n","protected":false},"author":3,"featured_media":5607,"comment_status":"closed","ping_status":"closed","sticky":false,"template":"","format":"standard","meta":{"footnotes":""},"categories":[1],"tags":[],"class_list":["post-5606","post","type-post","status-publish","format-standard","has-post-thumbnail","hentry","category-municipio"],"yoast_head":"<!-- This site is optimized with the Yoast SEO plugin v27.5 - https:\/\/yoast.com\/product\/yoast-seo-wordpress\/ -->\n<title>Realizan la selecci\u00f3n de los talleres municipales - Municipio de Oro Verde<\/title>\n<meta name=\"robots\" content=\"index, follow, max-snippet:-1, max-image-preview:large, max-video-preview:-1\" \/>\n<link rel=\"canonical\" href=\"https:\/\/oroverde.gob.ar\/portal\/realizan-la-seleccion-de-los-talleres-municipales\/\" \/>\n<meta property=\"og:locale\" content=\"es_ES\" \/>\n<meta property=\"og:type\" content=\"article\" \/>\n<meta property=\"og:title\" content=\"Realizan la selecci\u00f3n de los talleres municipales - Municipio de Oro Verde\" \/>\n<meta property=\"og:description\" content=\"El \u00e1rea de Cultura selecciona este jueves y viernes los talleres municipales que se llevar\u00e1n adelante este a\u00f1o. Previamente hubo una convocatoria abierta que finaliz\u00f3 el 14 de marzo. Establec\u00eda la presentaci\u00f3n de proyectos en la que se especific\u00f3 normas de presentaci\u00f3n y &hellip;\" \/>\n<meta property=\"og:url\" content=\"https:\/\/oroverde.gob.ar\/portal\/realizan-la-seleccion-de-los-talleres-municipales\/\" \/>\n<meta property=\"og:site_name\" content=\"Municipio de Oro Verde\" \/>\n<meta property=\"article:published_time\" content=\"2025-03-27T14:04:01+00:00\" \/>\n<meta property=\"article:modified_time\" content=\"2025-03-27T14:46:25+00:00\" \/>\n<meta property=\"og:image\" content=\"https:\/\/oroverde.gob.ar\/portal\/wp-content\/uploads\/2025\/03\/seleccion-talleres-scaled.jpg\" \/>\n\t<meta property=\"og:image:width\" content=\"2560\" \/>\n\t<meta property=\"og:image:height\" content=\"1708\" \/>\n\t<meta property=\"og:image:type\" content=\"image\/jpeg\" \/>\n<meta name=\"author\" content=\"Soledad\" \/>\n<meta name=\"twitter:card\" content=\"summary_large_image\" \/>\n<meta name=\"twitter:label1\" content=\"Escrito por\" \/>\n\t<meta name=\"twitter:data1\" content=\"Soledad\" \/>\n\t<meta name=\"twitter:label2\" content=\"Tiempo de lectura\" \/>\n\t<meta name=\"twitter:data2\" content=\"1 minuto\" \/>\n<script type=\"application\/ld+json\" class=\"yoast-schema-graph\">{\"@context\":\"https:\\\/\\\/schema.org\",\"@graph\":[{\"@type\":\"Article\",\"@id\":\"https:\\\/\\\/oroverde.gob.ar\\\/portal\\\/realizan-la-seleccion-de-los-talleres-municipales\\\/#article\",\"isPartOf\":{\"@id\":\"https:\\\/\\\/oroverde.gob.ar\\\/portal\\\/realizan-la-seleccion-de-los-talleres-municipales\\\/\"},\"author\":{\"name\":\"Soledad\",\"@id\":\"https:\\\/\\\/oroverde.gob.ar\\\/portal\\\/#\\\/schema\\\/person\\\/b975e0cbcd43b7dcf9c64511ec84f10f\"},\"headline\":\"Realizan la selecci\u00f3n de los talleres municipales\",\"datePublished\":\"2025-03-27T14:04:01+00:00\",\"dateModified\":\"2025-03-27T14:46:25+00:00\",\"mainEntityOfPage\":{\"@id\":\"https:\\\/\\\/oroverde.gob.ar\\\/portal\\\/realizan-la-seleccion-de-los-talleres-municipales\\\/\"},\"wordCount\":117,\"publisher\":{\"@id\":\"https:\\\/\\\/oroverde.gob.ar\\\/portal\\\/#organization\"},\"image\":{\"@id\":\"https:\\\/\\\/oroverde.gob.ar\\\/portal\\\/realizan-la-seleccion-de-los-talleres-municipales\\\/#primaryimage\"},\"thumbnailUrl\":\"https:\\\/\\\/oroverde.gob.ar\\\/portal\\\/wp-content\\\/uploads\\\/2025\\\/03\\\/seleccion-talleres-scaled.jpg\",\"articleSection\":[\"Municipio\"],\"inLanguage\":\"es\"},{\"@type\":\"WebPage\",\"@id\":\"https:\\\/\\\/oroverde.gob.ar\\\/portal\\\/realizan-la-seleccion-de-los-talleres-municipales\\\/\",\"url\":\"https:\\\/\\\/oroverde.gob.ar\\\/portal\\\/realizan-la-seleccion-de-los-talleres-municipales\\\/\",\"name\":\"Realizan la selecci\u00f3n de los talleres municipales - Municipio de Oro Verde\",\"isPartOf\":{\"@id\":\"https:\\\/\\\/oroverde.gob.ar\\\/portal\\\/#website\"},\"primaryImageOfPage\":{\"@id\":\"https:\\\/\\\/oroverde.gob.ar\\\/portal\\\/realizan-la-seleccion-de-los-talleres-municipales\\\/#primaryimage\"},\"image\":{\"@id\":\"https:\\\/\\\/oroverde.gob.ar\\\/portal\\\/realizan-la-seleccion-de-los-talleres-municipales\\\/#primaryimage\"},\"thumbnailUrl\":\"https:\\\/\\\/oroverde.gob.ar\\\/portal\\\/wp-content\\\/uploads\\\/2025\\\/03\\\/seleccion-talleres-scaled.jpg\",\"datePublished\":\"2025-03-27T14:04:01+00:00\",\"dateModified\":\"2025-03-27T14:46:25+00:00\",\"breadcrumb\":{\"@id\":\"https:\\\/\\\/oroverde.gob.ar\\\/portal\\\/realizan-la-seleccion-de-los-talleres-municipales\\\/#breadcrumb\"},\"inLanguage\":\"es\",\"potentialAction\":[{\"@type\":\"ReadAction\",\"target\":[\"https:\\\/\\\/oroverde.gob.ar\\\/portal\\\/realizan-la-seleccion-de-los-talleres-municipales\\\/\"]}]},{\"@type\":\"ImageObject\",\"inLanguage\":\"es\",\"@id\":\"https:\\\/\\\/oroverde.gob.ar\\\/portal\\\/realizan-la-seleccion-de-los-talleres-municipales\\\/#primaryimage\",\"url\":\"https:\\\/\\\/oroverde.gob.ar\\\/portal\\\/wp-content\\\/uploads\\\/2025\\\/03\\\/seleccion-talleres-scaled.jpg\",\"contentUrl\":\"https:\\\/\\\/oroverde.gob.ar\\\/portal\\\/wp-content\\\/uploads\\\/2025\\\/03\\\/seleccion-talleres-scaled.jpg\",\"width\":2560,\"height\":1708},{\"@type\":\"BreadcrumbList\",\"@id\":\"https:\\\/\\\/oroverde.gob.ar\\\/portal\\\/realizan-la-seleccion-de-los-talleres-municipales\\\/#breadcrumb\",\"itemListElement\":[{\"@type\":\"ListItem\",\"position\":1,\"name\":\"Portada\",\"item\":\"https:\\\/\\\/oroverde.gob.ar\\\/portal\\\/\"},{\"@type\":\"ListItem\",\"position\":2,\"name\":\"Realizan la selecci\u00f3n de los talleres municipales\"}]},{\"@type\":\"WebSite\",\"@id\":\"https:\\\/\\\/oroverde.gob.ar\\\/portal\\\/#website\",\"url\":\"https:\\\/\\\/oroverde.gob.ar\\\/portal\\\/\",\"name\":\"Municipio de Oro Verde\",\"description\":\"Web Oficial\",\"publisher\":{\"@id\":\"https:\\\/\\\/oroverde.gob.ar\\\/portal\\\/#organization\"},\"potentialAction\":[{\"@type\":\"SearchAction\",\"target\":{\"@type\":\"EntryPoint\",\"urlTemplate\":\"https:\\\/\\\/oroverde.gob.ar\\\/portal\\\/?s={search_term_string}\"},\"query-input\":{\"@type\":\"PropertyValueSpecification\",\"valueRequired\":true,\"valueName\":\"search_term_string\"}}],\"inLanguage\":\"es\"},{\"@type\":\"Organization\",\"@id\":\"https:\\\/\\\/oroverde.gob.ar\\\/portal\\\/#organization\",\"name\":\"Municipio de Oro Verde\",\"url\":\"https:\\\/\\\/oroverde.gob.ar\\\/portal\\\/\",\"logo\":{\"@type\":\"ImageObject\",\"inLanguage\":\"es\",\"@id\":\"https:\\\/\\\/oroverde.gob.ar\\\/portal\\\/#\\\/schema\\\/logo\\\/image\\\/\",\"url\":\"https:\\\/\\\/oroverde.gob.ar\\\/portal\\\/wp-content\\\/uploads\\\/2024\\\/06\\\/cropped-cropped-logo-1.png\",\"contentUrl\":\"https:\\\/\\\/oroverde.gob.ar\\\/portal\\\/wp-content\\\/uploads\\\/2024\\\/06\\\/cropped-cropped-logo-1.png\",\"width\":1776,\"height\":738,\"caption\":\"Municipio de Oro Verde\"},\"image\":{\"@id\":\"https:\\\/\\\/oroverde.gob.ar\\\/portal\\\/#\\\/schema\\\/logo\\\/image\\\/\"}},{\"@type\":\"Person\",\"@id\":\"https:\\\/\\\/oroverde.gob.ar\\\/portal\\\/#\\\/schema\\\/person\\\/b975e0cbcd43b7dcf9c64511ec84f10f\",\"name\":\"Soledad\",\"image\":{\"@type\":\"ImageObject\",\"inLanguage\":\"es\",\"@id\":\"https:\\\/\\\/secure.gravatar.com\\\/avatar\\\/b2f5b6cda565395f31dc94c95932b9b3fbe6275bad58a1579843d3d1607d4a66?s=96&d=mm&r=g\",\"url\":\"https:\\\/\\\/secure.gravatar.com\\\/avatar\\\/b2f5b6cda565395f31dc94c95932b9b3fbe6275bad58a1579843d3d1607d4a66?s=96&d=mm&r=g\",\"contentUrl\":\"https:\\\/\\\/secure.gravatar.com\\\/avatar\\\/b2f5b6cda565395f31dc94c95932b9b3fbe6275bad58a1579843d3d1607d4a66?s=96&d=mm&r=g\",\"caption\":\"Soledad\"},\"url\":\"https:\\\/\\\/oroverde.gob.ar\\\/portal\\\/author\\\/soledad\\\/\"}]}<\/script>\n<!-- \/ Yoast SEO plugin. -->","yoast_head_json":{"title":"Realizan la selecci\u00f3n de los talleres municipales - Municipio de Oro Verde","robots":{"index":"index","follow":"follow","max-snippet":"max-snippet:-1","max-image-preview":"max-image-preview:large","max-video-preview":"max-video-preview:-1"},"canonical":"https:\/\/oroverde.gob.ar\/portal\/realizan-la-seleccion-de-los-talleres-municipales\/","og_locale":"es_ES","og_type":"article","og_title":"Realizan la selecci\u00f3n de los talleres municipales - Municipio de Oro Verde","og_description":"El \u00e1rea de Cultura selecciona este jueves y viernes los talleres municipales que se llevar\u00e1n adelante este a\u00f1o. Previamente hubo una convocatoria abierta que finaliz\u00f3 el 14 de marzo. Establec\u00eda la presentaci\u00f3n de proyectos en la que se especific\u00f3 normas de presentaci\u00f3n y &hellip;","og_url":"https:\/\/oroverde.gob.ar\/portal\/realizan-la-seleccion-de-los-talleres-municipales\/","og_site_name":"Municipio de Oro Verde","article_published_time":"2025-03-27T14:04:01+00:00","article_modified_time":"2025-03-27T14:46:25+00:00","og_image":[{"width":2560,"height":1708,"url":"https:\/\/oroverde.gob.ar\/portal\/wp-content\/uploads\/2025\/03\/seleccion-talleres-scaled.jpg","type":"image\/jpeg"}],"author":"Soledad","twitter_card":"summary_large_image","twitter_misc":{"Escrito por":"Soledad","Tiempo de lectura":"1 minuto"},"schema":{"@context":"https:\/\/schema.org","@graph":[{"@type":"Article","@id":"https:\/\/oroverde.gob.ar\/portal\/realizan-la-seleccion-de-los-talleres-municipales\/#article","isPartOf":{"@id":"https:\/\/oroverde.gob.ar\/portal\/realizan-la-seleccion-de-los-talleres-municipales\/"},"author":{"name":"Soledad","@id":"https:\/\/oroverde.gob.ar\/portal\/#\/schema\/person\/b975e0cbcd43b7dcf9c64511ec84f10f"},"headline":"Realizan la selecci\u00f3n de los talleres municipales","datePublished":"2025-03-27T14:04:01+00:00","dateModified":"2025-03-27T14:46:25+00:00","mainEntityOfPage":{"@id":"https:\/\/oroverde.gob.ar\/portal\/realizan-la-seleccion-de-los-talleres-municipales\/"},"wordCount":117,"publisher":{"@id":"https:\/\/oroverde.gob.ar\/portal\/#organization"},"image":{"@id":"https:\/\/oroverde.gob.ar\/portal\/realizan-la-seleccion-de-los-talleres-municipales\/#primaryimage"},"thumbnailUrl":"https:\/\/oroverde.gob.ar\/portal\/wp-content\/uploads\/2025\/03\/seleccion-talleres-scaled.jpg","articleSection":["Municipio"],"inLanguage":"es"},{"@type":"WebPage","@id":"https:\/\/oroverde.gob.ar\/portal\/realizan-la-seleccion-de-los-talleres-municipales\/","url":"https:\/\/oroverde.gob.ar\/portal\/realizan-la-seleccion-de-los-talleres-municipales\/","name":"Realizan la selecci\u00f3n de los talleres municipales - Municipio de Oro Verde","isPartOf":{"@id":"https:\/\/oroverde.gob.ar\/portal\/#website"},"primaryImageOfPage":{"@id":"https:\/\/oroverde.gob.ar\/portal\/realizan-la-seleccion-de-los-talleres-municipales\/#primaryimage"},"image":{"@id":"https:\/\/oroverde.gob.ar\/portal\/realizan-la-seleccion-de-los-talleres-municipales\/#primaryimage"},"thumbnailUrl":"https:\/\/oroverde.gob.ar\/portal\/wp-content\/uploads\/2025\/03\/seleccion-talleres-scaled.jpg","datePublished":"2025-03-27T14:04:01+00:00","dateModified":"2025-03-27T14:46:25+00:00","breadcrumb":{"@id":"https:\/\/oroverde.gob.ar\/portal\/realizan-la-seleccion-de-los-talleres-municipales\/#breadcrumb"},"inLanguage":"es","potentialAction":[{"@type":"ReadAction","target":["https:\/\/oroverde.gob.ar\/portal\/realizan-la-seleccion-de-los-talleres-municipales\/"]}]},{"@type":"ImageObject","inLanguage":"es","@id":"https:\/\/oroverde.gob.ar\/portal\/realizan-la-seleccion-de-los-talleres-municipales\/#primaryimage","url":"https:\/\/oroverde.gob.ar\/portal\/wp-content\/uploads\/2025\/03\/seleccion-talleres-scaled.jpg","contentUrl":"https:\/\/oroverde.gob.ar\/portal\/wp-content\/uploads\/2025\/03\/seleccion-talleres-scaled.jpg","width":2560,"height":1708},{"@type":"BreadcrumbList","@id":"https:\/\/oroverde.gob.ar\/portal\/realizan-la-seleccion-de-los-talleres-municipales\/#breadcrumb","itemListElement":[{"@type":"ListItem","position":1,"name":"Portada","item":"https:\/\/oroverde.gob.ar\/portal\/"},{"@type":"ListItem","position":2,"name":"Realizan la selecci\u00f3n de los talleres municipales"}]},{"@type":"WebSite","@id":"https:\/\/oroverde.gob.ar\/portal\/#website","url":"https:\/\/oroverde.gob.ar\/portal\/","name":"Municipio de Oro Verde","description":"Web Oficial","publisher":{"@id":"https:\/\/oroverde.gob.ar\/portal\/#organization"},"potentialAction":[{"@type":"SearchAction","target":{"@type":"EntryPoint","urlTemplate":"https:\/\/oroverde.gob.ar\/portal\/?s={search_term_string}"},"query-input":{"@type":"PropertyValueSpecification","valueRequired":true,"valueName":"search_term_string"}}],"inLanguage":"es"},{"@type":"Organization","@id":"https:\/\/oroverde.gob.ar\/portal\/#organization","name":"Municipio de Oro Verde","url":"https:\/\/oroverde.gob.ar\/portal\/","logo":{"@type":"ImageObject","inLanguage":"es","@id":"https:\/\/oroverde.gob.ar\/portal\/#\/schema\/logo\/image\/","url":"https:\/\/oroverde.gob.ar\/portal\/wp-content\/uploads\/2024\/06\/cropped-cropped-logo-1.png","contentUrl":"https:\/\/oroverde.gob.ar\/portal\/wp-content\/uploads\/2024\/06\/cropped-cropped-logo-1.png","width":1776,"height":738,"caption":"Municipio de Oro Verde"},"image":{"@id":"https:\/\/oroverde.gob.ar\/portal\/#\/schema\/logo\/image\/"}},{"@type":"Person","@id":"https:\/\/oroverde.gob.ar\/portal\/#\/schema\/person\/b975e0cbcd43b7dcf9c64511ec84f10f","name":"Soledad","image":{"@type":"ImageObject","inLanguage":"es","@id":"https:\/\/secure.gravatar.com\/avatar\/b2f5b6cda565395f31dc94c95932b9b3fbe6275bad58a1579843d3d1607d4a66?s=96&d=mm&r=g","url":"https:\/\/secure.gravatar.com\/avatar\/b2f5b6cda565395f31dc94c95932b9b3fbe6275bad58a1579843d3d1607d4a66?s=96&d=mm&r=g","contentUrl":"https:\/\/secure.gravatar.com\/avatar\/b2f5b6cda565395f31dc94c95932b9b3fbe6275bad58a1579843d3d1607d4a66?s=96&d=mm&r=g","caption":"Soledad"},"url":"https:\/\/oroverde.gob.ar\/portal\/author\/soledad\/"}]}},"_links":{"self":[{"href":"https:\/\/oroverde.gob.ar\/portal\/wp-json\/wp\/v2\/posts\/5606","targetHints":{"allow":["GET"]}}],"collection":[{"href":"https:\/\/oroverde.gob.ar\/portal\/wp-json\/wp\/v2\/posts"}],"about":[{"href":"https:\/\/oroverde.gob.ar\/portal\/wp-json\/wp\/v2\/types\/post"}],"author":[{"embeddable":true,"href":"https:\/\/oroverde.gob.ar\/portal\/wp-json\/wp\/v2\/users\/3"}],"replies":[{"embeddable":true,"href":"https:\/\/oroverde.gob.ar\/portal\/wp-json\/wp\/v2\/comments?post=5606"}],"version-history":[{"count":2,"href":"https:\/\/oroverde.gob.ar\/portal\/wp-json\/wp\/v2\/posts\/5606\/revisions"}],"predecessor-version":[{"id":5616,"href":"https:\/\/oroverde.gob.ar\/portal\/wp-json\/wp\/v2\/posts\/5606\/revisions\/5616"}],"wp:featuredmedia":[{"embeddable":true,"href":"https:\/\/oroverde.gob.ar\/portal\/wp-json\/wp\/v2\/media\/5607"}],"wp:attachment":[{"href":"https:\/\/oroverde.gob.ar\/portal\/wp-json\/wp\/v2\/media?parent=5606"}],"wp:term":[{"taxonomy":"category","embeddable":true,"href":"https:\/\/oroverde.gob.ar\/portal\/wp-json\/wp\/v2\/categories?post=5606"},{"taxonomy":"post_tag","embeddable":true,"href":"https:\/\/oroverde.gob.ar\/portal\/wp-json\/wp\/v2\/tags?post=5606"}],"curies":[{"name":"wp","href":"https:\/\/api.w.org\/{rel}","templated":true}]}}