{"id":5660,"date":"2025-04-03T12:44:47","date_gmt":"2025-04-03T15:44:47","guid":{"rendered":"https:\/\/oroverde.gob.ar\/portal\/?p=5660"},"modified":"2025-04-03T12:44:47","modified_gmt":"2025-04-03T15:44:47","slug":"inician-el-7-de-abril-los-talleres-deportivos-y-recreativos-del-cef-local","status":"publish","type":"post","link":"https:\/\/oroverde.gob.ar\/portal\/inician-el-7-de-abril-los-talleres-deportivos-y-recreativos-del-cef-local\/","title":{"rendered":"Inician el 7 de abril los talleres deportivos y recreativos del CEF local"},"content":{"rendered":"<div class=\"xdj266r x11i5rnm xat24cr x1mh8g0r x1vvkbs x126k92a\">\n<div dir=\"auto\">Estos talleres son gratuitos y hay una preinscripci\u00f3n virtual, que luego deben imprimir, completar y entregar la ficha de aptitud f\u00edsica al profe en el inicio de la clase.<\/div>\n<\/div>\n<div class=\"x11i5rnm xat24cr x1mh8g0r x1vvkbs xtlvy1s x126k92a\">\n<div dir=\"auto\">Link para la preinscripci\u00f3n:<\/div>\n<div dir=\"auto\"><span class=\"html-span xdj266r x11i5rnm xat24cr x1mh8g0r xexx8yu x4uap5 x18d9i69 xkhd6sd x1hl2dhg x16tdsg8 x1vvkbs\"><a class=\"x1i10hfl xjbqb8w x1ejq31n xd10rxx x1sy0etr x17r0tee x972fbf xcfux6l x1qhh985 xm0m39n x9f619 x1ypdohk xt0psk2 xe8uvvx xdj266r x11i5rnm xat24cr x1mh8g0r xexx8yu x4uap5 x18d9i69 xkhd6sd x16tdsg8 x1hl2dhg xggy1nq x1a2a7pz xkrqix3 x1sur9pj x1fey0fg x1s688f\" tabindex=\"0\" role=\"link\" href=\"https:\/\/docs.google.com\/forms\/d\/e\/1FAIpQLSfQLpNL6jcO4qmJP5aKli0-HLBi9OVYHFOyNYjqf7U4mfDvHA\/viewform?usp=header&amp;fbclid=IwZXh0bgNhZW0CMTAAAR3CgsmXVbNXQPTFasHTnGtlOdMfeeJybORvHS149CePoOMF7K-xo9LmKhU_aem_wdDpet6W3iuBFG1wehe3_g\" target=\"_blank\" rel=\"nofollow noopener noreferrer\">https:\/\/docs.google.com\/&#8230;\/1FAIpQLSfQLpNL6jc&#8230;\/viewform&#8230;<\/a><\/span><\/div>\n<\/div>\n<div class=\"x11i5rnm xat24cr x1mh8g0r x1vvkbs xtlvy1s x126k92a\">\n<div dir=\"auto\">La ficha de aptitud f\u00edsica se encuentra en la descripci\u00f3n de la preinscripci\u00f3n.<\/div>\n<\/div>\n<div class=\"x11i5rnm xat24cr x1mh8g0r x1vvkbs xtlvy1s x126k92a\">\n<div dir=\"auto\">Talleres:<\/div>\n<\/div>\n<div class=\"x11i5rnm xat24cr x1mh8g0r x1vvkbs xtlvy1s x126k92a\">\n<div dir=\"auto\">Gimnasia deportiva (7 a 12 a\u00f1os) mi\u00e9rcoles y viernes 17:15 hs Lugar: Quincho del Polideportivo. Profesora: Mar\u00eda Galeano<\/div>\n<\/div>\n<div class=\"x11i5rnm xat24cr x1mh8g0r x1vvkbs xtlvy1s x126k92a\">\n<div dir=\"auto\">Voley juvenil y adultos (a partir de los 14 a\u00f1os) lunes y mi\u00e9rcoles 18:30 hs. Lugar: Polideportivo. Profesora: Vanina Spahn<\/div>\n<\/div>\n<div class=\"x11i5rnm xat24cr x1mh8g0r x1vvkbs xtlvy1s x126k92a\">\n<div dir=\"auto\">Atletismo (8 a 14 a\u00f1os) martes y jueves 17 hs Lugar: Polideportivo Profesores: Mat\u00edas Gim\u00e9nez y Viriginia Costa Gieco<\/div>\n<\/div>\n<div class=\"x11i5rnm xat24cr x1mh8g0r x1vvkbs xtlvy1s x126k92a\">\n<div dir=\"auto\">Iniciaci\u00f3n deportiva: (4 y 5 a\u00f1os) lunes y mi\u00e9rcoles 17 hs. Lugar: Quincho del Polideportivo. Profesora: Marianela Moreno<\/div>\n<\/div>\n<div class=\"x11i5rnm xat24cr x1mh8g0r x1vvkbs xtlvy1s x126k92a\">\n<div dir=\"auto\">Iniciaci\u00f3n deportiva (6 y 7 a\u00f1os) lunes y mi\u00e9rcoles 18 hs Lugar: Quincho del Polideportivo Profesora: Marianela Moreno<\/div>\n<\/div>\n<div class=\"x11i5rnm xat24cr x1mh8g0r x1vvkbs xtlvy1s x126k92a\">\n<div dir=\"auto\">Hockey infantil: (7 a 10 a\u00f1os) martes y viernes 17:30 hs Lugar: Polideportivo.<\/div>\n<\/div>\n<div class=\"x11i5rnm xat24cr x1mh8g0r x1vvkbs xtlvy1s x126k92a\">\n<div dir=\"auto\">Hockey juvenil: (11 a 14 a\u00f1os) martes y viernes 18: 30 hs Lugar: Polideportivo.<\/div>\n<\/div>\n<div class=\"x11i5rnm xat24cr x1mh8g0r x1vvkbs xtlvy1s x126k92a\">\n<div dir=\"auto\">Entrenamiento funcional: martes y jueves 19 hs. Lugar: Polideportivo. Profesora: Selena Centuri\u00f3n<\/div>\n<\/div>\n<div class=\"x11i5rnm xat24cr x1mh8g0r x1vvkbs xtlvy1s x126k92a\">\n<div dir=\"auto\">Mini voley: (8 a 12 a\u00f1os) lunes y mi\u00e9rcoles 17: 15 hs Lugar: Polideportivo Profesora: Vanina Spahn<\/div>\n<\/div>\n<div class=\"x11i5rnm xat24cr x1mh8g0r x1vvkbs xtlvy1s x126k92a\">\n<div dir=\"auto\">Futsal: (9 a 15 a\u00f1os) lunes y mi\u00e9rcoles 17:15 Lugar: Polideportivo Profesor: Quito Morinico<\/div>\n<\/div>\n<div class=\"x11i5rnm xat24cr x1mh8g0r x1vvkbs xtlvy1s x126k92a\">\n<div dir=\"auto\">B\u00e1squets adultos: (mayores de 18 a\u00f1os) lunes y mi\u00e9rcoles 19 hs. Lugar: Polideportivo. Profesor: Tom\u00e1s Pereira<\/div>\n<\/div>\n<div class=\"x11i5rnm xat24cr x1mh8g0r x1vvkbs xtlvy1s x126k92a\">\n<div dir=\"auto\">Ante consultas enviar mensajes a las redes sociales del Centro de Educaci\u00f3n F\u00edsica N\u00ba 26 Oro Verde<\/div>\n<\/div>\n","protected":false},"excerpt":{"rendered":"<p>Estos talleres son gratuitos y hay una preinscripci\u00f3n virtual, que luego deben imprimir, completar y entregar la ficha de aptitud f\u00edsica al profe en el inicio de la clase. Link para la preinscripci\u00f3n: https:\/\/docs.google.com\/&#8230;\/1FAIpQLSfQLpNL6jc&#8230;\/viewform&#8230; La ficha de aptitud f\u00edsica se encuentra en la &hellip;<\/p>\n","protected":false},"author":3,"featured_media":5661,"comment_status":"closed","ping_status":"closed","sticky":false,"template":"","format":"standard","meta":{"footnotes":""},"categories":[1],"tags":[],"class_list":["post-5660","post","type-post","status-publish","format-standard","has-post-thumbnail","hentry","category-municipio"],"yoast_head":"<!-- This site is optimized with the Yoast SEO plugin v27.5 - https:\/\/yoast.com\/product\/yoast-seo-wordpress\/ -->\n<title>Inician el 7 de abril los talleres deportivos y recreativos del CEF local - Municipio de Oro Verde<\/title>\n<meta name=\"robots\" content=\"index, follow, max-snippet:-1, max-image-preview:large, max-video-preview:-1\" \/>\n<link rel=\"canonical\" href=\"https:\/\/oroverde.gob.ar\/portal\/inician-el-7-de-abril-los-talleres-deportivos-y-recreativos-del-cef-local\/\" \/>\n<meta property=\"og:locale\" content=\"es_ES\" \/>\n<meta property=\"og:type\" content=\"article\" \/>\n<meta property=\"og:title\" content=\"Inician el 7 de abril los talleres deportivos y recreativos del CEF local - Municipio de Oro Verde\" \/>\n<meta property=\"og:description\" content=\"Estos talleres son gratuitos y hay una preinscripci\u00f3n virtual, que luego deben imprimir, completar y entregar la ficha de aptitud f\u00edsica al profe en el inicio de la clase. Link para la preinscripci\u00f3n: https:\/\/docs.google.com\/&#8230;\/1FAIpQLSfQLpNL6jc&#8230;\/viewform&#8230; La ficha de aptitud f\u00edsica se encuentra en la &hellip;\" \/>\n<meta property=\"og:url\" content=\"https:\/\/oroverde.gob.ar\/portal\/inician-el-7-de-abril-los-talleres-deportivos-y-recreativos-del-cef-local\/\" \/>\n<meta property=\"og:site_name\" content=\"Municipio de Oro Verde\" \/>\n<meta property=\"article:published_time\" content=\"2025-04-03T15:44:47+00:00\" \/>\n<meta property=\"og:image\" content=\"https:\/\/oroverde.gob.ar\/portal\/wp-content\/uploads\/2025\/04\/486790592_1276394054075932_7221977517632948134_n.jpg\" \/>\n\t<meta property=\"og:image:width\" content=\"1420\" \/>\n\t<meta property=\"og:image:height\" content=\"640\" \/>\n\t<meta property=\"og:image:type\" content=\"image\/jpeg\" \/>\n<meta name=\"author\" content=\"Soledad\" \/>\n<meta name=\"twitter:card\" content=\"summary_large_image\" \/>\n<meta name=\"twitter:label1\" content=\"Escrito por\" \/>\n\t<meta name=\"twitter:data1\" content=\"Soledad\" \/>\n\t<meta name=\"twitter:label2\" content=\"Tiempo de lectura\" \/>\n\t<meta name=\"twitter:data2\" content=\"2 minutos\" \/>\n<script type=\"application\/ld+json\" class=\"yoast-schema-graph\">{\"@context\":\"https:\\\/\\\/schema.org\",\"@graph\":[{\"@type\":\"Article\",\"@id\":\"https:\\\/\\\/oroverde.gob.ar\\\/portal\\\/inician-el-7-de-abril-los-talleres-deportivos-y-recreativos-del-cef-local\\\/#article\",\"isPartOf\":{\"@id\":\"https:\\\/\\\/oroverde.gob.ar\\\/portal\\\/inician-el-7-de-abril-los-talleres-deportivos-y-recreativos-del-cef-local\\\/\"},\"author\":{\"name\":\"Soledad\",\"@id\":\"https:\\\/\\\/oroverde.gob.ar\\\/portal\\\/#\\\/schema\\\/person\\\/b975e0cbcd43b7dcf9c64511ec84f10f\"},\"headline\":\"Inician el 7 de abril los talleres deportivos y recreativos del CEF local\",\"datePublished\":\"2025-04-03T15:44:47+00:00\",\"mainEntityOfPage\":{\"@id\":\"https:\\\/\\\/oroverde.gob.ar\\\/portal\\\/inician-el-7-de-abril-los-talleres-deportivos-y-recreativos-del-cef-local\\\/\"},\"wordCount\":263,\"publisher\":{\"@id\":\"https:\\\/\\\/oroverde.gob.ar\\\/portal\\\/#organization\"},\"image\":{\"@id\":\"https:\\\/\\\/oroverde.gob.ar\\\/portal\\\/inician-el-7-de-abril-los-talleres-deportivos-y-recreativos-del-cef-local\\\/#primaryimage\"},\"thumbnailUrl\":\"https:\\\/\\\/oroverde.gob.ar\\\/portal\\\/wp-content\\\/uploads\\\/2025\\\/04\\\/486790592_1276394054075932_7221977517632948134_n.jpg\",\"articleSection\":[\"Municipio\"],\"inLanguage\":\"es\"},{\"@type\":\"WebPage\",\"@id\":\"https:\\\/\\\/oroverde.gob.ar\\\/portal\\\/inician-el-7-de-abril-los-talleres-deportivos-y-recreativos-del-cef-local\\\/\",\"url\":\"https:\\\/\\\/oroverde.gob.ar\\\/portal\\\/inician-el-7-de-abril-los-talleres-deportivos-y-recreativos-del-cef-local\\\/\",\"name\":\"Inician el 7 de abril los talleres deportivos y recreativos del CEF local - Municipio de Oro Verde\",\"isPartOf\":{\"@id\":\"https:\\\/\\\/oroverde.gob.ar\\\/portal\\\/#website\"},\"primaryImageOfPage\":{\"@id\":\"https:\\\/\\\/oroverde.gob.ar\\\/portal\\\/inician-el-7-de-abril-los-talleres-deportivos-y-recreativos-del-cef-local\\\/#primaryimage\"},\"image\":{\"@id\":\"https:\\\/\\\/oroverde.gob.ar\\\/portal\\\/inician-el-7-de-abril-los-talleres-deportivos-y-recreativos-del-cef-local\\\/#primaryimage\"},\"thumbnailUrl\":\"https:\\\/\\\/oroverde.gob.ar\\\/portal\\\/wp-content\\\/uploads\\\/2025\\\/04\\\/486790592_1276394054075932_7221977517632948134_n.jpg\",\"datePublished\":\"2025-04-03T15:44:47+00:00\",\"breadcrumb\":{\"@id\":\"https:\\\/\\\/oroverde.gob.ar\\\/portal\\\/inician-el-7-de-abril-los-talleres-deportivos-y-recreativos-del-cef-local\\\/#breadcrumb\"},\"inLanguage\":\"es\",\"potentialAction\":[{\"@type\":\"ReadAction\",\"target\":[\"https:\\\/\\\/oroverde.gob.ar\\\/portal\\\/inician-el-7-de-abril-los-talleres-deportivos-y-recreativos-del-cef-local\\\/\"]}]},{\"@type\":\"ImageObject\",\"inLanguage\":\"es\",\"@id\":\"https:\\\/\\\/oroverde.gob.ar\\\/portal\\\/inician-el-7-de-abril-los-talleres-deportivos-y-recreativos-del-cef-local\\\/#primaryimage\",\"url\":\"https:\\\/\\\/oroverde.gob.ar\\\/portal\\\/wp-content\\\/uploads\\\/2025\\\/04\\\/486790592_1276394054075932_7221977517632948134_n.jpg\",\"contentUrl\":\"https:\\\/\\\/oroverde.gob.ar\\\/portal\\\/wp-content\\\/uploads\\\/2025\\\/04\\\/486790592_1276394054075932_7221977517632948134_n.jpg\",\"width\":1420,\"height\":640},{\"@type\":\"BreadcrumbList\",\"@id\":\"https:\\\/\\\/oroverde.gob.ar\\\/portal\\\/inician-el-7-de-abril-los-talleres-deportivos-y-recreativos-del-cef-local\\\/#breadcrumb\",\"itemListElement\":[{\"@type\":\"ListItem\",\"position\":1,\"name\":\"Portada\",\"item\":\"https:\\\/\\\/oroverde.gob.ar\\\/portal\\\/\"},{\"@type\":\"ListItem\",\"position\":2,\"name\":\"Inician el 7 de abril los talleres deportivos y recreativos del CEF local\"}]},{\"@type\":\"WebSite\",\"@id\":\"https:\\\/\\\/oroverde.gob.ar\\\/portal\\\/#website\",\"url\":\"https:\\\/\\\/oroverde.gob.ar\\\/portal\\\/\",\"name\":\"Municipio de Oro Verde\",\"description\":\"Web Oficial\",\"publisher\":{\"@id\":\"https:\\\/\\\/oroverde.gob.ar\\\/portal\\\/#organization\"},\"potentialAction\":[{\"@type\":\"SearchAction\",\"target\":{\"@type\":\"EntryPoint\",\"urlTemplate\":\"https:\\\/\\\/oroverde.gob.ar\\\/portal\\\/?s={search_term_string}\"},\"query-input\":{\"@type\":\"PropertyValueSpecification\",\"valueRequired\":true,\"valueName\":\"search_term_string\"}}],\"inLanguage\":\"es\"},{\"@type\":\"Organization\",\"@id\":\"https:\\\/\\\/oroverde.gob.ar\\\/portal\\\/#organization\",\"name\":\"Municipio de Oro Verde\",\"url\":\"https:\\\/\\\/oroverde.gob.ar\\\/portal\\\/\",\"logo\":{\"@type\":\"ImageObject\",\"inLanguage\":\"es\",\"@id\":\"https:\\\/\\\/oroverde.gob.ar\\\/portal\\\/#\\\/schema\\\/logo\\\/image\\\/\",\"url\":\"https:\\\/\\\/oroverde.gob.ar\\\/portal\\\/wp-content\\\/uploads\\\/2024\\\/06\\\/cropped-cropped-logo-1.png\",\"contentUrl\":\"https:\\\/\\\/oroverde.gob.ar\\\/portal\\\/wp-content\\\/uploads\\\/2024\\\/06\\\/cropped-cropped-logo-1.png\",\"width\":1776,\"height\":738,\"caption\":\"Municipio de Oro Verde\"},\"image\":{\"@id\":\"https:\\\/\\\/oroverde.gob.ar\\\/portal\\\/#\\\/schema\\\/logo\\\/image\\\/\"}},{\"@type\":\"Person\",\"@id\":\"https:\\\/\\\/oroverde.gob.ar\\\/portal\\\/#\\\/schema\\\/person\\\/b975e0cbcd43b7dcf9c64511ec84f10f\",\"name\":\"Soledad\",\"image\":{\"@type\":\"ImageObject\",\"inLanguage\":\"es\",\"@id\":\"https:\\\/\\\/secure.gravatar.com\\\/avatar\\\/b2f5b6cda565395f31dc94c95932b9b3fbe6275bad58a1579843d3d1607d4a66?s=96&d=mm&r=g\",\"url\":\"https:\\\/\\\/secure.gravatar.com\\\/avatar\\\/b2f5b6cda565395f31dc94c95932b9b3fbe6275bad58a1579843d3d1607d4a66?s=96&d=mm&r=g\",\"contentUrl\":\"https:\\\/\\\/secure.gravatar.com\\\/avatar\\\/b2f5b6cda565395f31dc94c95932b9b3fbe6275bad58a1579843d3d1607d4a66?s=96&d=mm&r=g\",\"caption\":\"Soledad\"},\"url\":\"https:\\\/\\\/oroverde.gob.ar\\\/portal\\\/author\\\/soledad\\\/\"}]}<\/script>\n<!-- \/ Yoast SEO plugin. -->","yoast_head_json":{"title":"Inician el 7 de abril los talleres deportivos y recreativos del CEF local - Municipio de Oro Verde","robots":{"index":"index","follow":"follow","max-snippet":"max-snippet:-1","max-image-preview":"max-image-preview:large","max-video-preview":"max-video-preview:-1"},"canonical":"https:\/\/oroverde.gob.ar\/portal\/inician-el-7-de-abril-los-talleres-deportivos-y-recreativos-del-cef-local\/","og_locale":"es_ES","og_type":"article","og_title":"Inician el 7 de abril los talleres deportivos y recreativos del CEF local - Municipio de Oro Verde","og_description":"Estos talleres son gratuitos y hay una preinscripci\u00f3n virtual, que luego deben imprimir, completar y entregar la ficha de aptitud f\u00edsica al profe en el inicio de la clase. Link para la preinscripci\u00f3n: https:\/\/docs.google.com\/&#8230;\/1FAIpQLSfQLpNL6jc&#8230;\/viewform&#8230; La ficha de aptitud f\u00edsica se encuentra en la &hellip;","og_url":"https:\/\/oroverde.gob.ar\/portal\/inician-el-7-de-abril-los-talleres-deportivos-y-recreativos-del-cef-local\/","og_site_name":"Municipio de Oro Verde","article_published_time":"2025-04-03T15:44:47+00:00","og_image":[{"width":1420,"height":640,"url":"https:\/\/oroverde.gob.ar\/portal\/wp-content\/uploads\/2025\/04\/486790592_1276394054075932_7221977517632948134_n.jpg","type":"image\/jpeg"}],"author":"Soledad","twitter_card":"summary_large_image","twitter_misc":{"Escrito por":"Soledad","Tiempo de lectura":"2 minutos"},"schema":{"@context":"https:\/\/schema.org","@graph":[{"@type":"Article","@id":"https:\/\/oroverde.gob.ar\/portal\/inician-el-7-de-abril-los-talleres-deportivos-y-recreativos-del-cef-local\/#article","isPartOf":{"@id":"https:\/\/oroverde.gob.ar\/portal\/inician-el-7-de-abril-los-talleres-deportivos-y-recreativos-del-cef-local\/"},"author":{"name":"Soledad","@id":"https:\/\/oroverde.gob.ar\/portal\/#\/schema\/person\/b975e0cbcd43b7dcf9c64511ec84f10f"},"headline":"Inician el 7 de abril los talleres deportivos y recreativos del CEF local","datePublished":"2025-04-03T15:44:47+00:00","mainEntityOfPage":{"@id":"https:\/\/oroverde.gob.ar\/portal\/inician-el-7-de-abril-los-talleres-deportivos-y-recreativos-del-cef-local\/"},"wordCount":263,"publisher":{"@id":"https:\/\/oroverde.gob.ar\/portal\/#organization"},"image":{"@id":"https:\/\/oroverde.gob.ar\/portal\/inician-el-7-de-abril-los-talleres-deportivos-y-recreativos-del-cef-local\/#primaryimage"},"thumbnailUrl":"https:\/\/oroverde.gob.ar\/portal\/wp-content\/uploads\/2025\/04\/486790592_1276394054075932_7221977517632948134_n.jpg","articleSection":["Municipio"],"inLanguage":"es"},{"@type":"WebPage","@id":"https:\/\/oroverde.gob.ar\/portal\/inician-el-7-de-abril-los-talleres-deportivos-y-recreativos-del-cef-local\/","url":"https:\/\/oroverde.gob.ar\/portal\/inician-el-7-de-abril-los-talleres-deportivos-y-recreativos-del-cef-local\/","name":"Inician el 7 de abril los talleres deportivos y recreativos del CEF local - Municipio de Oro Verde","isPartOf":{"@id":"https:\/\/oroverde.gob.ar\/portal\/#website"},"primaryImageOfPage":{"@id":"https:\/\/oroverde.gob.ar\/portal\/inician-el-7-de-abril-los-talleres-deportivos-y-recreativos-del-cef-local\/#primaryimage"},"image":{"@id":"https:\/\/oroverde.gob.ar\/portal\/inician-el-7-de-abril-los-talleres-deportivos-y-recreativos-del-cef-local\/#primaryimage"},"thumbnailUrl":"https:\/\/oroverde.gob.ar\/portal\/wp-content\/uploads\/2025\/04\/486790592_1276394054075932_7221977517632948134_n.jpg","datePublished":"2025-04-03T15:44:47+00:00","breadcrumb":{"@id":"https:\/\/oroverde.gob.ar\/portal\/inician-el-7-de-abril-los-talleres-deportivos-y-recreativos-del-cef-local\/#breadcrumb"},"inLanguage":"es","potentialAction":[{"@type":"ReadAction","target":["https:\/\/oroverde.gob.ar\/portal\/inician-el-7-de-abril-los-talleres-deportivos-y-recreativos-del-cef-local\/"]}]},{"@type":"ImageObject","inLanguage":"es","@id":"https:\/\/oroverde.gob.ar\/portal\/inician-el-7-de-abril-los-talleres-deportivos-y-recreativos-del-cef-local\/#primaryimage","url":"https:\/\/oroverde.gob.ar\/portal\/wp-content\/uploads\/2025\/04\/486790592_1276394054075932_7221977517632948134_n.jpg","contentUrl":"https:\/\/oroverde.gob.ar\/portal\/wp-content\/uploads\/2025\/04\/486790592_1276394054075932_7221977517632948134_n.jpg","width":1420,"height":640},{"@type":"BreadcrumbList","@id":"https:\/\/oroverde.gob.ar\/portal\/inician-el-7-de-abril-los-talleres-deportivos-y-recreativos-del-cef-local\/#breadcrumb","itemListElement":[{"@type":"ListItem","position":1,"name":"Portada","item":"https:\/\/oroverde.gob.ar\/portal\/"},{"@type":"ListItem","position":2,"name":"Inician el 7 de abril los talleres deportivos y recreativos del CEF local"}]},{"@type":"WebSite","@id":"https:\/\/oroverde.gob.ar\/portal\/#website","url":"https:\/\/oroverde.gob.ar\/portal\/","name":"Municipio de Oro Verde","description":"Web Oficial","publisher":{"@id":"https:\/\/oroverde.gob.ar\/portal\/#organization"},"potentialAction":[{"@type":"SearchAction","target":{"@type":"EntryPoint","urlTemplate":"https:\/\/oroverde.gob.ar\/portal\/?s={search_term_string}"},"query-input":{"@type":"PropertyValueSpecification","valueRequired":true,"valueName":"search_term_string"}}],"inLanguage":"es"},{"@type":"Organization","@id":"https:\/\/oroverde.gob.ar\/portal\/#organization","name":"Municipio de Oro Verde","url":"https:\/\/oroverde.gob.ar\/portal\/","logo":{"@type":"ImageObject","inLanguage":"es","@id":"https:\/\/oroverde.gob.ar\/portal\/#\/schema\/logo\/image\/","url":"https:\/\/oroverde.gob.ar\/portal\/wp-content\/uploads\/2024\/06\/cropped-cropped-logo-1.png","contentUrl":"https:\/\/oroverde.gob.ar\/portal\/wp-content\/uploads\/2024\/06\/cropped-cropped-logo-1.png","width":1776,"height":738,"caption":"Municipio de Oro Verde"},"image":{"@id":"https:\/\/oroverde.gob.ar\/portal\/#\/schema\/logo\/image\/"}},{"@type":"Person","@id":"https:\/\/oroverde.gob.ar\/portal\/#\/schema\/person\/b975e0cbcd43b7dcf9c64511ec84f10f","name":"Soledad","image":{"@type":"ImageObject","inLanguage":"es","@id":"https:\/\/secure.gravatar.com\/avatar\/b2f5b6cda565395f31dc94c95932b9b3fbe6275bad58a1579843d3d1607d4a66?s=96&d=mm&r=g","url":"https:\/\/secure.gravatar.com\/avatar\/b2f5b6cda565395f31dc94c95932b9b3fbe6275bad58a1579843d3d1607d4a66?s=96&d=mm&r=g","contentUrl":"https:\/\/secure.gravatar.com\/avatar\/b2f5b6cda565395f31dc94c95932b9b3fbe6275bad58a1579843d3d1607d4a66?s=96&d=mm&r=g","caption":"Soledad"},"url":"https:\/\/oroverde.gob.ar\/portal\/author\/soledad\/"}]}},"_links":{"self":[{"href":"https:\/\/oroverde.gob.ar\/portal\/wp-json\/wp\/v2\/posts\/5660","targetHints":{"allow":["GET"]}}],"collection":[{"href":"https:\/\/oroverde.gob.ar\/portal\/wp-json\/wp\/v2\/posts"}],"about":[{"href":"https:\/\/oroverde.gob.ar\/portal\/wp-json\/wp\/v2\/types\/post"}],"author":[{"embeddable":true,"href":"https:\/\/oroverde.gob.ar\/portal\/wp-json\/wp\/v2\/users\/3"}],"replies":[{"embeddable":true,"href":"https:\/\/oroverde.gob.ar\/portal\/wp-json\/wp\/v2\/comments?post=5660"}],"version-history":[{"count":1,"href":"https:\/\/oroverde.gob.ar\/portal\/wp-json\/wp\/v2\/posts\/5660\/revisions"}],"predecessor-version":[{"id":5662,"href":"https:\/\/oroverde.gob.ar\/portal\/wp-json\/wp\/v2\/posts\/5660\/revisions\/5662"}],"wp:featuredmedia":[{"embeddable":true,"href":"https:\/\/oroverde.gob.ar\/portal\/wp-json\/wp\/v2\/media\/5661"}],"wp:attachment":[{"href":"https:\/\/oroverde.gob.ar\/portal\/wp-json\/wp\/v2\/media?parent=5660"}],"wp:term":[{"taxonomy":"category","embeddable":true,"href":"https:\/\/oroverde.gob.ar\/portal\/wp-json\/wp\/v2\/categories?post=5660"},{"taxonomy":"post_tag","embeddable":true,"href":"https:\/\/oroverde.gob.ar\/portal\/wp-json\/wp\/v2\/tags?post=5660"}],"curies":[{"name":"wp","href":"https:\/\/api.w.org\/{rel}","templated":true}]}}