{"id":5826,"date":"2025-05-05T12:29:20","date_gmt":"2025-05-05T15:29:20","guid":{"rendered":"https:\/\/oroverde.gob.ar\/portal\/?p=5826"},"modified":"2025-05-05T12:29:20","modified_gmt":"2025-05-05T15:29:20","slug":"finalizo-la-capacitacion-sobre-consumos-problematicos","status":"publish","type":"post","link":"https:\/\/oroverde.gob.ar\/portal\/finalizo-la-capacitacion-sobre-consumos-problematicos\/","title":{"rendered":"Finaliz\u00f3 la capacitaci\u00f3n sobre consumos problem\u00e1ticos"},"content":{"rendered":"<div class=\"xdj266r x11i5rnm xat24cr x1mh8g0r x1vvkbs x126k92a\">\n<div dir=\"auto\">El Programa de Capacitaci\u00f3n de Adicciones, dependiente de la Direcci\u00f3n de prevenci\u00f3n y Control de Adicciones de la Provincia de Entre R\u00edos finaliz\u00f3 en Oro Verde la capacitaci\u00f3n sobre consumos problem\u00e1ticos, destinada principalmente a referentes de instituciones locales.<\/div>\n<\/div>\n<div class=\"x11i5rnm xat24cr x1mh8g0r x1vvkbs xtlvy1s x126k92a\">\n<div dir=\"auto\">Estuvo a cargo del director de Prevenci\u00f3n y Control de Adicciones de la Provincia, Pablo Cymbalista qui\u00e9n expuso durante estos cuatro encuentros sobre el consumo de sustancias con el objetivo de brindar las herramientas necesarias que permitan la elaboraci\u00f3n de acciones de prevenci\u00f3n, junto otros temas vinculados a esta problem\u00e1tica.<\/div>\n<\/div>\n<div class=\"x11i5rnm xat24cr x1mh8g0r x1vvkbs xtlvy1s x126k92a\">\n<div dir=\"auto\">Tambi\u00e9n se entregaron certificados avalados por el Municipio y la Direcci\u00f3n de prevenci\u00f3n y Control de Adicciones de la Provincia de Entre R\u00edos a cada uno de los participantes de esta capacitaci\u00f3n.<\/div>\n<\/div>\n<div class=\"x11i5rnm xat24cr x1mh8g0r x1vvkbs xtlvy1s x126k92a\">\n<div dir=\"auto\">Estuvieron presentes el intendente C\u00e9sar Clement y la Viceintendenta Mercedes Schvindt. Tambi\u00e9n Jorgelina Milone y Mar\u00eda Mi\u00f1o, integrantes del \u00c1rea de Desarrollo Social y Agustina L\u00f3pez, del \u00e1rea NAF local.<\/div>\n<\/div>\n","protected":false},"excerpt":{"rendered":"<p>El Programa de Capacitaci\u00f3n de Adicciones, dependiente de la Direcci\u00f3n de prevenci\u00f3n y Control de Adicciones de la Provincia de Entre R\u00edos finaliz\u00f3 en Oro Verde la capacitaci\u00f3n sobre consumos problem\u00e1ticos, destinada principalmente a referentes de instituciones locales. Estuvo a cargo del director &hellip;<\/p>\n","protected":false},"author":3,"featured_media":5827,"comment_status":"closed","ping_status":"closed","sticky":false,"template":"","format":"standard","meta":{"footnotes":""},"categories":[25],"tags":[],"class_list":["post-5826","post","type-post","status-publish","format-standard","has-post-thumbnail","hentry","category-gobierno"],"yoast_head":"<!-- This site is optimized with the Yoast SEO plugin v27.5 - https:\/\/yoast.com\/product\/yoast-seo-wordpress\/ -->\n<title>Finaliz\u00f3 la capacitaci\u00f3n sobre consumos problem\u00e1ticos - Municipio de Oro Verde<\/title>\n<meta name=\"robots\" content=\"index, follow, max-snippet:-1, max-image-preview:large, max-video-preview:-1\" \/>\n<link rel=\"canonical\" href=\"https:\/\/oroverde.gob.ar\/portal\/finalizo-la-capacitacion-sobre-consumos-problematicos\/\" \/>\n<meta property=\"og:locale\" content=\"es_ES\" \/>\n<meta property=\"og:type\" content=\"article\" \/>\n<meta property=\"og:title\" content=\"Finaliz\u00f3 la capacitaci\u00f3n sobre consumos problem\u00e1ticos - Municipio de Oro Verde\" \/>\n<meta property=\"og:description\" content=\"El Programa de Capacitaci\u00f3n de Adicciones, dependiente de la Direcci\u00f3n de prevenci\u00f3n y Control de Adicciones de la Provincia de Entre R\u00edos finaliz\u00f3 en Oro Verde la capacitaci\u00f3n sobre consumos problem\u00e1ticos, destinada principalmente a referentes de instituciones locales. Estuvo a cargo del director &hellip;\" \/>\n<meta property=\"og:url\" content=\"https:\/\/oroverde.gob.ar\/portal\/finalizo-la-capacitacion-sobre-consumos-problematicos\/\" \/>\n<meta property=\"og:site_name\" content=\"Municipio de Oro Verde\" \/>\n<meta property=\"article:published_time\" content=\"2025-05-05T15:29:20+00:00\" \/>\n<meta property=\"og:image\" content=\"https:\/\/oroverde.gob.ar\/portal\/wp-content\/uploads\/2025\/05\/consumos-problematicos-scaled.jpg\" \/>\n\t<meta property=\"og:image:width\" content=\"2560\" \/>\n\t<meta property=\"og:image:height\" content=\"1708\" \/>\n\t<meta property=\"og:image:type\" content=\"image\/jpeg\" \/>\n<meta name=\"author\" content=\"Soledad\" \/>\n<meta name=\"twitter:card\" content=\"summary_large_image\" \/>\n<meta name=\"twitter:label1\" content=\"Escrito por\" \/>\n\t<meta name=\"twitter:data1\" content=\"Soledad\" \/>\n\t<meta name=\"twitter:label2\" content=\"Tiempo de lectura\" \/>\n\t<meta name=\"twitter:data2\" content=\"1 minuto\" \/>\n<script type=\"application\/ld+json\" class=\"yoast-schema-graph\">{\"@context\":\"https:\\\/\\\/schema.org\",\"@graph\":[{\"@type\":\"Article\",\"@id\":\"https:\\\/\\\/oroverde.gob.ar\\\/portal\\\/finalizo-la-capacitacion-sobre-consumos-problematicos\\\/#article\",\"isPartOf\":{\"@id\":\"https:\\\/\\\/oroverde.gob.ar\\\/portal\\\/finalizo-la-capacitacion-sobre-consumos-problematicos\\\/\"},\"author\":{\"name\":\"Soledad\",\"@id\":\"https:\\\/\\\/oroverde.gob.ar\\\/portal\\\/#\\\/schema\\\/person\\\/b975e0cbcd43b7dcf9c64511ec84f10f\"},\"headline\":\"Finaliz\u00f3 la capacitaci\u00f3n sobre consumos problem\u00e1ticos\",\"datePublished\":\"2025-05-05T15:29:20+00:00\",\"mainEntityOfPage\":{\"@id\":\"https:\\\/\\\/oroverde.gob.ar\\\/portal\\\/finalizo-la-capacitacion-sobre-consumos-problematicos\\\/\"},\"wordCount\":179,\"publisher\":{\"@id\":\"https:\\\/\\\/oroverde.gob.ar\\\/portal\\\/#organization\"},\"image\":{\"@id\":\"https:\\\/\\\/oroverde.gob.ar\\\/portal\\\/finalizo-la-capacitacion-sobre-consumos-problematicos\\\/#primaryimage\"},\"thumbnailUrl\":\"https:\\\/\\\/oroverde.gob.ar\\\/portal\\\/wp-content\\\/uploads\\\/2025\\\/05\\\/consumos-problematicos-scaled.jpg\",\"articleSection\":[\"Gobierno\"],\"inLanguage\":\"es\"},{\"@type\":\"WebPage\",\"@id\":\"https:\\\/\\\/oroverde.gob.ar\\\/portal\\\/finalizo-la-capacitacion-sobre-consumos-problematicos\\\/\",\"url\":\"https:\\\/\\\/oroverde.gob.ar\\\/portal\\\/finalizo-la-capacitacion-sobre-consumos-problematicos\\\/\",\"name\":\"Finaliz\u00f3 la capacitaci\u00f3n sobre consumos problem\u00e1ticos - Municipio de Oro Verde\",\"isPartOf\":{\"@id\":\"https:\\\/\\\/oroverde.gob.ar\\\/portal\\\/#website\"},\"primaryImageOfPage\":{\"@id\":\"https:\\\/\\\/oroverde.gob.ar\\\/portal\\\/finalizo-la-capacitacion-sobre-consumos-problematicos\\\/#primaryimage\"},\"image\":{\"@id\":\"https:\\\/\\\/oroverde.gob.ar\\\/portal\\\/finalizo-la-capacitacion-sobre-consumos-problematicos\\\/#primaryimage\"},\"thumbnailUrl\":\"https:\\\/\\\/oroverde.gob.ar\\\/portal\\\/wp-content\\\/uploads\\\/2025\\\/05\\\/consumos-problematicos-scaled.jpg\",\"datePublished\":\"2025-05-05T15:29:20+00:00\",\"breadcrumb\":{\"@id\":\"https:\\\/\\\/oroverde.gob.ar\\\/portal\\\/finalizo-la-capacitacion-sobre-consumos-problematicos\\\/#breadcrumb\"},\"inLanguage\":\"es\",\"potentialAction\":[{\"@type\":\"ReadAction\",\"target\":[\"https:\\\/\\\/oroverde.gob.ar\\\/portal\\\/finalizo-la-capacitacion-sobre-consumos-problematicos\\\/\"]}]},{\"@type\":\"ImageObject\",\"inLanguage\":\"es\",\"@id\":\"https:\\\/\\\/oroverde.gob.ar\\\/portal\\\/finalizo-la-capacitacion-sobre-consumos-problematicos\\\/#primaryimage\",\"url\":\"https:\\\/\\\/oroverde.gob.ar\\\/portal\\\/wp-content\\\/uploads\\\/2025\\\/05\\\/consumos-problematicos-scaled.jpg\",\"contentUrl\":\"https:\\\/\\\/oroverde.gob.ar\\\/portal\\\/wp-content\\\/uploads\\\/2025\\\/05\\\/consumos-problematicos-scaled.jpg\",\"width\":2560,\"height\":1708},{\"@type\":\"BreadcrumbList\",\"@id\":\"https:\\\/\\\/oroverde.gob.ar\\\/portal\\\/finalizo-la-capacitacion-sobre-consumos-problematicos\\\/#breadcrumb\",\"itemListElement\":[{\"@type\":\"ListItem\",\"position\":1,\"name\":\"Portada\",\"item\":\"https:\\\/\\\/oroverde.gob.ar\\\/portal\\\/\"},{\"@type\":\"ListItem\",\"position\":2,\"name\":\"Finaliz\u00f3 la capacitaci\u00f3n sobre consumos problem\u00e1ticos\"}]},{\"@type\":\"WebSite\",\"@id\":\"https:\\\/\\\/oroverde.gob.ar\\\/portal\\\/#website\",\"url\":\"https:\\\/\\\/oroverde.gob.ar\\\/portal\\\/\",\"name\":\"Municipio de Oro Verde\",\"description\":\"Web Oficial\",\"publisher\":{\"@id\":\"https:\\\/\\\/oroverde.gob.ar\\\/portal\\\/#organization\"},\"potentialAction\":[{\"@type\":\"SearchAction\",\"target\":{\"@type\":\"EntryPoint\",\"urlTemplate\":\"https:\\\/\\\/oroverde.gob.ar\\\/portal\\\/?s={search_term_string}\"},\"query-input\":{\"@type\":\"PropertyValueSpecification\",\"valueRequired\":true,\"valueName\":\"search_term_string\"}}],\"inLanguage\":\"es\"},{\"@type\":\"Organization\",\"@id\":\"https:\\\/\\\/oroverde.gob.ar\\\/portal\\\/#organization\",\"name\":\"Municipio de Oro Verde\",\"url\":\"https:\\\/\\\/oroverde.gob.ar\\\/portal\\\/\",\"logo\":{\"@type\":\"ImageObject\",\"inLanguage\":\"es\",\"@id\":\"https:\\\/\\\/oroverde.gob.ar\\\/portal\\\/#\\\/schema\\\/logo\\\/image\\\/\",\"url\":\"https:\\\/\\\/oroverde.gob.ar\\\/portal\\\/wp-content\\\/uploads\\\/2024\\\/06\\\/cropped-cropped-logo-1.png\",\"contentUrl\":\"https:\\\/\\\/oroverde.gob.ar\\\/portal\\\/wp-content\\\/uploads\\\/2024\\\/06\\\/cropped-cropped-logo-1.png\",\"width\":1776,\"height\":738,\"caption\":\"Municipio de Oro Verde\"},\"image\":{\"@id\":\"https:\\\/\\\/oroverde.gob.ar\\\/portal\\\/#\\\/schema\\\/logo\\\/image\\\/\"}},{\"@type\":\"Person\",\"@id\":\"https:\\\/\\\/oroverde.gob.ar\\\/portal\\\/#\\\/schema\\\/person\\\/b975e0cbcd43b7dcf9c64511ec84f10f\",\"name\":\"Soledad\",\"image\":{\"@type\":\"ImageObject\",\"inLanguage\":\"es\",\"@id\":\"https:\\\/\\\/secure.gravatar.com\\\/avatar\\\/b2f5b6cda565395f31dc94c95932b9b3fbe6275bad58a1579843d3d1607d4a66?s=96&d=mm&r=g\",\"url\":\"https:\\\/\\\/secure.gravatar.com\\\/avatar\\\/b2f5b6cda565395f31dc94c95932b9b3fbe6275bad58a1579843d3d1607d4a66?s=96&d=mm&r=g\",\"contentUrl\":\"https:\\\/\\\/secure.gravatar.com\\\/avatar\\\/b2f5b6cda565395f31dc94c95932b9b3fbe6275bad58a1579843d3d1607d4a66?s=96&d=mm&r=g\",\"caption\":\"Soledad\"},\"url\":\"https:\\\/\\\/oroverde.gob.ar\\\/portal\\\/author\\\/soledad\\\/\"}]}<\/script>\n<!-- \/ Yoast SEO plugin. -->","yoast_head_json":{"title":"Finaliz\u00f3 la capacitaci\u00f3n sobre consumos problem\u00e1ticos - Municipio de Oro Verde","robots":{"index":"index","follow":"follow","max-snippet":"max-snippet:-1","max-image-preview":"max-image-preview:large","max-video-preview":"max-video-preview:-1"},"canonical":"https:\/\/oroverde.gob.ar\/portal\/finalizo-la-capacitacion-sobre-consumos-problematicos\/","og_locale":"es_ES","og_type":"article","og_title":"Finaliz\u00f3 la capacitaci\u00f3n sobre consumos problem\u00e1ticos - Municipio de Oro Verde","og_description":"El Programa de Capacitaci\u00f3n de Adicciones, dependiente de la Direcci\u00f3n de prevenci\u00f3n y Control de Adicciones de la Provincia de Entre R\u00edos finaliz\u00f3 en Oro Verde la capacitaci\u00f3n sobre consumos problem\u00e1ticos, destinada principalmente a referentes de instituciones locales. Estuvo a cargo del director &hellip;","og_url":"https:\/\/oroverde.gob.ar\/portal\/finalizo-la-capacitacion-sobre-consumos-problematicos\/","og_site_name":"Municipio de Oro Verde","article_published_time":"2025-05-05T15:29:20+00:00","og_image":[{"width":2560,"height":1708,"url":"https:\/\/oroverde.gob.ar\/portal\/wp-content\/uploads\/2025\/05\/consumos-problematicos-scaled.jpg","type":"image\/jpeg"}],"author":"Soledad","twitter_card":"summary_large_image","twitter_misc":{"Escrito por":"Soledad","Tiempo de lectura":"1 minuto"},"schema":{"@context":"https:\/\/schema.org","@graph":[{"@type":"Article","@id":"https:\/\/oroverde.gob.ar\/portal\/finalizo-la-capacitacion-sobre-consumos-problematicos\/#article","isPartOf":{"@id":"https:\/\/oroverde.gob.ar\/portal\/finalizo-la-capacitacion-sobre-consumos-problematicos\/"},"author":{"name":"Soledad","@id":"https:\/\/oroverde.gob.ar\/portal\/#\/schema\/person\/b975e0cbcd43b7dcf9c64511ec84f10f"},"headline":"Finaliz\u00f3 la capacitaci\u00f3n sobre consumos problem\u00e1ticos","datePublished":"2025-05-05T15:29:20+00:00","mainEntityOfPage":{"@id":"https:\/\/oroverde.gob.ar\/portal\/finalizo-la-capacitacion-sobre-consumos-problematicos\/"},"wordCount":179,"publisher":{"@id":"https:\/\/oroverde.gob.ar\/portal\/#organization"},"image":{"@id":"https:\/\/oroverde.gob.ar\/portal\/finalizo-la-capacitacion-sobre-consumos-problematicos\/#primaryimage"},"thumbnailUrl":"https:\/\/oroverde.gob.ar\/portal\/wp-content\/uploads\/2025\/05\/consumos-problematicos-scaled.jpg","articleSection":["Gobierno"],"inLanguage":"es"},{"@type":"WebPage","@id":"https:\/\/oroverde.gob.ar\/portal\/finalizo-la-capacitacion-sobre-consumos-problematicos\/","url":"https:\/\/oroverde.gob.ar\/portal\/finalizo-la-capacitacion-sobre-consumos-problematicos\/","name":"Finaliz\u00f3 la capacitaci\u00f3n sobre consumos problem\u00e1ticos - Municipio de Oro Verde","isPartOf":{"@id":"https:\/\/oroverde.gob.ar\/portal\/#website"},"primaryImageOfPage":{"@id":"https:\/\/oroverde.gob.ar\/portal\/finalizo-la-capacitacion-sobre-consumos-problematicos\/#primaryimage"},"image":{"@id":"https:\/\/oroverde.gob.ar\/portal\/finalizo-la-capacitacion-sobre-consumos-problematicos\/#primaryimage"},"thumbnailUrl":"https:\/\/oroverde.gob.ar\/portal\/wp-content\/uploads\/2025\/05\/consumos-problematicos-scaled.jpg","datePublished":"2025-05-05T15:29:20+00:00","breadcrumb":{"@id":"https:\/\/oroverde.gob.ar\/portal\/finalizo-la-capacitacion-sobre-consumos-problematicos\/#breadcrumb"},"inLanguage":"es","potentialAction":[{"@type":"ReadAction","target":["https:\/\/oroverde.gob.ar\/portal\/finalizo-la-capacitacion-sobre-consumos-problematicos\/"]}]},{"@type":"ImageObject","inLanguage":"es","@id":"https:\/\/oroverde.gob.ar\/portal\/finalizo-la-capacitacion-sobre-consumos-problematicos\/#primaryimage","url":"https:\/\/oroverde.gob.ar\/portal\/wp-content\/uploads\/2025\/05\/consumos-problematicos-scaled.jpg","contentUrl":"https:\/\/oroverde.gob.ar\/portal\/wp-content\/uploads\/2025\/05\/consumos-problematicos-scaled.jpg","width":2560,"height":1708},{"@type":"BreadcrumbList","@id":"https:\/\/oroverde.gob.ar\/portal\/finalizo-la-capacitacion-sobre-consumos-problematicos\/#breadcrumb","itemListElement":[{"@type":"ListItem","position":1,"name":"Portada","item":"https:\/\/oroverde.gob.ar\/portal\/"},{"@type":"ListItem","position":2,"name":"Finaliz\u00f3 la capacitaci\u00f3n sobre consumos problem\u00e1ticos"}]},{"@type":"WebSite","@id":"https:\/\/oroverde.gob.ar\/portal\/#website","url":"https:\/\/oroverde.gob.ar\/portal\/","name":"Municipio de Oro Verde","description":"Web Oficial","publisher":{"@id":"https:\/\/oroverde.gob.ar\/portal\/#organization"},"potentialAction":[{"@type":"SearchAction","target":{"@type":"EntryPoint","urlTemplate":"https:\/\/oroverde.gob.ar\/portal\/?s={search_term_string}"},"query-input":{"@type":"PropertyValueSpecification","valueRequired":true,"valueName":"search_term_string"}}],"inLanguage":"es"},{"@type":"Organization","@id":"https:\/\/oroverde.gob.ar\/portal\/#organization","name":"Municipio de Oro Verde","url":"https:\/\/oroverde.gob.ar\/portal\/","logo":{"@type":"ImageObject","inLanguage":"es","@id":"https:\/\/oroverde.gob.ar\/portal\/#\/schema\/logo\/image\/","url":"https:\/\/oroverde.gob.ar\/portal\/wp-content\/uploads\/2024\/06\/cropped-cropped-logo-1.png","contentUrl":"https:\/\/oroverde.gob.ar\/portal\/wp-content\/uploads\/2024\/06\/cropped-cropped-logo-1.png","width":1776,"height":738,"caption":"Municipio de Oro Verde"},"image":{"@id":"https:\/\/oroverde.gob.ar\/portal\/#\/schema\/logo\/image\/"}},{"@type":"Person","@id":"https:\/\/oroverde.gob.ar\/portal\/#\/schema\/person\/b975e0cbcd43b7dcf9c64511ec84f10f","name":"Soledad","image":{"@type":"ImageObject","inLanguage":"es","@id":"https:\/\/secure.gravatar.com\/avatar\/b2f5b6cda565395f31dc94c95932b9b3fbe6275bad58a1579843d3d1607d4a66?s=96&d=mm&r=g","url":"https:\/\/secure.gravatar.com\/avatar\/b2f5b6cda565395f31dc94c95932b9b3fbe6275bad58a1579843d3d1607d4a66?s=96&d=mm&r=g","contentUrl":"https:\/\/secure.gravatar.com\/avatar\/b2f5b6cda565395f31dc94c95932b9b3fbe6275bad58a1579843d3d1607d4a66?s=96&d=mm&r=g","caption":"Soledad"},"url":"https:\/\/oroverde.gob.ar\/portal\/author\/soledad\/"}]}},"_links":{"self":[{"href":"https:\/\/oroverde.gob.ar\/portal\/wp-json\/wp\/v2\/posts\/5826","targetHints":{"allow":["GET"]}}],"collection":[{"href":"https:\/\/oroverde.gob.ar\/portal\/wp-json\/wp\/v2\/posts"}],"about":[{"href":"https:\/\/oroverde.gob.ar\/portal\/wp-json\/wp\/v2\/types\/post"}],"author":[{"embeddable":true,"href":"https:\/\/oroverde.gob.ar\/portal\/wp-json\/wp\/v2\/users\/3"}],"replies":[{"embeddable":true,"href":"https:\/\/oroverde.gob.ar\/portal\/wp-json\/wp\/v2\/comments?post=5826"}],"version-history":[{"count":1,"href":"https:\/\/oroverde.gob.ar\/portal\/wp-json\/wp\/v2\/posts\/5826\/revisions"}],"predecessor-version":[{"id":5828,"href":"https:\/\/oroverde.gob.ar\/portal\/wp-json\/wp\/v2\/posts\/5826\/revisions\/5828"}],"wp:featuredmedia":[{"embeddable":true,"href":"https:\/\/oroverde.gob.ar\/portal\/wp-json\/wp\/v2\/media\/5827"}],"wp:attachment":[{"href":"https:\/\/oroverde.gob.ar\/portal\/wp-json\/wp\/v2\/media?parent=5826"}],"wp:term":[{"taxonomy":"category","embeddable":true,"href":"https:\/\/oroverde.gob.ar\/portal\/wp-json\/wp\/v2\/categories?post=5826"},{"taxonomy":"post_tag","embeddable":true,"href":"https:\/\/oroverde.gob.ar\/portal\/wp-json\/wp\/v2\/tags?post=5826"}],"curies":[{"name":"wp","href":"https:\/\/api.w.org\/{rel}","templated":true}]}}