{"id":6002,"date":"2025-05-12T12:43:14","date_gmt":"2025-05-12T15:43:14","guid":{"rendered":"https:\/\/oroverde.gob.ar\/portal\/?p=6002"},"modified":"2025-05-12T12:43:14","modified_gmt":"2025-05-12T15:43:14","slug":"los-intendentes-de-san-benito-y-oro-verde-rubricaron-un-convenio-entre-los-municipios","status":"publish","type":"post","link":"https:\/\/oroverde.gob.ar\/portal\/los-intendentes-de-san-benito-y-oro-verde-rubricaron-un-convenio-entre-los-municipios\/","title":{"rendered":"Los intendentes de San Benito y Oro Verde rubricaron un convenio entre los municipios"},"content":{"rendered":"<p>El intendente C\u00e9sar Clement recibi\u00f3 esta ma\u00f1ana a su par de San Benito, Ariel Voeffray en el edifico municipal para la firma de un convenio de colaboraci\u00f3n mutua para el desarrollo de actividades conjuntas.<br \/>\nAl respecto, Clement resalt\u00f3 \u201ceste convenio viene a poner en el papel acciones que en la pr\u00e1ctica ya se dan entre las dos ciudades, y servir\u00e1 para pensar nuevas actividades entre los dos municipios\u201d. El acuerdo tiene el objetivo de promover el fortalecimiento comunitario y el bienestar de los vecinos.<\/p>\n","protected":false},"excerpt":{"rendered":"<p>El intendente C\u00e9sar Clement recibi\u00f3 esta ma\u00f1ana a su par de San Benito, Ariel Voeffray en el edifico municipal para la firma de un convenio de colaboraci\u00f3n mutua para el desarrollo de actividades conjuntas. Al respecto, Clement resalt\u00f3 \u201ceste convenio viene a poner &hellip;<\/p>\n","protected":false},"author":3,"featured_media":6003,"comment_status":"closed","ping_status":"closed","sticky":false,"template":"","format":"standard","meta":{"footnotes":""},"categories":[25],"tags":[],"class_list":["post-6002","post","type-post","status-publish","format-standard","has-post-thumbnail","hentry","category-gobierno"],"yoast_head":"<!-- This site is optimized with the Yoast SEO plugin v27.5 - https:\/\/yoast.com\/product\/yoast-seo-wordpress\/ -->\n<title>Los intendentes de San Benito y Oro Verde rubricaron un convenio entre los municipios - Municipio de Oro Verde<\/title>\n<meta name=\"robots\" content=\"index, follow, max-snippet:-1, max-image-preview:large, max-video-preview:-1\" \/>\n<link rel=\"canonical\" href=\"https:\/\/oroverde.gob.ar\/portal\/los-intendentes-de-san-benito-y-oro-verde-rubricaron-un-convenio-entre-los-municipios\/\" \/>\n<meta property=\"og:locale\" content=\"es_ES\" \/>\n<meta property=\"og:type\" content=\"article\" \/>\n<meta property=\"og:title\" content=\"Los intendentes de San Benito y Oro Verde rubricaron un convenio entre los municipios - Municipio de Oro Verde\" \/>\n<meta property=\"og:description\" content=\"El intendente C\u00e9sar Clement recibi\u00f3 esta ma\u00f1ana a su par de San Benito, Ariel Voeffray en el edifico municipal para la firma de un convenio de colaboraci\u00f3n mutua para el desarrollo de actividades conjuntas. Al respecto, Clement resalt\u00f3 \u201ceste convenio viene a poner &hellip;\" \/>\n<meta property=\"og:url\" content=\"https:\/\/oroverde.gob.ar\/portal\/los-intendentes-de-san-benito-y-oro-verde-rubricaron-un-convenio-entre-los-municipios\/\" \/>\n<meta property=\"og:site_name\" content=\"Municipio de Oro Verde\" \/>\n<meta property=\"article:published_time\" content=\"2025-05-12T15:43:14+00:00\" \/>\n<meta property=\"og:image\" content=\"https:\/\/oroverde.gob.ar\/portal\/wp-content\/uploads\/2025\/05\/firma-de-convenio-scaled.jpg\" \/>\n\t<meta property=\"og:image:width\" content=\"2560\" \/>\n\t<meta property=\"og:image:height\" content=\"1708\" \/>\n\t<meta property=\"og:image:type\" content=\"image\/jpeg\" \/>\n<meta name=\"author\" content=\"Soledad\" \/>\n<meta name=\"twitter:card\" content=\"summary_large_image\" \/>\n<meta name=\"twitter:label1\" content=\"Escrito por\" \/>\n\t<meta name=\"twitter:data1\" content=\"Soledad\" \/>\n\t<meta name=\"twitter:label2\" content=\"Tiempo de lectura\" \/>\n\t<meta name=\"twitter:data2\" content=\"1 minuto\" \/>\n<script type=\"application\/ld+json\" class=\"yoast-schema-graph\">{\"@context\":\"https:\\\/\\\/schema.org\",\"@graph\":[{\"@type\":\"Article\",\"@id\":\"https:\\\/\\\/oroverde.gob.ar\\\/portal\\\/los-intendentes-de-san-benito-y-oro-verde-rubricaron-un-convenio-entre-los-municipios\\\/#article\",\"isPartOf\":{\"@id\":\"https:\\\/\\\/oroverde.gob.ar\\\/portal\\\/los-intendentes-de-san-benito-y-oro-verde-rubricaron-un-convenio-entre-los-municipios\\\/\"},\"author\":{\"name\":\"Soledad\",\"@id\":\"https:\\\/\\\/oroverde.gob.ar\\\/portal\\\/#\\\/schema\\\/person\\\/b975e0cbcd43b7dcf9c64511ec84f10f\"},\"headline\":\"Los intendentes de San Benito y Oro Verde rubricaron un convenio entre los municipios\",\"datePublished\":\"2025-05-12T15:43:14+00:00\",\"mainEntityOfPage\":{\"@id\":\"https:\\\/\\\/oroverde.gob.ar\\\/portal\\\/los-intendentes-de-san-benito-y-oro-verde-rubricaron-un-convenio-entre-los-municipios\\\/\"},\"wordCount\":102,\"publisher\":{\"@id\":\"https:\\\/\\\/oroverde.gob.ar\\\/portal\\\/#organization\"},\"image\":{\"@id\":\"https:\\\/\\\/oroverde.gob.ar\\\/portal\\\/los-intendentes-de-san-benito-y-oro-verde-rubricaron-un-convenio-entre-los-municipios\\\/#primaryimage\"},\"thumbnailUrl\":\"https:\\\/\\\/oroverde.gob.ar\\\/portal\\\/wp-content\\\/uploads\\\/2025\\\/05\\\/firma-de-convenio-scaled.jpg\",\"articleSection\":[\"Gobierno\"],\"inLanguage\":\"es\"},{\"@type\":\"WebPage\",\"@id\":\"https:\\\/\\\/oroverde.gob.ar\\\/portal\\\/los-intendentes-de-san-benito-y-oro-verde-rubricaron-un-convenio-entre-los-municipios\\\/\",\"url\":\"https:\\\/\\\/oroverde.gob.ar\\\/portal\\\/los-intendentes-de-san-benito-y-oro-verde-rubricaron-un-convenio-entre-los-municipios\\\/\",\"name\":\"Los intendentes de San Benito y Oro Verde rubricaron un convenio entre los municipios - Municipio de Oro Verde\",\"isPartOf\":{\"@id\":\"https:\\\/\\\/oroverde.gob.ar\\\/portal\\\/#website\"},\"primaryImageOfPage\":{\"@id\":\"https:\\\/\\\/oroverde.gob.ar\\\/portal\\\/los-intendentes-de-san-benito-y-oro-verde-rubricaron-un-convenio-entre-los-municipios\\\/#primaryimage\"},\"image\":{\"@id\":\"https:\\\/\\\/oroverde.gob.ar\\\/portal\\\/los-intendentes-de-san-benito-y-oro-verde-rubricaron-un-convenio-entre-los-municipios\\\/#primaryimage\"},\"thumbnailUrl\":\"https:\\\/\\\/oroverde.gob.ar\\\/portal\\\/wp-content\\\/uploads\\\/2025\\\/05\\\/firma-de-convenio-scaled.jpg\",\"datePublished\":\"2025-05-12T15:43:14+00:00\",\"breadcrumb\":{\"@id\":\"https:\\\/\\\/oroverde.gob.ar\\\/portal\\\/los-intendentes-de-san-benito-y-oro-verde-rubricaron-un-convenio-entre-los-municipios\\\/#breadcrumb\"},\"inLanguage\":\"es\",\"potentialAction\":[{\"@type\":\"ReadAction\",\"target\":[\"https:\\\/\\\/oroverde.gob.ar\\\/portal\\\/los-intendentes-de-san-benito-y-oro-verde-rubricaron-un-convenio-entre-los-municipios\\\/\"]}]},{\"@type\":\"ImageObject\",\"inLanguage\":\"es\",\"@id\":\"https:\\\/\\\/oroverde.gob.ar\\\/portal\\\/los-intendentes-de-san-benito-y-oro-verde-rubricaron-un-convenio-entre-los-municipios\\\/#primaryimage\",\"url\":\"https:\\\/\\\/oroverde.gob.ar\\\/portal\\\/wp-content\\\/uploads\\\/2025\\\/05\\\/firma-de-convenio-scaled.jpg\",\"contentUrl\":\"https:\\\/\\\/oroverde.gob.ar\\\/portal\\\/wp-content\\\/uploads\\\/2025\\\/05\\\/firma-de-convenio-scaled.jpg\",\"width\":2560,\"height\":1708},{\"@type\":\"BreadcrumbList\",\"@id\":\"https:\\\/\\\/oroverde.gob.ar\\\/portal\\\/los-intendentes-de-san-benito-y-oro-verde-rubricaron-un-convenio-entre-los-municipios\\\/#breadcrumb\",\"itemListElement\":[{\"@type\":\"ListItem\",\"position\":1,\"name\":\"Portada\",\"item\":\"https:\\\/\\\/oroverde.gob.ar\\\/portal\\\/\"},{\"@type\":\"ListItem\",\"position\":2,\"name\":\"Los intendentes de San Benito y Oro Verde rubricaron un convenio entre los municipios\"}]},{\"@type\":\"WebSite\",\"@id\":\"https:\\\/\\\/oroverde.gob.ar\\\/portal\\\/#website\",\"url\":\"https:\\\/\\\/oroverde.gob.ar\\\/portal\\\/\",\"name\":\"Municipio de Oro Verde\",\"description\":\"Web Oficial\",\"publisher\":{\"@id\":\"https:\\\/\\\/oroverde.gob.ar\\\/portal\\\/#organization\"},\"potentialAction\":[{\"@type\":\"SearchAction\",\"target\":{\"@type\":\"EntryPoint\",\"urlTemplate\":\"https:\\\/\\\/oroverde.gob.ar\\\/portal\\\/?s={search_term_string}\"},\"query-input\":{\"@type\":\"PropertyValueSpecification\",\"valueRequired\":true,\"valueName\":\"search_term_string\"}}],\"inLanguage\":\"es\"},{\"@type\":\"Organization\",\"@id\":\"https:\\\/\\\/oroverde.gob.ar\\\/portal\\\/#organization\",\"name\":\"Municipio de Oro Verde\",\"url\":\"https:\\\/\\\/oroverde.gob.ar\\\/portal\\\/\",\"logo\":{\"@type\":\"ImageObject\",\"inLanguage\":\"es\",\"@id\":\"https:\\\/\\\/oroverde.gob.ar\\\/portal\\\/#\\\/schema\\\/logo\\\/image\\\/\",\"url\":\"https:\\\/\\\/oroverde.gob.ar\\\/portal\\\/wp-content\\\/uploads\\\/2024\\\/06\\\/cropped-cropped-logo-1.png\",\"contentUrl\":\"https:\\\/\\\/oroverde.gob.ar\\\/portal\\\/wp-content\\\/uploads\\\/2024\\\/06\\\/cropped-cropped-logo-1.png\",\"width\":1776,\"height\":738,\"caption\":\"Municipio de Oro Verde\"},\"image\":{\"@id\":\"https:\\\/\\\/oroverde.gob.ar\\\/portal\\\/#\\\/schema\\\/logo\\\/image\\\/\"}},{\"@type\":\"Person\",\"@id\":\"https:\\\/\\\/oroverde.gob.ar\\\/portal\\\/#\\\/schema\\\/person\\\/b975e0cbcd43b7dcf9c64511ec84f10f\",\"name\":\"Soledad\",\"image\":{\"@type\":\"ImageObject\",\"inLanguage\":\"es\",\"@id\":\"https:\\\/\\\/secure.gravatar.com\\\/avatar\\\/b2f5b6cda565395f31dc94c95932b9b3fbe6275bad58a1579843d3d1607d4a66?s=96&d=mm&r=g\",\"url\":\"https:\\\/\\\/secure.gravatar.com\\\/avatar\\\/b2f5b6cda565395f31dc94c95932b9b3fbe6275bad58a1579843d3d1607d4a66?s=96&d=mm&r=g\",\"contentUrl\":\"https:\\\/\\\/secure.gravatar.com\\\/avatar\\\/b2f5b6cda565395f31dc94c95932b9b3fbe6275bad58a1579843d3d1607d4a66?s=96&d=mm&r=g\",\"caption\":\"Soledad\"},\"url\":\"https:\\\/\\\/oroverde.gob.ar\\\/portal\\\/author\\\/soledad\\\/\"}]}<\/script>\n<!-- \/ Yoast SEO plugin. -->","yoast_head_json":{"title":"Los intendentes de San Benito y Oro Verde rubricaron un convenio entre los municipios - Municipio de Oro Verde","robots":{"index":"index","follow":"follow","max-snippet":"max-snippet:-1","max-image-preview":"max-image-preview:large","max-video-preview":"max-video-preview:-1"},"canonical":"https:\/\/oroverde.gob.ar\/portal\/los-intendentes-de-san-benito-y-oro-verde-rubricaron-un-convenio-entre-los-municipios\/","og_locale":"es_ES","og_type":"article","og_title":"Los intendentes de San Benito y Oro Verde rubricaron un convenio entre los municipios - Municipio de Oro Verde","og_description":"El intendente C\u00e9sar Clement recibi\u00f3 esta ma\u00f1ana a su par de San Benito, Ariel Voeffray en el edifico municipal para la firma de un convenio de colaboraci\u00f3n mutua para el desarrollo de actividades conjuntas. Al respecto, Clement resalt\u00f3 \u201ceste convenio viene a poner &hellip;","og_url":"https:\/\/oroverde.gob.ar\/portal\/los-intendentes-de-san-benito-y-oro-verde-rubricaron-un-convenio-entre-los-municipios\/","og_site_name":"Municipio de Oro Verde","article_published_time":"2025-05-12T15:43:14+00:00","og_image":[{"width":2560,"height":1708,"url":"https:\/\/oroverde.gob.ar\/portal\/wp-content\/uploads\/2025\/05\/firma-de-convenio-scaled.jpg","type":"image\/jpeg"}],"author":"Soledad","twitter_card":"summary_large_image","twitter_misc":{"Escrito por":"Soledad","Tiempo de lectura":"1 minuto"},"schema":{"@context":"https:\/\/schema.org","@graph":[{"@type":"Article","@id":"https:\/\/oroverde.gob.ar\/portal\/los-intendentes-de-san-benito-y-oro-verde-rubricaron-un-convenio-entre-los-municipios\/#article","isPartOf":{"@id":"https:\/\/oroverde.gob.ar\/portal\/los-intendentes-de-san-benito-y-oro-verde-rubricaron-un-convenio-entre-los-municipios\/"},"author":{"name":"Soledad","@id":"https:\/\/oroverde.gob.ar\/portal\/#\/schema\/person\/b975e0cbcd43b7dcf9c64511ec84f10f"},"headline":"Los intendentes de San Benito y Oro Verde rubricaron un convenio entre los municipios","datePublished":"2025-05-12T15:43:14+00:00","mainEntityOfPage":{"@id":"https:\/\/oroverde.gob.ar\/portal\/los-intendentes-de-san-benito-y-oro-verde-rubricaron-un-convenio-entre-los-municipios\/"},"wordCount":102,"publisher":{"@id":"https:\/\/oroverde.gob.ar\/portal\/#organization"},"image":{"@id":"https:\/\/oroverde.gob.ar\/portal\/los-intendentes-de-san-benito-y-oro-verde-rubricaron-un-convenio-entre-los-municipios\/#primaryimage"},"thumbnailUrl":"https:\/\/oroverde.gob.ar\/portal\/wp-content\/uploads\/2025\/05\/firma-de-convenio-scaled.jpg","articleSection":["Gobierno"],"inLanguage":"es"},{"@type":"WebPage","@id":"https:\/\/oroverde.gob.ar\/portal\/los-intendentes-de-san-benito-y-oro-verde-rubricaron-un-convenio-entre-los-municipios\/","url":"https:\/\/oroverde.gob.ar\/portal\/los-intendentes-de-san-benito-y-oro-verde-rubricaron-un-convenio-entre-los-municipios\/","name":"Los intendentes de San Benito y Oro Verde rubricaron un convenio entre los municipios - Municipio de Oro Verde","isPartOf":{"@id":"https:\/\/oroverde.gob.ar\/portal\/#website"},"primaryImageOfPage":{"@id":"https:\/\/oroverde.gob.ar\/portal\/los-intendentes-de-san-benito-y-oro-verde-rubricaron-un-convenio-entre-los-municipios\/#primaryimage"},"image":{"@id":"https:\/\/oroverde.gob.ar\/portal\/los-intendentes-de-san-benito-y-oro-verde-rubricaron-un-convenio-entre-los-municipios\/#primaryimage"},"thumbnailUrl":"https:\/\/oroverde.gob.ar\/portal\/wp-content\/uploads\/2025\/05\/firma-de-convenio-scaled.jpg","datePublished":"2025-05-12T15:43:14+00:00","breadcrumb":{"@id":"https:\/\/oroverde.gob.ar\/portal\/los-intendentes-de-san-benito-y-oro-verde-rubricaron-un-convenio-entre-los-municipios\/#breadcrumb"},"inLanguage":"es","potentialAction":[{"@type":"ReadAction","target":["https:\/\/oroverde.gob.ar\/portal\/los-intendentes-de-san-benito-y-oro-verde-rubricaron-un-convenio-entre-los-municipios\/"]}]},{"@type":"ImageObject","inLanguage":"es","@id":"https:\/\/oroverde.gob.ar\/portal\/los-intendentes-de-san-benito-y-oro-verde-rubricaron-un-convenio-entre-los-municipios\/#primaryimage","url":"https:\/\/oroverde.gob.ar\/portal\/wp-content\/uploads\/2025\/05\/firma-de-convenio-scaled.jpg","contentUrl":"https:\/\/oroverde.gob.ar\/portal\/wp-content\/uploads\/2025\/05\/firma-de-convenio-scaled.jpg","width":2560,"height":1708},{"@type":"BreadcrumbList","@id":"https:\/\/oroverde.gob.ar\/portal\/los-intendentes-de-san-benito-y-oro-verde-rubricaron-un-convenio-entre-los-municipios\/#breadcrumb","itemListElement":[{"@type":"ListItem","position":1,"name":"Portada","item":"https:\/\/oroverde.gob.ar\/portal\/"},{"@type":"ListItem","position":2,"name":"Los intendentes de San Benito y Oro Verde rubricaron un convenio entre los municipios"}]},{"@type":"WebSite","@id":"https:\/\/oroverde.gob.ar\/portal\/#website","url":"https:\/\/oroverde.gob.ar\/portal\/","name":"Municipio de Oro Verde","description":"Web Oficial","publisher":{"@id":"https:\/\/oroverde.gob.ar\/portal\/#organization"},"potentialAction":[{"@type":"SearchAction","target":{"@type":"EntryPoint","urlTemplate":"https:\/\/oroverde.gob.ar\/portal\/?s={search_term_string}"},"query-input":{"@type":"PropertyValueSpecification","valueRequired":true,"valueName":"search_term_string"}}],"inLanguage":"es"},{"@type":"Organization","@id":"https:\/\/oroverde.gob.ar\/portal\/#organization","name":"Municipio de Oro Verde","url":"https:\/\/oroverde.gob.ar\/portal\/","logo":{"@type":"ImageObject","inLanguage":"es","@id":"https:\/\/oroverde.gob.ar\/portal\/#\/schema\/logo\/image\/","url":"https:\/\/oroverde.gob.ar\/portal\/wp-content\/uploads\/2024\/06\/cropped-cropped-logo-1.png","contentUrl":"https:\/\/oroverde.gob.ar\/portal\/wp-content\/uploads\/2024\/06\/cropped-cropped-logo-1.png","width":1776,"height":738,"caption":"Municipio de Oro Verde"},"image":{"@id":"https:\/\/oroverde.gob.ar\/portal\/#\/schema\/logo\/image\/"}},{"@type":"Person","@id":"https:\/\/oroverde.gob.ar\/portal\/#\/schema\/person\/b975e0cbcd43b7dcf9c64511ec84f10f","name":"Soledad","image":{"@type":"ImageObject","inLanguage":"es","@id":"https:\/\/secure.gravatar.com\/avatar\/b2f5b6cda565395f31dc94c95932b9b3fbe6275bad58a1579843d3d1607d4a66?s=96&d=mm&r=g","url":"https:\/\/secure.gravatar.com\/avatar\/b2f5b6cda565395f31dc94c95932b9b3fbe6275bad58a1579843d3d1607d4a66?s=96&d=mm&r=g","contentUrl":"https:\/\/secure.gravatar.com\/avatar\/b2f5b6cda565395f31dc94c95932b9b3fbe6275bad58a1579843d3d1607d4a66?s=96&d=mm&r=g","caption":"Soledad"},"url":"https:\/\/oroverde.gob.ar\/portal\/author\/soledad\/"}]}},"_links":{"self":[{"href":"https:\/\/oroverde.gob.ar\/portal\/wp-json\/wp\/v2\/posts\/6002","targetHints":{"allow":["GET"]}}],"collection":[{"href":"https:\/\/oroverde.gob.ar\/portal\/wp-json\/wp\/v2\/posts"}],"about":[{"href":"https:\/\/oroverde.gob.ar\/portal\/wp-json\/wp\/v2\/types\/post"}],"author":[{"embeddable":true,"href":"https:\/\/oroverde.gob.ar\/portal\/wp-json\/wp\/v2\/users\/3"}],"replies":[{"embeddable":true,"href":"https:\/\/oroverde.gob.ar\/portal\/wp-json\/wp\/v2\/comments?post=6002"}],"version-history":[{"count":1,"href":"https:\/\/oroverde.gob.ar\/portal\/wp-json\/wp\/v2\/posts\/6002\/revisions"}],"predecessor-version":[{"id":6004,"href":"https:\/\/oroverde.gob.ar\/portal\/wp-json\/wp\/v2\/posts\/6002\/revisions\/6004"}],"wp:featuredmedia":[{"embeddable":true,"href":"https:\/\/oroverde.gob.ar\/portal\/wp-json\/wp\/v2\/media\/6003"}],"wp:attachment":[{"href":"https:\/\/oroverde.gob.ar\/portal\/wp-json\/wp\/v2\/media?parent=6002"}],"wp:term":[{"taxonomy":"category","embeddable":true,"href":"https:\/\/oroverde.gob.ar\/portal\/wp-json\/wp\/v2\/categories?post=6002"},{"taxonomy":"post_tag","embeddable":true,"href":"https:\/\/oroverde.gob.ar\/portal\/wp-json\/wp\/v2\/tags?post=6002"}],"curies":[{"name":"wp","href":"https:\/\/api.w.org\/{rel}","templated":true}]}}