{"id":6048,"date":"2025-05-19T11:53:43","date_gmt":"2025-05-19T14:53:43","guid":{"rendered":"https:\/\/oroverde.gob.ar\/portal\/?p=6048"},"modified":"2025-05-19T11:53:43","modified_gmt":"2025-05-19T14:53:43","slug":"el-municipio-estuvo-presente-con-un-stand-en-la-fiesta-del-gaucho","status":"publish","type":"post","link":"https:\/\/oroverde.gob.ar\/portal\/el-municipio-estuvo-presente-con-un-stand-en-la-fiesta-del-gaucho\/","title":{"rendered":"El Municipio estuvo presente con un stand en la Fiesta del gaucho"},"content":{"rendered":"<div class=\"xdj266r x11i5rnm xat24cr x1mh8g0r x1vvkbs x126k92a\">\n<div dir=\"auto\">El responsable del \u00e1rea de Deportes, Recreaci\u00f3n y Turismo municipal Marcelo Barreto estuvo presente con un stand del Municipio en la cuarta edici\u00f3n de la Fiesta del Gaucho en San Benito.<\/div>\n<\/div>\n<div class=\"x11i5rnm xat24cr x1mh8g0r x1vvkbs xtlvy1s x126k92a\">\n<div dir=\"auto\">All\u00ed se entreg\u00f3 folleter\u00eda sobre una nueva edici\u00f3n de la Fiesta Regional del Locro que se llevar\u00e1 adelante este a\u00f1o el 20 de julio nuestra ciudad.<\/div>\n<\/div>\n<div class=\"x11i5rnm xat24cr x1mh8g0r x1vvkbs xtlvy1s x126k92a\">\n<div dir=\"auto\">El intendente C\u00e9sar Clement y el coordinador de \u00e1reas Leonel Reynoso visitaron el stand municipal donde se realiz\u00f3 la promoci\u00f3n de esta fiesta y tambi\u00e9n de los lugares tur\u00edsticos con los que cuenta Oro Verde.<\/div>\n<\/div>\n","protected":false},"excerpt":{"rendered":"<p>El responsable del \u00e1rea de Deportes, Recreaci\u00f3n y Turismo municipal Marcelo Barreto estuvo presente con un stand del Municipio en la cuarta edici\u00f3n de la Fiesta del Gaucho en San Benito. All\u00ed se entreg\u00f3 folleter\u00eda sobre una nueva edici\u00f3n de la Fiesta Regional &hellip;<\/p>\n","protected":false},"author":3,"featured_media":6049,"comment_status":"closed","ping_status":"closed","sticky":false,"template":"","format":"standard","meta":{"footnotes":""},"categories":[1],"tags":[],"class_list":["post-6048","post","type-post","status-publish","format-standard","has-post-thumbnail","hentry","category-municipio"],"yoast_head":"<!-- This site is optimized with the Yoast SEO plugin v27.5 - https:\/\/yoast.com\/product\/yoast-seo-wordpress\/ -->\n<title>El Municipio estuvo presente con un stand en la Fiesta del gaucho - Municipio de Oro Verde<\/title>\n<meta name=\"robots\" content=\"index, follow, max-snippet:-1, max-image-preview:large, max-video-preview:-1\" \/>\n<link rel=\"canonical\" href=\"https:\/\/oroverde.gob.ar\/portal\/el-municipio-estuvo-presente-con-un-stand-en-la-fiesta-del-gaucho\/\" \/>\n<meta property=\"og:locale\" content=\"es_ES\" \/>\n<meta property=\"og:type\" content=\"article\" \/>\n<meta property=\"og:title\" content=\"El Municipio estuvo presente con un stand en la Fiesta del gaucho - Municipio de Oro Verde\" \/>\n<meta property=\"og:description\" content=\"El responsable del \u00e1rea de Deportes, Recreaci\u00f3n y Turismo municipal Marcelo Barreto estuvo presente con un stand del Municipio en la cuarta edici\u00f3n de la Fiesta del Gaucho en San Benito. All\u00ed se entreg\u00f3 folleter\u00eda sobre una nueva edici\u00f3n de la Fiesta Regional &hellip;\" \/>\n<meta property=\"og:url\" content=\"https:\/\/oroverde.gob.ar\/portal\/el-municipio-estuvo-presente-con-un-stand-en-la-fiesta-del-gaucho\/\" \/>\n<meta property=\"og:site_name\" content=\"Municipio de Oro Verde\" \/>\n<meta property=\"article:published_time\" content=\"2025-05-19T14:53:43+00:00\" \/>\n<meta property=\"og:image\" content=\"https:\/\/oroverde.gob.ar\/portal\/wp-content\/uploads\/2025\/05\/para-web-1024x759.png\" \/>\n\t<meta property=\"og:image:width\" content=\"1024\" \/>\n\t<meta property=\"og:image:height\" content=\"759\" \/>\n\t<meta property=\"og:image:type\" content=\"image\/png\" \/>\n<meta name=\"author\" content=\"Soledad\" \/>\n<meta name=\"twitter:card\" content=\"summary_large_image\" \/>\n<meta name=\"twitter:label1\" content=\"Escrito por\" \/>\n\t<meta name=\"twitter:data1\" content=\"Soledad\" \/>\n\t<meta name=\"twitter:label2\" content=\"Tiempo de lectura\" \/>\n\t<meta name=\"twitter:data2\" content=\"1 minuto\" \/>\n<script type=\"application\/ld+json\" class=\"yoast-schema-graph\">{\"@context\":\"https:\\\/\\\/schema.org\",\"@graph\":[{\"@type\":\"Article\",\"@id\":\"https:\\\/\\\/oroverde.gob.ar\\\/portal\\\/el-municipio-estuvo-presente-con-un-stand-en-la-fiesta-del-gaucho\\\/#article\",\"isPartOf\":{\"@id\":\"https:\\\/\\\/oroverde.gob.ar\\\/portal\\\/el-municipio-estuvo-presente-con-un-stand-en-la-fiesta-del-gaucho\\\/\"},\"author\":{\"name\":\"Soledad\",\"@id\":\"https:\\\/\\\/oroverde.gob.ar\\\/portal\\\/#\\\/schema\\\/person\\\/b975e0cbcd43b7dcf9c64511ec84f10f\"},\"headline\":\"El Municipio estuvo presente con un stand en la Fiesta del gaucho\",\"datePublished\":\"2025-05-19T14:53:43+00:00\",\"mainEntityOfPage\":{\"@id\":\"https:\\\/\\\/oroverde.gob.ar\\\/portal\\\/el-municipio-estuvo-presente-con-un-stand-en-la-fiesta-del-gaucho\\\/\"},\"wordCount\":112,\"publisher\":{\"@id\":\"https:\\\/\\\/oroverde.gob.ar\\\/portal\\\/#organization\"},\"image\":{\"@id\":\"https:\\\/\\\/oroverde.gob.ar\\\/portal\\\/el-municipio-estuvo-presente-con-un-stand-en-la-fiesta-del-gaucho\\\/#primaryimage\"},\"thumbnailUrl\":\"https:\\\/\\\/oroverde.gob.ar\\\/portal\\\/wp-content\\\/uploads\\\/2025\\\/05\\\/para-web.png\",\"articleSection\":[\"Municipio\"],\"inLanguage\":\"es\"},{\"@type\":\"WebPage\",\"@id\":\"https:\\\/\\\/oroverde.gob.ar\\\/portal\\\/el-municipio-estuvo-presente-con-un-stand-en-la-fiesta-del-gaucho\\\/\",\"url\":\"https:\\\/\\\/oroverde.gob.ar\\\/portal\\\/el-municipio-estuvo-presente-con-un-stand-en-la-fiesta-del-gaucho\\\/\",\"name\":\"El Municipio estuvo presente con un stand en la Fiesta del gaucho - Municipio de Oro Verde\",\"isPartOf\":{\"@id\":\"https:\\\/\\\/oroverde.gob.ar\\\/portal\\\/#website\"},\"primaryImageOfPage\":{\"@id\":\"https:\\\/\\\/oroverde.gob.ar\\\/portal\\\/el-municipio-estuvo-presente-con-un-stand-en-la-fiesta-del-gaucho\\\/#primaryimage\"},\"image\":{\"@id\":\"https:\\\/\\\/oroverde.gob.ar\\\/portal\\\/el-municipio-estuvo-presente-con-un-stand-en-la-fiesta-del-gaucho\\\/#primaryimage\"},\"thumbnailUrl\":\"https:\\\/\\\/oroverde.gob.ar\\\/portal\\\/wp-content\\\/uploads\\\/2025\\\/05\\\/para-web.png\",\"datePublished\":\"2025-05-19T14:53:43+00:00\",\"breadcrumb\":{\"@id\":\"https:\\\/\\\/oroverde.gob.ar\\\/portal\\\/el-municipio-estuvo-presente-con-un-stand-en-la-fiesta-del-gaucho\\\/#breadcrumb\"},\"inLanguage\":\"es\",\"potentialAction\":[{\"@type\":\"ReadAction\",\"target\":[\"https:\\\/\\\/oroverde.gob.ar\\\/portal\\\/el-municipio-estuvo-presente-con-un-stand-en-la-fiesta-del-gaucho\\\/\"]}]},{\"@type\":\"ImageObject\",\"inLanguage\":\"es\",\"@id\":\"https:\\\/\\\/oroverde.gob.ar\\\/portal\\\/el-municipio-estuvo-presente-con-un-stand-en-la-fiesta-del-gaucho\\\/#primaryimage\",\"url\":\"https:\\\/\\\/oroverde.gob.ar\\\/portal\\\/wp-content\\\/uploads\\\/2025\\\/05\\\/para-web.png\",\"contentUrl\":\"https:\\\/\\\/oroverde.gob.ar\\\/portal\\\/wp-content\\\/uploads\\\/2025\\\/05\\\/para-web.png\",\"width\":1401,\"height\":1039},{\"@type\":\"BreadcrumbList\",\"@id\":\"https:\\\/\\\/oroverde.gob.ar\\\/portal\\\/el-municipio-estuvo-presente-con-un-stand-en-la-fiesta-del-gaucho\\\/#breadcrumb\",\"itemListElement\":[{\"@type\":\"ListItem\",\"position\":1,\"name\":\"Portada\",\"item\":\"https:\\\/\\\/oroverde.gob.ar\\\/portal\\\/\"},{\"@type\":\"ListItem\",\"position\":2,\"name\":\"El Municipio estuvo presente con un stand en la Fiesta del gaucho\"}]},{\"@type\":\"WebSite\",\"@id\":\"https:\\\/\\\/oroverde.gob.ar\\\/portal\\\/#website\",\"url\":\"https:\\\/\\\/oroverde.gob.ar\\\/portal\\\/\",\"name\":\"Municipio de Oro Verde\",\"description\":\"Web Oficial\",\"publisher\":{\"@id\":\"https:\\\/\\\/oroverde.gob.ar\\\/portal\\\/#organization\"},\"potentialAction\":[{\"@type\":\"SearchAction\",\"target\":{\"@type\":\"EntryPoint\",\"urlTemplate\":\"https:\\\/\\\/oroverde.gob.ar\\\/portal\\\/?s={search_term_string}\"},\"query-input\":{\"@type\":\"PropertyValueSpecification\",\"valueRequired\":true,\"valueName\":\"search_term_string\"}}],\"inLanguage\":\"es\"},{\"@type\":\"Organization\",\"@id\":\"https:\\\/\\\/oroverde.gob.ar\\\/portal\\\/#organization\",\"name\":\"Municipio de Oro Verde\",\"url\":\"https:\\\/\\\/oroverde.gob.ar\\\/portal\\\/\",\"logo\":{\"@type\":\"ImageObject\",\"inLanguage\":\"es\",\"@id\":\"https:\\\/\\\/oroverde.gob.ar\\\/portal\\\/#\\\/schema\\\/logo\\\/image\\\/\",\"url\":\"https:\\\/\\\/oroverde.gob.ar\\\/portal\\\/wp-content\\\/uploads\\\/2024\\\/06\\\/cropped-cropped-logo-1.png\",\"contentUrl\":\"https:\\\/\\\/oroverde.gob.ar\\\/portal\\\/wp-content\\\/uploads\\\/2024\\\/06\\\/cropped-cropped-logo-1.png\",\"width\":1776,\"height\":738,\"caption\":\"Municipio de Oro Verde\"},\"image\":{\"@id\":\"https:\\\/\\\/oroverde.gob.ar\\\/portal\\\/#\\\/schema\\\/logo\\\/image\\\/\"}},{\"@type\":\"Person\",\"@id\":\"https:\\\/\\\/oroverde.gob.ar\\\/portal\\\/#\\\/schema\\\/person\\\/b975e0cbcd43b7dcf9c64511ec84f10f\",\"name\":\"Soledad\",\"image\":{\"@type\":\"ImageObject\",\"inLanguage\":\"es\",\"@id\":\"https:\\\/\\\/secure.gravatar.com\\\/avatar\\\/b2f5b6cda565395f31dc94c95932b9b3fbe6275bad58a1579843d3d1607d4a66?s=96&d=mm&r=g\",\"url\":\"https:\\\/\\\/secure.gravatar.com\\\/avatar\\\/b2f5b6cda565395f31dc94c95932b9b3fbe6275bad58a1579843d3d1607d4a66?s=96&d=mm&r=g\",\"contentUrl\":\"https:\\\/\\\/secure.gravatar.com\\\/avatar\\\/b2f5b6cda565395f31dc94c95932b9b3fbe6275bad58a1579843d3d1607d4a66?s=96&d=mm&r=g\",\"caption\":\"Soledad\"},\"url\":\"https:\\\/\\\/oroverde.gob.ar\\\/portal\\\/author\\\/soledad\\\/\"}]}<\/script>\n<!-- \/ Yoast SEO plugin. -->","yoast_head_json":{"title":"El Municipio estuvo presente con un stand en la Fiesta del gaucho - Municipio de Oro Verde","robots":{"index":"index","follow":"follow","max-snippet":"max-snippet:-1","max-image-preview":"max-image-preview:large","max-video-preview":"max-video-preview:-1"},"canonical":"https:\/\/oroverde.gob.ar\/portal\/el-municipio-estuvo-presente-con-un-stand-en-la-fiesta-del-gaucho\/","og_locale":"es_ES","og_type":"article","og_title":"El Municipio estuvo presente con un stand en la Fiesta del gaucho - Municipio de Oro Verde","og_description":"El responsable del \u00e1rea de Deportes, Recreaci\u00f3n y Turismo municipal Marcelo Barreto estuvo presente con un stand del Municipio en la cuarta edici\u00f3n de la Fiesta del Gaucho en San Benito. All\u00ed se entreg\u00f3 folleter\u00eda sobre una nueva edici\u00f3n de la Fiesta Regional &hellip;","og_url":"https:\/\/oroverde.gob.ar\/portal\/el-municipio-estuvo-presente-con-un-stand-en-la-fiesta-del-gaucho\/","og_site_name":"Municipio de Oro Verde","article_published_time":"2025-05-19T14:53:43+00:00","og_image":[{"width":1024,"height":759,"url":"https:\/\/oroverde.gob.ar\/portal\/wp-content\/uploads\/2025\/05\/para-web-1024x759.png","type":"image\/png"}],"author":"Soledad","twitter_card":"summary_large_image","twitter_misc":{"Escrito por":"Soledad","Tiempo de lectura":"1 minuto"},"schema":{"@context":"https:\/\/schema.org","@graph":[{"@type":"Article","@id":"https:\/\/oroverde.gob.ar\/portal\/el-municipio-estuvo-presente-con-un-stand-en-la-fiesta-del-gaucho\/#article","isPartOf":{"@id":"https:\/\/oroverde.gob.ar\/portal\/el-municipio-estuvo-presente-con-un-stand-en-la-fiesta-del-gaucho\/"},"author":{"name":"Soledad","@id":"https:\/\/oroverde.gob.ar\/portal\/#\/schema\/person\/b975e0cbcd43b7dcf9c64511ec84f10f"},"headline":"El Municipio estuvo presente con un stand en la Fiesta del gaucho","datePublished":"2025-05-19T14:53:43+00:00","mainEntityOfPage":{"@id":"https:\/\/oroverde.gob.ar\/portal\/el-municipio-estuvo-presente-con-un-stand-en-la-fiesta-del-gaucho\/"},"wordCount":112,"publisher":{"@id":"https:\/\/oroverde.gob.ar\/portal\/#organization"},"image":{"@id":"https:\/\/oroverde.gob.ar\/portal\/el-municipio-estuvo-presente-con-un-stand-en-la-fiesta-del-gaucho\/#primaryimage"},"thumbnailUrl":"https:\/\/oroverde.gob.ar\/portal\/wp-content\/uploads\/2025\/05\/para-web.png","articleSection":["Municipio"],"inLanguage":"es"},{"@type":"WebPage","@id":"https:\/\/oroverde.gob.ar\/portal\/el-municipio-estuvo-presente-con-un-stand-en-la-fiesta-del-gaucho\/","url":"https:\/\/oroverde.gob.ar\/portal\/el-municipio-estuvo-presente-con-un-stand-en-la-fiesta-del-gaucho\/","name":"El Municipio estuvo presente con un stand en la Fiesta del gaucho - Municipio de Oro Verde","isPartOf":{"@id":"https:\/\/oroverde.gob.ar\/portal\/#website"},"primaryImageOfPage":{"@id":"https:\/\/oroverde.gob.ar\/portal\/el-municipio-estuvo-presente-con-un-stand-en-la-fiesta-del-gaucho\/#primaryimage"},"image":{"@id":"https:\/\/oroverde.gob.ar\/portal\/el-municipio-estuvo-presente-con-un-stand-en-la-fiesta-del-gaucho\/#primaryimage"},"thumbnailUrl":"https:\/\/oroverde.gob.ar\/portal\/wp-content\/uploads\/2025\/05\/para-web.png","datePublished":"2025-05-19T14:53:43+00:00","breadcrumb":{"@id":"https:\/\/oroverde.gob.ar\/portal\/el-municipio-estuvo-presente-con-un-stand-en-la-fiesta-del-gaucho\/#breadcrumb"},"inLanguage":"es","potentialAction":[{"@type":"ReadAction","target":["https:\/\/oroverde.gob.ar\/portal\/el-municipio-estuvo-presente-con-un-stand-en-la-fiesta-del-gaucho\/"]}]},{"@type":"ImageObject","inLanguage":"es","@id":"https:\/\/oroverde.gob.ar\/portal\/el-municipio-estuvo-presente-con-un-stand-en-la-fiesta-del-gaucho\/#primaryimage","url":"https:\/\/oroverde.gob.ar\/portal\/wp-content\/uploads\/2025\/05\/para-web.png","contentUrl":"https:\/\/oroverde.gob.ar\/portal\/wp-content\/uploads\/2025\/05\/para-web.png","width":1401,"height":1039},{"@type":"BreadcrumbList","@id":"https:\/\/oroverde.gob.ar\/portal\/el-municipio-estuvo-presente-con-un-stand-en-la-fiesta-del-gaucho\/#breadcrumb","itemListElement":[{"@type":"ListItem","position":1,"name":"Portada","item":"https:\/\/oroverde.gob.ar\/portal\/"},{"@type":"ListItem","position":2,"name":"El Municipio estuvo presente con un stand en la Fiesta del gaucho"}]},{"@type":"WebSite","@id":"https:\/\/oroverde.gob.ar\/portal\/#website","url":"https:\/\/oroverde.gob.ar\/portal\/","name":"Municipio de Oro Verde","description":"Web Oficial","publisher":{"@id":"https:\/\/oroverde.gob.ar\/portal\/#organization"},"potentialAction":[{"@type":"SearchAction","target":{"@type":"EntryPoint","urlTemplate":"https:\/\/oroverde.gob.ar\/portal\/?s={search_term_string}"},"query-input":{"@type":"PropertyValueSpecification","valueRequired":true,"valueName":"search_term_string"}}],"inLanguage":"es"},{"@type":"Organization","@id":"https:\/\/oroverde.gob.ar\/portal\/#organization","name":"Municipio de Oro Verde","url":"https:\/\/oroverde.gob.ar\/portal\/","logo":{"@type":"ImageObject","inLanguage":"es","@id":"https:\/\/oroverde.gob.ar\/portal\/#\/schema\/logo\/image\/","url":"https:\/\/oroverde.gob.ar\/portal\/wp-content\/uploads\/2024\/06\/cropped-cropped-logo-1.png","contentUrl":"https:\/\/oroverde.gob.ar\/portal\/wp-content\/uploads\/2024\/06\/cropped-cropped-logo-1.png","width":1776,"height":738,"caption":"Municipio de Oro Verde"},"image":{"@id":"https:\/\/oroverde.gob.ar\/portal\/#\/schema\/logo\/image\/"}},{"@type":"Person","@id":"https:\/\/oroverde.gob.ar\/portal\/#\/schema\/person\/b975e0cbcd43b7dcf9c64511ec84f10f","name":"Soledad","image":{"@type":"ImageObject","inLanguage":"es","@id":"https:\/\/secure.gravatar.com\/avatar\/b2f5b6cda565395f31dc94c95932b9b3fbe6275bad58a1579843d3d1607d4a66?s=96&d=mm&r=g","url":"https:\/\/secure.gravatar.com\/avatar\/b2f5b6cda565395f31dc94c95932b9b3fbe6275bad58a1579843d3d1607d4a66?s=96&d=mm&r=g","contentUrl":"https:\/\/secure.gravatar.com\/avatar\/b2f5b6cda565395f31dc94c95932b9b3fbe6275bad58a1579843d3d1607d4a66?s=96&d=mm&r=g","caption":"Soledad"},"url":"https:\/\/oroverde.gob.ar\/portal\/author\/soledad\/"}]}},"_links":{"self":[{"href":"https:\/\/oroverde.gob.ar\/portal\/wp-json\/wp\/v2\/posts\/6048","targetHints":{"allow":["GET"]}}],"collection":[{"href":"https:\/\/oroverde.gob.ar\/portal\/wp-json\/wp\/v2\/posts"}],"about":[{"href":"https:\/\/oroverde.gob.ar\/portal\/wp-json\/wp\/v2\/types\/post"}],"author":[{"embeddable":true,"href":"https:\/\/oroverde.gob.ar\/portal\/wp-json\/wp\/v2\/users\/3"}],"replies":[{"embeddable":true,"href":"https:\/\/oroverde.gob.ar\/portal\/wp-json\/wp\/v2\/comments?post=6048"}],"version-history":[{"count":1,"href":"https:\/\/oroverde.gob.ar\/portal\/wp-json\/wp\/v2\/posts\/6048\/revisions"}],"predecessor-version":[{"id":6050,"href":"https:\/\/oroverde.gob.ar\/portal\/wp-json\/wp\/v2\/posts\/6048\/revisions\/6050"}],"wp:featuredmedia":[{"embeddable":true,"href":"https:\/\/oroverde.gob.ar\/portal\/wp-json\/wp\/v2\/media\/6049"}],"wp:attachment":[{"href":"https:\/\/oroverde.gob.ar\/portal\/wp-json\/wp\/v2\/media?parent=6048"}],"wp:term":[{"taxonomy":"category","embeddable":true,"href":"https:\/\/oroverde.gob.ar\/portal\/wp-json\/wp\/v2\/categories?post=6048"},{"taxonomy":"post_tag","embeddable":true,"href":"https:\/\/oroverde.gob.ar\/portal\/wp-json\/wp\/v2\/tags?post=6048"}],"curies":[{"name":"wp","href":"https:\/\/api.w.org\/{rel}","templated":true}]}}