{"id":6053,"date":"2025-05-19T13:00:36","date_gmt":"2025-05-19T16:00:36","guid":{"rendered":"https:\/\/oroverde.gob.ar\/portal\/?p=6053"},"modified":"2025-05-19T13:01:26","modified_gmt":"2025-05-19T16:01:26","slug":"jornada-de-trabajo-intenso-en-el-primer-taller-participativo-local-para-construir-el-plan-base","status":"publish","type":"post","link":"https:\/\/oroverde.gob.ar\/portal\/jornada-de-trabajo-intenso-en-el-primer-taller-participativo-local-para-construir-el-plan-base\/","title":{"rendered":"Jornada de trabajo intenso en el Primer Taller Participativo local para construir el Plan Base"},"content":{"rendered":"<p>Con una importante convocatoria que incluy\u00f3 a referentes de las instituciones locales y vecinos, Oro Verde trabaj\u00f3 en el Primer Taller Participativo del Plan Base este viernes. La apertura estuvo a cargo del intendente C\u00e9sar Clement, acompa\u00f1ado de la viceintendenta Mercedes Schvindt, la secretaria de Planificaci\u00f3n e Inversi\u00f3n P\u00fablica de la provincia Lelia Recalde, y por la \u00abFundaci\u00f3n En Obras\u00bb Bruno Reinheimer. Seguidamente, comenz\u00f3 la exposici\u00f3n del director la C\u00e1tedra de la UNESCO Jdl \u00abCiudades intermedias\u00bb y creador de la metodolog\u00eda del Plan Base, Arq. Josep LLop. Que mostr\u00f3 en detalle el trabajo en las ciudades intermedias y resalt\u00f3 la importancia del Plan.<\/p>\n<p>El intendente C\u00e9sar Clement resalt\u00f3 en su alocuci\u00f3n la importancia \u00abde trabajar con todos los actores en este Plan que ser\u00e1 una gu\u00eda en los pr\u00f3ximos a\u00f1os que nos permitir\u00e1 pensar a largo plazo con una base firme las pol\u00edticas p\u00fablicas\u00bb.<\/p>\n<p>Luego lleg\u00f3 el momento de trabajar en mesas con temas espec\u00edficos donde los participantes pudieron hacer los aportes importantes a futuro. Estas se agrupaban en torno a cuatro ejes: H\u00e1bitat (Barrios residenciales, vivienda, loteos, redes, infraestructura y otros); Bienes y Servicios (administraci\u00f3n, ciencia y tecnolog\u00eda, culto, cultura, deportes, educaci\u00f3n, justicia y derechos humanos, salud y otros); Movilidad (movilidad activa, movilidad motorizada, transporte p\u00fablico urbano, transporte p\u00fablico interurbano, transporte de materias primas, transporte de manufacturas y otros); Desarrollo Econ\u00f3mico (sector primario, sector secundario \/ agregado de valor, sector terciario \/ servicios a los consumidores).<\/p>\n<p>El taller termin\u00f3 con una puesta en com\u00fan donde un vocero por mesa expuso el trabajo en cada una de ellas. En las pr\u00f3ximas semanas se har\u00e1 una sistematizaci\u00f3n de las conclusiones e informar\u00e1n los pr\u00f3ximos pasos.<\/p>\n<p>Este proyecto representa el primer paso de un proceso m\u00e1s amplio, en el que se elaborar\u00e1n diversas acciones necesarias para el desarrollo de la ciudad.<\/p>\n","protected":false},"excerpt":{"rendered":"<p>Con una importante convocatoria que incluy\u00f3 a referentes de las instituciones locales y vecinos, Oro Verde trabaj\u00f3 en el Primer Taller Participativo del Plan Base este viernes. La apertura estuvo a cargo del intendente C\u00e9sar Clement, acompa\u00f1ado de la viceintendenta Mercedes Schvindt, la &hellip;<\/p>\n","protected":false},"author":3,"featured_media":6054,"comment_status":"closed","ping_status":"closed","sticky":false,"template":"","format":"standard","meta":{"footnotes":""},"categories":[1],"tags":[],"class_list":["post-6053","post","type-post","status-publish","format-standard","has-post-thumbnail","hentry","category-municipio"],"yoast_head":"<!-- This site is optimized with the Yoast SEO plugin v27.5 - https:\/\/yoast.com\/product\/yoast-seo-wordpress\/ -->\n<title>Jornada de trabajo intenso en el Primer Taller Participativo local para construir el Plan Base - Municipio de Oro Verde<\/title>\n<meta name=\"robots\" content=\"index, follow, max-snippet:-1, max-image-preview:large, max-video-preview:-1\" \/>\n<link rel=\"canonical\" href=\"https:\/\/oroverde.gob.ar\/portal\/jornada-de-trabajo-intenso-en-el-primer-taller-participativo-local-para-construir-el-plan-base\/\" \/>\n<meta property=\"og:locale\" content=\"es_ES\" \/>\n<meta property=\"og:type\" content=\"article\" \/>\n<meta property=\"og:title\" content=\"Jornada de trabajo intenso en el Primer Taller Participativo local para construir el Plan Base - Municipio de Oro Verde\" \/>\n<meta property=\"og:description\" content=\"Con una importante convocatoria que incluy\u00f3 a referentes de las instituciones locales y vecinos, Oro Verde trabaj\u00f3 en el Primer Taller Participativo del Plan Base este viernes. La apertura estuvo a cargo del intendente C\u00e9sar Clement, acompa\u00f1ado de la viceintendenta Mercedes Schvindt, la &hellip;\" \/>\n<meta property=\"og:url\" content=\"https:\/\/oroverde.gob.ar\/portal\/jornada-de-trabajo-intenso-en-el-primer-taller-participativo-local-para-construir-el-plan-base\/\" \/>\n<meta property=\"og:site_name\" content=\"Municipio de Oro Verde\" \/>\n<meta property=\"article:published_time\" content=\"2025-05-19T16:00:36+00:00\" \/>\n<meta property=\"article:modified_time\" content=\"2025-05-19T16:01:26+00:00\" \/>\n<meta property=\"og:image\" content=\"https:\/\/oroverde.gob.ar\/portal\/wp-content\/uploads\/2025\/05\/25-scaled.jpg\" \/>\n\t<meta property=\"og:image:width\" content=\"2560\" \/>\n\t<meta property=\"og:image:height\" content=\"1708\" \/>\n\t<meta property=\"og:image:type\" content=\"image\/jpeg\" \/>\n<meta name=\"author\" content=\"Soledad\" \/>\n<meta name=\"twitter:card\" content=\"summary_large_image\" \/>\n<meta name=\"twitter:label1\" content=\"Escrito por\" \/>\n\t<meta name=\"twitter:data1\" content=\"Soledad\" \/>\n\t<meta name=\"twitter:label2\" content=\"Tiempo de lectura\" \/>\n\t<meta name=\"twitter:data2\" content=\"2 minutos\" \/>\n<script type=\"application\/ld+json\" class=\"yoast-schema-graph\">{\"@context\":\"https:\\\/\\\/schema.org\",\"@graph\":[{\"@type\":\"Article\",\"@id\":\"https:\\\/\\\/oroverde.gob.ar\\\/portal\\\/jornada-de-trabajo-intenso-en-el-primer-taller-participativo-local-para-construir-el-plan-base\\\/#article\",\"isPartOf\":{\"@id\":\"https:\\\/\\\/oroverde.gob.ar\\\/portal\\\/jornada-de-trabajo-intenso-en-el-primer-taller-participativo-local-para-construir-el-plan-base\\\/\"},\"author\":{\"name\":\"Soledad\",\"@id\":\"https:\\\/\\\/oroverde.gob.ar\\\/portal\\\/#\\\/schema\\\/person\\\/b975e0cbcd43b7dcf9c64511ec84f10f\"},\"headline\":\"Jornada de trabajo intenso en el Primer Taller Participativo local para construir el Plan Base\",\"datePublished\":\"2025-05-19T16:00:36+00:00\",\"dateModified\":\"2025-05-19T16:01:26+00:00\",\"mainEntityOfPage\":{\"@id\":\"https:\\\/\\\/oroverde.gob.ar\\\/portal\\\/jornada-de-trabajo-intenso-en-el-primer-taller-participativo-local-para-construir-el-plan-base\\\/\"},\"wordCount\":343,\"publisher\":{\"@id\":\"https:\\\/\\\/oroverde.gob.ar\\\/portal\\\/#organization\"},\"image\":{\"@id\":\"https:\\\/\\\/oroverde.gob.ar\\\/portal\\\/jornada-de-trabajo-intenso-en-el-primer-taller-participativo-local-para-construir-el-plan-base\\\/#primaryimage\"},\"thumbnailUrl\":\"https:\\\/\\\/oroverde.gob.ar\\\/portal\\\/wp-content\\\/uploads\\\/2025\\\/05\\\/25-scaled.jpg\",\"articleSection\":[\"Municipio\"],\"inLanguage\":\"es\"},{\"@type\":\"WebPage\",\"@id\":\"https:\\\/\\\/oroverde.gob.ar\\\/portal\\\/jornada-de-trabajo-intenso-en-el-primer-taller-participativo-local-para-construir-el-plan-base\\\/\",\"url\":\"https:\\\/\\\/oroverde.gob.ar\\\/portal\\\/jornada-de-trabajo-intenso-en-el-primer-taller-participativo-local-para-construir-el-plan-base\\\/\",\"name\":\"Jornada de trabajo intenso en el Primer Taller Participativo local para construir el Plan Base - Municipio de Oro Verde\",\"isPartOf\":{\"@id\":\"https:\\\/\\\/oroverde.gob.ar\\\/portal\\\/#website\"},\"primaryImageOfPage\":{\"@id\":\"https:\\\/\\\/oroverde.gob.ar\\\/portal\\\/jornada-de-trabajo-intenso-en-el-primer-taller-participativo-local-para-construir-el-plan-base\\\/#primaryimage\"},\"image\":{\"@id\":\"https:\\\/\\\/oroverde.gob.ar\\\/portal\\\/jornada-de-trabajo-intenso-en-el-primer-taller-participativo-local-para-construir-el-plan-base\\\/#primaryimage\"},\"thumbnailUrl\":\"https:\\\/\\\/oroverde.gob.ar\\\/portal\\\/wp-content\\\/uploads\\\/2025\\\/05\\\/25-scaled.jpg\",\"datePublished\":\"2025-05-19T16:00:36+00:00\",\"dateModified\":\"2025-05-19T16:01:26+00:00\",\"breadcrumb\":{\"@id\":\"https:\\\/\\\/oroverde.gob.ar\\\/portal\\\/jornada-de-trabajo-intenso-en-el-primer-taller-participativo-local-para-construir-el-plan-base\\\/#breadcrumb\"},\"inLanguage\":\"es\",\"potentialAction\":[{\"@type\":\"ReadAction\",\"target\":[\"https:\\\/\\\/oroverde.gob.ar\\\/portal\\\/jornada-de-trabajo-intenso-en-el-primer-taller-participativo-local-para-construir-el-plan-base\\\/\"]}]},{\"@type\":\"ImageObject\",\"inLanguage\":\"es\",\"@id\":\"https:\\\/\\\/oroverde.gob.ar\\\/portal\\\/jornada-de-trabajo-intenso-en-el-primer-taller-participativo-local-para-construir-el-plan-base\\\/#primaryimage\",\"url\":\"https:\\\/\\\/oroverde.gob.ar\\\/portal\\\/wp-content\\\/uploads\\\/2025\\\/05\\\/25-scaled.jpg\",\"contentUrl\":\"https:\\\/\\\/oroverde.gob.ar\\\/portal\\\/wp-content\\\/uploads\\\/2025\\\/05\\\/25-scaled.jpg\",\"width\":2560,\"height\":1708},{\"@type\":\"BreadcrumbList\",\"@id\":\"https:\\\/\\\/oroverde.gob.ar\\\/portal\\\/jornada-de-trabajo-intenso-en-el-primer-taller-participativo-local-para-construir-el-plan-base\\\/#breadcrumb\",\"itemListElement\":[{\"@type\":\"ListItem\",\"position\":1,\"name\":\"Portada\",\"item\":\"https:\\\/\\\/oroverde.gob.ar\\\/portal\\\/\"},{\"@type\":\"ListItem\",\"position\":2,\"name\":\"Jornada de trabajo intenso en el Primer Taller Participativo local para construir el Plan Base\"}]},{\"@type\":\"WebSite\",\"@id\":\"https:\\\/\\\/oroverde.gob.ar\\\/portal\\\/#website\",\"url\":\"https:\\\/\\\/oroverde.gob.ar\\\/portal\\\/\",\"name\":\"Municipio de Oro Verde\",\"description\":\"Web Oficial\",\"publisher\":{\"@id\":\"https:\\\/\\\/oroverde.gob.ar\\\/portal\\\/#organization\"},\"potentialAction\":[{\"@type\":\"SearchAction\",\"target\":{\"@type\":\"EntryPoint\",\"urlTemplate\":\"https:\\\/\\\/oroverde.gob.ar\\\/portal\\\/?s={search_term_string}\"},\"query-input\":{\"@type\":\"PropertyValueSpecification\",\"valueRequired\":true,\"valueName\":\"search_term_string\"}}],\"inLanguage\":\"es\"},{\"@type\":\"Organization\",\"@id\":\"https:\\\/\\\/oroverde.gob.ar\\\/portal\\\/#organization\",\"name\":\"Municipio de Oro Verde\",\"url\":\"https:\\\/\\\/oroverde.gob.ar\\\/portal\\\/\",\"logo\":{\"@type\":\"ImageObject\",\"inLanguage\":\"es\",\"@id\":\"https:\\\/\\\/oroverde.gob.ar\\\/portal\\\/#\\\/schema\\\/logo\\\/image\\\/\",\"url\":\"https:\\\/\\\/oroverde.gob.ar\\\/portal\\\/wp-content\\\/uploads\\\/2024\\\/06\\\/cropped-cropped-logo-1.png\",\"contentUrl\":\"https:\\\/\\\/oroverde.gob.ar\\\/portal\\\/wp-content\\\/uploads\\\/2024\\\/06\\\/cropped-cropped-logo-1.png\",\"width\":1776,\"height\":738,\"caption\":\"Municipio de Oro Verde\"},\"image\":{\"@id\":\"https:\\\/\\\/oroverde.gob.ar\\\/portal\\\/#\\\/schema\\\/logo\\\/image\\\/\"}},{\"@type\":\"Person\",\"@id\":\"https:\\\/\\\/oroverde.gob.ar\\\/portal\\\/#\\\/schema\\\/person\\\/b975e0cbcd43b7dcf9c64511ec84f10f\",\"name\":\"Soledad\",\"image\":{\"@type\":\"ImageObject\",\"inLanguage\":\"es\",\"@id\":\"https:\\\/\\\/secure.gravatar.com\\\/avatar\\\/b2f5b6cda565395f31dc94c95932b9b3fbe6275bad58a1579843d3d1607d4a66?s=96&d=mm&r=g\",\"url\":\"https:\\\/\\\/secure.gravatar.com\\\/avatar\\\/b2f5b6cda565395f31dc94c95932b9b3fbe6275bad58a1579843d3d1607d4a66?s=96&d=mm&r=g\",\"contentUrl\":\"https:\\\/\\\/secure.gravatar.com\\\/avatar\\\/b2f5b6cda565395f31dc94c95932b9b3fbe6275bad58a1579843d3d1607d4a66?s=96&d=mm&r=g\",\"caption\":\"Soledad\"},\"url\":\"https:\\\/\\\/oroverde.gob.ar\\\/portal\\\/author\\\/soledad\\\/\"}]}<\/script>\n<!-- \/ Yoast SEO plugin. -->","yoast_head_json":{"title":"Jornada de trabajo intenso en el Primer Taller Participativo local para construir el Plan Base - Municipio de Oro Verde","robots":{"index":"index","follow":"follow","max-snippet":"max-snippet:-1","max-image-preview":"max-image-preview:large","max-video-preview":"max-video-preview:-1"},"canonical":"https:\/\/oroverde.gob.ar\/portal\/jornada-de-trabajo-intenso-en-el-primer-taller-participativo-local-para-construir-el-plan-base\/","og_locale":"es_ES","og_type":"article","og_title":"Jornada de trabajo intenso en el Primer Taller Participativo local para construir el Plan Base - Municipio de Oro Verde","og_description":"Con una importante convocatoria que incluy\u00f3 a referentes de las instituciones locales y vecinos, Oro Verde trabaj\u00f3 en el Primer Taller Participativo del Plan Base este viernes. La apertura estuvo a cargo del intendente C\u00e9sar Clement, acompa\u00f1ado de la viceintendenta Mercedes Schvindt, la &hellip;","og_url":"https:\/\/oroverde.gob.ar\/portal\/jornada-de-trabajo-intenso-en-el-primer-taller-participativo-local-para-construir-el-plan-base\/","og_site_name":"Municipio de Oro Verde","article_published_time":"2025-05-19T16:00:36+00:00","article_modified_time":"2025-05-19T16:01:26+00:00","og_image":[{"width":2560,"height":1708,"url":"https:\/\/oroverde.gob.ar\/portal\/wp-content\/uploads\/2025\/05\/25-scaled.jpg","type":"image\/jpeg"}],"author":"Soledad","twitter_card":"summary_large_image","twitter_misc":{"Escrito por":"Soledad","Tiempo de lectura":"2 minutos"},"schema":{"@context":"https:\/\/schema.org","@graph":[{"@type":"Article","@id":"https:\/\/oroverde.gob.ar\/portal\/jornada-de-trabajo-intenso-en-el-primer-taller-participativo-local-para-construir-el-plan-base\/#article","isPartOf":{"@id":"https:\/\/oroverde.gob.ar\/portal\/jornada-de-trabajo-intenso-en-el-primer-taller-participativo-local-para-construir-el-plan-base\/"},"author":{"name":"Soledad","@id":"https:\/\/oroverde.gob.ar\/portal\/#\/schema\/person\/b975e0cbcd43b7dcf9c64511ec84f10f"},"headline":"Jornada de trabajo intenso en el Primer Taller Participativo local para construir el Plan Base","datePublished":"2025-05-19T16:00:36+00:00","dateModified":"2025-05-19T16:01:26+00:00","mainEntityOfPage":{"@id":"https:\/\/oroverde.gob.ar\/portal\/jornada-de-trabajo-intenso-en-el-primer-taller-participativo-local-para-construir-el-plan-base\/"},"wordCount":343,"publisher":{"@id":"https:\/\/oroverde.gob.ar\/portal\/#organization"},"image":{"@id":"https:\/\/oroverde.gob.ar\/portal\/jornada-de-trabajo-intenso-en-el-primer-taller-participativo-local-para-construir-el-plan-base\/#primaryimage"},"thumbnailUrl":"https:\/\/oroverde.gob.ar\/portal\/wp-content\/uploads\/2025\/05\/25-scaled.jpg","articleSection":["Municipio"],"inLanguage":"es"},{"@type":"WebPage","@id":"https:\/\/oroverde.gob.ar\/portal\/jornada-de-trabajo-intenso-en-el-primer-taller-participativo-local-para-construir-el-plan-base\/","url":"https:\/\/oroverde.gob.ar\/portal\/jornada-de-trabajo-intenso-en-el-primer-taller-participativo-local-para-construir-el-plan-base\/","name":"Jornada de trabajo intenso en el Primer Taller Participativo local para construir el Plan Base - Municipio de Oro Verde","isPartOf":{"@id":"https:\/\/oroverde.gob.ar\/portal\/#website"},"primaryImageOfPage":{"@id":"https:\/\/oroverde.gob.ar\/portal\/jornada-de-trabajo-intenso-en-el-primer-taller-participativo-local-para-construir-el-plan-base\/#primaryimage"},"image":{"@id":"https:\/\/oroverde.gob.ar\/portal\/jornada-de-trabajo-intenso-en-el-primer-taller-participativo-local-para-construir-el-plan-base\/#primaryimage"},"thumbnailUrl":"https:\/\/oroverde.gob.ar\/portal\/wp-content\/uploads\/2025\/05\/25-scaled.jpg","datePublished":"2025-05-19T16:00:36+00:00","dateModified":"2025-05-19T16:01:26+00:00","breadcrumb":{"@id":"https:\/\/oroverde.gob.ar\/portal\/jornada-de-trabajo-intenso-en-el-primer-taller-participativo-local-para-construir-el-plan-base\/#breadcrumb"},"inLanguage":"es","potentialAction":[{"@type":"ReadAction","target":["https:\/\/oroverde.gob.ar\/portal\/jornada-de-trabajo-intenso-en-el-primer-taller-participativo-local-para-construir-el-plan-base\/"]}]},{"@type":"ImageObject","inLanguage":"es","@id":"https:\/\/oroverde.gob.ar\/portal\/jornada-de-trabajo-intenso-en-el-primer-taller-participativo-local-para-construir-el-plan-base\/#primaryimage","url":"https:\/\/oroverde.gob.ar\/portal\/wp-content\/uploads\/2025\/05\/25-scaled.jpg","contentUrl":"https:\/\/oroverde.gob.ar\/portal\/wp-content\/uploads\/2025\/05\/25-scaled.jpg","width":2560,"height":1708},{"@type":"BreadcrumbList","@id":"https:\/\/oroverde.gob.ar\/portal\/jornada-de-trabajo-intenso-en-el-primer-taller-participativo-local-para-construir-el-plan-base\/#breadcrumb","itemListElement":[{"@type":"ListItem","position":1,"name":"Portada","item":"https:\/\/oroverde.gob.ar\/portal\/"},{"@type":"ListItem","position":2,"name":"Jornada de trabajo intenso en el Primer Taller Participativo local para construir el Plan Base"}]},{"@type":"WebSite","@id":"https:\/\/oroverde.gob.ar\/portal\/#website","url":"https:\/\/oroverde.gob.ar\/portal\/","name":"Municipio de Oro Verde","description":"Web Oficial","publisher":{"@id":"https:\/\/oroverde.gob.ar\/portal\/#organization"},"potentialAction":[{"@type":"SearchAction","target":{"@type":"EntryPoint","urlTemplate":"https:\/\/oroverde.gob.ar\/portal\/?s={search_term_string}"},"query-input":{"@type":"PropertyValueSpecification","valueRequired":true,"valueName":"search_term_string"}}],"inLanguage":"es"},{"@type":"Organization","@id":"https:\/\/oroverde.gob.ar\/portal\/#organization","name":"Municipio de Oro Verde","url":"https:\/\/oroverde.gob.ar\/portal\/","logo":{"@type":"ImageObject","inLanguage":"es","@id":"https:\/\/oroverde.gob.ar\/portal\/#\/schema\/logo\/image\/","url":"https:\/\/oroverde.gob.ar\/portal\/wp-content\/uploads\/2024\/06\/cropped-cropped-logo-1.png","contentUrl":"https:\/\/oroverde.gob.ar\/portal\/wp-content\/uploads\/2024\/06\/cropped-cropped-logo-1.png","width":1776,"height":738,"caption":"Municipio de Oro Verde"},"image":{"@id":"https:\/\/oroverde.gob.ar\/portal\/#\/schema\/logo\/image\/"}},{"@type":"Person","@id":"https:\/\/oroverde.gob.ar\/portal\/#\/schema\/person\/b975e0cbcd43b7dcf9c64511ec84f10f","name":"Soledad","image":{"@type":"ImageObject","inLanguage":"es","@id":"https:\/\/secure.gravatar.com\/avatar\/b2f5b6cda565395f31dc94c95932b9b3fbe6275bad58a1579843d3d1607d4a66?s=96&d=mm&r=g","url":"https:\/\/secure.gravatar.com\/avatar\/b2f5b6cda565395f31dc94c95932b9b3fbe6275bad58a1579843d3d1607d4a66?s=96&d=mm&r=g","contentUrl":"https:\/\/secure.gravatar.com\/avatar\/b2f5b6cda565395f31dc94c95932b9b3fbe6275bad58a1579843d3d1607d4a66?s=96&d=mm&r=g","caption":"Soledad"},"url":"https:\/\/oroverde.gob.ar\/portal\/author\/soledad\/"}]}},"_links":{"self":[{"href":"https:\/\/oroverde.gob.ar\/portal\/wp-json\/wp\/v2\/posts\/6053","targetHints":{"allow":["GET"]}}],"collection":[{"href":"https:\/\/oroverde.gob.ar\/portal\/wp-json\/wp\/v2\/posts"}],"about":[{"href":"https:\/\/oroverde.gob.ar\/portal\/wp-json\/wp\/v2\/types\/post"}],"author":[{"embeddable":true,"href":"https:\/\/oroverde.gob.ar\/portal\/wp-json\/wp\/v2\/users\/3"}],"replies":[{"embeddable":true,"href":"https:\/\/oroverde.gob.ar\/portal\/wp-json\/wp\/v2\/comments?post=6053"}],"version-history":[{"count":1,"href":"https:\/\/oroverde.gob.ar\/portal\/wp-json\/wp\/v2\/posts\/6053\/revisions"}],"predecessor-version":[{"id":6055,"href":"https:\/\/oroverde.gob.ar\/portal\/wp-json\/wp\/v2\/posts\/6053\/revisions\/6055"}],"wp:featuredmedia":[{"embeddable":true,"href":"https:\/\/oroverde.gob.ar\/portal\/wp-json\/wp\/v2\/media\/6054"}],"wp:attachment":[{"href":"https:\/\/oroverde.gob.ar\/portal\/wp-json\/wp\/v2\/media?parent=6053"}],"wp:term":[{"taxonomy":"category","embeddable":true,"href":"https:\/\/oroverde.gob.ar\/portal\/wp-json\/wp\/v2\/categories?post=6053"},{"taxonomy":"post_tag","embeddable":true,"href":"https:\/\/oroverde.gob.ar\/portal\/wp-json\/wp\/v2\/tags?post=6053"}],"curies":[{"name":"wp","href":"https:\/\/api.w.org\/{rel}","templated":true}]}}