{"id":6059,"date":"2025-05-20T14:18:38","date_gmt":"2025-05-20T17:18:38","guid":{"rendered":"https:\/\/oroverde.gob.ar\/portal\/?p=6059"},"modified":"2025-05-20T14:18:38","modified_gmt":"2025-05-20T17:18:38","slug":"sabores-y-conocimientos-en-el-taller-de-panaderia-municipal","status":"publish","type":"post","link":"https:\/\/oroverde.gob.ar\/portal\/sabores-y-conocimientos-en-el-taller-de-panaderia-municipal\/","title":{"rendered":"Sabores y conocimientos en el taller de Panader\u00eda municipal"},"content":{"rendered":"<p>Todos los lunes y mi\u00e9rcoles de 17 a 20 los sabores se conjugan con las ganas aprender en el Taller de Panader\u00eda a cargo de la profe Luc\u00eda Main. Ella es la que comparte todo su conocimiento para que la elaboraci\u00f3n de pan, pre- pizzas o tortas sean una realidad.<\/p>\n<p>All\u00ed tambi\u00e9n se aprende de f\u00f3rmulas y cantidades necesarias, mientras los aromas no se hacen esperar con una compleja mezcla de productos que reci\u00e9n salen del horno o se encuentran en sus inicios de elaboraci\u00f3n.<\/p>\n<p>Las t\u00e9cnicas se agudizan con la pr\u00e1ctica, siempre acompa\u00f1ados por la profesora para que todo paso a paso vaya resultando mejor, por lo que este espacio tambi\u00e9n permite una salida laboral y muchos de sus alumnos han dado sus primeros pasos de esta forma en esta profesi\u00f3n.<\/p>\n<p>A\u00f1o a a\u00f1o en la muestra anual de talleres pueden degustarse los resultados finales de este gran trabajo culinario que llevan adelante quienes asisten a este taller, ya que pueden probarse tortas, bizcochos, alfajores y galletitas elaboradas por todos ellos.<\/p>\n","protected":false},"excerpt":{"rendered":"<p>Todos los lunes y mi\u00e9rcoles de 17 a 20 los sabores se conjugan con las ganas aprender en el Taller de Panader\u00eda a cargo de la profe Luc\u00eda Main. Ella es la que comparte todo su conocimiento para que la elaboraci\u00f3n de pan, &hellip;<\/p>\n","protected":false},"author":3,"featured_media":6060,"comment_status":"closed","ping_status":"closed","sticky":false,"template":"","format":"standard","meta":{"footnotes":""},"categories":[1],"tags":[],"class_list":["post-6059","post","type-post","status-publish","format-standard","has-post-thumbnail","hentry","category-municipio"],"yoast_head":"<!-- This site is optimized with the Yoast SEO plugin v27.5 - https:\/\/yoast.com\/product\/yoast-seo-wordpress\/ -->\n<title>Sabores y conocimientos en el taller de Panader\u00eda municipal - Municipio de Oro Verde<\/title>\n<meta name=\"robots\" content=\"index, follow, max-snippet:-1, max-image-preview:large, max-video-preview:-1\" \/>\n<link rel=\"canonical\" href=\"https:\/\/oroverde.gob.ar\/portal\/sabores-y-conocimientos-en-el-taller-de-panaderia-municipal\/\" \/>\n<meta property=\"og:locale\" content=\"es_ES\" \/>\n<meta property=\"og:type\" content=\"article\" \/>\n<meta property=\"og:title\" content=\"Sabores y conocimientos en el taller de Panader\u00eda municipal - Municipio de Oro Verde\" \/>\n<meta property=\"og:description\" content=\"Todos los lunes y mi\u00e9rcoles de 17 a 20 los sabores se conjugan con las ganas aprender en el Taller de Panader\u00eda a cargo de la profe Luc\u00eda Main. Ella es la que comparte todo su conocimiento para que la elaboraci\u00f3n de pan, &hellip;\" \/>\n<meta property=\"og:url\" content=\"https:\/\/oroverde.gob.ar\/portal\/sabores-y-conocimientos-en-el-taller-de-panaderia-municipal\/\" \/>\n<meta property=\"og:site_name\" content=\"Municipio de Oro Verde\" \/>\n<meta property=\"article:published_time\" content=\"2025-05-20T17:18:38+00:00\" \/>\n<meta property=\"og:image\" content=\"https:\/\/oroverde.gob.ar\/portal\/wp-content\/uploads\/2025\/05\/Panaderia.jpg\" \/>\n\t<meta property=\"og:image:width\" content=\"495\" \/>\n\t<meta property=\"og:image:height\" content=\"298\" \/>\n\t<meta property=\"og:image:type\" content=\"image\/jpeg\" \/>\n<meta name=\"author\" content=\"Soledad\" \/>\n<meta name=\"twitter:card\" content=\"summary_large_image\" \/>\n<meta name=\"twitter:label1\" content=\"Escrito por\" \/>\n\t<meta name=\"twitter:data1\" content=\"Soledad\" \/>\n\t<meta name=\"twitter:label2\" content=\"Tiempo de lectura\" \/>\n\t<meta name=\"twitter:data2\" content=\"1 minuto\" \/>\n<script type=\"application\/ld+json\" class=\"yoast-schema-graph\">{\"@context\":\"https:\\\/\\\/schema.org\",\"@graph\":[{\"@type\":\"Article\",\"@id\":\"https:\\\/\\\/oroverde.gob.ar\\\/portal\\\/sabores-y-conocimientos-en-el-taller-de-panaderia-municipal\\\/#article\",\"isPartOf\":{\"@id\":\"https:\\\/\\\/oroverde.gob.ar\\\/portal\\\/sabores-y-conocimientos-en-el-taller-de-panaderia-municipal\\\/\"},\"author\":{\"name\":\"Soledad\",\"@id\":\"https:\\\/\\\/oroverde.gob.ar\\\/portal\\\/#\\\/schema\\\/person\\\/b975e0cbcd43b7dcf9c64511ec84f10f\"},\"headline\":\"Sabores y conocimientos en el taller de Panader\u00eda municipal\",\"datePublished\":\"2025-05-20T17:18:38+00:00\",\"mainEntityOfPage\":{\"@id\":\"https:\\\/\\\/oroverde.gob.ar\\\/portal\\\/sabores-y-conocimientos-en-el-taller-de-panaderia-municipal\\\/\"},\"wordCount\":195,\"publisher\":{\"@id\":\"https:\\\/\\\/oroverde.gob.ar\\\/portal\\\/#organization\"},\"image\":{\"@id\":\"https:\\\/\\\/oroverde.gob.ar\\\/portal\\\/sabores-y-conocimientos-en-el-taller-de-panaderia-municipal\\\/#primaryimage\"},\"thumbnailUrl\":\"https:\\\/\\\/oroverde.gob.ar\\\/portal\\\/wp-content\\\/uploads\\\/2025\\\/05\\\/Panaderia.jpg\",\"articleSection\":[\"Municipio\"],\"inLanguage\":\"es\"},{\"@type\":\"WebPage\",\"@id\":\"https:\\\/\\\/oroverde.gob.ar\\\/portal\\\/sabores-y-conocimientos-en-el-taller-de-panaderia-municipal\\\/\",\"url\":\"https:\\\/\\\/oroverde.gob.ar\\\/portal\\\/sabores-y-conocimientos-en-el-taller-de-panaderia-municipal\\\/\",\"name\":\"Sabores y conocimientos en el taller de Panader\u00eda municipal - Municipio de Oro Verde\",\"isPartOf\":{\"@id\":\"https:\\\/\\\/oroverde.gob.ar\\\/portal\\\/#website\"},\"primaryImageOfPage\":{\"@id\":\"https:\\\/\\\/oroverde.gob.ar\\\/portal\\\/sabores-y-conocimientos-en-el-taller-de-panaderia-municipal\\\/#primaryimage\"},\"image\":{\"@id\":\"https:\\\/\\\/oroverde.gob.ar\\\/portal\\\/sabores-y-conocimientos-en-el-taller-de-panaderia-municipal\\\/#primaryimage\"},\"thumbnailUrl\":\"https:\\\/\\\/oroverde.gob.ar\\\/portal\\\/wp-content\\\/uploads\\\/2025\\\/05\\\/Panaderia.jpg\",\"datePublished\":\"2025-05-20T17:18:38+00:00\",\"breadcrumb\":{\"@id\":\"https:\\\/\\\/oroverde.gob.ar\\\/portal\\\/sabores-y-conocimientos-en-el-taller-de-panaderia-municipal\\\/#breadcrumb\"},\"inLanguage\":\"es\",\"potentialAction\":[{\"@type\":\"ReadAction\",\"target\":[\"https:\\\/\\\/oroverde.gob.ar\\\/portal\\\/sabores-y-conocimientos-en-el-taller-de-panaderia-municipal\\\/\"]}]},{\"@type\":\"ImageObject\",\"inLanguage\":\"es\",\"@id\":\"https:\\\/\\\/oroverde.gob.ar\\\/portal\\\/sabores-y-conocimientos-en-el-taller-de-panaderia-municipal\\\/#primaryimage\",\"url\":\"https:\\\/\\\/oroverde.gob.ar\\\/portal\\\/wp-content\\\/uploads\\\/2025\\\/05\\\/Panaderia.jpg\",\"contentUrl\":\"https:\\\/\\\/oroverde.gob.ar\\\/portal\\\/wp-content\\\/uploads\\\/2025\\\/05\\\/Panaderia.jpg\",\"width\":495,\"height\":298},{\"@type\":\"BreadcrumbList\",\"@id\":\"https:\\\/\\\/oroverde.gob.ar\\\/portal\\\/sabores-y-conocimientos-en-el-taller-de-panaderia-municipal\\\/#breadcrumb\",\"itemListElement\":[{\"@type\":\"ListItem\",\"position\":1,\"name\":\"Portada\",\"item\":\"https:\\\/\\\/oroverde.gob.ar\\\/portal\\\/\"},{\"@type\":\"ListItem\",\"position\":2,\"name\":\"Sabores y conocimientos en el taller de Panader\u00eda municipal\"}]},{\"@type\":\"WebSite\",\"@id\":\"https:\\\/\\\/oroverde.gob.ar\\\/portal\\\/#website\",\"url\":\"https:\\\/\\\/oroverde.gob.ar\\\/portal\\\/\",\"name\":\"Municipio de Oro Verde\",\"description\":\"Web Oficial\",\"publisher\":{\"@id\":\"https:\\\/\\\/oroverde.gob.ar\\\/portal\\\/#organization\"},\"potentialAction\":[{\"@type\":\"SearchAction\",\"target\":{\"@type\":\"EntryPoint\",\"urlTemplate\":\"https:\\\/\\\/oroverde.gob.ar\\\/portal\\\/?s={search_term_string}\"},\"query-input\":{\"@type\":\"PropertyValueSpecification\",\"valueRequired\":true,\"valueName\":\"search_term_string\"}}],\"inLanguage\":\"es\"},{\"@type\":\"Organization\",\"@id\":\"https:\\\/\\\/oroverde.gob.ar\\\/portal\\\/#organization\",\"name\":\"Municipio de Oro Verde\",\"url\":\"https:\\\/\\\/oroverde.gob.ar\\\/portal\\\/\",\"logo\":{\"@type\":\"ImageObject\",\"inLanguage\":\"es\",\"@id\":\"https:\\\/\\\/oroverde.gob.ar\\\/portal\\\/#\\\/schema\\\/logo\\\/image\\\/\",\"url\":\"https:\\\/\\\/oroverde.gob.ar\\\/portal\\\/wp-content\\\/uploads\\\/2024\\\/06\\\/cropped-cropped-logo-1.png\",\"contentUrl\":\"https:\\\/\\\/oroverde.gob.ar\\\/portal\\\/wp-content\\\/uploads\\\/2024\\\/06\\\/cropped-cropped-logo-1.png\",\"width\":1776,\"height\":738,\"caption\":\"Municipio de Oro Verde\"},\"image\":{\"@id\":\"https:\\\/\\\/oroverde.gob.ar\\\/portal\\\/#\\\/schema\\\/logo\\\/image\\\/\"}},{\"@type\":\"Person\",\"@id\":\"https:\\\/\\\/oroverde.gob.ar\\\/portal\\\/#\\\/schema\\\/person\\\/b975e0cbcd43b7dcf9c64511ec84f10f\",\"name\":\"Soledad\",\"image\":{\"@type\":\"ImageObject\",\"inLanguage\":\"es\",\"@id\":\"https:\\\/\\\/secure.gravatar.com\\\/avatar\\\/b2f5b6cda565395f31dc94c95932b9b3fbe6275bad58a1579843d3d1607d4a66?s=96&d=mm&r=g\",\"url\":\"https:\\\/\\\/secure.gravatar.com\\\/avatar\\\/b2f5b6cda565395f31dc94c95932b9b3fbe6275bad58a1579843d3d1607d4a66?s=96&d=mm&r=g\",\"contentUrl\":\"https:\\\/\\\/secure.gravatar.com\\\/avatar\\\/b2f5b6cda565395f31dc94c95932b9b3fbe6275bad58a1579843d3d1607d4a66?s=96&d=mm&r=g\",\"caption\":\"Soledad\"},\"url\":\"https:\\\/\\\/oroverde.gob.ar\\\/portal\\\/author\\\/soledad\\\/\"}]}<\/script>\n<!-- \/ Yoast SEO plugin. -->","yoast_head_json":{"title":"Sabores y conocimientos en el taller de Panader\u00eda municipal - Municipio de Oro Verde","robots":{"index":"index","follow":"follow","max-snippet":"max-snippet:-1","max-image-preview":"max-image-preview:large","max-video-preview":"max-video-preview:-1"},"canonical":"https:\/\/oroverde.gob.ar\/portal\/sabores-y-conocimientos-en-el-taller-de-panaderia-municipal\/","og_locale":"es_ES","og_type":"article","og_title":"Sabores y conocimientos en el taller de Panader\u00eda municipal - Municipio de Oro Verde","og_description":"Todos los lunes y mi\u00e9rcoles de 17 a 20 los sabores se conjugan con las ganas aprender en el Taller de Panader\u00eda a cargo de la profe Luc\u00eda Main. Ella es la que comparte todo su conocimiento para que la elaboraci\u00f3n de pan, &hellip;","og_url":"https:\/\/oroverde.gob.ar\/portal\/sabores-y-conocimientos-en-el-taller-de-panaderia-municipal\/","og_site_name":"Municipio de Oro Verde","article_published_time":"2025-05-20T17:18:38+00:00","og_image":[{"width":495,"height":298,"url":"https:\/\/oroverde.gob.ar\/portal\/wp-content\/uploads\/2025\/05\/Panaderia.jpg","type":"image\/jpeg"}],"author":"Soledad","twitter_card":"summary_large_image","twitter_misc":{"Escrito por":"Soledad","Tiempo de lectura":"1 minuto"},"schema":{"@context":"https:\/\/schema.org","@graph":[{"@type":"Article","@id":"https:\/\/oroverde.gob.ar\/portal\/sabores-y-conocimientos-en-el-taller-de-panaderia-municipal\/#article","isPartOf":{"@id":"https:\/\/oroverde.gob.ar\/portal\/sabores-y-conocimientos-en-el-taller-de-panaderia-municipal\/"},"author":{"name":"Soledad","@id":"https:\/\/oroverde.gob.ar\/portal\/#\/schema\/person\/b975e0cbcd43b7dcf9c64511ec84f10f"},"headline":"Sabores y conocimientos en el taller de Panader\u00eda municipal","datePublished":"2025-05-20T17:18:38+00:00","mainEntityOfPage":{"@id":"https:\/\/oroverde.gob.ar\/portal\/sabores-y-conocimientos-en-el-taller-de-panaderia-municipal\/"},"wordCount":195,"publisher":{"@id":"https:\/\/oroverde.gob.ar\/portal\/#organization"},"image":{"@id":"https:\/\/oroverde.gob.ar\/portal\/sabores-y-conocimientos-en-el-taller-de-panaderia-municipal\/#primaryimage"},"thumbnailUrl":"https:\/\/oroverde.gob.ar\/portal\/wp-content\/uploads\/2025\/05\/Panaderia.jpg","articleSection":["Municipio"],"inLanguage":"es"},{"@type":"WebPage","@id":"https:\/\/oroverde.gob.ar\/portal\/sabores-y-conocimientos-en-el-taller-de-panaderia-municipal\/","url":"https:\/\/oroverde.gob.ar\/portal\/sabores-y-conocimientos-en-el-taller-de-panaderia-municipal\/","name":"Sabores y conocimientos en el taller de Panader\u00eda municipal - Municipio de Oro Verde","isPartOf":{"@id":"https:\/\/oroverde.gob.ar\/portal\/#website"},"primaryImageOfPage":{"@id":"https:\/\/oroverde.gob.ar\/portal\/sabores-y-conocimientos-en-el-taller-de-panaderia-municipal\/#primaryimage"},"image":{"@id":"https:\/\/oroverde.gob.ar\/portal\/sabores-y-conocimientos-en-el-taller-de-panaderia-municipal\/#primaryimage"},"thumbnailUrl":"https:\/\/oroverde.gob.ar\/portal\/wp-content\/uploads\/2025\/05\/Panaderia.jpg","datePublished":"2025-05-20T17:18:38+00:00","breadcrumb":{"@id":"https:\/\/oroverde.gob.ar\/portal\/sabores-y-conocimientos-en-el-taller-de-panaderia-municipal\/#breadcrumb"},"inLanguage":"es","potentialAction":[{"@type":"ReadAction","target":["https:\/\/oroverde.gob.ar\/portal\/sabores-y-conocimientos-en-el-taller-de-panaderia-municipal\/"]}]},{"@type":"ImageObject","inLanguage":"es","@id":"https:\/\/oroverde.gob.ar\/portal\/sabores-y-conocimientos-en-el-taller-de-panaderia-municipal\/#primaryimage","url":"https:\/\/oroverde.gob.ar\/portal\/wp-content\/uploads\/2025\/05\/Panaderia.jpg","contentUrl":"https:\/\/oroverde.gob.ar\/portal\/wp-content\/uploads\/2025\/05\/Panaderia.jpg","width":495,"height":298},{"@type":"BreadcrumbList","@id":"https:\/\/oroverde.gob.ar\/portal\/sabores-y-conocimientos-en-el-taller-de-panaderia-municipal\/#breadcrumb","itemListElement":[{"@type":"ListItem","position":1,"name":"Portada","item":"https:\/\/oroverde.gob.ar\/portal\/"},{"@type":"ListItem","position":2,"name":"Sabores y conocimientos en el taller de Panader\u00eda municipal"}]},{"@type":"WebSite","@id":"https:\/\/oroverde.gob.ar\/portal\/#website","url":"https:\/\/oroverde.gob.ar\/portal\/","name":"Municipio de Oro Verde","description":"Web Oficial","publisher":{"@id":"https:\/\/oroverde.gob.ar\/portal\/#organization"},"potentialAction":[{"@type":"SearchAction","target":{"@type":"EntryPoint","urlTemplate":"https:\/\/oroverde.gob.ar\/portal\/?s={search_term_string}"},"query-input":{"@type":"PropertyValueSpecification","valueRequired":true,"valueName":"search_term_string"}}],"inLanguage":"es"},{"@type":"Organization","@id":"https:\/\/oroverde.gob.ar\/portal\/#organization","name":"Municipio de Oro Verde","url":"https:\/\/oroverde.gob.ar\/portal\/","logo":{"@type":"ImageObject","inLanguage":"es","@id":"https:\/\/oroverde.gob.ar\/portal\/#\/schema\/logo\/image\/","url":"https:\/\/oroverde.gob.ar\/portal\/wp-content\/uploads\/2024\/06\/cropped-cropped-logo-1.png","contentUrl":"https:\/\/oroverde.gob.ar\/portal\/wp-content\/uploads\/2024\/06\/cropped-cropped-logo-1.png","width":1776,"height":738,"caption":"Municipio de Oro Verde"},"image":{"@id":"https:\/\/oroverde.gob.ar\/portal\/#\/schema\/logo\/image\/"}},{"@type":"Person","@id":"https:\/\/oroverde.gob.ar\/portal\/#\/schema\/person\/b975e0cbcd43b7dcf9c64511ec84f10f","name":"Soledad","image":{"@type":"ImageObject","inLanguage":"es","@id":"https:\/\/secure.gravatar.com\/avatar\/b2f5b6cda565395f31dc94c95932b9b3fbe6275bad58a1579843d3d1607d4a66?s=96&d=mm&r=g","url":"https:\/\/secure.gravatar.com\/avatar\/b2f5b6cda565395f31dc94c95932b9b3fbe6275bad58a1579843d3d1607d4a66?s=96&d=mm&r=g","contentUrl":"https:\/\/secure.gravatar.com\/avatar\/b2f5b6cda565395f31dc94c95932b9b3fbe6275bad58a1579843d3d1607d4a66?s=96&d=mm&r=g","caption":"Soledad"},"url":"https:\/\/oroverde.gob.ar\/portal\/author\/soledad\/"}]}},"_links":{"self":[{"href":"https:\/\/oroverde.gob.ar\/portal\/wp-json\/wp\/v2\/posts\/6059","targetHints":{"allow":["GET"]}}],"collection":[{"href":"https:\/\/oroverde.gob.ar\/portal\/wp-json\/wp\/v2\/posts"}],"about":[{"href":"https:\/\/oroverde.gob.ar\/portal\/wp-json\/wp\/v2\/types\/post"}],"author":[{"embeddable":true,"href":"https:\/\/oroverde.gob.ar\/portal\/wp-json\/wp\/v2\/users\/3"}],"replies":[{"embeddable":true,"href":"https:\/\/oroverde.gob.ar\/portal\/wp-json\/wp\/v2\/comments?post=6059"}],"version-history":[{"count":1,"href":"https:\/\/oroverde.gob.ar\/portal\/wp-json\/wp\/v2\/posts\/6059\/revisions"}],"predecessor-version":[{"id":6061,"href":"https:\/\/oroverde.gob.ar\/portal\/wp-json\/wp\/v2\/posts\/6059\/revisions\/6061"}],"wp:featuredmedia":[{"embeddable":true,"href":"https:\/\/oroverde.gob.ar\/portal\/wp-json\/wp\/v2\/media\/6060"}],"wp:attachment":[{"href":"https:\/\/oroverde.gob.ar\/portal\/wp-json\/wp\/v2\/media?parent=6059"}],"wp:term":[{"taxonomy":"category","embeddable":true,"href":"https:\/\/oroverde.gob.ar\/portal\/wp-json\/wp\/v2\/categories?post=6059"},{"taxonomy":"post_tag","embeddable":true,"href":"https:\/\/oroverde.gob.ar\/portal\/wp-json\/wp\/v2\/tags?post=6059"}],"curies":[{"name":"wp","href":"https:\/\/api.w.org\/{rel}","templated":true}]}}