{"id":6095,"date":"2025-05-28T12:48:21","date_gmt":"2025-05-28T15:48:21","guid":{"rendered":"https:\/\/oroverde.gob.ar\/portal\/?p=6095"},"modified":"2025-05-28T12:51:36","modified_gmt":"2025-05-28T15:51:36","slug":"nuevas-luminarias-en-av-los-cisnes","status":"publish","type":"post","link":"https:\/\/oroverde.gob.ar\/portal\/nuevas-luminarias-en-av-los-cisnes\/","title":{"rendered":"Nuevas luminarias en Av. Los Cisnes"},"content":{"rendered":"<div class=\"x11i5rnm xat24cr x1mh8g0r x1vvkbs xtlvy1s x126k92a\">\n<div dir=\"auto\">El Municipio instal\u00f3 nuevas columnas de alumbrado p\u00fablico en la intersecci\u00f3n de Av. Los Cisnes con las calles transversales en la zona del barrio Jorge M\u00e9ndez. All\u00ed colocar\u00e1n artefactos dobles que mejorar\u00e1n notablemente la iluminaci\u00f3n en la zona.<\/div>\n<\/div>\n<div class=\"x11i5rnm xat24cr x1mh8g0r x1vvkbs xtlvy1s x126k92a\">\n<div dir=\"auto\"><span class=\"html-span xexx8yu x4uap5 x18d9i69 xkhd6sd x1hl2dhg x16tdsg8 x1vvkbs x3nfvp2 x1j61x8r x1fcty0u xdj266r xat24cr xgzva0m xhhsvwb xxymvpz xlup9mm x1kky2od\"><img decoding=\"async\" class=\"xz74otr x168nmei x13lgxp2 x5pf9jr xo71vjh lazyload\" data-src=\"https:\/\/static.xx.fbcdn.net\/images\/emoji.php\/v9\/t51\/1\/16\/1f449.png\" alt=\"\ud83d\udc49\" width=\"16\" height=\"16\" src=\"data:image\/svg+xml;base64,PHN2ZyB3aWR0aD0iMSIgaGVpZ2h0PSIxIiB4bWxucz0iaHR0cDovL3d3dy53My5vcmcvMjAwMC9zdmciPjwvc3ZnPg==\" style=\"--smush-placeholder-width: 16px; --smush-placeholder-aspect-ratio: 16\/16;\" \/><\/span> Adem\u00e1s, personal del \u00e1rea de Obra y Servicios P\u00fablicos realiza el mantenimiento del alumbrado de la ciudad, realizando el cambio de luminarias que no funcionan, seg\u00fan listado de reclamos recibidos.<\/div>\n<\/div>\n","protected":false},"excerpt":{"rendered":"<p>El Municipio instal\u00f3 nuevas columnas de alumbrado p\u00fablico en la intersecci\u00f3n de Av. Los Cisnes con las calles transversales en la zona del barrio Jorge M\u00e9ndez. All\u00ed colocar\u00e1n artefactos dobles que mejorar\u00e1n notablemente la iluminaci\u00f3n en la zona. Adem\u00e1s, personal del \u00e1rea de &hellip;<\/p>\n","protected":false},"author":2,"featured_media":6097,"comment_status":"closed","ping_status":"closed","sticky":false,"template":"","format":"standard","meta":{"footnotes":""},"categories":[1],"tags":[],"class_list":["post-6095","post","type-post","status-publish","format-standard","has-post-thumbnail","hentry","category-municipio"],"yoast_head":"<!-- This site is optimized with the Yoast SEO plugin v27.5 - https:\/\/yoast.com\/product\/yoast-seo-wordpress\/ -->\n<title>Nuevas luminarias en Av. Los Cisnes - Municipio de Oro Verde<\/title>\n<meta name=\"robots\" content=\"index, follow, max-snippet:-1, max-image-preview:large, max-video-preview:-1\" \/>\n<link rel=\"canonical\" href=\"https:\/\/oroverde.gob.ar\/portal\/nuevas-luminarias-en-av-los-cisnes\/\" \/>\n<meta property=\"og:locale\" content=\"es_ES\" \/>\n<meta property=\"og:type\" content=\"article\" \/>\n<meta property=\"og:title\" content=\"Nuevas luminarias en Av. Los Cisnes - Municipio de Oro Verde\" \/>\n<meta property=\"og:description\" content=\"El Municipio instal\u00f3 nuevas columnas de alumbrado p\u00fablico en la intersecci\u00f3n de Av. Los Cisnes con las calles transversales en la zona del barrio Jorge M\u00e9ndez. All\u00ed colocar\u00e1n artefactos dobles que mejorar\u00e1n notablemente la iluminaci\u00f3n en la zona. Adem\u00e1s, personal del \u00e1rea de &hellip;\" \/>\n<meta property=\"og:url\" content=\"https:\/\/oroverde.gob.ar\/portal\/nuevas-luminarias-en-av-los-cisnes\/\" \/>\n<meta property=\"og:site_name\" content=\"Municipio de Oro Verde\" \/>\n<meta property=\"article:published_time\" content=\"2025-05-28T15:48:21+00:00\" \/>\n<meta property=\"article:modified_time\" content=\"2025-05-28T15:51:36+00:00\" \/>\n<meta property=\"og:image\" content=\"https:\/\/oroverde.gob.ar\/portal\/wp-content\/uploads\/2025\/05\/DSC0269-scaled.jpg\" \/>\n\t<meta property=\"og:image:width\" content=\"2560\" \/>\n\t<meta property=\"og:image:height\" content=\"1708\" \/>\n\t<meta property=\"og:image:type\" content=\"image\/jpeg\" \/>\n<meta name=\"author\" content=\"Leticia\" \/>\n<meta name=\"twitter:card\" content=\"summary_large_image\" \/>\n<meta name=\"twitter:label1\" content=\"Escrito por\" \/>\n\t<meta name=\"twitter:data1\" content=\"Leticia\" \/>\n\t<meta name=\"twitter:label2\" content=\"Tiempo de lectura\" \/>\n\t<meta name=\"twitter:data2\" content=\"1 minuto\" \/>\n<script type=\"application\/ld+json\" class=\"yoast-schema-graph\">{\"@context\":\"https:\\\/\\\/schema.org\",\"@graph\":[{\"@type\":\"Article\",\"@id\":\"https:\\\/\\\/oroverde.gob.ar\\\/portal\\\/nuevas-luminarias-en-av-los-cisnes\\\/#article\",\"isPartOf\":{\"@id\":\"https:\\\/\\\/oroverde.gob.ar\\\/portal\\\/nuevas-luminarias-en-av-los-cisnes\\\/\"},\"author\":{\"name\":\"Leticia\",\"@id\":\"https:\\\/\\\/oroverde.gob.ar\\\/portal\\\/#\\\/schema\\\/person\\\/d904a5e1011c58db8d79e823207854f4\"},\"headline\":\"Nuevas luminarias en Av. Los Cisnes\",\"datePublished\":\"2025-05-28T15:48:21+00:00\",\"dateModified\":\"2025-05-28T15:51:36+00:00\",\"mainEntityOfPage\":{\"@id\":\"https:\\\/\\\/oroverde.gob.ar\\\/portal\\\/nuevas-luminarias-en-av-los-cisnes\\\/\"},\"wordCount\":83,\"publisher\":{\"@id\":\"https:\\\/\\\/oroverde.gob.ar\\\/portal\\\/#organization\"},\"image\":{\"@id\":\"https:\\\/\\\/oroverde.gob.ar\\\/portal\\\/nuevas-luminarias-en-av-los-cisnes\\\/#primaryimage\"},\"thumbnailUrl\":\"https:\\\/\\\/oroverde.gob.ar\\\/portal\\\/wp-content\\\/uploads\\\/2025\\\/05\\\/DSC0269-scaled.jpg\",\"articleSection\":[\"Municipio\"],\"inLanguage\":\"es\"},{\"@type\":\"WebPage\",\"@id\":\"https:\\\/\\\/oroverde.gob.ar\\\/portal\\\/nuevas-luminarias-en-av-los-cisnes\\\/\",\"url\":\"https:\\\/\\\/oroverde.gob.ar\\\/portal\\\/nuevas-luminarias-en-av-los-cisnes\\\/\",\"name\":\"Nuevas luminarias en Av. Los Cisnes - Municipio de Oro Verde\",\"isPartOf\":{\"@id\":\"https:\\\/\\\/oroverde.gob.ar\\\/portal\\\/#website\"},\"primaryImageOfPage\":{\"@id\":\"https:\\\/\\\/oroverde.gob.ar\\\/portal\\\/nuevas-luminarias-en-av-los-cisnes\\\/#primaryimage\"},\"image\":{\"@id\":\"https:\\\/\\\/oroverde.gob.ar\\\/portal\\\/nuevas-luminarias-en-av-los-cisnes\\\/#primaryimage\"},\"thumbnailUrl\":\"https:\\\/\\\/oroverde.gob.ar\\\/portal\\\/wp-content\\\/uploads\\\/2025\\\/05\\\/DSC0269-scaled.jpg\",\"datePublished\":\"2025-05-28T15:48:21+00:00\",\"dateModified\":\"2025-05-28T15:51:36+00:00\",\"breadcrumb\":{\"@id\":\"https:\\\/\\\/oroverde.gob.ar\\\/portal\\\/nuevas-luminarias-en-av-los-cisnes\\\/#breadcrumb\"},\"inLanguage\":\"es\",\"potentialAction\":[{\"@type\":\"ReadAction\",\"target\":[\"https:\\\/\\\/oroverde.gob.ar\\\/portal\\\/nuevas-luminarias-en-av-los-cisnes\\\/\"]}]},{\"@type\":\"ImageObject\",\"inLanguage\":\"es\",\"@id\":\"https:\\\/\\\/oroverde.gob.ar\\\/portal\\\/nuevas-luminarias-en-av-los-cisnes\\\/#primaryimage\",\"url\":\"https:\\\/\\\/oroverde.gob.ar\\\/portal\\\/wp-content\\\/uploads\\\/2025\\\/05\\\/DSC0269-scaled.jpg\",\"contentUrl\":\"https:\\\/\\\/oroverde.gob.ar\\\/portal\\\/wp-content\\\/uploads\\\/2025\\\/05\\\/DSC0269-scaled.jpg\",\"width\":2560,\"height\":1708},{\"@type\":\"BreadcrumbList\",\"@id\":\"https:\\\/\\\/oroverde.gob.ar\\\/portal\\\/nuevas-luminarias-en-av-los-cisnes\\\/#breadcrumb\",\"itemListElement\":[{\"@type\":\"ListItem\",\"position\":1,\"name\":\"Portada\",\"item\":\"https:\\\/\\\/oroverde.gob.ar\\\/portal\\\/\"},{\"@type\":\"ListItem\",\"position\":2,\"name\":\"Nuevas luminarias en Av. Los Cisnes\"}]},{\"@type\":\"WebSite\",\"@id\":\"https:\\\/\\\/oroverde.gob.ar\\\/portal\\\/#website\",\"url\":\"https:\\\/\\\/oroverde.gob.ar\\\/portal\\\/\",\"name\":\"Municipio de Oro Verde\",\"description\":\"Web Oficial\",\"publisher\":{\"@id\":\"https:\\\/\\\/oroverde.gob.ar\\\/portal\\\/#organization\"},\"potentialAction\":[{\"@type\":\"SearchAction\",\"target\":{\"@type\":\"EntryPoint\",\"urlTemplate\":\"https:\\\/\\\/oroverde.gob.ar\\\/portal\\\/?s={search_term_string}\"},\"query-input\":{\"@type\":\"PropertyValueSpecification\",\"valueRequired\":true,\"valueName\":\"search_term_string\"}}],\"inLanguage\":\"es\"},{\"@type\":\"Organization\",\"@id\":\"https:\\\/\\\/oroverde.gob.ar\\\/portal\\\/#organization\",\"name\":\"Municipio de Oro Verde\",\"url\":\"https:\\\/\\\/oroverde.gob.ar\\\/portal\\\/\",\"logo\":{\"@type\":\"ImageObject\",\"inLanguage\":\"es\",\"@id\":\"https:\\\/\\\/oroverde.gob.ar\\\/portal\\\/#\\\/schema\\\/logo\\\/image\\\/\",\"url\":\"https:\\\/\\\/oroverde.gob.ar\\\/portal\\\/wp-content\\\/uploads\\\/2024\\\/06\\\/cropped-cropped-logo-1.png\",\"contentUrl\":\"https:\\\/\\\/oroverde.gob.ar\\\/portal\\\/wp-content\\\/uploads\\\/2024\\\/06\\\/cropped-cropped-logo-1.png\",\"width\":1776,\"height\":738,\"caption\":\"Municipio de Oro Verde\"},\"image\":{\"@id\":\"https:\\\/\\\/oroverde.gob.ar\\\/portal\\\/#\\\/schema\\\/logo\\\/image\\\/\"}},{\"@type\":\"Person\",\"@id\":\"https:\\\/\\\/oroverde.gob.ar\\\/portal\\\/#\\\/schema\\\/person\\\/d904a5e1011c58db8d79e823207854f4\",\"name\":\"Leticia\",\"image\":{\"@type\":\"ImageObject\",\"inLanguage\":\"es\",\"@id\":\"https:\\\/\\\/secure.gravatar.com\\\/avatar\\\/123f2cb69f2bf9cfae92cffddba9b0ead63e22c03f87ba23c7c1a885cf667d4d?s=96&d=mm&r=g\",\"url\":\"https:\\\/\\\/secure.gravatar.com\\\/avatar\\\/123f2cb69f2bf9cfae92cffddba9b0ead63e22c03f87ba23c7c1a885cf667d4d?s=96&d=mm&r=g\",\"contentUrl\":\"https:\\\/\\\/secure.gravatar.com\\\/avatar\\\/123f2cb69f2bf9cfae92cffddba9b0ead63e22c03f87ba23c7c1a885cf667d4d?s=96&d=mm&r=g\",\"caption\":\"Leticia\"},\"url\":\"https:\\\/\\\/oroverde.gob.ar\\\/portal\\\/author\\\/leticia\\\/\"}]}<\/script>\n<!-- \/ Yoast SEO plugin. -->","yoast_head_json":{"title":"Nuevas luminarias en Av. Los Cisnes - Municipio de Oro Verde","robots":{"index":"index","follow":"follow","max-snippet":"max-snippet:-1","max-image-preview":"max-image-preview:large","max-video-preview":"max-video-preview:-1"},"canonical":"https:\/\/oroverde.gob.ar\/portal\/nuevas-luminarias-en-av-los-cisnes\/","og_locale":"es_ES","og_type":"article","og_title":"Nuevas luminarias en Av. Los Cisnes - Municipio de Oro Verde","og_description":"El Municipio instal\u00f3 nuevas columnas de alumbrado p\u00fablico en la intersecci\u00f3n de Av. Los Cisnes con las calles transversales en la zona del barrio Jorge M\u00e9ndez. All\u00ed colocar\u00e1n artefactos dobles que mejorar\u00e1n notablemente la iluminaci\u00f3n en la zona. Adem\u00e1s, personal del \u00e1rea de &hellip;","og_url":"https:\/\/oroverde.gob.ar\/portal\/nuevas-luminarias-en-av-los-cisnes\/","og_site_name":"Municipio de Oro Verde","article_published_time":"2025-05-28T15:48:21+00:00","article_modified_time":"2025-05-28T15:51:36+00:00","og_image":[{"width":2560,"height":1708,"url":"https:\/\/oroverde.gob.ar\/portal\/wp-content\/uploads\/2025\/05\/DSC0269-scaled.jpg","type":"image\/jpeg"}],"author":"Leticia","twitter_card":"summary_large_image","twitter_misc":{"Escrito por":"Leticia","Tiempo de lectura":"1 minuto"},"schema":{"@context":"https:\/\/schema.org","@graph":[{"@type":"Article","@id":"https:\/\/oroverde.gob.ar\/portal\/nuevas-luminarias-en-av-los-cisnes\/#article","isPartOf":{"@id":"https:\/\/oroverde.gob.ar\/portal\/nuevas-luminarias-en-av-los-cisnes\/"},"author":{"name":"Leticia","@id":"https:\/\/oroverde.gob.ar\/portal\/#\/schema\/person\/d904a5e1011c58db8d79e823207854f4"},"headline":"Nuevas luminarias en Av. Los Cisnes","datePublished":"2025-05-28T15:48:21+00:00","dateModified":"2025-05-28T15:51:36+00:00","mainEntityOfPage":{"@id":"https:\/\/oroverde.gob.ar\/portal\/nuevas-luminarias-en-av-los-cisnes\/"},"wordCount":83,"publisher":{"@id":"https:\/\/oroverde.gob.ar\/portal\/#organization"},"image":{"@id":"https:\/\/oroverde.gob.ar\/portal\/nuevas-luminarias-en-av-los-cisnes\/#primaryimage"},"thumbnailUrl":"https:\/\/oroverde.gob.ar\/portal\/wp-content\/uploads\/2025\/05\/DSC0269-scaled.jpg","articleSection":["Municipio"],"inLanguage":"es"},{"@type":"WebPage","@id":"https:\/\/oroverde.gob.ar\/portal\/nuevas-luminarias-en-av-los-cisnes\/","url":"https:\/\/oroverde.gob.ar\/portal\/nuevas-luminarias-en-av-los-cisnes\/","name":"Nuevas luminarias en Av. Los Cisnes - Municipio de Oro Verde","isPartOf":{"@id":"https:\/\/oroverde.gob.ar\/portal\/#website"},"primaryImageOfPage":{"@id":"https:\/\/oroverde.gob.ar\/portal\/nuevas-luminarias-en-av-los-cisnes\/#primaryimage"},"image":{"@id":"https:\/\/oroverde.gob.ar\/portal\/nuevas-luminarias-en-av-los-cisnes\/#primaryimage"},"thumbnailUrl":"https:\/\/oroverde.gob.ar\/portal\/wp-content\/uploads\/2025\/05\/DSC0269-scaled.jpg","datePublished":"2025-05-28T15:48:21+00:00","dateModified":"2025-05-28T15:51:36+00:00","breadcrumb":{"@id":"https:\/\/oroverde.gob.ar\/portal\/nuevas-luminarias-en-av-los-cisnes\/#breadcrumb"},"inLanguage":"es","potentialAction":[{"@type":"ReadAction","target":["https:\/\/oroverde.gob.ar\/portal\/nuevas-luminarias-en-av-los-cisnes\/"]}]},{"@type":"ImageObject","inLanguage":"es","@id":"https:\/\/oroverde.gob.ar\/portal\/nuevas-luminarias-en-av-los-cisnes\/#primaryimage","url":"https:\/\/oroverde.gob.ar\/portal\/wp-content\/uploads\/2025\/05\/DSC0269-scaled.jpg","contentUrl":"https:\/\/oroverde.gob.ar\/portal\/wp-content\/uploads\/2025\/05\/DSC0269-scaled.jpg","width":2560,"height":1708},{"@type":"BreadcrumbList","@id":"https:\/\/oroverde.gob.ar\/portal\/nuevas-luminarias-en-av-los-cisnes\/#breadcrumb","itemListElement":[{"@type":"ListItem","position":1,"name":"Portada","item":"https:\/\/oroverde.gob.ar\/portal\/"},{"@type":"ListItem","position":2,"name":"Nuevas luminarias en Av. Los Cisnes"}]},{"@type":"WebSite","@id":"https:\/\/oroverde.gob.ar\/portal\/#website","url":"https:\/\/oroverde.gob.ar\/portal\/","name":"Municipio de Oro Verde","description":"Web Oficial","publisher":{"@id":"https:\/\/oroverde.gob.ar\/portal\/#organization"},"potentialAction":[{"@type":"SearchAction","target":{"@type":"EntryPoint","urlTemplate":"https:\/\/oroverde.gob.ar\/portal\/?s={search_term_string}"},"query-input":{"@type":"PropertyValueSpecification","valueRequired":true,"valueName":"search_term_string"}}],"inLanguage":"es"},{"@type":"Organization","@id":"https:\/\/oroverde.gob.ar\/portal\/#organization","name":"Municipio de Oro Verde","url":"https:\/\/oroverde.gob.ar\/portal\/","logo":{"@type":"ImageObject","inLanguage":"es","@id":"https:\/\/oroverde.gob.ar\/portal\/#\/schema\/logo\/image\/","url":"https:\/\/oroverde.gob.ar\/portal\/wp-content\/uploads\/2024\/06\/cropped-cropped-logo-1.png","contentUrl":"https:\/\/oroverde.gob.ar\/portal\/wp-content\/uploads\/2024\/06\/cropped-cropped-logo-1.png","width":1776,"height":738,"caption":"Municipio de Oro Verde"},"image":{"@id":"https:\/\/oroverde.gob.ar\/portal\/#\/schema\/logo\/image\/"}},{"@type":"Person","@id":"https:\/\/oroverde.gob.ar\/portal\/#\/schema\/person\/d904a5e1011c58db8d79e823207854f4","name":"Leticia","image":{"@type":"ImageObject","inLanguage":"es","@id":"https:\/\/secure.gravatar.com\/avatar\/123f2cb69f2bf9cfae92cffddba9b0ead63e22c03f87ba23c7c1a885cf667d4d?s=96&d=mm&r=g","url":"https:\/\/secure.gravatar.com\/avatar\/123f2cb69f2bf9cfae92cffddba9b0ead63e22c03f87ba23c7c1a885cf667d4d?s=96&d=mm&r=g","contentUrl":"https:\/\/secure.gravatar.com\/avatar\/123f2cb69f2bf9cfae92cffddba9b0ead63e22c03f87ba23c7c1a885cf667d4d?s=96&d=mm&r=g","caption":"Leticia"},"url":"https:\/\/oroverde.gob.ar\/portal\/author\/leticia\/"}]}},"_links":{"self":[{"href":"https:\/\/oroverde.gob.ar\/portal\/wp-json\/wp\/v2\/posts\/6095","targetHints":{"allow":["GET"]}}],"collection":[{"href":"https:\/\/oroverde.gob.ar\/portal\/wp-json\/wp\/v2\/posts"}],"about":[{"href":"https:\/\/oroverde.gob.ar\/portal\/wp-json\/wp\/v2\/types\/post"}],"author":[{"embeddable":true,"href":"https:\/\/oroverde.gob.ar\/portal\/wp-json\/wp\/v2\/users\/2"}],"replies":[{"embeddable":true,"href":"https:\/\/oroverde.gob.ar\/portal\/wp-json\/wp\/v2\/comments?post=6095"}],"version-history":[{"count":1,"href":"https:\/\/oroverde.gob.ar\/portal\/wp-json\/wp\/v2\/posts\/6095\/revisions"}],"predecessor-version":[{"id":6096,"href":"https:\/\/oroverde.gob.ar\/portal\/wp-json\/wp\/v2\/posts\/6095\/revisions\/6096"}],"wp:featuredmedia":[{"embeddable":true,"href":"https:\/\/oroverde.gob.ar\/portal\/wp-json\/wp\/v2\/media\/6097"}],"wp:attachment":[{"href":"https:\/\/oroverde.gob.ar\/portal\/wp-json\/wp\/v2\/media?parent=6095"}],"wp:term":[{"taxonomy":"category","embeddable":true,"href":"https:\/\/oroverde.gob.ar\/portal\/wp-json\/wp\/v2\/categories?post=6095"},{"taxonomy":"post_tag","embeddable":true,"href":"https:\/\/oroverde.gob.ar\/portal\/wp-json\/wp\/v2\/tags?post=6095"}],"curies":[{"name":"wp","href":"https:\/\/api.w.org\/{rel}","templated":true}]}}