{"id":6105,"date":"2025-05-29T13:59:22","date_gmt":"2025-05-29T16:59:22","guid":{"rendered":"https:\/\/oroverde.gob.ar\/portal\/?p=6105"},"modified":"2025-05-29T13:59:22","modified_gmt":"2025-05-29T16:59:22","slug":"el-secretario-de-gobierno-milton-dume-se-reunio-con-autoridades-de-vialidad-provincial","status":"publish","type":"post","link":"https:\/\/oroverde.gob.ar\/portal\/el-secretario-de-gobierno-milton-dume-se-reunio-con-autoridades-de-vialidad-provincial\/","title":{"rendered":"El secretario de Gobierno Milton Dum\u00e9 se reuni\u00f3 con autoridades de Vialidad Provincial"},"content":{"rendered":"<p>El encuentro se realiz\u00f3 a pedido del Municipio y fue encabezado por secretario de Gobierno Milton Dum\u00e9. Estuvo presente Alfredo Bel, director subadministrador de la Direcci\u00f3n de Vialidad Provincial (DPV) junto a su equipo de trabajo. Adem\u00e1s, por el Municipio participaron el coordinador general de \u00e1reas, Leonel Reynoso y el jefe de Obra P\u00fablica, Leandro Palacio. El motivo de la reuni\u00f3n fue el pedido de un grupo de vecinos de barrio El Triangular y Jorge M\u00e9ndez a Vialidad de mejoras en la trama vial en Av. Los Cisnes.<\/p>\n<p>\u00abTratamos el pedido de los vecinos vinculado principalmente al arreglo de Av. Los Cisnes y la velocidad de circulaci\u00f3n de los veh\u00edculos. Acordamos trabajar de manera conjunta para responder a esta demanda desde el Municipio y tambi\u00e9n desde Vialidad Provincial\u00bb, afirm\u00f3 Milton Dum\u00e9.<\/p>\n<p>En la nota presentada a Vialidad, solicitaron la instalaci\u00f3n de c\u00e1maras de seguridad y se\u00f1alizaci\u00f3n para asegurar el tr\u00e1nsito a una velocidad compatible con la zona urbana en el tramo que va desde el Destacamento Policial hasta Los Eucaliptos, y desde Camino de la Cuchilla desde el ingreso a Oro Verde hasta la intersecci\u00f3n con Av. Los Cisnes. Tambi\u00e9n el arreglo definitivo del pavimento en la intersecci\u00f3n de Av. Los Cisnes y Camino de la Cuchilla.<\/p>\n","protected":false},"excerpt":{"rendered":"<p>El encuentro se realiz\u00f3 a pedido del Municipio y fue encabezado por secretario de Gobierno Milton Dum\u00e9. Estuvo presente Alfredo Bel, director subadministrador de la Direcci\u00f3n de Vialidad Provincial (DPV) junto a su equipo de trabajo. Adem\u00e1s, por el Municipio participaron el coordinador &hellip;<\/p>\n","protected":false},"author":2,"featured_media":6106,"comment_status":"closed","ping_status":"closed","sticky":false,"template":"","format":"standard","meta":{"footnotes":""},"categories":[1,14],"tags":[],"class_list":["post-6105","post","type-post","status-publish","format-standard","has-post-thumbnail","hentry","category-municipio","category-noticias"],"yoast_head":"<!-- This site is optimized with the Yoast SEO plugin v27.5 - https:\/\/yoast.com\/product\/yoast-seo-wordpress\/ -->\n<title>El secretario de Gobierno Milton Dum\u00e9 se reuni\u00f3 con autoridades de Vialidad Provincial - Municipio de Oro Verde<\/title>\n<meta name=\"robots\" content=\"index, follow, max-snippet:-1, max-image-preview:large, max-video-preview:-1\" \/>\n<link rel=\"canonical\" href=\"https:\/\/oroverde.gob.ar\/portal\/el-secretario-de-gobierno-milton-dume-se-reunio-con-autoridades-de-vialidad-provincial\/\" \/>\n<meta property=\"og:locale\" content=\"es_ES\" \/>\n<meta property=\"og:type\" content=\"article\" \/>\n<meta property=\"og:title\" content=\"El secretario de Gobierno Milton Dum\u00e9 se reuni\u00f3 con autoridades de Vialidad Provincial - Municipio de Oro Verde\" \/>\n<meta property=\"og:description\" content=\"El encuentro se realiz\u00f3 a pedido del Municipio y fue encabezado por secretario de Gobierno Milton Dum\u00e9. Estuvo presente Alfredo Bel, director subadministrador de la Direcci\u00f3n de Vialidad Provincial (DPV) junto a su equipo de trabajo. Adem\u00e1s, por el Municipio participaron el coordinador &hellip;\" \/>\n<meta property=\"og:url\" content=\"https:\/\/oroverde.gob.ar\/portal\/el-secretario-de-gobierno-milton-dume-se-reunio-con-autoridades-de-vialidad-provincial\/\" \/>\n<meta property=\"og:site_name\" content=\"Municipio de Oro Verde\" \/>\n<meta property=\"article:published_time\" content=\"2025-05-29T16:59:22+00:00\" \/>\n<meta property=\"og:image\" content=\"https:\/\/oroverde.gob.ar\/portal\/wp-content\/uploads\/2025\/05\/Reunion-Municipio-Vialidad-JPG.jpg\" \/>\n\t<meta property=\"og:image:width\" content=\"1600\" \/>\n\t<meta property=\"og:image:height\" content=\"1067\" \/>\n\t<meta property=\"og:image:type\" content=\"image\/jpeg\" \/>\n<meta name=\"author\" content=\"Leticia\" \/>\n<meta name=\"twitter:card\" content=\"summary_large_image\" \/>\n<meta name=\"twitter:label1\" content=\"Escrito por\" \/>\n\t<meta name=\"twitter:data1\" content=\"Leticia\" \/>\n\t<meta name=\"twitter:label2\" content=\"Tiempo de lectura\" \/>\n\t<meta name=\"twitter:data2\" content=\"2 minutos\" \/>\n<script type=\"application\/ld+json\" class=\"yoast-schema-graph\">{\"@context\":\"https:\\\/\\\/schema.org\",\"@graph\":[{\"@type\":\"Article\",\"@id\":\"https:\\\/\\\/oroverde.gob.ar\\\/portal\\\/el-secretario-de-gobierno-milton-dume-se-reunio-con-autoridades-de-vialidad-provincial\\\/#article\",\"isPartOf\":{\"@id\":\"https:\\\/\\\/oroverde.gob.ar\\\/portal\\\/el-secretario-de-gobierno-milton-dume-se-reunio-con-autoridades-de-vialidad-provincial\\\/\"},\"author\":{\"name\":\"Leticia\",\"@id\":\"https:\\\/\\\/oroverde.gob.ar\\\/portal\\\/#\\\/schema\\\/person\\\/d904a5e1011c58db8d79e823207854f4\"},\"headline\":\"El secretario de Gobierno Milton Dum\u00e9 se reuni\u00f3 con autoridades de Vialidad Provincial\",\"datePublished\":\"2025-05-29T16:59:22+00:00\",\"mainEntityOfPage\":{\"@id\":\"https:\\\/\\\/oroverde.gob.ar\\\/portal\\\/el-secretario-de-gobierno-milton-dume-se-reunio-con-autoridades-de-vialidad-provincial\\\/\"},\"wordCount\":236,\"publisher\":{\"@id\":\"https:\\\/\\\/oroverde.gob.ar\\\/portal\\\/#organization\"},\"image\":{\"@id\":\"https:\\\/\\\/oroverde.gob.ar\\\/portal\\\/el-secretario-de-gobierno-milton-dume-se-reunio-con-autoridades-de-vialidad-provincial\\\/#primaryimage\"},\"thumbnailUrl\":\"https:\\\/\\\/oroverde.gob.ar\\\/portal\\\/wp-content\\\/uploads\\\/2025\\\/05\\\/Reunion-Municipio-Vialidad-JPG.jpg\",\"articleSection\":[\"Municipio\",\"Noticias\"],\"inLanguage\":\"es\"},{\"@type\":\"WebPage\",\"@id\":\"https:\\\/\\\/oroverde.gob.ar\\\/portal\\\/el-secretario-de-gobierno-milton-dume-se-reunio-con-autoridades-de-vialidad-provincial\\\/\",\"url\":\"https:\\\/\\\/oroverde.gob.ar\\\/portal\\\/el-secretario-de-gobierno-milton-dume-se-reunio-con-autoridades-de-vialidad-provincial\\\/\",\"name\":\"El secretario de Gobierno Milton Dum\u00e9 se reuni\u00f3 con autoridades de Vialidad Provincial - Municipio de Oro Verde\",\"isPartOf\":{\"@id\":\"https:\\\/\\\/oroverde.gob.ar\\\/portal\\\/#website\"},\"primaryImageOfPage\":{\"@id\":\"https:\\\/\\\/oroverde.gob.ar\\\/portal\\\/el-secretario-de-gobierno-milton-dume-se-reunio-con-autoridades-de-vialidad-provincial\\\/#primaryimage\"},\"image\":{\"@id\":\"https:\\\/\\\/oroverde.gob.ar\\\/portal\\\/el-secretario-de-gobierno-milton-dume-se-reunio-con-autoridades-de-vialidad-provincial\\\/#primaryimage\"},\"thumbnailUrl\":\"https:\\\/\\\/oroverde.gob.ar\\\/portal\\\/wp-content\\\/uploads\\\/2025\\\/05\\\/Reunion-Municipio-Vialidad-JPG.jpg\",\"datePublished\":\"2025-05-29T16:59:22+00:00\",\"breadcrumb\":{\"@id\":\"https:\\\/\\\/oroverde.gob.ar\\\/portal\\\/el-secretario-de-gobierno-milton-dume-se-reunio-con-autoridades-de-vialidad-provincial\\\/#breadcrumb\"},\"inLanguage\":\"es\",\"potentialAction\":[{\"@type\":\"ReadAction\",\"target\":[\"https:\\\/\\\/oroverde.gob.ar\\\/portal\\\/el-secretario-de-gobierno-milton-dume-se-reunio-con-autoridades-de-vialidad-provincial\\\/\"]}]},{\"@type\":\"ImageObject\",\"inLanguage\":\"es\",\"@id\":\"https:\\\/\\\/oroverde.gob.ar\\\/portal\\\/el-secretario-de-gobierno-milton-dume-se-reunio-con-autoridades-de-vialidad-provincial\\\/#primaryimage\",\"url\":\"https:\\\/\\\/oroverde.gob.ar\\\/portal\\\/wp-content\\\/uploads\\\/2025\\\/05\\\/Reunion-Municipio-Vialidad-JPG.jpg\",\"contentUrl\":\"https:\\\/\\\/oroverde.gob.ar\\\/portal\\\/wp-content\\\/uploads\\\/2025\\\/05\\\/Reunion-Municipio-Vialidad-JPG.jpg\",\"width\":1600,\"height\":1067},{\"@type\":\"BreadcrumbList\",\"@id\":\"https:\\\/\\\/oroverde.gob.ar\\\/portal\\\/el-secretario-de-gobierno-milton-dume-se-reunio-con-autoridades-de-vialidad-provincial\\\/#breadcrumb\",\"itemListElement\":[{\"@type\":\"ListItem\",\"position\":1,\"name\":\"Portada\",\"item\":\"https:\\\/\\\/oroverde.gob.ar\\\/portal\\\/\"},{\"@type\":\"ListItem\",\"position\":2,\"name\":\"El secretario de Gobierno Milton Dum\u00e9 se reuni\u00f3 con autoridades de Vialidad Provincial\"}]},{\"@type\":\"WebSite\",\"@id\":\"https:\\\/\\\/oroverde.gob.ar\\\/portal\\\/#website\",\"url\":\"https:\\\/\\\/oroverde.gob.ar\\\/portal\\\/\",\"name\":\"Municipio de Oro Verde\",\"description\":\"Web Oficial\",\"publisher\":{\"@id\":\"https:\\\/\\\/oroverde.gob.ar\\\/portal\\\/#organization\"},\"potentialAction\":[{\"@type\":\"SearchAction\",\"target\":{\"@type\":\"EntryPoint\",\"urlTemplate\":\"https:\\\/\\\/oroverde.gob.ar\\\/portal\\\/?s={search_term_string}\"},\"query-input\":{\"@type\":\"PropertyValueSpecification\",\"valueRequired\":true,\"valueName\":\"search_term_string\"}}],\"inLanguage\":\"es\"},{\"@type\":\"Organization\",\"@id\":\"https:\\\/\\\/oroverde.gob.ar\\\/portal\\\/#organization\",\"name\":\"Municipio de Oro Verde\",\"url\":\"https:\\\/\\\/oroverde.gob.ar\\\/portal\\\/\",\"logo\":{\"@type\":\"ImageObject\",\"inLanguage\":\"es\",\"@id\":\"https:\\\/\\\/oroverde.gob.ar\\\/portal\\\/#\\\/schema\\\/logo\\\/image\\\/\",\"url\":\"https:\\\/\\\/oroverde.gob.ar\\\/portal\\\/wp-content\\\/uploads\\\/2024\\\/06\\\/cropped-cropped-logo-1.png\",\"contentUrl\":\"https:\\\/\\\/oroverde.gob.ar\\\/portal\\\/wp-content\\\/uploads\\\/2024\\\/06\\\/cropped-cropped-logo-1.png\",\"width\":1776,\"height\":738,\"caption\":\"Municipio de Oro Verde\"},\"image\":{\"@id\":\"https:\\\/\\\/oroverde.gob.ar\\\/portal\\\/#\\\/schema\\\/logo\\\/image\\\/\"}},{\"@type\":\"Person\",\"@id\":\"https:\\\/\\\/oroverde.gob.ar\\\/portal\\\/#\\\/schema\\\/person\\\/d904a5e1011c58db8d79e823207854f4\",\"name\":\"Leticia\",\"image\":{\"@type\":\"ImageObject\",\"inLanguage\":\"es\",\"@id\":\"https:\\\/\\\/secure.gravatar.com\\\/avatar\\\/123f2cb69f2bf9cfae92cffddba9b0ead63e22c03f87ba23c7c1a885cf667d4d?s=96&d=mm&r=g\",\"url\":\"https:\\\/\\\/secure.gravatar.com\\\/avatar\\\/123f2cb69f2bf9cfae92cffddba9b0ead63e22c03f87ba23c7c1a885cf667d4d?s=96&d=mm&r=g\",\"contentUrl\":\"https:\\\/\\\/secure.gravatar.com\\\/avatar\\\/123f2cb69f2bf9cfae92cffddba9b0ead63e22c03f87ba23c7c1a885cf667d4d?s=96&d=mm&r=g\",\"caption\":\"Leticia\"},\"url\":\"https:\\\/\\\/oroverde.gob.ar\\\/portal\\\/author\\\/leticia\\\/\"}]}<\/script>\n<!-- \/ Yoast SEO plugin. -->","yoast_head_json":{"title":"El secretario de Gobierno Milton Dum\u00e9 se reuni\u00f3 con autoridades de Vialidad Provincial - Municipio de Oro Verde","robots":{"index":"index","follow":"follow","max-snippet":"max-snippet:-1","max-image-preview":"max-image-preview:large","max-video-preview":"max-video-preview:-1"},"canonical":"https:\/\/oroverde.gob.ar\/portal\/el-secretario-de-gobierno-milton-dume-se-reunio-con-autoridades-de-vialidad-provincial\/","og_locale":"es_ES","og_type":"article","og_title":"El secretario de Gobierno Milton Dum\u00e9 se reuni\u00f3 con autoridades de Vialidad Provincial - Municipio de Oro Verde","og_description":"El encuentro se realiz\u00f3 a pedido del Municipio y fue encabezado por secretario de Gobierno Milton Dum\u00e9. Estuvo presente Alfredo Bel, director subadministrador de la Direcci\u00f3n de Vialidad Provincial (DPV) junto a su equipo de trabajo. Adem\u00e1s, por el Municipio participaron el coordinador &hellip;","og_url":"https:\/\/oroverde.gob.ar\/portal\/el-secretario-de-gobierno-milton-dume-se-reunio-con-autoridades-de-vialidad-provincial\/","og_site_name":"Municipio de Oro Verde","article_published_time":"2025-05-29T16:59:22+00:00","og_image":[{"width":1600,"height":1067,"url":"https:\/\/oroverde.gob.ar\/portal\/wp-content\/uploads\/2025\/05\/Reunion-Municipio-Vialidad-JPG.jpg","type":"image\/jpeg"}],"author":"Leticia","twitter_card":"summary_large_image","twitter_misc":{"Escrito por":"Leticia","Tiempo de lectura":"2 minutos"},"schema":{"@context":"https:\/\/schema.org","@graph":[{"@type":"Article","@id":"https:\/\/oroverde.gob.ar\/portal\/el-secretario-de-gobierno-milton-dume-se-reunio-con-autoridades-de-vialidad-provincial\/#article","isPartOf":{"@id":"https:\/\/oroverde.gob.ar\/portal\/el-secretario-de-gobierno-milton-dume-se-reunio-con-autoridades-de-vialidad-provincial\/"},"author":{"name":"Leticia","@id":"https:\/\/oroverde.gob.ar\/portal\/#\/schema\/person\/d904a5e1011c58db8d79e823207854f4"},"headline":"El secretario de Gobierno Milton Dum\u00e9 se reuni\u00f3 con autoridades de Vialidad Provincial","datePublished":"2025-05-29T16:59:22+00:00","mainEntityOfPage":{"@id":"https:\/\/oroverde.gob.ar\/portal\/el-secretario-de-gobierno-milton-dume-se-reunio-con-autoridades-de-vialidad-provincial\/"},"wordCount":236,"publisher":{"@id":"https:\/\/oroverde.gob.ar\/portal\/#organization"},"image":{"@id":"https:\/\/oroverde.gob.ar\/portal\/el-secretario-de-gobierno-milton-dume-se-reunio-con-autoridades-de-vialidad-provincial\/#primaryimage"},"thumbnailUrl":"https:\/\/oroverde.gob.ar\/portal\/wp-content\/uploads\/2025\/05\/Reunion-Municipio-Vialidad-JPG.jpg","articleSection":["Municipio","Noticias"],"inLanguage":"es"},{"@type":"WebPage","@id":"https:\/\/oroverde.gob.ar\/portal\/el-secretario-de-gobierno-milton-dume-se-reunio-con-autoridades-de-vialidad-provincial\/","url":"https:\/\/oroverde.gob.ar\/portal\/el-secretario-de-gobierno-milton-dume-se-reunio-con-autoridades-de-vialidad-provincial\/","name":"El secretario de Gobierno Milton Dum\u00e9 se reuni\u00f3 con autoridades de Vialidad Provincial - Municipio de Oro Verde","isPartOf":{"@id":"https:\/\/oroverde.gob.ar\/portal\/#website"},"primaryImageOfPage":{"@id":"https:\/\/oroverde.gob.ar\/portal\/el-secretario-de-gobierno-milton-dume-se-reunio-con-autoridades-de-vialidad-provincial\/#primaryimage"},"image":{"@id":"https:\/\/oroverde.gob.ar\/portal\/el-secretario-de-gobierno-milton-dume-se-reunio-con-autoridades-de-vialidad-provincial\/#primaryimage"},"thumbnailUrl":"https:\/\/oroverde.gob.ar\/portal\/wp-content\/uploads\/2025\/05\/Reunion-Municipio-Vialidad-JPG.jpg","datePublished":"2025-05-29T16:59:22+00:00","breadcrumb":{"@id":"https:\/\/oroverde.gob.ar\/portal\/el-secretario-de-gobierno-milton-dume-se-reunio-con-autoridades-de-vialidad-provincial\/#breadcrumb"},"inLanguage":"es","potentialAction":[{"@type":"ReadAction","target":["https:\/\/oroverde.gob.ar\/portal\/el-secretario-de-gobierno-milton-dume-se-reunio-con-autoridades-de-vialidad-provincial\/"]}]},{"@type":"ImageObject","inLanguage":"es","@id":"https:\/\/oroverde.gob.ar\/portal\/el-secretario-de-gobierno-milton-dume-se-reunio-con-autoridades-de-vialidad-provincial\/#primaryimage","url":"https:\/\/oroverde.gob.ar\/portal\/wp-content\/uploads\/2025\/05\/Reunion-Municipio-Vialidad-JPG.jpg","contentUrl":"https:\/\/oroverde.gob.ar\/portal\/wp-content\/uploads\/2025\/05\/Reunion-Municipio-Vialidad-JPG.jpg","width":1600,"height":1067},{"@type":"BreadcrumbList","@id":"https:\/\/oroverde.gob.ar\/portal\/el-secretario-de-gobierno-milton-dume-se-reunio-con-autoridades-de-vialidad-provincial\/#breadcrumb","itemListElement":[{"@type":"ListItem","position":1,"name":"Portada","item":"https:\/\/oroverde.gob.ar\/portal\/"},{"@type":"ListItem","position":2,"name":"El secretario de Gobierno Milton Dum\u00e9 se reuni\u00f3 con autoridades de Vialidad Provincial"}]},{"@type":"WebSite","@id":"https:\/\/oroverde.gob.ar\/portal\/#website","url":"https:\/\/oroverde.gob.ar\/portal\/","name":"Municipio de Oro Verde","description":"Web Oficial","publisher":{"@id":"https:\/\/oroverde.gob.ar\/portal\/#organization"},"potentialAction":[{"@type":"SearchAction","target":{"@type":"EntryPoint","urlTemplate":"https:\/\/oroverde.gob.ar\/portal\/?s={search_term_string}"},"query-input":{"@type":"PropertyValueSpecification","valueRequired":true,"valueName":"search_term_string"}}],"inLanguage":"es"},{"@type":"Organization","@id":"https:\/\/oroverde.gob.ar\/portal\/#organization","name":"Municipio de Oro Verde","url":"https:\/\/oroverde.gob.ar\/portal\/","logo":{"@type":"ImageObject","inLanguage":"es","@id":"https:\/\/oroverde.gob.ar\/portal\/#\/schema\/logo\/image\/","url":"https:\/\/oroverde.gob.ar\/portal\/wp-content\/uploads\/2024\/06\/cropped-cropped-logo-1.png","contentUrl":"https:\/\/oroverde.gob.ar\/portal\/wp-content\/uploads\/2024\/06\/cropped-cropped-logo-1.png","width":1776,"height":738,"caption":"Municipio de Oro Verde"},"image":{"@id":"https:\/\/oroverde.gob.ar\/portal\/#\/schema\/logo\/image\/"}},{"@type":"Person","@id":"https:\/\/oroverde.gob.ar\/portal\/#\/schema\/person\/d904a5e1011c58db8d79e823207854f4","name":"Leticia","image":{"@type":"ImageObject","inLanguage":"es","@id":"https:\/\/secure.gravatar.com\/avatar\/123f2cb69f2bf9cfae92cffddba9b0ead63e22c03f87ba23c7c1a885cf667d4d?s=96&d=mm&r=g","url":"https:\/\/secure.gravatar.com\/avatar\/123f2cb69f2bf9cfae92cffddba9b0ead63e22c03f87ba23c7c1a885cf667d4d?s=96&d=mm&r=g","contentUrl":"https:\/\/secure.gravatar.com\/avatar\/123f2cb69f2bf9cfae92cffddba9b0ead63e22c03f87ba23c7c1a885cf667d4d?s=96&d=mm&r=g","caption":"Leticia"},"url":"https:\/\/oroverde.gob.ar\/portal\/author\/leticia\/"}]}},"_links":{"self":[{"href":"https:\/\/oroverde.gob.ar\/portal\/wp-json\/wp\/v2\/posts\/6105","targetHints":{"allow":["GET"]}}],"collection":[{"href":"https:\/\/oroverde.gob.ar\/portal\/wp-json\/wp\/v2\/posts"}],"about":[{"href":"https:\/\/oroverde.gob.ar\/portal\/wp-json\/wp\/v2\/types\/post"}],"author":[{"embeddable":true,"href":"https:\/\/oroverde.gob.ar\/portal\/wp-json\/wp\/v2\/users\/2"}],"replies":[{"embeddable":true,"href":"https:\/\/oroverde.gob.ar\/portal\/wp-json\/wp\/v2\/comments?post=6105"}],"version-history":[{"count":1,"href":"https:\/\/oroverde.gob.ar\/portal\/wp-json\/wp\/v2\/posts\/6105\/revisions"}],"predecessor-version":[{"id":6107,"href":"https:\/\/oroverde.gob.ar\/portal\/wp-json\/wp\/v2\/posts\/6105\/revisions\/6107"}],"wp:featuredmedia":[{"embeddable":true,"href":"https:\/\/oroverde.gob.ar\/portal\/wp-json\/wp\/v2\/media\/6106"}],"wp:attachment":[{"href":"https:\/\/oroverde.gob.ar\/portal\/wp-json\/wp\/v2\/media?parent=6105"}],"wp:term":[{"taxonomy":"category","embeddable":true,"href":"https:\/\/oroverde.gob.ar\/portal\/wp-json\/wp\/v2\/categories?post=6105"},{"taxonomy":"post_tag","embeddable":true,"href":"https:\/\/oroverde.gob.ar\/portal\/wp-json\/wp\/v2\/tags?post=6105"}],"curies":[{"name":"wp","href":"https:\/\/api.w.org\/{rel}","templated":true}]}}