{"id":6116,"date":"2025-05-30T12:14:44","date_gmt":"2025-05-30T15:14:44","guid":{"rendered":"https:\/\/oroverde.gob.ar\/portal\/?p=6116"},"modified":"2025-05-30T12:14:44","modified_gmt":"2025-05-30T15:14:44","slug":"este-lunes-habra-una-reunion-organizativa-de-la-fiesta-regional-del-locro-edicion-2025","status":"publish","type":"post","link":"https:\/\/oroverde.gob.ar\/portal\/este-lunes-habra-una-reunion-organizativa-de-la-fiesta-regional-del-locro-edicion-2025\/","title":{"rendered":"Este lunes habr\u00e1 una reuni\u00f3n organizativa de la Fiesta Regional del Locro edici\u00f3n 2025"},"content":{"rendered":"<div class=\"x11i5rnm xat24cr x1mh8g0r x1vvkbs xtlvy1s x126k92a\">\n<div dir=\"auto\">Las instituciones y organizaciones de Oro Verde fueron invitadas a participar de la reuni\u00f3n organizativa de la Fiesta Regional del Locro que se realizar\u00e1 este lunes 2 de junio a las 17. 30 hs. en el Quincho del Polideportivo Municipal.<\/div>\n<\/div>\n<div class=\"x11i5rnm xat24cr x1mh8g0r x1vvkbs xtlvy1s x126k92a\">\n<div dir=\"auto\"><span class=\"html-span xexx8yu x4uap5 x18d9i69 xkhd6sd x1hl2dhg x16tdsg8 x1vvkbs x3nfvp2 x1j61x8r x1fcty0u xdj266r xat24cr xgzva0m xhhsvwb xxymvpz xlup9mm x1kky2od\"><img decoding=\"async\" class=\"xz74otr x168nmei x13lgxp2 x5pf9jr xo71vjh lazyload\" data-src=\"https:\/\/static.xx.fbcdn.net\/images\/emoji.php\/v9\/t40\/1\/16\/25b6.png\" alt=\"\u25b6\ufe0f\" width=\"16\" height=\"16\" src=\"data:image\/svg+xml;base64,PHN2ZyB3aWR0aD0iMSIgaGVpZ2h0PSIxIiB4bWxucz0iaHR0cDovL3d3dy53My5vcmcvMjAwMC9zdmciPjwvc3ZnPg==\" style=\"--smush-placeholder-width: 16px; --smush-placeholder-aspect-ratio: 16\/16;\" \/><\/span> All\u00ed estar\u00e1 el intendente C\u00e9sar Clement junto a su equipo de trabajo para delinear junto a las instituciones participantes cada aspecto de la fiesta \u00abpara nosotros es central la participaci\u00f3n de nuestras instituciones, creemos que es realmente lo que garantiza su \u00e9xito. Es un evento ya instalado en la regi\u00f3n y desde el Municipio ya venimos trabajando para que todo est\u00e9 listo para el 20 de julio, con m\u00fasica en vivo y nuestro gran almuerzo criollo\u00bb.<\/div>\n<\/div>\n<div class=\"x11i5rnm xat24cr x1mh8g0r x1vvkbs xtlvy1s x126k92a\">\n<div dir=\"auto\"><span class=\"html-span xexx8yu x4uap5 x18d9i69 xkhd6sd x1hl2dhg x16tdsg8 x1vvkbs x3nfvp2 x1j61x8r x1fcty0u xdj266r xat24cr xgzva0m xhhsvwb xxymvpz xlup9mm x1kky2od\"><img decoding=\"async\" class=\"xz74otr x168nmei x13lgxp2 x5pf9jr xo71vjh lazyload\" data-src=\"https:\/\/static.xx.fbcdn.net\/images\/emoji.php\/v9\/td7\/1\/16\/1fa97.png\" alt=\"\ud83e\ude97\" width=\"16\" height=\"16\" src=\"data:image\/svg+xml;base64,PHN2ZyB3aWR0aD0iMSIgaGVpZ2h0PSIxIiB4bWxucz0iaHR0cDovL3d3dy53My5vcmcvMjAwMC9zdmciPjwvc3ZnPg==\" style=\"--smush-placeholder-width: 16px; --smush-placeholder-aspect-ratio: 16\/16;\" \/><\/span><span class=\"html-span xexx8yu x4uap5 x18d9i69 xkhd6sd x1hl2dhg x16tdsg8 x1vvkbs x3nfvp2 x1j61x8r x1fcty0u xdj266r xat24cr xgzva0m xhhsvwb xxymvpz xlup9mm x1kky2od\"><img decoding=\"async\" class=\"xz74otr x168nmei x13lgxp2 x5pf9jr xo71vjh lazyload\" data-src=\"https:\/\/static.xx.fbcdn.net\/images\/emoji.php\/v9\/t1f\/1\/16\/1f3b6.png\" alt=\"\ud83c\udfb6\" width=\"16\" height=\"16\" src=\"data:image\/svg+xml;base64,PHN2ZyB3aWR0aD0iMSIgaGVpZ2h0PSIxIiB4bWxucz0iaHR0cDovL3d3dy53My5vcmcvMjAwMC9zdmciPjwvc3ZnPg==\" style=\"--smush-placeholder-width: 16px; --smush-placeholder-aspect-ratio: 16\/16;\" \/><\/span>\u00abVamos a hacer un esfuerzo para sostener este evento para que Oro Verde forme parte del circuito de fiestas gastron\u00f3micas, y tambi\u00e9n para que las instituciones puedan obtener recursos para funcionamiento o lo que consideren necesario\u00bb, finaliz\u00f3.<\/div>\n<\/div>\n","protected":false},"excerpt":{"rendered":"<p>Las instituciones y organizaciones de Oro Verde fueron invitadas a participar de la reuni\u00f3n organizativa de la Fiesta Regional del Locro que se realizar\u00e1 este lunes 2 de junio a las 17. 30 hs. en el Quincho del Polideportivo Municipal. All\u00ed estar\u00e1 el &hellip;<\/p>\n","protected":false},"author":2,"featured_media":6117,"comment_status":"closed","ping_status":"closed","sticky":false,"template":"","format":"standard","meta":{"footnotes":""},"categories":[1,14],"tags":[],"class_list":["post-6116","post","type-post","status-publish","format-standard","has-post-thumbnail","hentry","category-municipio","category-noticias"],"yoast_head":"<!-- This site is optimized with the Yoast SEO plugin v27.5 - https:\/\/yoast.com\/product\/yoast-seo-wordpress\/ -->\n<title>Este lunes habr\u00e1 una reuni\u00f3n organizativa de la Fiesta Regional del Locro edici\u00f3n 2025 - Municipio de Oro Verde<\/title>\n<meta name=\"robots\" content=\"index, follow, max-snippet:-1, max-image-preview:large, max-video-preview:-1\" \/>\n<link rel=\"canonical\" href=\"https:\/\/oroverde.gob.ar\/portal\/este-lunes-habra-una-reunion-organizativa-de-la-fiesta-regional-del-locro-edicion-2025\/\" \/>\n<meta property=\"og:locale\" content=\"es_ES\" \/>\n<meta property=\"og:type\" content=\"article\" \/>\n<meta property=\"og:title\" content=\"Este lunes habr\u00e1 una reuni\u00f3n organizativa de la Fiesta Regional del Locro edici\u00f3n 2025 - Municipio de Oro Verde\" \/>\n<meta property=\"og:description\" content=\"Las instituciones y organizaciones de Oro Verde fueron invitadas a participar de la reuni\u00f3n organizativa de la Fiesta Regional del Locro que se realizar\u00e1 este lunes 2 de junio a las 17. 30 hs. en el Quincho del Polideportivo Municipal. All\u00ed estar\u00e1 el &hellip;\" \/>\n<meta property=\"og:url\" content=\"https:\/\/oroverde.gob.ar\/portal\/este-lunes-habra-una-reunion-organizativa-de-la-fiesta-regional-del-locro-edicion-2025\/\" \/>\n<meta property=\"og:site_name\" content=\"Municipio de Oro Verde\" \/>\n<meta property=\"article:published_time\" content=\"2025-05-30T15:14:44+00:00\" \/>\n<meta property=\"og:image\" content=\"https:\/\/oroverde.gob.ar\/portal\/wp-content\/uploads\/2025\/05\/Instituciones.jpg\" \/>\n\t<meta property=\"og:image:width\" content=\"1600\" \/>\n\t<meta property=\"og:image:height\" content=\"1066\" \/>\n\t<meta property=\"og:image:type\" content=\"image\/jpeg\" \/>\n<meta name=\"author\" content=\"Leticia\" \/>\n<meta name=\"twitter:card\" content=\"summary_large_image\" \/>\n<meta name=\"twitter:label1\" content=\"Escrito por\" \/>\n\t<meta name=\"twitter:data1\" content=\"Leticia\" \/>\n\t<meta name=\"twitter:label2\" content=\"Tiempo de lectura\" \/>\n\t<meta name=\"twitter:data2\" content=\"2 minutos\" \/>\n<script type=\"application\/ld+json\" class=\"yoast-schema-graph\">{\"@context\":\"https:\\\/\\\/schema.org\",\"@graph\":[{\"@type\":\"Article\",\"@id\":\"https:\\\/\\\/oroverde.gob.ar\\\/portal\\\/este-lunes-habra-una-reunion-organizativa-de-la-fiesta-regional-del-locro-edicion-2025\\\/#article\",\"isPartOf\":{\"@id\":\"https:\\\/\\\/oroverde.gob.ar\\\/portal\\\/este-lunes-habra-una-reunion-organizativa-de-la-fiesta-regional-del-locro-edicion-2025\\\/\"},\"author\":{\"name\":\"Leticia\",\"@id\":\"https:\\\/\\\/oroverde.gob.ar\\\/portal\\\/#\\\/schema\\\/person\\\/d904a5e1011c58db8d79e823207854f4\"},\"headline\":\"Este lunes habr\u00e1 una reuni\u00f3n organizativa de la Fiesta Regional del Locro edici\u00f3n 2025\",\"datePublished\":\"2025-05-30T15:14:44+00:00\",\"mainEntityOfPage\":{\"@id\":\"https:\\\/\\\/oroverde.gob.ar\\\/portal\\\/este-lunes-habra-una-reunion-organizativa-de-la-fiesta-regional-del-locro-edicion-2025\\\/\"},\"wordCount\":171,\"publisher\":{\"@id\":\"https:\\\/\\\/oroverde.gob.ar\\\/portal\\\/#organization\"},\"image\":{\"@id\":\"https:\\\/\\\/oroverde.gob.ar\\\/portal\\\/este-lunes-habra-una-reunion-organizativa-de-la-fiesta-regional-del-locro-edicion-2025\\\/#primaryimage\"},\"thumbnailUrl\":\"https:\\\/\\\/oroverde.gob.ar\\\/portal\\\/wp-content\\\/uploads\\\/2025\\\/05\\\/Instituciones.jpg\",\"articleSection\":[\"Municipio\",\"Noticias\"],\"inLanguage\":\"es\"},{\"@type\":\"WebPage\",\"@id\":\"https:\\\/\\\/oroverde.gob.ar\\\/portal\\\/este-lunes-habra-una-reunion-organizativa-de-la-fiesta-regional-del-locro-edicion-2025\\\/\",\"url\":\"https:\\\/\\\/oroverde.gob.ar\\\/portal\\\/este-lunes-habra-una-reunion-organizativa-de-la-fiesta-regional-del-locro-edicion-2025\\\/\",\"name\":\"Este lunes habr\u00e1 una reuni\u00f3n organizativa de la Fiesta Regional del Locro edici\u00f3n 2025 - Municipio de Oro Verde\",\"isPartOf\":{\"@id\":\"https:\\\/\\\/oroverde.gob.ar\\\/portal\\\/#website\"},\"primaryImageOfPage\":{\"@id\":\"https:\\\/\\\/oroverde.gob.ar\\\/portal\\\/este-lunes-habra-una-reunion-organizativa-de-la-fiesta-regional-del-locro-edicion-2025\\\/#primaryimage\"},\"image\":{\"@id\":\"https:\\\/\\\/oroverde.gob.ar\\\/portal\\\/este-lunes-habra-una-reunion-organizativa-de-la-fiesta-regional-del-locro-edicion-2025\\\/#primaryimage\"},\"thumbnailUrl\":\"https:\\\/\\\/oroverde.gob.ar\\\/portal\\\/wp-content\\\/uploads\\\/2025\\\/05\\\/Instituciones.jpg\",\"datePublished\":\"2025-05-30T15:14:44+00:00\",\"breadcrumb\":{\"@id\":\"https:\\\/\\\/oroverde.gob.ar\\\/portal\\\/este-lunes-habra-una-reunion-organizativa-de-la-fiesta-regional-del-locro-edicion-2025\\\/#breadcrumb\"},\"inLanguage\":\"es\",\"potentialAction\":[{\"@type\":\"ReadAction\",\"target\":[\"https:\\\/\\\/oroverde.gob.ar\\\/portal\\\/este-lunes-habra-una-reunion-organizativa-de-la-fiesta-regional-del-locro-edicion-2025\\\/\"]}]},{\"@type\":\"ImageObject\",\"inLanguage\":\"es\",\"@id\":\"https:\\\/\\\/oroverde.gob.ar\\\/portal\\\/este-lunes-habra-una-reunion-organizativa-de-la-fiesta-regional-del-locro-edicion-2025\\\/#primaryimage\",\"url\":\"https:\\\/\\\/oroverde.gob.ar\\\/portal\\\/wp-content\\\/uploads\\\/2025\\\/05\\\/Instituciones.jpg\",\"contentUrl\":\"https:\\\/\\\/oroverde.gob.ar\\\/portal\\\/wp-content\\\/uploads\\\/2025\\\/05\\\/Instituciones.jpg\",\"width\":1600,\"height\":1066},{\"@type\":\"BreadcrumbList\",\"@id\":\"https:\\\/\\\/oroverde.gob.ar\\\/portal\\\/este-lunes-habra-una-reunion-organizativa-de-la-fiesta-regional-del-locro-edicion-2025\\\/#breadcrumb\",\"itemListElement\":[{\"@type\":\"ListItem\",\"position\":1,\"name\":\"Portada\",\"item\":\"https:\\\/\\\/oroverde.gob.ar\\\/portal\\\/\"},{\"@type\":\"ListItem\",\"position\":2,\"name\":\"Este lunes habr\u00e1 una reuni\u00f3n organizativa de la Fiesta Regional del Locro edici\u00f3n 2025\"}]},{\"@type\":\"WebSite\",\"@id\":\"https:\\\/\\\/oroverde.gob.ar\\\/portal\\\/#website\",\"url\":\"https:\\\/\\\/oroverde.gob.ar\\\/portal\\\/\",\"name\":\"Municipio de Oro Verde\",\"description\":\"Web Oficial\",\"publisher\":{\"@id\":\"https:\\\/\\\/oroverde.gob.ar\\\/portal\\\/#organization\"},\"potentialAction\":[{\"@type\":\"SearchAction\",\"target\":{\"@type\":\"EntryPoint\",\"urlTemplate\":\"https:\\\/\\\/oroverde.gob.ar\\\/portal\\\/?s={search_term_string}\"},\"query-input\":{\"@type\":\"PropertyValueSpecification\",\"valueRequired\":true,\"valueName\":\"search_term_string\"}}],\"inLanguage\":\"es\"},{\"@type\":\"Organization\",\"@id\":\"https:\\\/\\\/oroverde.gob.ar\\\/portal\\\/#organization\",\"name\":\"Municipio de Oro Verde\",\"url\":\"https:\\\/\\\/oroverde.gob.ar\\\/portal\\\/\",\"logo\":{\"@type\":\"ImageObject\",\"inLanguage\":\"es\",\"@id\":\"https:\\\/\\\/oroverde.gob.ar\\\/portal\\\/#\\\/schema\\\/logo\\\/image\\\/\",\"url\":\"https:\\\/\\\/oroverde.gob.ar\\\/portal\\\/wp-content\\\/uploads\\\/2024\\\/06\\\/cropped-cropped-logo-1.png\",\"contentUrl\":\"https:\\\/\\\/oroverde.gob.ar\\\/portal\\\/wp-content\\\/uploads\\\/2024\\\/06\\\/cropped-cropped-logo-1.png\",\"width\":1776,\"height\":738,\"caption\":\"Municipio de Oro Verde\"},\"image\":{\"@id\":\"https:\\\/\\\/oroverde.gob.ar\\\/portal\\\/#\\\/schema\\\/logo\\\/image\\\/\"}},{\"@type\":\"Person\",\"@id\":\"https:\\\/\\\/oroverde.gob.ar\\\/portal\\\/#\\\/schema\\\/person\\\/d904a5e1011c58db8d79e823207854f4\",\"name\":\"Leticia\",\"image\":{\"@type\":\"ImageObject\",\"inLanguage\":\"es\",\"@id\":\"https:\\\/\\\/secure.gravatar.com\\\/avatar\\\/123f2cb69f2bf9cfae92cffddba9b0ead63e22c03f87ba23c7c1a885cf667d4d?s=96&d=mm&r=g\",\"url\":\"https:\\\/\\\/secure.gravatar.com\\\/avatar\\\/123f2cb69f2bf9cfae92cffddba9b0ead63e22c03f87ba23c7c1a885cf667d4d?s=96&d=mm&r=g\",\"contentUrl\":\"https:\\\/\\\/secure.gravatar.com\\\/avatar\\\/123f2cb69f2bf9cfae92cffddba9b0ead63e22c03f87ba23c7c1a885cf667d4d?s=96&d=mm&r=g\",\"caption\":\"Leticia\"},\"url\":\"https:\\\/\\\/oroverde.gob.ar\\\/portal\\\/author\\\/leticia\\\/\"}]}<\/script>\n<!-- \/ Yoast SEO plugin. -->","yoast_head_json":{"title":"Este lunes habr\u00e1 una reuni\u00f3n organizativa de la Fiesta Regional del Locro edici\u00f3n 2025 - Municipio de Oro Verde","robots":{"index":"index","follow":"follow","max-snippet":"max-snippet:-1","max-image-preview":"max-image-preview:large","max-video-preview":"max-video-preview:-1"},"canonical":"https:\/\/oroverde.gob.ar\/portal\/este-lunes-habra-una-reunion-organizativa-de-la-fiesta-regional-del-locro-edicion-2025\/","og_locale":"es_ES","og_type":"article","og_title":"Este lunes habr\u00e1 una reuni\u00f3n organizativa de la Fiesta Regional del Locro edici\u00f3n 2025 - Municipio de Oro Verde","og_description":"Las instituciones y organizaciones de Oro Verde fueron invitadas a participar de la reuni\u00f3n organizativa de la Fiesta Regional del Locro que se realizar\u00e1 este lunes 2 de junio a las 17. 30 hs. en el Quincho del Polideportivo Municipal. All\u00ed estar\u00e1 el &hellip;","og_url":"https:\/\/oroverde.gob.ar\/portal\/este-lunes-habra-una-reunion-organizativa-de-la-fiesta-regional-del-locro-edicion-2025\/","og_site_name":"Municipio de Oro Verde","article_published_time":"2025-05-30T15:14:44+00:00","og_image":[{"width":1600,"height":1066,"url":"https:\/\/oroverde.gob.ar\/portal\/wp-content\/uploads\/2025\/05\/Instituciones.jpg","type":"image\/jpeg"}],"author":"Leticia","twitter_card":"summary_large_image","twitter_misc":{"Escrito por":"Leticia","Tiempo de lectura":"2 minutos"},"schema":{"@context":"https:\/\/schema.org","@graph":[{"@type":"Article","@id":"https:\/\/oroverde.gob.ar\/portal\/este-lunes-habra-una-reunion-organizativa-de-la-fiesta-regional-del-locro-edicion-2025\/#article","isPartOf":{"@id":"https:\/\/oroverde.gob.ar\/portal\/este-lunes-habra-una-reunion-organizativa-de-la-fiesta-regional-del-locro-edicion-2025\/"},"author":{"name":"Leticia","@id":"https:\/\/oroverde.gob.ar\/portal\/#\/schema\/person\/d904a5e1011c58db8d79e823207854f4"},"headline":"Este lunes habr\u00e1 una reuni\u00f3n organizativa de la Fiesta Regional del Locro edici\u00f3n 2025","datePublished":"2025-05-30T15:14:44+00:00","mainEntityOfPage":{"@id":"https:\/\/oroverde.gob.ar\/portal\/este-lunes-habra-una-reunion-organizativa-de-la-fiesta-regional-del-locro-edicion-2025\/"},"wordCount":171,"publisher":{"@id":"https:\/\/oroverde.gob.ar\/portal\/#organization"},"image":{"@id":"https:\/\/oroverde.gob.ar\/portal\/este-lunes-habra-una-reunion-organizativa-de-la-fiesta-regional-del-locro-edicion-2025\/#primaryimage"},"thumbnailUrl":"https:\/\/oroverde.gob.ar\/portal\/wp-content\/uploads\/2025\/05\/Instituciones.jpg","articleSection":["Municipio","Noticias"],"inLanguage":"es"},{"@type":"WebPage","@id":"https:\/\/oroverde.gob.ar\/portal\/este-lunes-habra-una-reunion-organizativa-de-la-fiesta-regional-del-locro-edicion-2025\/","url":"https:\/\/oroverde.gob.ar\/portal\/este-lunes-habra-una-reunion-organizativa-de-la-fiesta-regional-del-locro-edicion-2025\/","name":"Este lunes habr\u00e1 una reuni\u00f3n organizativa de la Fiesta Regional del Locro edici\u00f3n 2025 - Municipio de Oro Verde","isPartOf":{"@id":"https:\/\/oroverde.gob.ar\/portal\/#website"},"primaryImageOfPage":{"@id":"https:\/\/oroverde.gob.ar\/portal\/este-lunes-habra-una-reunion-organizativa-de-la-fiesta-regional-del-locro-edicion-2025\/#primaryimage"},"image":{"@id":"https:\/\/oroverde.gob.ar\/portal\/este-lunes-habra-una-reunion-organizativa-de-la-fiesta-regional-del-locro-edicion-2025\/#primaryimage"},"thumbnailUrl":"https:\/\/oroverde.gob.ar\/portal\/wp-content\/uploads\/2025\/05\/Instituciones.jpg","datePublished":"2025-05-30T15:14:44+00:00","breadcrumb":{"@id":"https:\/\/oroverde.gob.ar\/portal\/este-lunes-habra-una-reunion-organizativa-de-la-fiesta-regional-del-locro-edicion-2025\/#breadcrumb"},"inLanguage":"es","potentialAction":[{"@type":"ReadAction","target":["https:\/\/oroverde.gob.ar\/portal\/este-lunes-habra-una-reunion-organizativa-de-la-fiesta-regional-del-locro-edicion-2025\/"]}]},{"@type":"ImageObject","inLanguage":"es","@id":"https:\/\/oroverde.gob.ar\/portal\/este-lunes-habra-una-reunion-organizativa-de-la-fiesta-regional-del-locro-edicion-2025\/#primaryimage","url":"https:\/\/oroverde.gob.ar\/portal\/wp-content\/uploads\/2025\/05\/Instituciones.jpg","contentUrl":"https:\/\/oroverde.gob.ar\/portal\/wp-content\/uploads\/2025\/05\/Instituciones.jpg","width":1600,"height":1066},{"@type":"BreadcrumbList","@id":"https:\/\/oroverde.gob.ar\/portal\/este-lunes-habra-una-reunion-organizativa-de-la-fiesta-regional-del-locro-edicion-2025\/#breadcrumb","itemListElement":[{"@type":"ListItem","position":1,"name":"Portada","item":"https:\/\/oroverde.gob.ar\/portal\/"},{"@type":"ListItem","position":2,"name":"Este lunes habr\u00e1 una reuni\u00f3n organizativa de la Fiesta Regional del Locro edici\u00f3n 2025"}]},{"@type":"WebSite","@id":"https:\/\/oroverde.gob.ar\/portal\/#website","url":"https:\/\/oroverde.gob.ar\/portal\/","name":"Municipio de Oro Verde","description":"Web Oficial","publisher":{"@id":"https:\/\/oroverde.gob.ar\/portal\/#organization"},"potentialAction":[{"@type":"SearchAction","target":{"@type":"EntryPoint","urlTemplate":"https:\/\/oroverde.gob.ar\/portal\/?s={search_term_string}"},"query-input":{"@type":"PropertyValueSpecification","valueRequired":true,"valueName":"search_term_string"}}],"inLanguage":"es"},{"@type":"Organization","@id":"https:\/\/oroverde.gob.ar\/portal\/#organization","name":"Municipio de Oro Verde","url":"https:\/\/oroverde.gob.ar\/portal\/","logo":{"@type":"ImageObject","inLanguage":"es","@id":"https:\/\/oroverde.gob.ar\/portal\/#\/schema\/logo\/image\/","url":"https:\/\/oroverde.gob.ar\/portal\/wp-content\/uploads\/2024\/06\/cropped-cropped-logo-1.png","contentUrl":"https:\/\/oroverde.gob.ar\/portal\/wp-content\/uploads\/2024\/06\/cropped-cropped-logo-1.png","width":1776,"height":738,"caption":"Municipio de Oro Verde"},"image":{"@id":"https:\/\/oroverde.gob.ar\/portal\/#\/schema\/logo\/image\/"}},{"@type":"Person","@id":"https:\/\/oroverde.gob.ar\/portal\/#\/schema\/person\/d904a5e1011c58db8d79e823207854f4","name":"Leticia","image":{"@type":"ImageObject","inLanguage":"es","@id":"https:\/\/secure.gravatar.com\/avatar\/123f2cb69f2bf9cfae92cffddba9b0ead63e22c03f87ba23c7c1a885cf667d4d?s=96&d=mm&r=g","url":"https:\/\/secure.gravatar.com\/avatar\/123f2cb69f2bf9cfae92cffddba9b0ead63e22c03f87ba23c7c1a885cf667d4d?s=96&d=mm&r=g","contentUrl":"https:\/\/secure.gravatar.com\/avatar\/123f2cb69f2bf9cfae92cffddba9b0ead63e22c03f87ba23c7c1a885cf667d4d?s=96&d=mm&r=g","caption":"Leticia"},"url":"https:\/\/oroverde.gob.ar\/portal\/author\/leticia\/"}]}},"_links":{"self":[{"href":"https:\/\/oroverde.gob.ar\/portal\/wp-json\/wp\/v2\/posts\/6116","targetHints":{"allow":["GET"]}}],"collection":[{"href":"https:\/\/oroverde.gob.ar\/portal\/wp-json\/wp\/v2\/posts"}],"about":[{"href":"https:\/\/oroverde.gob.ar\/portal\/wp-json\/wp\/v2\/types\/post"}],"author":[{"embeddable":true,"href":"https:\/\/oroverde.gob.ar\/portal\/wp-json\/wp\/v2\/users\/2"}],"replies":[{"embeddable":true,"href":"https:\/\/oroverde.gob.ar\/portal\/wp-json\/wp\/v2\/comments?post=6116"}],"version-history":[{"count":1,"href":"https:\/\/oroverde.gob.ar\/portal\/wp-json\/wp\/v2\/posts\/6116\/revisions"}],"predecessor-version":[{"id":6118,"href":"https:\/\/oroverde.gob.ar\/portal\/wp-json\/wp\/v2\/posts\/6116\/revisions\/6118"}],"wp:featuredmedia":[{"embeddable":true,"href":"https:\/\/oroverde.gob.ar\/portal\/wp-json\/wp\/v2\/media\/6117"}],"wp:attachment":[{"href":"https:\/\/oroverde.gob.ar\/portal\/wp-json\/wp\/v2\/media?parent=6116"}],"wp:term":[{"taxonomy":"category","embeddable":true,"href":"https:\/\/oroverde.gob.ar\/portal\/wp-json\/wp\/v2\/categories?post=6116"},{"taxonomy":"post_tag","embeddable":true,"href":"https:\/\/oroverde.gob.ar\/portal\/wp-json\/wp\/v2\/tags?post=6116"}],"curies":[{"name":"wp","href":"https:\/\/api.w.org\/{rel}","templated":true}]}}