{"id":6139,"date":"2025-06-03T12:51:18","date_gmt":"2025-06-03T15:51:18","guid":{"rendered":"https:\/\/oroverde.gob.ar\/portal\/?p=6139"},"modified":"2025-06-03T12:51:18","modified_gmt":"2025-06-03T15:51:18","slug":"nuevos-encuentros-de-capacitacion-para-obtener-el-carnet-de-manipulador-de-alimentos","status":"publish","type":"post","link":"https:\/\/oroverde.gob.ar\/portal\/nuevos-encuentros-de-capacitacion-para-obtener-el-carnet-de-manipulador-de-alimentos\/","title":{"rendered":"Nuevos encuentros de capacitaci\u00f3n para obtener el Carnet de Manipulador de Alimentos"},"content":{"rendered":"<div class=\"xdj266r x11i5rnm xat24cr x1mh8g0r x1vvkbs x126k92a\">\n<div dir=\"auto\"><\/div>\n<\/div>\n<div class=\"x11i5rnm xat24cr x1mh8g0r x1vvkbs xtlvy1s x126k92a\">\n<div dir=\"auto\">Ante la gran demanda de vecinos que quieren participar de esta capacitaci\u00f3n, habr\u00e1 tres encuentros. Los mi\u00e9rcoles 11, 18 y 25 ser\u00e1n estas capacitaciones para la obtenci\u00f3n del Carnet de manipulador de Alimentos. Ser\u00e1n de 14 a 17 hs en el Sal\u00f3n Auditorio del Concejo Deliberante local, ubicado en los Canarios 391.<\/div>\n<\/div>\n<div class=\"x11i5rnm xat24cr x1mh8g0r x1vvkbs xtlvy1s x126k92a\">\n<div dir=\"auto\">El cupo para la primera capacitaci\u00f3n ya est\u00e1 cubierto, pero pueden continuar inscribi\u00e9ndose a trav\u00e9s de este link: <span class=\"html-span xdj266r x11i5rnm xat24cr x1mh8g0r xexx8yu x4uap5 x18d9i69 xkhd6sd x1hl2dhg x16tdsg8 x1vvkbs\"><a class=\"x1i10hfl xjbqb8w x1ejq31n xd10rxx x1sy0etr x17r0tee x972fbf xcfux6l x1qhh985 xm0m39n x9f619 x1ypdohk xt0psk2 xe8uvvx xdj266r x11i5rnm xat24cr x1mh8g0r xexx8yu x4uap5 x18d9i69 xkhd6sd x16tdsg8 x1hl2dhg xggy1nq x1a2a7pz xkrqix3 x1sur9pj x1fey0fg x1s688f\" tabindex=\"0\" role=\"link\" href=\"https:\/\/l.facebook.com\/l.php?u=https%3A%2F%2Fforms.gle%2FFJtMCNgKDF4Lkae79%3Ffbclid%3DIwZXh0bgNhZW0CMTAAYnJpZBExckV3cFpWNm1oQ1U0Ym5POAEe-GH95XEnl1T1sdhHC7zxt3afU4HoTHUlMQ_7pJtHcveeGM6g7O9VMNauWUg_aem_XSmJmAeHi_TZfZ8RME5hQQ&amp;h=AT3EZuhNmlS_VBnh-8gieBOHzcWHzO0_Fsbfubdi3Y-W9g8oauM1SlKGF81-vhBw_mQZ7u2xFUAo1uS0kZJHh06C9Nx5YBc5rwqp8XZfhgJyEdTSLBg3o7cAUJOtNCs7Vzd06t1BfbSDHQ&amp;__tn__=-UK-R&amp;c[0]=AT25eRIrTFwfNRKO9_TTn2J2rLMmZc6vtyS05jtjD0HhAYbWBh4uHaQJiF8KPQCQdLcWTuxs_kmjvAmlx3s2NftVJmvAHF6Lv2J9VbEhNVxV0inm-uS1PO_cAhL7GbkNHD6u7VPsoRspk0dykgaPVBrZt-G0McDAERHErPhO4WLC7w5Ipvem4kmkHWmptGW6LMJdZxYIJjm_5QwrDi98dz1Q7nZ4\" target=\"_blank\" rel=\"nofollow noopener noreferrer\">https:\/\/forms.gle\/FJtMCNgKDF4Lkae79<\/a><\/span><\/div>\n<\/div>\n<div class=\"x11i5rnm xat24cr x1mh8g0r x1vvkbs xtlvy1s x126k92a\">\n<div dir=\"auto\">A todos les llegar\u00e1 un email donde se les notificar\u00e1 a cu\u00e1l de las capacitaciones deber\u00e1n asistir. El orden de inscripci\u00f3n determinar\u00e1 si participan de la primera, segunda o tercera fecha.<\/div>\n<\/div>\n","protected":false},"excerpt":{"rendered":"<p>Ante la gran demanda de vecinos que quieren participar de esta capacitaci\u00f3n, habr\u00e1 tres encuentros. Los mi\u00e9rcoles 11, 18 y 25 ser\u00e1n estas capacitaciones para la obtenci\u00f3n del Carnet de manipulador de Alimentos. Ser\u00e1n de 14 a 17 hs en el Sal\u00f3n Auditorio &hellip;<\/p>\n","protected":false},"author":3,"featured_media":6141,"comment_status":"closed","ping_status":"closed","sticky":false,"template":"","format":"standard","meta":{"footnotes":""},"categories":[1],"tags":[],"class_list":["post-6139","post","type-post","status-publish","format-standard","has-post-thumbnail","hentry","category-municipio"],"yoast_head":"<!-- This site is optimized with the Yoast SEO plugin v27.5 - https:\/\/yoast.com\/product\/yoast-seo-wordpress\/ -->\n<title>Nuevos encuentros de capacitaci\u00f3n para obtener el Carnet de Manipulador de Alimentos - Municipio de Oro Verde<\/title>\n<meta name=\"robots\" content=\"index, follow, max-snippet:-1, max-image-preview:large, max-video-preview:-1\" \/>\n<link rel=\"canonical\" href=\"https:\/\/oroverde.gob.ar\/portal\/nuevos-encuentros-de-capacitacion-para-obtener-el-carnet-de-manipulador-de-alimentos\/\" \/>\n<meta property=\"og:locale\" content=\"es_ES\" \/>\n<meta property=\"og:type\" content=\"article\" \/>\n<meta property=\"og:title\" content=\"Nuevos encuentros de capacitaci\u00f3n para obtener el Carnet de Manipulador de Alimentos - Municipio de Oro Verde\" \/>\n<meta property=\"og:description\" content=\"Ante la gran demanda de vecinos que quieren participar de esta capacitaci\u00f3n, habr\u00e1 tres encuentros. Los mi\u00e9rcoles 11, 18 y 25 ser\u00e1n estas capacitaciones para la obtenci\u00f3n del Carnet de manipulador de Alimentos. Ser\u00e1n de 14 a 17 hs en el Sal\u00f3n Auditorio &hellip;\" \/>\n<meta property=\"og:url\" content=\"https:\/\/oroverde.gob.ar\/portal\/nuevos-encuentros-de-capacitacion-para-obtener-el-carnet-de-manipulador-de-alimentos\/\" \/>\n<meta property=\"og:site_name\" content=\"Municipio de Oro Verde\" \/>\n<meta property=\"article:published_time\" content=\"2025-06-03T15:51:18+00:00\" \/>\n<meta property=\"og:image\" content=\"https:\/\/oroverde.gob.ar\/portal\/wp-content\/uploads\/2025\/06\/cap.-definitivo.jpeg\" \/>\n\t<meta property=\"og:image:width\" content=\"1080\" \/>\n\t<meta property=\"og:image:height\" content=\"1080\" \/>\n\t<meta property=\"og:image:type\" content=\"image\/jpeg\" \/>\n<meta name=\"author\" content=\"Soledad\" \/>\n<meta name=\"twitter:card\" content=\"summary_large_image\" \/>\n<meta name=\"twitter:label1\" content=\"Escrito por\" \/>\n\t<meta name=\"twitter:data1\" content=\"Soledad\" \/>\n\t<meta name=\"twitter:label2\" content=\"Tiempo de lectura\" \/>\n\t<meta name=\"twitter:data2\" content=\"1 minuto\" \/>\n<script type=\"application\/ld+json\" class=\"yoast-schema-graph\">{\"@context\":\"https:\\\/\\\/schema.org\",\"@graph\":[{\"@type\":\"Article\",\"@id\":\"https:\\\/\\\/oroverde.gob.ar\\\/portal\\\/nuevos-encuentros-de-capacitacion-para-obtener-el-carnet-de-manipulador-de-alimentos\\\/#article\",\"isPartOf\":{\"@id\":\"https:\\\/\\\/oroverde.gob.ar\\\/portal\\\/nuevos-encuentros-de-capacitacion-para-obtener-el-carnet-de-manipulador-de-alimentos\\\/\"},\"author\":{\"name\":\"Soledad\",\"@id\":\"https:\\\/\\\/oroverde.gob.ar\\\/portal\\\/#\\\/schema\\\/person\\\/b975e0cbcd43b7dcf9c64511ec84f10f\"},\"headline\":\"Nuevos encuentros de capacitaci\u00f3n para obtener el Carnet de Manipulador de Alimentos\",\"datePublished\":\"2025-06-03T15:51:18+00:00\",\"mainEntityOfPage\":{\"@id\":\"https:\\\/\\\/oroverde.gob.ar\\\/portal\\\/nuevos-encuentros-de-capacitacion-para-obtener-el-carnet-de-manipulador-de-alimentos\\\/\"},\"wordCount\":125,\"publisher\":{\"@id\":\"https:\\\/\\\/oroverde.gob.ar\\\/portal\\\/#organization\"},\"image\":{\"@id\":\"https:\\\/\\\/oroverde.gob.ar\\\/portal\\\/nuevos-encuentros-de-capacitacion-para-obtener-el-carnet-de-manipulador-de-alimentos\\\/#primaryimage\"},\"thumbnailUrl\":\"https:\\\/\\\/oroverde.gob.ar\\\/portal\\\/wp-content\\\/uploads\\\/2025\\\/06\\\/cap.-definitivo.jpeg\",\"articleSection\":[\"Municipio\"],\"inLanguage\":\"es\"},{\"@type\":\"WebPage\",\"@id\":\"https:\\\/\\\/oroverde.gob.ar\\\/portal\\\/nuevos-encuentros-de-capacitacion-para-obtener-el-carnet-de-manipulador-de-alimentos\\\/\",\"url\":\"https:\\\/\\\/oroverde.gob.ar\\\/portal\\\/nuevos-encuentros-de-capacitacion-para-obtener-el-carnet-de-manipulador-de-alimentos\\\/\",\"name\":\"Nuevos encuentros de capacitaci\u00f3n para obtener el Carnet de Manipulador de Alimentos - Municipio de Oro Verde\",\"isPartOf\":{\"@id\":\"https:\\\/\\\/oroverde.gob.ar\\\/portal\\\/#website\"},\"primaryImageOfPage\":{\"@id\":\"https:\\\/\\\/oroverde.gob.ar\\\/portal\\\/nuevos-encuentros-de-capacitacion-para-obtener-el-carnet-de-manipulador-de-alimentos\\\/#primaryimage\"},\"image\":{\"@id\":\"https:\\\/\\\/oroverde.gob.ar\\\/portal\\\/nuevos-encuentros-de-capacitacion-para-obtener-el-carnet-de-manipulador-de-alimentos\\\/#primaryimage\"},\"thumbnailUrl\":\"https:\\\/\\\/oroverde.gob.ar\\\/portal\\\/wp-content\\\/uploads\\\/2025\\\/06\\\/cap.-definitivo.jpeg\",\"datePublished\":\"2025-06-03T15:51:18+00:00\",\"breadcrumb\":{\"@id\":\"https:\\\/\\\/oroverde.gob.ar\\\/portal\\\/nuevos-encuentros-de-capacitacion-para-obtener-el-carnet-de-manipulador-de-alimentos\\\/#breadcrumb\"},\"inLanguage\":\"es\",\"potentialAction\":[{\"@type\":\"ReadAction\",\"target\":[\"https:\\\/\\\/oroverde.gob.ar\\\/portal\\\/nuevos-encuentros-de-capacitacion-para-obtener-el-carnet-de-manipulador-de-alimentos\\\/\"]}]},{\"@type\":\"ImageObject\",\"inLanguage\":\"es\",\"@id\":\"https:\\\/\\\/oroverde.gob.ar\\\/portal\\\/nuevos-encuentros-de-capacitacion-para-obtener-el-carnet-de-manipulador-de-alimentos\\\/#primaryimage\",\"url\":\"https:\\\/\\\/oroverde.gob.ar\\\/portal\\\/wp-content\\\/uploads\\\/2025\\\/06\\\/cap.-definitivo.jpeg\",\"contentUrl\":\"https:\\\/\\\/oroverde.gob.ar\\\/portal\\\/wp-content\\\/uploads\\\/2025\\\/06\\\/cap.-definitivo.jpeg\",\"width\":1080,\"height\":1080},{\"@type\":\"BreadcrumbList\",\"@id\":\"https:\\\/\\\/oroverde.gob.ar\\\/portal\\\/nuevos-encuentros-de-capacitacion-para-obtener-el-carnet-de-manipulador-de-alimentos\\\/#breadcrumb\",\"itemListElement\":[{\"@type\":\"ListItem\",\"position\":1,\"name\":\"Portada\",\"item\":\"https:\\\/\\\/oroverde.gob.ar\\\/portal\\\/\"},{\"@type\":\"ListItem\",\"position\":2,\"name\":\"Nuevos encuentros de capacitaci\u00f3n para obtener el Carnet de Manipulador de Alimentos\"}]},{\"@type\":\"WebSite\",\"@id\":\"https:\\\/\\\/oroverde.gob.ar\\\/portal\\\/#website\",\"url\":\"https:\\\/\\\/oroverde.gob.ar\\\/portal\\\/\",\"name\":\"Municipio de Oro Verde\",\"description\":\"Web Oficial\",\"publisher\":{\"@id\":\"https:\\\/\\\/oroverde.gob.ar\\\/portal\\\/#organization\"},\"potentialAction\":[{\"@type\":\"SearchAction\",\"target\":{\"@type\":\"EntryPoint\",\"urlTemplate\":\"https:\\\/\\\/oroverde.gob.ar\\\/portal\\\/?s={search_term_string}\"},\"query-input\":{\"@type\":\"PropertyValueSpecification\",\"valueRequired\":true,\"valueName\":\"search_term_string\"}}],\"inLanguage\":\"es\"},{\"@type\":\"Organization\",\"@id\":\"https:\\\/\\\/oroverde.gob.ar\\\/portal\\\/#organization\",\"name\":\"Municipio de Oro Verde\",\"url\":\"https:\\\/\\\/oroverde.gob.ar\\\/portal\\\/\",\"logo\":{\"@type\":\"ImageObject\",\"inLanguage\":\"es\",\"@id\":\"https:\\\/\\\/oroverde.gob.ar\\\/portal\\\/#\\\/schema\\\/logo\\\/image\\\/\",\"url\":\"https:\\\/\\\/oroverde.gob.ar\\\/portal\\\/wp-content\\\/uploads\\\/2024\\\/06\\\/cropped-cropped-logo-1.png\",\"contentUrl\":\"https:\\\/\\\/oroverde.gob.ar\\\/portal\\\/wp-content\\\/uploads\\\/2024\\\/06\\\/cropped-cropped-logo-1.png\",\"width\":1776,\"height\":738,\"caption\":\"Municipio de Oro Verde\"},\"image\":{\"@id\":\"https:\\\/\\\/oroverde.gob.ar\\\/portal\\\/#\\\/schema\\\/logo\\\/image\\\/\"}},{\"@type\":\"Person\",\"@id\":\"https:\\\/\\\/oroverde.gob.ar\\\/portal\\\/#\\\/schema\\\/person\\\/b975e0cbcd43b7dcf9c64511ec84f10f\",\"name\":\"Soledad\",\"image\":{\"@type\":\"ImageObject\",\"inLanguage\":\"es\",\"@id\":\"https:\\\/\\\/secure.gravatar.com\\\/avatar\\\/b2f5b6cda565395f31dc94c95932b9b3fbe6275bad58a1579843d3d1607d4a66?s=96&d=mm&r=g\",\"url\":\"https:\\\/\\\/secure.gravatar.com\\\/avatar\\\/b2f5b6cda565395f31dc94c95932b9b3fbe6275bad58a1579843d3d1607d4a66?s=96&d=mm&r=g\",\"contentUrl\":\"https:\\\/\\\/secure.gravatar.com\\\/avatar\\\/b2f5b6cda565395f31dc94c95932b9b3fbe6275bad58a1579843d3d1607d4a66?s=96&d=mm&r=g\",\"caption\":\"Soledad\"},\"url\":\"https:\\\/\\\/oroverde.gob.ar\\\/portal\\\/author\\\/soledad\\\/\"}]}<\/script>\n<!-- \/ Yoast SEO plugin. -->","yoast_head_json":{"title":"Nuevos encuentros de capacitaci\u00f3n para obtener el Carnet de Manipulador de Alimentos - Municipio de Oro Verde","robots":{"index":"index","follow":"follow","max-snippet":"max-snippet:-1","max-image-preview":"max-image-preview:large","max-video-preview":"max-video-preview:-1"},"canonical":"https:\/\/oroverde.gob.ar\/portal\/nuevos-encuentros-de-capacitacion-para-obtener-el-carnet-de-manipulador-de-alimentos\/","og_locale":"es_ES","og_type":"article","og_title":"Nuevos encuentros de capacitaci\u00f3n para obtener el Carnet de Manipulador de Alimentos - Municipio de Oro Verde","og_description":"Ante la gran demanda de vecinos que quieren participar de esta capacitaci\u00f3n, habr\u00e1 tres encuentros. Los mi\u00e9rcoles 11, 18 y 25 ser\u00e1n estas capacitaciones para la obtenci\u00f3n del Carnet de manipulador de Alimentos. Ser\u00e1n de 14 a 17 hs en el Sal\u00f3n Auditorio &hellip;","og_url":"https:\/\/oroverde.gob.ar\/portal\/nuevos-encuentros-de-capacitacion-para-obtener-el-carnet-de-manipulador-de-alimentos\/","og_site_name":"Municipio de Oro Verde","article_published_time":"2025-06-03T15:51:18+00:00","og_image":[{"width":1080,"height":1080,"url":"https:\/\/oroverde.gob.ar\/portal\/wp-content\/uploads\/2025\/06\/cap.-definitivo.jpeg","type":"image\/jpeg"}],"author":"Soledad","twitter_card":"summary_large_image","twitter_misc":{"Escrito por":"Soledad","Tiempo de lectura":"1 minuto"},"schema":{"@context":"https:\/\/schema.org","@graph":[{"@type":"Article","@id":"https:\/\/oroverde.gob.ar\/portal\/nuevos-encuentros-de-capacitacion-para-obtener-el-carnet-de-manipulador-de-alimentos\/#article","isPartOf":{"@id":"https:\/\/oroverde.gob.ar\/portal\/nuevos-encuentros-de-capacitacion-para-obtener-el-carnet-de-manipulador-de-alimentos\/"},"author":{"name":"Soledad","@id":"https:\/\/oroverde.gob.ar\/portal\/#\/schema\/person\/b975e0cbcd43b7dcf9c64511ec84f10f"},"headline":"Nuevos encuentros de capacitaci\u00f3n para obtener el Carnet de Manipulador de Alimentos","datePublished":"2025-06-03T15:51:18+00:00","mainEntityOfPage":{"@id":"https:\/\/oroverde.gob.ar\/portal\/nuevos-encuentros-de-capacitacion-para-obtener-el-carnet-de-manipulador-de-alimentos\/"},"wordCount":125,"publisher":{"@id":"https:\/\/oroverde.gob.ar\/portal\/#organization"},"image":{"@id":"https:\/\/oroverde.gob.ar\/portal\/nuevos-encuentros-de-capacitacion-para-obtener-el-carnet-de-manipulador-de-alimentos\/#primaryimage"},"thumbnailUrl":"https:\/\/oroverde.gob.ar\/portal\/wp-content\/uploads\/2025\/06\/cap.-definitivo.jpeg","articleSection":["Municipio"],"inLanguage":"es"},{"@type":"WebPage","@id":"https:\/\/oroverde.gob.ar\/portal\/nuevos-encuentros-de-capacitacion-para-obtener-el-carnet-de-manipulador-de-alimentos\/","url":"https:\/\/oroverde.gob.ar\/portal\/nuevos-encuentros-de-capacitacion-para-obtener-el-carnet-de-manipulador-de-alimentos\/","name":"Nuevos encuentros de capacitaci\u00f3n para obtener el Carnet de Manipulador de Alimentos - Municipio de Oro Verde","isPartOf":{"@id":"https:\/\/oroverde.gob.ar\/portal\/#website"},"primaryImageOfPage":{"@id":"https:\/\/oroverde.gob.ar\/portal\/nuevos-encuentros-de-capacitacion-para-obtener-el-carnet-de-manipulador-de-alimentos\/#primaryimage"},"image":{"@id":"https:\/\/oroverde.gob.ar\/portal\/nuevos-encuentros-de-capacitacion-para-obtener-el-carnet-de-manipulador-de-alimentos\/#primaryimage"},"thumbnailUrl":"https:\/\/oroverde.gob.ar\/portal\/wp-content\/uploads\/2025\/06\/cap.-definitivo.jpeg","datePublished":"2025-06-03T15:51:18+00:00","breadcrumb":{"@id":"https:\/\/oroverde.gob.ar\/portal\/nuevos-encuentros-de-capacitacion-para-obtener-el-carnet-de-manipulador-de-alimentos\/#breadcrumb"},"inLanguage":"es","potentialAction":[{"@type":"ReadAction","target":["https:\/\/oroverde.gob.ar\/portal\/nuevos-encuentros-de-capacitacion-para-obtener-el-carnet-de-manipulador-de-alimentos\/"]}]},{"@type":"ImageObject","inLanguage":"es","@id":"https:\/\/oroverde.gob.ar\/portal\/nuevos-encuentros-de-capacitacion-para-obtener-el-carnet-de-manipulador-de-alimentos\/#primaryimage","url":"https:\/\/oroverde.gob.ar\/portal\/wp-content\/uploads\/2025\/06\/cap.-definitivo.jpeg","contentUrl":"https:\/\/oroverde.gob.ar\/portal\/wp-content\/uploads\/2025\/06\/cap.-definitivo.jpeg","width":1080,"height":1080},{"@type":"BreadcrumbList","@id":"https:\/\/oroverde.gob.ar\/portal\/nuevos-encuentros-de-capacitacion-para-obtener-el-carnet-de-manipulador-de-alimentos\/#breadcrumb","itemListElement":[{"@type":"ListItem","position":1,"name":"Portada","item":"https:\/\/oroverde.gob.ar\/portal\/"},{"@type":"ListItem","position":2,"name":"Nuevos encuentros de capacitaci\u00f3n para obtener el Carnet de Manipulador de Alimentos"}]},{"@type":"WebSite","@id":"https:\/\/oroverde.gob.ar\/portal\/#website","url":"https:\/\/oroverde.gob.ar\/portal\/","name":"Municipio de Oro Verde","description":"Web Oficial","publisher":{"@id":"https:\/\/oroverde.gob.ar\/portal\/#organization"},"potentialAction":[{"@type":"SearchAction","target":{"@type":"EntryPoint","urlTemplate":"https:\/\/oroverde.gob.ar\/portal\/?s={search_term_string}"},"query-input":{"@type":"PropertyValueSpecification","valueRequired":true,"valueName":"search_term_string"}}],"inLanguage":"es"},{"@type":"Organization","@id":"https:\/\/oroverde.gob.ar\/portal\/#organization","name":"Municipio de Oro Verde","url":"https:\/\/oroverde.gob.ar\/portal\/","logo":{"@type":"ImageObject","inLanguage":"es","@id":"https:\/\/oroverde.gob.ar\/portal\/#\/schema\/logo\/image\/","url":"https:\/\/oroverde.gob.ar\/portal\/wp-content\/uploads\/2024\/06\/cropped-cropped-logo-1.png","contentUrl":"https:\/\/oroverde.gob.ar\/portal\/wp-content\/uploads\/2024\/06\/cropped-cropped-logo-1.png","width":1776,"height":738,"caption":"Municipio de Oro Verde"},"image":{"@id":"https:\/\/oroverde.gob.ar\/portal\/#\/schema\/logo\/image\/"}},{"@type":"Person","@id":"https:\/\/oroverde.gob.ar\/portal\/#\/schema\/person\/b975e0cbcd43b7dcf9c64511ec84f10f","name":"Soledad","image":{"@type":"ImageObject","inLanguage":"es","@id":"https:\/\/secure.gravatar.com\/avatar\/b2f5b6cda565395f31dc94c95932b9b3fbe6275bad58a1579843d3d1607d4a66?s=96&d=mm&r=g","url":"https:\/\/secure.gravatar.com\/avatar\/b2f5b6cda565395f31dc94c95932b9b3fbe6275bad58a1579843d3d1607d4a66?s=96&d=mm&r=g","contentUrl":"https:\/\/secure.gravatar.com\/avatar\/b2f5b6cda565395f31dc94c95932b9b3fbe6275bad58a1579843d3d1607d4a66?s=96&d=mm&r=g","caption":"Soledad"},"url":"https:\/\/oroverde.gob.ar\/portal\/author\/soledad\/"}]}},"_links":{"self":[{"href":"https:\/\/oroverde.gob.ar\/portal\/wp-json\/wp\/v2\/posts\/6139","targetHints":{"allow":["GET"]}}],"collection":[{"href":"https:\/\/oroverde.gob.ar\/portal\/wp-json\/wp\/v2\/posts"}],"about":[{"href":"https:\/\/oroverde.gob.ar\/portal\/wp-json\/wp\/v2\/types\/post"}],"author":[{"embeddable":true,"href":"https:\/\/oroverde.gob.ar\/portal\/wp-json\/wp\/v2\/users\/3"}],"replies":[{"embeddable":true,"href":"https:\/\/oroverde.gob.ar\/portal\/wp-json\/wp\/v2\/comments?post=6139"}],"version-history":[{"count":1,"href":"https:\/\/oroverde.gob.ar\/portal\/wp-json\/wp\/v2\/posts\/6139\/revisions"}],"predecessor-version":[{"id":6143,"href":"https:\/\/oroverde.gob.ar\/portal\/wp-json\/wp\/v2\/posts\/6139\/revisions\/6143"}],"wp:featuredmedia":[{"embeddable":true,"href":"https:\/\/oroverde.gob.ar\/portal\/wp-json\/wp\/v2\/media\/6141"}],"wp:attachment":[{"href":"https:\/\/oroverde.gob.ar\/portal\/wp-json\/wp\/v2\/media?parent=6139"}],"wp:term":[{"taxonomy":"category","embeddable":true,"href":"https:\/\/oroverde.gob.ar\/portal\/wp-json\/wp\/v2\/categories?post=6139"},{"taxonomy":"post_tag","embeddable":true,"href":"https:\/\/oroverde.gob.ar\/portal\/wp-json\/wp\/v2\/tags?post=6139"}],"curies":[{"name":"wp","href":"https:\/\/api.w.org\/{rel}","templated":true}]}}