{"id":6175,"date":"2025-06-06T13:08:45","date_gmt":"2025-06-06T16:08:45","guid":{"rendered":"https:\/\/oroverde.gob.ar\/portal\/?p=6175"},"modified":"2025-06-06T13:08:45","modified_gmt":"2025-06-06T16:08:45","slug":"autoridades-municipales-participaron-del-acto-por-el-dia-del-bombero-voluntario","status":"publish","type":"post","link":"https:\/\/oroverde.gob.ar\/portal\/autoridades-municipales-participaron-del-acto-por-el-dia-del-bombero-voluntario\/","title":{"rendered":"Autoridades Municipales participaron del Acto por el D\u00eda del Bombero Voluntario"},"content":{"rendered":"<div class=\"xdj266r x14z9mp xat24cr x1lziwak x1vvkbs x126k92a\">\n<div dir=\"auto\">El intendente C\u00e9sar Clement y la viceintendenta Mercedes Schvindt, asistieron al acto por el D\u00eda del Bombero Voluntario realizado este jueves en el predio de la Asociaci\u00f3n del Bomberos Voluntarios de Oro Verde, ubicado en calle Los Jacarandaes al final. Tambi\u00e9n fueron parte del evento formal los concejales Oscar Ocampo, Ernesto Roth, Amelia Gerstner, y Ver\u00f3nica Mi\u00f1o.<\/div>\n<\/div>\n<div class=\"x14z9mp xat24cr x1lziwak x1vvkbs xtlvy1s x126k92a\">\n<div dir=\"auto\">\u00a0Durante el acto del que particip\u00f3 la totalidad del cuerpo activo y los integrantes de la Asociaci\u00f3n, encabezados por su presidente, Lucas Retamar, el intendente C\u00e9sar Clement se\u00f1al\u00f3 \u201cquiero destacar a cada uno nuestros Bomberos Voluntarios, hombres y mujeres que tienen un enorme valor, dedic\u00e1ndose a los otros en los momentos m\u00e1s dif\u00edciles. Oro Verde les agradece su trabajo, y desde el Municipio vamos a acompa\u00f1arlos para fortalecer esa labor\u201d.<\/div>\n<\/div>\n","protected":false},"excerpt":{"rendered":"<p>El intendente C\u00e9sar Clement y la viceintendenta Mercedes Schvindt, asistieron al acto por el D\u00eda del Bombero Voluntario realizado este jueves en el predio de la Asociaci\u00f3n del Bomberos Voluntarios de Oro Verde, ubicado en calle Los Jacarandaes al final. Tambi\u00e9n fueron parte &hellip;<\/p>\n","protected":false},"author":3,"featured_media":6176,"comment_status":"closed","ping_status":"closed","sticky":false,"template":"","format":"standard","meta":{"footnotes":""},"categories":[1],"tags":[],"class_list":["post-6175","post","type-post","status-publish","format-standard","has-post-thumbnail","hentry","category-municipio"],"yoast_head":"<!-- This site is optimized with the Yoast SEO plugin v27.5 - https:\/\/yoast.com\/product\/yoast-seo-wordpress\/ -->\n<title>Autoridades Municipales participaron del Acto por el D\u00eda del Bombero Voluntario - Municipio de Oro Verde<\/title>\n<meta name=\"robots\" content=\"index, follow, max-snippet:-1, max-image-preview:large, max-video-preview:-1\" \/>\n<link rel=\"canonical\" href=\"https:\/\/oroverde.gob.ar\/portal\/autoridades-municipales-participaron-del-acto-por-el-dia-del-bombero-voluntario\/\" \/>\n<meta property=\"og:locale\" content=\"es_ES\" \/>\n<meta property=\"og:type\" content=\"article\" \/>\n<meta property=\"og:title\" content=\"Autoridades Municipales participaron del Acto por el D\u00eda del Bombero Voluntario - Municipio de Oro Verde\" \/>\n<meta property=\"og:description\" content=\"El intendente C\u00e9sar Clement y la viceintendenta Mercedes Schvindt, asistieron al acto por el D\u00eda del Bombero Voluntario realizado este jueves en el predio de la Asociaci\u00f3n del Bomberos Voluntarios de Oro Verde, ubicado en calle Los Jacarandaes al final. Tambi\u00e9n fueron parte &hellip;\" \/>\n<meta property=\"og:url\" content=\"https:\/\/oroverde.gob.ar\/portal\/autoridades-municipales-participaron-del-acto-por-el-dia-del-bombero-voluntario\/\" \/>\n<meta property=\"og:site_name\" content=\"Municipio de Oro Verde\" \/>\n<meta property=\"article:published_time\" content=\"2025-06-06T16:08:45+00:00\" \/>\n<meta property=\"og:image\" content=\"https:\/\/oroverde.gob.ar\/portal\/wp-content\/uploads\/2025\/06\/acto-web.jpg\" \/>\n\t<meta property=\"og:image:width\" content=\"1600\" \/>\n\t<meta property=\"og:image:height\" content=\"1067\" \/>\n\t<meta property=\"og:image:type\" content=\"image\/jpeg\" \/>\n<meta name=\"author\" content=\"Soledad\" \/>\n<meta name=\"twitter:card\" content=\"summary_large_image\" \/>\n<meta name=\"twitter:label1\" content=\"Escrito por\" \/>\n\t<meta name=\"twitter:data1\" content=\"Soledad\" \/>\n\t<meta name=\"twitter:label2\" content=\"Tiempo de lectura\" \/>\n\t<meta name=\"twitter:data2\" content=\"1 minuto\" \/>\n<script type=\"application\/ld+json\" class=\"yoast-schema-graph\">{\"@context\":\"https:\\\/\\\/schema.org\",\"@graph\":[{\"@type\":\"Article\",\"@id\":\"https:\\\/\\\/oroverde.gob.ar\\\/portal\\\/autoridades-municipales-participaron-del-acto-por-el-dia-del-bombero-voluntario\\\/#article\",\"isPartOf\":{\"@id\":\"https:\\\/\\\/oroverde.gob.ar\\\/portal\\\/autoridades-municipales-participaron-del-acto-por-el-dia-del-bombero-voluntario\\\/\"},\"author\":{\"name\":\"Soledad\",\"@id\":\"https:\\\/\\\/oroverde.gob.ar\\\/portal\\\/#\\\/schema\\\/person\\\/b975e0cbcd43b7dcf9c64511ec84f10f\"},\"headline\":\"Autoridades Municipales participaron del Acto por el D\u00eda del Bombero Voluntario\",\"datePublished\":\"2025-06-06T16:08:45+00:00\",\"mainEntityOfPage\":{\"@id\":\"https:\\\/\\\/oroverde.gob.ar\\\/portal\\\/autoridades-municipales-participaron-del-acto-por-el-dia-del-bombero-voluntario\\\/\"},\"wordCount\":152,\"publisher\":{\"@id\":\"https:\\\/\\\/oroverde.gob.ar\\\/portal\\\/#organization\"},\"image\":{\"@id\":\"https:\\\/\\\/oroverde.gob.ar\\\/portal\\\/autoridades-municipales-participaron-del-acto-por-el-dia-del-bombero-voluntario\\\/#primaryimage\"},\"thumbnailUrl\":\"https:\\\/\\\/oroverde.gob.ar\\\/portal\\\/wp-content\\\/uploads\\\/2025\\\/06\\\/acto-web.jpg\",\"articleSection\":[\"Municipio\"],\"inLanguage\":\"es\"},{\"@type\":\"WebPage\",\"@id\":\"https:\\\/\\\/oroverde.gob.ar\\\/portal\\\/autoridades-municipales-participaron-del-acto-por-el-dia-del-bombero-voluntario\\\/\",\"url\":\"https:\\\/\\\/oroverde.gob.ar\\\/portal\\\/autoridades-municipales-participaron-del-acto-por-el-dia-del-bombero-voluntario\\\/\",\"name\":\"Autoridades Municipales participaron del Acto por el D\u00eda del Bombero Voluntario - Municipio de Oro Verde\",\"isPartOf\":{\"@id\":\"https:\\\/\\\/oroverde.gob.ar\\\/portal\\\/#website\"},\"primaryImageOfPage\":{\"@id\":\"https:\\\/\\\/oroverde.gob.ar\\\/portal\\\/autoridades-municipales-participaron-del-acto-por-el-dia-del-bombero-voluntario\\\/#primaryimage\"},\"image\":{\"@id\":\"https:\\\/\\\/oroverde.gob.ar\\\/portal\\\/autoridades-municipales-participaron-del-acto-por-el-dia-del-bombero-voluntario\\\/#primaryimage\"},\"thumbnailUrl\":\"https:\\\/\\\/oroverde.gob.ar\\\/portal\\\/wp-content\\\/uploads\\\/2025\\\/06\\\/acto-web.jpg\",\"datePublished\":\"2025-06-06T16:08:45+00:00\",\"breadcrumb\":{\"@id\":\"https:\\\/\\\/oroverde.gob.ar\\\/portal\\\/autoridades-municipales-participaron-del-acto-por-el-dia-del-bombero-voluntario\\\/#breadcrumb\"},\"inLanguage\":\"es\",\"potentialAction\":[{\"@type\":\"ReadAction\",\"target\":[\"https:\\\/\\\/oroverde.gob.ar\\\/portal\\\/autoridades-municipales-participaron-del-acto-por-el-dia-del-bombero-voluntario\\\/\"]}]},{\"@type\":\"ImageObject\",\"inLanguage\":\"es\",\"@id\":\"https:\\\/\\\/oroverde.gob.ar\\\/portal\\\/autoridades-municipales-participaron-del-acto-por-el-dia-del-bombero-voluntario\\\/#primaryimage\",\"url\":\"https:\\\/\\\/oroverde.gob.ar\\\/portal\\\/wp-content\\\/uploads\\\/2025\\\/06\\\/acto-web.jpg\",\"contentUrl\":\"https:\\\/\\\/oroverde.gob.ar\\\/portal\\\/wp-content\\\/uploads\\\/2025\\\/06\\\/acto-web.jpg\",\"width\":1600,\"height\":1067},{\"@type\":\"BreadcrumbList\",\"@id\":\"https:\\\/\\\/oroverde.gob.ar\\\/portal\\\/autoridades-municipales-participaron-del-acto-por-el-dia-del-bombero-voluntario\\\/#breadcrumb\",\"itemListElement\":[{\"@type\":\"ListItem\",\"position\":1,\"name\":\"Portada\",\"item\":\"https:\\\/\\\/oroverde.gob.ar\\\/portal\\\/\"},{\"@type\":\"ListItem\",\"position\":2,\"name\":\"Autoridades Municipales participaron del Acto por el D\u00eda del Bombero Voluntario\"}]},{\"@type\":\"WebSite\",\"@id\":\"https:\\\/\\\/oroverde.gob.ar\\\/portal\\\/#website\",\"url\":\"https:\\\/\\\/oroverde.gob.ar\\\/portal\\\/\",\"name\":\"Municipio de Oro Verde\",\"description\":\"Web Oficial\",\"publisher\":{\"@id\":\"https:\\\/\\\/oroverde.gob.ar\\\/portal\\\/#organization\"},\"potentialAction\":[{\"@type\":\"SearchAction\",\"target\":{\"@type\":\"EntryPoint\",\"urlTemplate\":\"https:\\\/\\\/oroverde.gob.ar\\\/portal\\\/?s={search_term_string}\"},\"query-input\":{\"@type\":\"PropertyValueSpecification\",\"valueRequired\":true,\"valueName\":\"search_term_string\"}}],\"inLanguage\":\"es\"},{\"@type\":\"Organization\",\"@id\":\"https:\\\/\\\/oroverde.gob.ar\\\/portal\\\/#organization\",\"name\":\"Municipio de Oro Verde\",\"url\":\"https:\\\/\\\/oroverde.gob.ar\\\/portal\\\/\",\"logo\":{\"@type\":\"ImageObject\",\"inLanguage\":\"es\",\"@id\":\"https:\\\/\\\/oroverde.gob.ar\\\/portal\\\/#\\\/schema\\\/logo\\\/image\\\/\",\"url\":\"https:\\\/\\\/oroverde.gob.ar\\\/portal\\\/wp-content\\\/uploads\\\/2024\\\/06\\\/cropped-cropped-logo-1.png\",\"contentUrl\":\"https:\\\/\\\/oroverde.gob.ar\\\/portal\\\/wp-content\\\/uploads\\\/2024\\\/06\\\/cropped-cropped-logo-1.png\",\"width\":1776,\"height\":738,\"caption\":\"Municipio de Oro Verde\"},\"image\":{\"@id\":\"https:\\\/\\\/oroverde.gob.ar\\\/portal\\\/#\\\/schema\\\/logo\\\/image\\\/\"}},{\"@type\":\"Person\",\"@id\":\"https:\\\/\\\/oroverde.gob.ar\\\/portal\\\/#\\\/schema\\\/person\\\/b975e0cbcd43b7dcf9c64511ec84f10f\",\"name\":\"Soledad\",\"image\":{\"@type\":\"ImageObject\",\"inLanguage\":\"es\",\"@id\":\"https:\\\/\\\/secure.gravatar.com\\\/avatar\\\/b2f5b6cda565395f31dc94c95932b9b3fbe6275bad58a1579843d3d1607d4a66?s=96&d=mm&r=g\",\"url\":\"https:\\\/\\\/secure.gravatar.com\\\/avatar\\\/b2f5b6cda565395f31dc94c95932b9b3fbe6275bad58a1579843d3d1607d4a66?s=96&d=mm&r=g\",\"contentUrl\":\"https:\\\/\\\/secure.gravatar.com\\\/avatar\\\/b2f5b6cda565395f31dc94c95932b9b3fbe6275bad58a1579843d3d1607d4a66?s=96&d=mm&r=g\",\"caption\":\"Soledad\"},\"url\":\"https:\\\/\\\/oroverde.gob.ar\\\/portal\\\/author\\\/soledad\\\/\"}]}<\/script>\n<!-- \/ Yoast SEO plugin. -->","yoast_head_json":{"title":"Autoridades Municipales participaron del Acto por el D\u00eda del Bombero Voluntario - Municipio de Oro Verde","robots":{"index":"index","follow":"follow","max-snippet":"max-snippet:-1","max-image-preview":"max-image-preview:large","max-video-preview":"max-video-preview:-1"},"canonical":"https:\/\/oroverde.gob.ar\/portal\/autoridades-municipales-participaron-del-acto-por-el-dia-del-bombero-voluntario\/","og_locale":"es_ES","og_type":"article","og_title":"Autoridades Municipales participaron del Acto por el D\u00eda del Bombero Voluntario - Municipio de Oro Verde","og_description":"El intendente C\u00e9sar Clement y la viceintendenta Mercedes Schvindt, asistieron al acto por el D\u00eda del Bombero Voluntario realizado este jueves en el predio de la Asociaci\u00f3n del Bomberos Voluntarios de Oro Verde, ubicado en calle Los Jacarandaes al final. Tambi\u00e9n fueron parte &hellip;","og_url":"https:\/\/oroverde.gob.ar\/portal\/autoridades-municipales-participaron-del-acto-por-el-dia-del-bombero-voluntario\/","og_site_name":"Municipio de Oro Verde","article_published_time":"2025-06-06T16:08:45+00:00","og_image":[{"width":1600,"height":1067,"url":"https:\/\/oroverde.gob.ar\/portal\/wp-content\/uploads\/2025\/06\/acto-web.jpg","type":"image\/jpeg"}],"author":"Soledad","twitter_card":"summary_large_image","twitter_misc":{"Escrito por":"Soledad","Tiempo de lectura":"1 minuto"},"schema":{"@context":"https:\/\/schema.org","@graph":[{"@type":"Article","@id":"https:\/\/oroverde.gob.ar\/portal\/autoridades-municipales-participaron-del-acto-por-el-dia-del-bombero-voluntario\/#article","isPartOf":{"@id":"https:\/\/oroverde.gob.ar\/portal\/autoridades-municipales-participaron-del-acto-por-el-dia-del-bombero-voluntario\/"},"author":{"name":"Soledad","@id":"https:\/\/oroverde.gob.ar\/portal\/#\/schema\/person\/b975e0cbcd43b7dcf9c64511ec84f10f"},"headline":"Autoridades Municipales participaron del Acto por el D\u00eda del Bombero Voluntario","datePublished":"2025-06-06T16:08:45+00:00","mainEntityOfPage":{"@id":"https:\/\/oroverde.gob.ar\/portal\/autoridades-municipales-participaron-del-acto-por-el-dia-del-bombero-voluntario\/"},"wordCount":152,"publisher":{"@id":"https:\/\/oroverde.gob.ar\/portal\/#organization"},"image":{"@id":"https:\/\/oroverde.gob.ar\/portal\/autoridades-municipales-participaron-del-acto-por-el-dia-del-bombero-voluntario\/#primaryimage"},"thumbnailUrl":"https:\/\/oroverde.gob.ar\/portal\/wp-content\/uploads\/2025\/06\/acto-web.jpg","articleSection":["Municipio"],"inLanguage":"es"},{"@type":"WebPage","@id":"https:\/\/oroverde.gob.ar\/portal\/autoridades-municipales-participaron-del-acto-por-el-dia-del-bombero-voluntario\/","url":"https:\/\/oroverde.gob.ar\/portal\/autoridades-municipales-participaron-del-acto-por-el-dia-del-bombero-voluntario\/","name":"Autoridades Municipales participaron del Acto por el D\u00eda del Bombero Voluntario - Municipio de Oro Verde","isPartOf":{"@id":"https:\/\/oroverde.gob.ar\/portal\/#website"},"primaryImageOfPage":{"@id":"https:\/\/oroverde.gob.ar\/portal\/autoridades-municipales-participaron-del-acto-por-el-dia-del-bombero-voluntario\/#primaryimage"},"image":{"@id":"https:\/\/oroverde.gob.ar\/portal\/autoridades-municipales-participaron-del-acto-por-el-dia-del-bombero-voluntario\/#primaryimage"},"thumbnailUrl":"https:\/\/oroverde.gob.ar\/portal\/wp-content\/uploads\/2025\/06\/acto-web.jpg","datePublished":"2025-06-06T16:08:45+00:00","breadcrumb":{"@id":"https:\/\/oroverde.gob.ar\/portal\/autoridades-municipales-participaron-del-acto-por-el-dia-del-bombero-voluntario\/#breadcrumb"},"inLanguage":"es","potentialAction":[{"@type":"ReadAction","target":["https:\/\/oroverde.gob.ar\/portal\/autoridades-municipales-participaron-del-acto-por-el-dia-del-bombero-voluntario\/"]}]},{"@type":"ImageObject","inLanguage":"es","@id":"https:\/\/oroverde.gob.ar\/portal\/autoridades-municipales-participaron-del-acto-por-el-dia-del-bombero-voluntario\/#primaryimage","url":"https:\/\/oroverde.gob.ar\/portal\/wp-content\/uploads\/2025\/06\/acto-web.jpg","contentUrl":"https:\/\/oroverde.gob.ar\/portal\/wp-content\/uploads\/2025\/06\/acto-web.jpg","width":1600,"height":1067},{"@type":"BreadcrumbList","@id":"https:\/\/oroverde.gob.ar\/portal\/autoridades-municipales-participaron-del-acto-por-el-dia-del-bombero-voluntario\/#breadcrumb","itemListElement":[{"@type":"ListItem","position":1,"name":"Portada","item":"https:\/\/oroverde.gob.ar\/portal\/"},{"@type":"ListItem","position":2,"name":"Autoridades Municipales participaron del Acto por el D\u00eda del Bombero Voluntario"}]},{"@type":"WebSite","@id":"https:\/\/oroverde.gob.ar\/portal\/#website","url":"https:\/\/oroverde.gob.ar\/portal\/","name":"Municipio de Oro Verde","description":"Web Oficial","publisher":{"@id":"https:\/\/oroverde.gob.ar\/portal\/#organization"},"potentialAction":[{"@type":"SearchAction","target":{"@type":"EntryPoint","urlTemplate":"https:\/\/oroverde.gob.ar\/portal\/?s={search_term_string}"},"query-input":{"@type":"PropertyValueSpecification","valueRequired":true,"valueName":"search_term_string"}}],"inLanguage":"es"},{"@type":"Organization","@id":"https:\/\/oroverde.gob.ar\/portal\/#organization","name":"Municipio de Oro Verde","url":"https:\/\/oroverde.gob.ar\/portal\/","logo":{"@type":"ImageObject","inLanguage":"es","@id":"https:\/\/oroverde.gob.ar\/portal\/#\/schema\/logo\/image\/","url":"https:\/\/oroverde.gob.ar\/portal\/wp-content\/uploads\/2024\/06\/cropped-cropped-logo-1.png","contentUrl":"https:\/\/oroverde.gob.ar\/portal\/wp-content\/uploads\/2024\/06\/cropped-cropped-logo-1.png","width":1776,"height":738,"caption":"Municipio de Oro Verde"},"image":{"@id":"https:\/\/oroverde.gob.ar\/portal\/#\/schema\/logo\/image\/"}},{"@type":"Person","@id":"https:\/\/oroverde.gob.ar\/portal\/#\/schema\/person\/b975e0cbcd43b7dcf9c64511ec84f10f","name":"Soledad","image":{"@type":"ImageObject","inLanguage":"es","@id":"https:\/\/secure.gravatar.com\/avatar\/b2f5b6cda565395f31dc94c95932b9b3fbe6275bad58a1579843d3d1607d4a66?s=96&d=mm&r=g","url":"https:\/\/secure.gravatar.com\/avatar\/b2f5b6cda565395f31dc94c95932b9b3fbe6275bad58a1579843d3d1607d4a66?s=96&d=mm&r=g","contentUrl":"https:\/\/secure.gravatar.com\/avatar\/b2f5b6cda565395f31dc94c95932b9b3fbe6275bad58a1579843d3d1607d4a66?s=96&d=mm&r=g","caption":"Soledad"},"url":"https:\/\/oroverde.gob.ar\/portal\/author\/soledad\/"}]}},"_links":{"self":[{"href":"https:\/\/oroverde.gob.ar\/portal\/wp-json\/wp\/v2\/posts\/6175","targetHints":{"allow":["GET"]}}],"collection":[{"href":"https:\/\/oroverde.gob.ar\/portal\/wp-json\/wp\/v2\/posts"}],"about":[{"href":"https:\/\/oroverde.gob.ar\/portal\/wp-json\/wp\/v2\/types\/post"}],"author":[{"embeddable":true,"href":"https:\/\/oroverde.gob.ar\/portal\/wp-json\/wp\/v2\/users\/3"}],"replies":[{"embeddable":true,"href":"https:\/\/oroverde.gob.ar\/portal\/wp-json\/wp\/v2\/comments?post=6175"}],"version-history":[{"count":1,"href":"https:\/\/oroverde.gob.ar\/portal\/wp-json\/wp\/v2\/posts\/6175\/revisions"}],"predecessor-version":[{"id":6177,"href":"https:\/\/oroverde.gob.ar\/portal\/wp-json\/wp\/v2\/posts\/6175\/revisions\/6177"}],"wp:featuredmedia":[{"embeddable":true,"href":"https:\/\/oroverde.gob.ar\/portal\/wp-json\/wp\/v2\/media\/6176"}],"wp:attachment":[{"href":"https:\/\/oroverde.gob.ar\/portal\/wp-json\/wp\/v2\/media?parent=6175"}],"wp:term":[{"taxonomy":"category","embeddable":true,"href":"https:\/\/oroverde.gob.ar\/portal\/wp-json\/wp\/v2\/categories?post=6175"},{"taxonomy":"post_tag","embeddable":true,"href":"https:\/\/oroverde.gob.ar\/portal\/wp-json\/wp\/v2\/tags?post=6175"}],"curies":[{"name":"wp","href":"https:\/\/api.w.org\/{rel}","templated":true}]}}