{"id":6370,"date":"2025-07-15T12:11:22","date_gmt":"2025-07-15T15:11:22","guid":{"rendered":"https:\/\/oroverde.gob.ar\/portal\/?p=6370"},"modified":"2025-07-15T12:11:22","modified_gmt":"2025-07-15T15:11:22","slug":"cuenta-regresiva-para-la-9-fiesta-regional-del-locro","status":"publish","type":"post","link":"https:\/\/oroverde.gob.ar\/portal\/cuenta-regresiva-para-la-9-fiesta-regional-del-locro\/","title":{"rendered":"Cuenta regresiva para la 9\u00b0 Fiesta Regional del Locro"},"content":{"rendered":"<div class=\"xdj266r x14z9mp xat24cr x1lziwak x1vvkbs x126k92a\">\n<div dir=\"auto\">La novena edici\u00f3n de esta tradicional fiesta oroverdense se realizar\u00e1 este domingo 20 de julio desde las 12 hs en el Predio Multieventos (Los Sauces y Los Tordos). Con entrada libre y gratuita quienes asistan podr\u00e1n bailar al ritmo de Los Pr\u00edncipes, Noelia Telagorri, el Tr\u00edo Alegr\u00eda, Estilo Vargas, Los Hermanos Benedetich y Los Saraluce\u00f1os. Tambi\u00e9n estar\u00e1 sobre el escenario el Taller Folklore de la Facultad de Ciencias Agropecuarias.<\/div>\n<div dir=\"auto\"><\/div>\n<\/div>\n<div class=\"x14z9mp xat24cr x1lziwak x1vvkbs xtlvy1s x126k92a\">\n<div dir=\"auto\">Las instituciones de la localidad ser\u00e1n las encargadas de toda la oferta gastron\u00f3mica, donde se podr\u00e1n degustar variadas recetas del plato estrella del d\u00eda: el locro. Habr\u00e1 otras opciones de comidas t\u00edpicas y tambi\u00e9n productos aptos para cel\u00edacos. Dejamos ac\u00e1 el link con el detalle de los precios: <span class=\"html-span xdj266r x14z9mp xat24cr x1lziwak xexx8yu xyri2b x18d9i69 x1c1uobl x1hl2dhg x16tdsg8 x1vvkbs\"><a class=\"x1i10hfl xjbqb8w x1ejq31n x18oe1m7 x1sy0etr xstzfhl x972fbf x10w94by x1qhh985 x14e42zd x9f619 x1ypdohk xt0psk2 xe8uvvx xdj266r x14z9mp xat24cr x1lziwak xexx8yu xyri2b x18d9i69 x1c1uobl x16tdsg8 x1hl2dhg xggy1nq x1a2a7pz xkrqix3 x1sur9pj x1fey0fg x1s688f\" tabindex=\"0\" role=\"link\" href=\"https:\/\/l.facebook.com\/l.php?u=https%3A%2F%2Fgoo.su%2FiIjQhAL%3Ffbclid%3DIwZXh0bgNhZW0CMTAAYnJpZBExTnAzUVBqbWVvczQxOEd0SQEesylEvUFNCUtamk0MGfw3uG9Ih0Mu_-RB7kpFfBTNO6P5unZnGE688rBcmpU_aem_gRcRo8OX2DapGdbWBu-0YQ&amp;h=AT2Jat8SAYwrnJkmv1mY0xLt157PzNjoMaTsWTM2eWYZe9sej-8GrEn3BtiTdcMwUmi-1kD1knw5D4A9OS9-JWqMhk1VQQ1zzFrI0XHQYqPHIqBvvkex3sfdKgy58ZgzsEOrH0w2cuRxKQ&amp;__tn__=-UK-R&amp;c[0]=AT1amkjKN1vHLtFIkaFMEwQKDj5lzpHd3ZhyC-eIxA4J-VK2EN2c_gFsg6Vh1ad4V_8pSIDCbQPeTFq18_ic02xUIhxy4yekL3y1Ij_WTEjrRiDpWqgpWUkGeV2DvTBT7DMhLXAofIbgIGN8G5mUaATYk1-effvPZ9j8ZaV-KsTwMiXNf95xVb8qtRCa6tk9OfcxhrjLeJTyFK-rH9OZ35qNKNOg\" target=\"_blank\" rel=\"nofollow noopener noreferrer\">https:\/\/goo.su\/iIjQhAL<\/a><\/span><\/div>\n<\/div>\n<div class=\"x14z9mp xat24cr x1lziwak x1vvkbs xtlvy1s x126k92a\">\n<div dir=\"auto\">Con las ventas, instituciones, cooperadoras, asociaciones y clubes de la localidad obtienen recursos para solventar sus actividades durante el a\u00f1o.<\/div>\n<\/div>\n<div class=\"x14z9mp xat24cr x1lziwak x1vvkbs xtlvy1s x126k92a\">\n<div dir=\"auto\">Habr\u00e1 feriantes y emprendedores con excelentes propuestas. Tambi\u00e9n se van a poder comprar regalos para agasajar a los amigos en su d\u00eda.<\/div>\n<\/div>\n<div class=\"x14z9mp xat24cr x1lziwak x1vvkbs xtlvy1s x126k92a\">\n<div dir=\"auto\">Se pueden llevar sillones, mesitas, el mate y muchas ganas de pasar un gran d\u00eda.<\/div>\n<\/div>\n","protected":false},"excerpt":{"rendered":"<p>La novena edici\u00f3n de esta tradicional fiesta oroverdense se realizar\u00e1 este domingo 20 de julio desde las 12 hs en el Predio Multieventos (Los Sauces y Los Tordos). Con entrada libre y gratuita quienes asistan podr\u00e1n bailar al ritmo de Los Pr\u00edncipes, Noelia &hellip;<\/p>\n","protected":false},"author":3,"featured_media":6371,"comment_status":"closed","ping_status":"closed","sticky":false,"template":"","format":"standard","meta":{"footnotes":""},"categories":[1],"tags":[],"class_list":["post-6370","post","type-post","status-publish","format-standard","has-post-thumbnail","hentry","category-municipio"],"yoast_head":"<!-- This site is optimized with the Yoast SEO plugin v27.5 - https:\/\/yoast.com\/product\/yoast-seo-wordpress\/ -->\n<title>Cuenta regresiva para la 9\u00b0 Fiesta Regional del Locro - Municipio de Oro Verde<\/title>\n<meta name=\"robots\" content=\"index, follow, max-snippet:-1, max-image-preview:large, max-video-preview:-1\" \/>\n<link rel=\"canonical\" href=\"https:\/\/oroverde.gob.ar\/portal\/cuenta-regresiva-para-la-9-fiesta-regional-del-locro\/\" \/>\n<meta property=\"og:locale\" content=\"es_ES\" \/>\n<meta property=\"og:type\" content=\"article\" \/>\n<meta property=\"og:title\" content=\"Cuenta regresiva para la 9\u00b0 Fiesta Regional del Locro - Municipio de Oro Verde\" \/>\n<meta property=\"og:description\" content=\"La novena edici\u00f3n de esta tradicional fiesta oroverdense se realizar\u00e1 este domingo 20 de julio desde las 12 hs en el Predio Multieventos (Los Sauces y Los Tordos). Con entrada libre y gratuita quienes asistan podr\u00e1n bailar al ritmo de Los Pr\u00edncipes, Noelia &hellip;\" \/>\n<meta property=\"og:url\" content=\"https:\/\/oroverde.gob.ar\/portal\/cuenta-regresiva-para-la-9-fiesta-regional-del-locro\/\" \/>\n<meta property=\"og:site_name\" content=\"Municipio de Oro Verde\" \/>\n<meta property=\"article:published_time\" content=\"2025-07-15T15:11:22+00:00\" \/>\n<meta property=\"og:image\" content=\"https:\/\/oroverde.gob.ar\/portal\/wp-content\/uploads\/2025\/07\/general-1a.jpeg\" \/>\n\t<meta property=\"og:image:width\" content=\"1080\" \/>\n\t<meta property=\"og:image:height\" content=\"1080\" \/>\n\t<meta property=\"og:image:type\" content=\"image\/jpeg\" \/>\n<meta name=\"author\" content=\"Soledad\" \/>\n<meta name=\"twitter:card\" content=\"summary_large_image\" \/>\n<meta name=\"twitter:label1\" content=\"Escrito por\" \/>\n\t<meta name=\"twitter:data1\" content=\"Soledad\" \/>\n\t<meta name=\"twitter:label2\" content=\"Tiempo de lectura\" \/>\n\t<meta name=\"twitter:data2\" content=\"2 minutos\" \/>\n<script type=\"application\/ld+json\" class=\"yoast-schema-graph\">{\"@context\":\"https:\\\/\\\/schema.org\",\"@graph\":[{\"@type\":\"Article\",\"@id\":\"https:\\\/\\\/oroverde.gob.ar\\\/portal\\\/cuenta-regresiva-para-la-9-fiesta-regional-del-locro\\\/#article\",\"isPartOf\":{\"@id\":\"https:\\\/\\\/oroverde.gob.ar\\\/portal\\\/cuenta-regresiva-para-la-9-fiesta-regional-del-locro\\\/\"},\"author\":{\"name\":\"Soledad\",\"@id\":\"https:\\\/\\\/oroverde.gob.ar\\\/portal\\\/#\\\/schema\\\/person\\\/b975e0cbcd43b7dcf9c64511ec84f10f\"},\"headline\":\"Cuenta regresiva para la 9\u00b0 Fiesta Regional del Locro\",\"datePublished\":\"2025-07-15T15:11:22+00:00\",\"mainEntityOfPage\":{\"@id\":\"https:\\\/\\\/oroverde.gob.ar\\\/portal\\\/cuenta-regresiva-para-la-9-fiesta-regional-del-locro\\\/\"},\"wordCount\":202,\"publisher\":{\"@id\":\"https:\\\/\\\/oroverde.gob.ar\\\/portal\\\/#organization\"},\"image\":{\"@id\":\"https:\\\/\\\/oroverde.gob.ar\\\/portal\\\/cuenta-regresiva-para-la-9-fiesta-regional-del-locro\\\/#primaryimage\"},\"thumbnailUrl\":\"https:\\\/\\\/oroverde.gob.ar\\\/portal\\\/wp-content\\\/uploads\\\/2025\\\/07\\\/general-1a.jpeg\",\"articleSection\":[\"Municipio\"],\"inLanguage\":\"es\"},{\"@type\":\"WebPage\",\"@id\":\"https:\\\/\\\/oroverde.gob.ar\\\/portal\\\/cuenta-regresiva-para-la-9-fiesta-regional-del-locro\\\/\",\"url\":\"https:\\\/\\\/oroverde.gob.ar\\\/portal\\\/cuenta-regresiva-para-la-9-fiesta-regional-del-locro\\\/\",\"name\":\"Cuenta regresiva para la 9\u00b0 Fiesta Regional del Locro - Municipio de Oro Verde\",\"isPartOf\":{\"@id\":\"https:\\\/\\\/oroverde.gob.ar\\\/portal\\\/#website\"},\"primaryImageOfPage\":{\"@id\":\"https:\\\/\\\/oroverde.gob.ar\\\/portal\\\/cuenta-regresiva-para-la-9-fiesta-regional-del-locro\\\/#primaryimage\"},\"image\":{\"@id\":\"https:\\\/\\\/oroverde.gob.ar\\\/portal\\\/cuenta-regresiva-para-la-9-fiesta-regional-del-locro\\\/#primaryimage\"},\"thumbnailUrl\":\"https:\\\/\\\/oroverde.gob.ar\\\/portal\\\/wp-content\\\/uploads\\\/2025\\\/07\\\/general-1a.jpeg\",\"datePublished\":\"2025-07-15T15:11:22+00:00\",\"breadcrumb\":{\"@id\":\"https:\\\/\\\/oroverde.gob.ar\\\/portal\\\/cuenta-regresiva-para-la-9-fiesta-regional-del-locro\\\/#breadcrumb\"},\"inLanguage\":\"es\",\"potentialAction\":[{\"@type\":\"ReadAction\",\"target\":[\"https:\\\/\\\/oroverde.gob.ar\\\/portal\\\/cuenta-regresiva-para-la-9-fiesta-regional-del-locro\\\/\"]}]},{\"@type\":\"ImageObject\",\"inLanguage\":\"es\",\"@id\":\"https:\\\/\\\/oroverde.gob.ar\\\/portal\\\/cuenta-regresiva-para-la-9-fiesta-regional-del-locro\\\/#primaryimage\",\"url\":\"https:\\\/\\\/oroverde.gob.ar\\\/portal\\\/wp-content\\\/uploads\\\/2025\\\/07\\\/general-1a.jpeg\",\"contentUrl\":\"https:\\\/\\\/oroverde.gob.ar\\\/portal\\\/wp-content\\\/uploads\\\/2025\\\/07\\\/general-1a.jpeg\",\"width\":1080,\"height\":1080},{\"@type\":\"BreadcrumbList\",\"@id\":\"https:\\\/\\\/oroverde.gob.ar\\\/portal\\\/cuenta-regresiva-para-la-9-fiesta-regional-del-locro\\\/#breadcrumb\",\"itemListElement\":[{\"@type\":\"ListItem\",\"position\":1,\"name\":\"Portada\",\"item\":\"https:\\\/\\\/oroverde.gob.ar\\\/portal\\\/\"},{\"@type\":\"ListItem\",\"position\":2,\"name\":\"Cuenta regresiva para la 9\u00b0 Fiesta Regional del Locro\"}]},{\"@type\":\"WebSite\",\"@id\":\"https:\\\/\\\/oroverde.gob.ar\\\/portal\\\/#website\",\"url\":\"https:\\\/\\\/oroverde.gob.ar\\\/portal\\\/\",\"name\":\"Municipio de Oro Verde\",\"description\":\"Web Oficial\",\"publisher\":{\"@id\":\"https:\\\/\\\/oroverde.gob.ar\\\/portal\\\/#organization\"},\"potentialAction\":[{\"@type\":\"SearchAction\",\"target\":{\"@type\":\"EntryPoint\",\"urlTemplate\":\"https:\\\/\\\/oroverde.gob.ar\\\/portal\\\/?s={search_term_string}\"},\"query-input\":{\"@type\":\"PropertyValueSpecification\",\"valueRequired\":true,\"valueName\":\"search_term_string\"}}],\"inLanguage\":\"es\"},{\"@type\":\"Organization\",\"@id\":\"https:\\\/\\\/oroverde.gob.ar\\\/portal\\\/#organization\",\"name\":\"Municipio de Oro Verde\",\"url\":\"https:\\\/\\\/oroverde.gob.ar\\\/portal\\\/\",\"logo\":{\"@type\":\"ImageObject\",\"inLanguage\":\"es\",\"@id\":\"https:\\\/\\\/oroverde.gob.ar\\\/portal\\\/#\\\/schema\\\/logo\\\/image\\\/\",\"url\":\"https:\\\/\\\/oroverde.gob.ar\\\/portal\\\/wp-content\\\/uploads\\\/2024\\\/06\\\/cropped-cropped-logo-1.png\",\"contentUrl\":\"https:\\\/\\\/oroverde.gob.ar\\\/portal\\\/wp-content\\\/uploads\\\/2024\\\/06\\\/cropped-cropped-logo-1.png\",\"width\":1776,\"height\":738,\"caption\":\"Municipio de Oro Verde\"},\"image\":{\"@id\":\"https:\\\/\\\/oroverde.gob.ar\\\/portal\\\/#\\\/schema\\\/logo\\\/image\\\/\"}},{\"@type\":\"Person\",\"@id\":\"https:\\\/\\\/oroverde.gob.ar\\\/portal\\\/#\\\/schema\\\/person\\\/b975e0cbcd43b7dcf9c64511ec84f10f\",\"name\":\"Soledad\",\"image\":{\"@type\":\"ImageObject\",\"inLanguage\":\"es\",\"@id\":\"https:\\\/\\\/secure.gravatar.com\\\/avatar\\\/b2f5b6cda565395f31dc94c95932b9b3fbe6275bad58a1579843d3d1607d4a66?s=96&d=mm&r=g\",\"url\":\"https:\\\/\\\/secure.gravatar.com\\\/avatar\\\/b2f5b6cda565395f31dc94c95932b9b3fbe6275bad58a1579843d3d1607d4a66?s=96&d=mm&r=g\",\"contentUrl\":\"https:\\\/\\\/secure.gravatar.com\\\/avatar\\\/b2f5b6cda565395f31dc94c95932b9b3fbe6275bad58a1579843d3d1607d4a66?s=96&d=mm&r=g\",\"caption\":\"Soledad\"},\"url\":\"https:\\\/\\\/oroverde.gob.ar\\\/portal\\\/author\\\/soledad\\\/\"}]}<\/script>\n<!-- \/ Yoast SEO plugin. -->","yoast_head_json":{"title":"Cuenta regresiva para la 9\u00b0 Fiesta Regional del Locro - Municipio de Oro Verde","robots":{"index":"index","follow":"follow","max-snippet":"max-snippet:-1","max-image-preview":"max-image-preview:large","max-video-preview":"max-video-preview:-1"},"canonical":"https:\/\/oroverde.gob.ar\/portal\/cuenta-regresiva-para-la-9-fiesta-regional-del-locro\/","og_locale":"es_ES","og_type":"article","og_title":"Cuenta regresiva para la 9\u00b0 Fiesta Regional del Locro - Municipio de Oro Verde","og_description":"La novena edici\u00f3n de esta tradicional fiesta oroverdense se realizar\u00e1 este domingo 20 de julio desde las 12 hs en el Predio Multieventos (Los Sauces y Los Tordos). Con entrada libre y gratuita quienes asistan podr\u00e1n bailar al ritmo de Los Pr\u00edncipes, Noelia &hellip;","og_url":"https:\/\/oroverde.gob.ar\/portal\/cuenta-regresiva-para-la-9-fiesta-regional-del-locro\/","og_site_name":"Municipio de Oro Verde","article_published_time":"2025-07-15T15:11:22+00:00","og_image":[{"width":1080,"height":1080,"url":"https:\/\/oroverde.gob.ar\/portal\/wp-content\/uploads\/2025\/07\/general-1a.jpeg","type":"image\/jpeg"}],"author":"Soledad","twitter_card":"summary_large_image","twitter_misc":{"Escrito por":"Soledad","Tiempo de lectura":"2 minutos"},"schema":{"@context":"https:\/\/schema.org","@graph":[{"@type":"Article","@id":"https:\/\/oroverde.gob.ar\/portal\/cuenta-regresiva-para-la-9-fiesta-regional-del-locro\/#article","isPartOf":{"@id":"https:\/\/oroverde.gob.ar\/portal\/cuenta-regresiva-para-la-9-fiesta-regional-del-locro\/"},"author":{"name":"Soledad","@id":"https:\/\/oroverde.gob.ar\/portal\/#\/schema\/person\/b975e0cbcd43b7dcf9c64511ec84f10f"},"headline":"Cuenta regresiva para la 9\u00b0 Fiesta Regional del Locro","datePublished":"2025-07-15T15:11:22+00:00","mainEntityOfPage":{"@id":"https:\/\/oroverde.gob.ar\/portal\/cuenta-regresiva-para-la-9-fiesta-regional-del-locro\/"},"wordCount":202,"publisher":{"@id":"https:\/\/oroverde.gob.ar\/portal\/#organization"},"image":{"@id":"https:\/\/oroverde.gob.ar\/portal\/cuenta-regresiva-para-la-9-fiesta-regional-del-locro\/#primaryimage"},"thumbnailUrl":"https:\/\/oroverde.gob.ar\/portal\/wp-content\/uploads\/2025\/07\/general-1a.jpeg","articleSection":["Municipio"],"inLanguage":"es"},{"@type":"WebPage","@id":"https:\/\/oroverde.gob.ar\/portal\/cuenta-regresiva-para-la-9-fiesta-regional-del-locro\/","url":"https:\/\/oroverde.gob.ar\/portal\/cuenta-regresiva-para-la-9-fiesta-regional-del-locro\/","name":"Cuenta regresiva para la 9\u00b0 Fiesta Regional del Locro - Municipio de Oro Verde","isPartOf":{"@id":"https:\/\/oroverde.gob.ar\/portal\/#website"},"primaryImageOfPage":{"@id":"https:\/\/oroverde.gob.ar\/portal\/cuenta-regresiva-para-la-9-fiesta-regional-del-locro\/#primaryimage"},"image":{"@id":"https:\/\/oroverde.gob.ar\/portal\/cuenta-regresiva-para-la-9-fiesta-regional-del-locro\/#primaryimage"},"thumbnailUrl":"https:\/\/oroverde.gob.ar\/portal\/wp-content\/uploads\/2025\/07\/general-1a.jpeg","datePublished":"2025-07-15T15:11:22+00:00","breadcrumb":{"@id":"https:\/\/oroverde.gob.ar\/portal\/cuenta-regresiva-para-la-9-fiesta-regional-del-locro\/#breadcrumb"},"inLanguage":"es","potentialAction":[{"@type":"ReadAction","target":["https:\/\/oroverde.gob.ar\/portal\/cuenta-regresiva-para-la-9-fiesta-regional-del-locro\/"]}]},{"@type":"ImageObject","inLanguage":"es","@id":"https:\/\/oroverde.gob.ar\/portal\/cuenta-regresiva-para-la-9-fiesta-regional-del-locro\/#primaryimage","url":"https:\/\/oroverde.gob.ar\/portal\/wp-content\/uploads\/2025\/07\/general-1a.jpeg","contentUrl":"https:\/\/oroverde.gob.ar\/portal\/wp-content\/uploads\/2025\/07\/general-1a.jpeg","width":1080,"height":1080},{"@type":"BreadcrumbList","@id":"https:\/\/oroverde.gob.ar\/portal\/cuenta-regresiva-para-la-9-fiesta-regional-del-locro\/#breadcrumb","itemListElement":[{"@type":"ListItem","position":1,"name":"Portada","item":"https:\/\/oroverde.gob.ar\/portal\/"},{"@type":"ListItem","position":2,"name":"Cuenta regresiva para la 9\u00b0 Fiesta Regional del Locro"}]},{"@type":"WebSite","@id":"https:\/\/oroverde.gob.ar\/portal\/#website","url":"https:\/\/oroverde.gob.ar\/portal\/","name":"Municipio de Oro Verde","description":"Web Oficial","publisher":{"@id":"https:\/\/oroverde.gob.ar\/portal\/#organization"},"potentialAction":[{"@type":"SearchAction","target":{"@type":"EntryPoint","urlTemplate":"https:\/\/oroverde.gob.ar\/portal\/?s={search_term_string}"},"query-input":{"@type":"PropertyValueSpecification","valueRequired":true,"valueName":"search_term_string"}}],"inLanguage":"es"},{"@type":"Organization","@id":"https:\/\/oroverde.gob.ar\/portal\/#organization","name":"Municipio de Oro Verde","url":"https:\/\/oroverde.gob.ar\/portal\/","logo":{"@type":"ImageObject","inLanguage":"es","@id":"https:\/\/oroverde.gob.ar\/portal\/#\/schema\/logo\/image\/","url":"https:\/\/oroverde.gob.ar\/portal\/wp-content\/uploads\/2024\/06\/cropped-cropped-logo-1.png","contentUrl":"https:\/\/oroverde.gob.ar\/portal\/wp-content\/uploads\/2024\/06\/cropped-cropped-logo-1.png","width":1776,"height":738,"caption":"Municipio de Oro Verde"},"image":{"@id":"https:\/\/oroverde.gob.ar\/portal\/#\/schema\/logo\/image\/"}},{"@type":"Person","@id":"https:\/\/oroverde.gob.ar\/portal\/#\/schema\/person\/b975e0cbcd43b7dcf9c64511ec84f10f","name":"Soledad","image":{"@type":"ImageObject","inLanguage":"es","@id":"https:\/\/secure.gravatar.com\/avatar\/b2f5b6cda565395f31dc94c95932b9b3fbe6275bad58a1579843d3d1607d4a66?s=96&d=mm&r=g","url":"https:\/\/secure.gravatar.com\/avatar\/b2f5b6cda565395f31dc94c95932b9b3fbe6275bad58a1579843d3d1607d4a66?s=96&d=mm&r=g","contentUrl":"https:\/\/secure.gravatar.com\/avatar\/b2f5b6cda565395f31dc94c95932b9b3fbe6275bad58a1579843d3d1607d4a66?s=96&d=mm&r=g","caption":"Soledad"},"url":"https:\/\/oroverde.gob.ar\/portal\/author\/soledad\/"}]}},"_links":{"self":[{"href":"https:\/\/oroverde.gob.ar\/portal\/wp-json\/wp\/v2\/posts\/6370","targetHints":{"allow":["GET"]}}],"collection":[{"href":"https:\/\/oroverde.gob.ar\/portal\/wp-json\/wp\/v2\/posts"}],"about":[{"href":"https:\/\/oroverde.gob.ar\/portal\/wp-json\/wp\/v2\/types\/post"}],"author":[{"embeddable":true,"href":"https:\/\/oroverde.gob.ar\/portal\/wp-json\/wp\/v2\/users\/3"}],"replies":[{"embeddable":true,"href":"https:\/\/oroverde.gob.ar\/portal\/wp-json\/wp\/v2\/comments?post=6370"}],"version-history":[{"count":1,"href":"https:\/\/oroverde.gob.ar\/portal\/wp-json\/wp\/v2\/posts\/6370\/revisions"}],"predecessor-version":[{"id":6372,"href":"https:\/\/oroverde.gob.ar\/portal\/wp-json\/wp\/v2\/posts\/6370\/revisions\/6372"}],"wp:featuredmedia":[{"embeddable":true,"href":"https:\/\/oroverde.gob.ar\/portal\/wp-json\/wp\/v2\/media\/6371"}],"wp:attachment":[{"href":"https:\/\/oroverde.gob.ar\/portal\/wp-json\/wp\/v2\/media?parent=6370"}],"wp:term":[{"taxonomy":"category","embeddable":true,"href":"https:\/\/oroverde.gob.ar\/portal\/wp-json\/wp\/v2\/categories?post=6370"},{"taxonomy":"post_tag","embeddable":true,"href":"https:\/\/oroverde.gob.ar\/portal\/wp-json\/wp\/v2\/tags?post=6370"}],"curies":[{"name":"wp","href":"https:\/\/api.w.org\/{rel}","templated":true}]}}