{"id":6378,"date":"2025-07-16T10:56:00","date_gmt":"2025-07-16T13:56:00","guid":{"rendered":"https:\/\/oroverde.gob.ar\/portal\/?p=6378"},"modified":"2025-07-17T11:49:30","modified_gmt":"2025-07-17T14:49:30","slug":"vacaciones-de-invierno-actividades-para-esta-semana","status":"publish","type":"post","link":"https:\/\/oroverde.gob.ar\/portal\/vacaciones-de-invierno-actividades-para-esta-semana\/","title":{"rendered":"Vacaciones de invierno: actividades para esta semana"},"content":{"rendered":"<div class=\"xdj266r x14z9mp xat24cr x1lziwak x1vvkbs x126k92a\">\n<div dir=\"auto\">Durante estas vacaciones de invierno, el Municipio de Oro Verde ofrece diversas actividades gratuitas para disfrutar en familia. Gran parte de estos talleres est\u00e1n destinados a las infancias, a partir de los 5 en adelante.<\/div>\n<\/div>\n<div class=\"x14z9mp xat24cr x1lziwak x1vvkbs xtlvy1s x126k92a\">\n<div dir=\"auto\">Recordamos que hoy de 15 a 17 se realizar\u00e1 en el Centro Integrador Comunitario el taller \u201cCocineritos\u201d. El cupo est\u00e1 completo.<\/div>\n<\/div>\n<div class=\"x14z9mp xat24cr x1lziwak x1vvkbs xtlvy1s x126k92a\">\n<div dir=\"auto\">Este jueves 17 de julio se proyectar\u00e1 la pel\u00edcula infantil \u00bb La Canci\u00f3n del mar\u00bb. Ser\u00e1 en el Centro Integrador Comunitario (Av. Los Cha\u00f1ares 397) Hora: 15 a 17 hs.<\/div>\n<\/div>\n<div class=\"x14z9mp xat24cr x1lziwak x1vvkbs xtlvy1s x126k92a\">\n<div dir=\"auto\">El viernes 18 de julio estar\u00e1 Primera infancia en el Centro Integrador Comunitario de 15 a 19 hs (0 a 5 a\u00f1os).<\/div>\n<\/div>\n<div class=\"x14z9mp xat24cr x1lziwak x1vvkbs xtlvy1s x126k92a\">\n<div dir=\"auto\">Adem\u00e1s, se reprogram\u00f3 para este viernes 18 de julio tambi\u00e9n la \u201cJornada de juegos de ayer y de hoy\u201d para adultos mayores y ni\u00f1os (baile de la estatua, b\u00fasqueda del tesoro, carrera de embolsados, f\u00fatbol tenis, voley playero, juegos de las sillas y chocolatada) Lugar: Ser\u00e1 de 14 a 17hs en el Complejo de Piletas Municipal (Los Sauces y Las Tacuaritas). Esta actividad se realiza con la colaboraci\u00f3n de profesoras del Cef local.<\/div>\n<\/div>\n","protected":false},"excerpt":{"rendered":"<p>Durante estas vacaciones de invierno, el Municipio de Oro Verde ofrece diversas actividades gratuitas para disfrutar en familia. Gran parte de estos talleres est\u00e1n destinados a las infancias, a partir de los 5 en adelante. Recordamos que hoy de 15 a 17 se &hellip;<\/p>\n","protected":false},"author":3,"featured_media":6379,"comment_status":"closed","ping_status":"closed","sticky":false,"template":"","format":"standard","meta":{"footnotes":""},"categories":[1],"tags":[],"class_list":["post-6378","post","type-post","status-publish","format-standard","has-post-thumbnail","hentry","category-municipio"],"yoast_head":"<!-- This site is optimized with the Yoast SEO plugin v27.5 - https:\/\/yoast.com\/product\/yoast-seo-wordpress\/ -->\n<title>Vacaciones de invierno: actividades para esta semana - Municipio de Oro Verde<\/title>\n<meta name=\"robots\" content=\"index, follow, max-snippet:-1, max-image-preview:large, max-video-preview:-1\" \/>\n<link rel=\"canonical\" href=\"https:\/\/oroverde.gob.ar\/portal\/vacaciones-de-invierno-actividades-para-esta-semana\/\" \/>\n<meta property=\"og:locale\" content=\"es_ES\" \/>\n<meta property=\"og:type\" content=\"article\" \/>\n<meta property=\"og:title\" content=\"Vacaciones de invierno: actividades para esta semana - Municipio de Oro Verde\" \/>\n<meta property=\"og:description\" content=\"Durante estas vacaciones de invierno, el Municipio de Oro Verde ofrece diversas actividades gratuitas para disfrutar en familia. Gran parte de estos talleres est\u00e1n destinados a las infancias, a partir de los 5 en adelante. Recordamos que hoy de 15 a 17 se &hellip;\" \/>\n<meta property=\"og:url\" content=\"https:\/\/oroverde.gob.ar\/portal\/vacaciones-de-invierno-actividades-para-esta-semana\/\" \/>\n<meta property=\"og:site_name\" content=\"Municipio de Oro Verde\" \/>\n<meta property=\"article:published_time\" content=\"2025-07-16T13:56:00+00:00\" \/>\n<meta property=\"article:modified_time\" content=\"2025-07-17T14:49:30+00:00\" \/>\n<meta property=\"og:image\" content=\"https:\/\/oroverde.gob.ar\/portal\/wp-content\/uploads\/2025\/07\/vacas.jpeg\" \/>\n\t<meta property=\"og:image:width\" content=\"1080\" \/>\n\t<meta property=\"og:image:height\" content=\"1080\" \/>\n\t<meta property=\"og:image:type\" content=\"image\/jpeg\" \/>\n<meta name=\"author\" content=\"Soledad\" \/>\n<meta name=\"twitter:card\" content=\"summary_large_image\" \/>\n<meta name=\"twitter:label1\" content=\"Escrito por\" \/>\n\t<meta name=\"twitter:data1\" content=\"Soledad\" \/>\n\t<meta name=\"twitter:label2\" content=\"Tiempo de lectura\" \/>\n\t<meta name=\"twitter:data2\" content=\"2 minutos\" \/>\n<script type=\"application\/ld+json\" class=\"yoast-schema-graph\">{\"@context\":\"https:\\\/\\\/schema.org\",\"@graph\":[{\"@type\":\"Article\",\"@id\":\"https:\\\/\\\/oroverde.gob.ar\\\/portal\\\/vacaciones-de-invierno-actividades-para-esta-semana\\\/#article\",\"isPartOf\":{\"@id\":\"https:\\\/\\\/oroverde.gob.ar\\\/portal\\\/vacaciones-de-invierno-actividades-para-esta-semana\\\/\"},\"author\":{\"name\":\"Soledad\",\"@id\":\"https:\\\/\\\/oroverde.gob.ar\\\/portal\\\/#\\\/schema\\\/person\\\/b975e0cbcd43b7dcf9c64511ec84f10f\"},\"headline\":\"Vacaciones de invierno: actividades para esta semana\",\"datePublished\":\"2025-07-16T13:56:00+00:00\",\"dateModified\":\"2025-07-17T14:49:30+00:00\",\"mainEntityOfPage\":{\"@id\":\"https:\\\/\\\/oroverde.gob.ar\\\/portal\\\/vacaciones-de-invierno-actividades-para-esta-semana\\\/\"},\"wordCount\":184,\"publisher\":{\"@id\":\"https:\\\/\\\/oroverde.gob.ar\\\/portal\\\/#organization\"},\"image\":{\"@id\":\"https:\\\/\\\/oroverde.gob.ar\\\/portal\\\/vacaciones-de-invierno-actividades-para-esta-semana\\\/#primaryimage\"},\"thumbnailUrl\":\"https:\\\/\\\/oroverde.gob.ar\\\/portal\\\/wp-content\\\/uploads\\\/2025\\\/07\\\/vacas.jpeg\",\"articleSection\":[\"Municipio\"],\"inLanguage\":\"es\"},{\"@type\":\"WebPage\",\"@id\":\"https:\\\/\\\/oroverde.gob.ar\\\/portal\\\/vacaciones-de-invierno-actividades-para-esta-semana\\\/\",\"url\":\"https:\\\/\\\/oroverde.gob.ar\\\/portal\\\/vacaciones-de-invierno-actividades-para-esta-semana\\\/\",\"name\":\"Vacaciones de invierno: actividades para esta semana - Municipio de Oro Verde\",\"isPartOf\":{\"@id\":\"https:\\\/\\\/oroverde.gob.ar\\\/portal\\\/#website\"},\"primaryImageOfPage\":{\"@id\":\"https:\\\/\\\/oroverde.gob.ar\\\/portal\\\/vacaciones-de-invierno-actividades-para-esta-semana\\\/#primaryimage\"},\"image\":{\"@id\":\"https:\\\/\\\/oroverde.gob.ar\\\/portal\\\/vacaciones-de-invierno-actividades-para-esta-semana\\\/#primaryimage\"},\"thumbnailUrl\":\"https:\\\/\\\/oroverde.gob.ar\\\/portal\\\/wp-content\\\/uploads\\\/2025\\\/07\\\/vacas.jpeg\",\"datePublished\":\"2025-07-16T13:56:00+00:00\",\"dateModified\":\"2025-07-17T14:49:30+00:00\",\"breadcrumb\":{\"@id\":\"https:\\\/\\\/oroverde.gob.ar\\\/portal\\\/vacaciones-de-invierno-actividades-para-esta-semana\\\/#breadcrumb\"},\"inLanguage\":\"es\",\"potentialAction\":[{\"@type\":\"ReadAction\",\"target\":[\"https:\\\/\\\/oroverde.gob.ar\\\/portal\\\/vacaciones-de-invierno-actividades-para-esta-semana\\\/\"]}]},{\"@type\":\"ImageObject\",\"inLanguage\":\"es\",\"@id\":\"https:\\\/\\\/oroverde.gob.ar\\\/portal\\\/vacaciones-de-invierno-actividades-para-esta-semana\\\/#primaryimage\",\"url\":\"https:\\\/\\\/oroverde.gob.ar\\\/portal\\\/wp-content\\\/uploads\\\/2025\\\/07\\\/vacas.jpeg\",\"contentUrl\":\"https:\\\/\\\/oroverde.gob.ar\\\/portal\\\/wp-content\\\/uploads\\\/2025\\\/07\\\/vacas.jpeg\",\"width\":1080,\"height\":1080},{\"@type\":\"BreadcrumbList\",\"@id\":\"https:\\\/\\\/oroverde.gob.ar\\\/portal\\\/vacaciones-de-invierno-actividades-para-esta-semana\\\/#breadcrumb\",\"itemListElement\":[{\"@type\":\"ListItem\",\"position\":1,\"name\":\"Portada\",\"item\":\"https:\\\/\\\/oroverde.gob.ar\\\/portal\\\/\"},{\"@type\":\"ListItem\",\"position\":2,\"name\":\"Vacaciones de invierno: actividades para esta semana\"}]},{\"@type\":\"WebSite\",\"@id\":\"https:\\\/\\\/oroverde.gob.ar\\\/portal\\\/#website\",\"url\":\"https:\\\/\\\/oroverde.gob.ar\\\/portal\\\/\",\"name\":\"Municipio de Oro Verde\",\"description\":\"Web Oficial\",\"publisher\":{\"@id\":\"https:\\\/\\\/oroverde.gob.ar\\\/portal\\\/#organization\"},\"potentialAction\":[{\"@type\":\"SearchAction\",\"target\":{\"@type\":\"EntryPoint\",\"urlTemplate\":\"https:\\\/\\\/oroverde.gob.ar\\\/portal\\\/?s={search_term_string}\"},\"query-input\":{\"@type\":\"PropertyValueSpecification\",\"valueRequired\":true,\"valueName\":\"search_term_string\"}}],\"inLanguage\":\"es\"},{\"@type\":\"Organization\",\"@id\":\"https:\\\/\\\/oroverde.gob.ar\\\/portal\\\/#organization\",\"name\":\"Municipio de Oro Verde\",\"url\":\"https:\\\/\\\/oroverde.gob.ar\\\/portal\\\/\",\"logo\":{\"@type\":\"ImageObject\",\"inLanguage\":\"es\",\"@id\":\"https:\\\/\\\/oroverde.gob.ar\\\/portal\\\/#\\\/schema\\\/logo\\\/image\\\/\",\"url\":\"https:\\\/\\\/oroverde.gob.ar\\\/portal\\\/wp-content\\\/uploads\\\/2024\\\/06\\\/cropped-cropped-logo-1.png\",\"contentUrl\":\"https:\\\/\\\/oroverde.gob.ar\\\/portal\\\/wp-content\\\/uploads\\\/2024\\\/06\\\/cropped-cropped-logo-1.png\",\"width\":1776,\"height\":738,\"caption\":\"Municipio de Oro Verde\"},\"image\":{\"@id\":\"https:\\\/\\\/oroverde.gob.ar\\\/portal\\\/#\\\/schema\\\/logo\\\/image\\\/\"}},{\"@type\":\"Person\",\"@id\":\"https:\\\/\\\/oroverde.gob.ar\\\/portal\\\/#\\\/schema\\\/person\\\/b975e0cbcd43b7dcf9c64511ec84f10f\",\"name\":\"Soledad\",\"image\":{\"@type\":\"ImageObject\",\"inLanguage\":\"es\",\"@id\":\"https:\\\/\\\/secure.gravatar.com\\\/avatar\\\/b2f5b6cda565395f31dc94c95932b9b3fbe6275bad58a1579843d3d1607d4a66?s=96&d=mm&r=g\",\"url\":\"https:\\\/\\\/secure.gravatar.com\\\/avatar\\\/b2f5b6cda565395f31dc94c95932b9b3fbe6275bad58a1579843d3d1607d4a66?s=96&d=mm&r=g\",\"contentUrl\":\"https:\\\/\\\/secure.gravatar.com\\\/avatar\\\/b2f5b6cda565395f31dc94c95932b9b3fbe6275bad58a1579843d3d1607d4a66?s=96&d=mm&r=g\",\"caption\":\"Soledad\"},\"url\":\"https:\\\/\\\/oroverde.gob.ar\\\/portal\\\/author\\\/soledad\\\/\"}]}<\/script>\n<!-- \/ Yoast SEO plugin. -->","yoast_head_json":{"title":"Vacaciones de invierno: actividades para esta semana - Municipio de Oro Verde","robots":{"index":"index","follow":"follow","max-snippet":"max-snippet:-1","max-image-preview":"max-image-preview:large","max-video-preview":"max-video-preview:-1"},"canonical":"https:\/\/oroverde.gob.ar\/portal\/vacaciones-de-invierno-actividades-para-esta-semana\/","og_locale":"es_ES","og_type":"article","og_title":"Vacaciones de invierno: actividades para esta semana - Municipio de Oro Verde","og_description":"Durante estas vacaciones de invierno, el Municipio de Oro Verde ofrece diversas actividades gratuitas para disfrutar en familia. Gran parte de estos talleres est\u00e1n destinados a las infancias, a partir de los 5 en adelante. Recordamos que hoy de 15 a 17 se &hellip;","og_url":"https:\/\/oroverde.gob.ar\/portal\/vacaciones-de-invierno-actividades-para-esta-semana\/","og_site_name":"Municipio de Oro Verde","article_published_time":"2025-07-16T13:56:00+00:00","article_modified_time":"2025-07-17T14:49:30+00:00","og_image":[{"width":1080,"height":1080,"url":"https:\/\/oroverde.gob.ar\/portal\/wp-content\/uploads\/2025\/07\/vacas.jpeg","type":"image\/jpeg"}],"author":"Soledad","twitter_card":"summary_large_image","twitter_misc":{"Escrito por":"Soledad","Tiempo de lectura":"2 minutos"},"schema":{"@context":"https:\/\/schema.org","@graph":[{"@type":"Article","@id":"https:\/\/oroverde.gob.ar\/portal\/vacaciones-de-invierno-actividades-para-esta-semana\/#article","isPartOf":{"@id":"https:\/\/oroverde.gob.ar\/portal\/vacaciones-de-invierno-actividades-para-esta-semana\/"},"author":{"name":"Soledad","@id":"https:\/\/oroverde.gob.ar\/portal\/#\/schema\/person\/b975e0cbcd43b7dcf9c64511ec84f10f"},"headline":"Vacaciones de invierno: actividades para esta semana","datePublished":"2025-07-16T13:56:00+00:00","dateModified":"2025-07-17T14:49:30+00:00","mainEntityOfPage":{"@id":"https:\/\/oroverde.gob.ar\/portal\/vacaciones-de-invierno-actividades-para-esta-semana\/"},"wordCount":184,"publisher":{"@id":"https:\/\/oroverde.gob.ar\/portal\/#organization"},"image":{"@id":"https:\/\/oroverde.gob.ar\/portal\/vacaciones-de-invierno-actividades-para-esta-semana\/#primaryimage"},"thumbnailUrl":"https:\/\/oroverde.gob.ar\/portal\/wp-content\/uploads\/2025\/07\/vacas.jpeg","articleSection":["Municipio"],"inLanguage":"es"},{"@type":"WebPage","@id":"https:\/\/oroverde.gob.ar\/portal\/vacaciones-de-invierno-actividades-para-esta-semana\/","url":"https:\/\/oroverde.gob.ar\/portal\/vacaciones-de-invierno-actividades-para-esta-semana\/","name":"Vacaciones de invierno: actividades para esta semana - Municipio de Oro Verde","isPartOf":{"@id":"https:\/\/oroverde.gob.ar\/portal\/#website"},"primaryImageOfPage":{"@id":"https:\/\/oroverde.gob.ar\/portal\/vacaciones-de-invierno-actividades-para-esta-semana\/#primaryimage"},"image":{"@id":"https:\/\/oroverde.gob.ar\/portal\/vacaciones-de-invierno-actividades-para-esta-semana\/#primaryimage"},"thumbnailUrl":"https:\/\/oroverde.gob.ar\/portal\/wp-content\/uploads\/2025\/07\/vacas.jpeg","datePublished":"2025-07-16T13:56:00+00:00","dateModified":"2025-07-17T14:49:30+00:00","breadcrumb":{"@id":"https:\/\/oroverde.gob.ar\/portal\/vacaciones-de-invierno-actividades-para-esta-semana\/#breadcrumb"},"inLanguage":"es","potentialAction":[{"@type":"ReadAction","target":["https:\/\/oroverde.gob.ar\/portal\/vacaciones-de-invierno-actividades-para-esta-semana\/"]}]},{"@type":"ImageObject","inLanguage":"es","@id":"https:\/\/oroverde.gob.ar\/portal\/vacaciones-de-invierno-actividades-para-esta-semana\/#primaryimage","url":"https:\/\/oroverde.gob.ar\/portal\/wp-content\/uploads\/2025\/07\/vacas.jpeg","contentUrl":"https:\/\/oroverde.gob.ar\/portal\/wp-content\/uploads\/2025\/07\/vacas.jpeg","width":1080,"height":1080},{"@type":"BreadcrumbList","@id":"https:\/\/oroverde.gob.ar\/portal\/vacaciones-de-invierno-actividades-para-esta-semana\/#breadcrumb","itemListElement":[{"@type":"ListItem","position":1,"name":"Portada","item":"https:\/\/oroverde.gob.ar\/portal\/"},{"@type":"ListItem","position":2,"name":"Vacaciones de invierno: actividades para esta semana"}]},{"@type":"WebSite","@id":"https:\/\/oroverde.gob.ar\/portal\/#website","url":"https:\/\/oroverde.gob.ar\/portal\/","name":"Municipio de Oro Verde","description":"Web Oficial","publisher":{"@id":"https:\/\/oroverde.gob.ar\/portal\/#organization"},"potentialAction":[{"@type":"SearchAction","target":{"@type":"EntryPoint","urlTemplate":"https:\/\/oroverde.gob.ar\/portal\/?s={search_term_string}"},"query-input":{"@type":"PropertyValueSpecification","valueRequired":true,"valueName":"search_term_string"}}],"inLanguage":"es"},{"@type":"Organization","@id":"https:\/\/oroverde.gob.ar\/portal\/#organization","name":"Municipio de Oro Verde","url":"https:\/\/oroverde.gob.ar\/portal\/","logo":{"@type":"ImageObject","inLanguage":"es","@id":"https:\/\/oroverde.gob.ar\/portal\/#\/schema\/logo\/image\/","url":"https:\/\/oroverde.gob.ar\/portal\/wp-content\/uploads\/2024\/06\/cropped-cropped-logo-1.png","contentUrl":"https:\/\/oroverde.gob.ar\/portal\/wp-content\/uploads\/2024\/06\/cropped-cropped-logo-1.png","width":1776,"height":738,"caption":"Municipio de Oro Verde"},"image":{"@id":"https:\/\/oroverde.gob.ar\/portal\/#\/schema\/logo\/image\/"}},{"@type":"Person","@id":"https:\/\/oroverde.gob.ar\/portal\/#\/schema\/person\/b975e0cbcd43b7dcf9c64511ec84f10f","name":"Soledad","image":{"@type":"ImageObject","inLanguage":"es","@id":"https:\/\/secure.gravatar.com\/avatar\/b2f5b6cda565395f31dc94c95932b9b3fbe6275bad58a1579843d3d1607d4a66?s=96&d=mm&r=g","url":"https:\/\/secure.gravatar.com\/avatar\/b2f5b6cda565395f31dc94c95932b9b3fbe6275bad58a1579843d3d1607d4a66?s=96&d=mm&r=g","contentUrl":"https:\/\/secure.gravatar.com\/avatar\/b2f5b6cda565395f31dc94c95932b9b3fbe6275bad58a1579843d3d1607d4a66?s=96&d=mm&r=g","caption":"Soledad"},"url":"https:\/\/oroverde.gob.ar\/portal\/author\/soledad\/"}]}},"_links":{"self":[{"href":"https:\/\/oroverde.gob.ar\/portal\/wp-json\/wp\/v2\/posts\/6378","targetHints":{"allow":["GET"]}}],"collection":[{"href":"https:\/\/oroverde.gob.ar\/portal\/wp-json\/wp\/v2\/posts"}],"about":[{"href":"https:\/\/oroverde.gob.ar\/portal\/wp-json\/wp\/v2\/types\/post"}],"author":[{"embeddable":true,"href":"https:\/\/oroverde.gob.ar\/portal\/wp-json\/wp\/v2\/users\/3"}],"replies":[{"embeddable":true,"href":"https:\/\/oroverde.gob.ar\/portal\/wp-json\/wp\/v2\/comments?post=6378"}],"version-history":[{"count":2,"href":"https:\/\/oroverde.gob.ar\/portal\/wp-json\/wp\/v2\/posts\/6378\/revisions"}],"predecessor-version":[{"id":6382,"href":"https:\/\/oroverde.gob.ar\/portal\/wp-json\/wp\/v2\/posts\/6378\/revisions\/6382"}],"wp:featuredmedia":[{"embeddable":true,"href":"https:\/\/oroverde.gob.ar\/portal\/wp-json\/wp\/v2\/media\/6379"}],"wp:attachment":[{"href":"https:\/\/oroverde.gob.ar\/portal\/wp-json\/wp\/v2\/media?parent=6378"}],"wp:term":[{"taxonomy":"category","embeddable":true,"href":"https:\/\/oroverde.gob.ar\/portal\/wp-json\/wp\/v2\/categories?post=6378"},{"taxonomy":"post_tag","embeddable":true,"href":"https:\/\/oroverde.gob.ar\/portal\/wp-json\/wp\/v2\/tags?post=6378"}],"curies":[{"name":"wp","href":"https:\/\/api.w.org\/{rel}","templated":true}]}}