{"id":6394,"date":"2025-07-18T11:54:42","date_gmt":"2025-07-18T14:54:42","guid":{"rendered":"https:\/\/oroverde.gob.ar\/portal\/?p=6394"},"modified":"2025-07-18T11:55:19","modified_gmt":"2025-07-18T14:55:19","slug":"instalaron-una-terminal-automatica-sube-en-el-centro-integrador-comunitario","status":"publish","type":"post","link":"https:\/\/oroverde.gob.ar\/portal\/instalaron-una-terminal-automatica-sube-en-el-centro-integrador-comunitario\/","title":{"rendered":"Instalaron una Terminal autom\u00e1tica SUBE en el Centro Integrador Comunitario"},"content":{"rendered":"<div class=\"xdj266r x14z9mp xat24cr x1lziwak x1vvkbs x126k92a\">\n<div dir=\"auto\">All\u00ed podr\u00e1s acreditar cargas electr\u00f3nicas, aplicar la tarifa social, tambi\u00e9n consultar y recuperar tu saldo.<\/div>\n<\/div>\n<div class=\"x14z9mp xat24cr x1lziwak x1vvkbs xtlvy1s x126k92a\">\n<div dir=\"auto\">Adem\u00e1s, por disposici\u00f3n provincial antes del 20 de julio, todos los estudiantes (de primaria, secundaria y universidad) de Paran\u00e1 y el \u00c1rea Metropolitana que quieran conservar su beneficio de descuento, tienen que apoyar su tarjeta en una Terminal Autom\u00e1tica SUBE, hasta que les aparezca el mensaje: \u00abTen\u00e9s un Beneficio Local\u00bb. De esta forma, ya queda reactivado.<\/div>\n<\/div>\n<div class=\"x14z9mp xat24cr x1lziwak x1vvkbs xtlvy1s x126k92a\">\n<div dir=\"auto\">Desde que el control del transporte p\u00fablico del \u00e1rea metropolitana es gestionado por el Gobierno provincial, el intendente C\u00e9sar Clement ha mantenido reuniones con el secretario de Transporte Juan Diego Elsesser donde solicit\u00f3 esta terminal y dos m\u00e1s que se instalar\u00e1n en la localidad.<\/div>\n<\/div>\n","protected":false},"excerpt":{"rendered":"<p>All\u00ed podr\u00e1s acreditar cargas electr\u00f3nicas, aplicar la tarifa social, tambi\u00e9n consultar y recuperar tu saldo. Adem\u00e1s, por disposici\u00f3n provincial antes del 20 de julio, todos los estudiantes (de primaria, secundaria y universidad) de Paran\u00e1 y el \u00c1rea Metropolitana que quieran conservar su beneficio &hellip;<\/p>\n","protected":false},"author":3,"featured_media":6395,"comment_status":"closed","ping_status":"closed","sticky":false,"template":"","format":"standard","meta":{"footnotes":""},"categories":[25],"tags":[],"class_list":["post-6394","post","type-post","status-publish","format-standard","has-post-thumbnail","hentry","category-gobierno"],"yoast_head":"<!-- This site is optimized with the Yoast SEO plugin v27.5 - https:\/\/yoast.com\/product\/yoast-seo-wordpress\/ -->\n<title>Instalaron una Terminal autom\u00e1tica SUBE en el Centro Integrador Comunitario - Municipio de Oro Verde<\/title>\n<meta name=\"robots\" content=\"index, follow, max-snippet:-1, max-image-preview:large, max-video-preview:-1\" \/>\n<link rel=\"canonical\" href=\"https:\/\/oroverde.gob.ar\/portal\/instalaron-una-terminal-automatica-sube-en-el-centro-integrador-comunitario\/\" \/>\n<meta property=\"og:locale\" content=\"es_ES\" \/>\n<meta property=\"og:type\" content=\"article\" \/>\n<meta property=\"og:title\" content=\"Instalaron una Terminal autom\u00e1tica SUBE en el Centro Integrador Comunitario - Municipio de Oro Verde\" \/>\n<meta property=\"og:description\" content=\"All\u00ed podr\u00e1s acreditar cargas electr\u00f3nicas, aplicar la tarifa social, tambi\u00e9n consultar y recuperar tu saldo. Adem\u00e1s, por disposici\u00f3n provincial antes del 20 de julio, todos los estudiantes (de primaria, secundaria y universidad) de Paran\u00e1 y el \u00c1rea Metropolitana que quieran conservar su beneficio &hellip;\" \/>\n<meta property=\"og:url\" content=\"https:\/\/oroverde.gob.ar\/portal\/instalaron-una-terminal-automatica-sube-en-el-centro-integrador-comunitario\/\" \/>\n<meta property=\"og:site_name\" content=\"Municipio de Oro Verde\" \/>\n<meta property=\"article:published_time\" content=\"2025-07-18T14:54:42+00:00\" \/>\n<meta property=\"article:modified_time\" content=\"2025-07-18T14:55:19+00:00\" \/>\n<meta property=\"og:image\" content=\"https:\/\/oroverde.gob.ar\/portal\/wp-content\/uploads\/2025\/07\/sube-2.jpeg\" \/>\n\t<meta property=\"og:image:width\" content=\"1200\" \/>\n\t<meta property=\"og:image:height\" content=\"1542\" \/>\n\t<meta property=\"og:image:type\" content=\"image\/jpeg\" \/>\n<meta name=\"author\" content=\"Soledad\" \/>\n<meta name=\"twitter:card\" content=\"summary_large_image\" \/>\n<meta name=\"twitter:label1\" content=\"Escrito por\" \/>\n\t<meta name=\"twitter:data1\" content=\"Soledad\" \/>\n\t<meta name=\"twitter:label2\" content=\"Tiempo de lectura\" \/>\n\t<meta name=\"twitter:data2\" content=\"1 minuto\" \/>\n<script type=\"application\/ld+json\" class=\"yoast-schema-graph\">{\"@context\":\"https:\\\/\\\/schema.org\",\"@graph\":[{\"@type\":\"Article\",\"@id\":\"https:\\\/\\\/oroverde.gob.ar\\\/portal\\\/instalaron-una-terminal-automatica-sube-en-el-centro-integrador-comunitario\\\/#article\",\"isPartOf\":{\"@id\":\"https:\\\/\\\/oroverde.gob.ar\\\/portal\\\/instalaron-una-terminal-automatica-sube-en-el-centro-integrador-comunitario\\\/\"},\"author\":{\"name\":\"Soledad\",\"@id\":\"https:\\\/\\\/oroverde.gob.ar\\\/portal\\\/#\\\/schema\\\/person\\\/b975e0cbcd43b7dcf9c64511ec84f10f\"},\"headline\":\"Instalaron una Terminal autom\u00e1tica SUBE en el Centro Integrador Comunitario\",\"datePublished\":\"2025-07-18T14:54:42+00:00\",\"dateModified\":\"2025-07-18T14:55:19+00:00\",\"mainEntityOfPage\":{\"@id\":\"https:\\\/\\\/oroverde.gob.ar\\\/portal\\\/instalaron-una-terminal-automatica-sube-en-el-centro-integrador-comunitario\\\/\"},\"wordCount\":136,\"publisher\":{\"@id\":\"https:\\\/\\\/oroverde.gob.ar\\\/portal\\\/#organization\"},\"image\":{\"@id\":\"https:\\\/\\\/oroverde.gob.ar\\\/portal\\\/instalaron-una-terminal-automatica-sube-en-el-centro-integrador-comunitario\\\/#primaryimage\"},\"thumbnailUrl\":\"https:\\\/\\\/oroverde.gob.ar\\\/portal\\\/wp-content\\\/uploads\\\/2025\\\/07\\\/sube-2.jpeg\",\"articleSection\":[\"Gobierno\"],\"inLanguage\":\"es\"},{\"@type\":\"WebPage\",\"@id\":\"https:\\\/\\\/oroverde.gob.ar\\\/portal\\\/instalaron-una-terminal-automatica-sube-en-el-centro-integrador-comunitario\\\/\",\"url\":\"https:\\\/\\\/oroverde.gob.ar\\\/portal\\\/instalaron-una-terminal-automatica-sube-en-el-centro-integrador-comunitario\\\/\",\"name\":\"Instalaron una Terminal autom\u00e1tica SUBE en el Centro Integrador Comunitario - Municipio de Oro Verde\",\"isPartOf\":{\"@id\":\"https:\\\/\\\/oroverde.gob.ar\\\/portal\\\/#website\"},\"primaryImageOfPage\":{\"@id\":\"https:\\\/\\\/oroverde.gob.ar\\\/portal\\\/instalaron-una-terminal-automatica-sube-en-el-centro-integrador-comunitario\\\/#primaryimage\"},\"image\":{\"@id\":\"https:\\\/\\\/oroverde.gob.ar\\\/portal\\\/instalaron-una-terminal-automatica-sube-en-el-centro-integrador-comunitario\\\/#primaryimage\"},\"thumbnailUrl\":\"https:\\\/\\\/oroverde.gob.ar\\\/portal\\\/wp-content\\\/uploads\\\/2025\\\/07\\\/sube-2.jpeg\",\"datePublished\":\"2025-07-18T14:54:42+00:00\",\"dateModified\":\"2025-07-18T14:55:19+00:00\",\"breadcrumb\":{\"@id\":\"https:\\\/\\\/oroverde.gob.ar\\\/portal\\\/instalaron-una-terminal-automatica-sube-en-el-centro-integrador-comunitario\\\/#breadcrumb\"},\"inLanguage\":\"es\",\"potentialAction\":[{\"@type\":\"ReadAction\",\"target\":[\"https:\\\/\\\/oroverde.gob.ar\\\/portal\\\/instalaron-una-terminal-automatica-sube-en-el-centro-integrador-comunitario\\\/\"]}]},{\"@type\":\"ImageObject\",\"inLanguage\":\"es\",\"@id\":\"https:\\\/\\\/oroverde.gob.ar\\\/portal\\\/instalaron-una-terminal-automatica-sube-en-el-centro-integrador-comunitario\\\/#primaryimage\",\"url\":\"https:\\\/\\\/oroverde.gob.ar\\\/portal\\\/wp-content\\\/uploads\\\/2025\\\/07\\\/sube-2.jpeg\",\"contentUrl\":\"https:\\\/\\\/oroverde.gob.ar\\\/portal\\\/wp-content\\\/uploads\\\/2025\\\/07\\\/sube-2.jpeg\",\"width\":1200,\"height\":1542},{\"@type\":\"BreadcrumbList\",\"@id\":\"https:\\\/\\\/oroverde.gob.ar\\\/portal\\\/instalaron-una-terminal-automatica-sube-en-el-centro-integrador-comunitario\\\/#breadcrumb\",\"itemListElement\":[{\"@type\":\"ListItem\",\"position\":1,\"name\":\"Portada\",\"item\":\"https:\\\/\\\/oroverde.gob.ar\\\/portal\\\/\"},{\"@type\":\"ListItem\",\"position\":2,\"name\":\"Instalaron una Terminal autom\u00e1tica SUBE en el Centro Integrador Comunitario\"}]},{\"@type\":\"WebSite\",\"@id\":\"https:\\\/\\\/oroverde.gob.ar\\\/portal\\\/#website\",\"url\":\"https:\\\/\\\/oroverde.gob.ar\\\/portal\\\/\",\"name\":\"Municipio de Oro Verde\",\"description\":\"Web Oficial\",\"publisher\":{\"@id\":\"https:\\\/\\\/oroverde.gob.ar\\\/portal\\\/#organization\"},\"potentialAction\":[{\"@type\":\"SearchAction\",\"target\":{\"@type\":\"EntryPoint\",\"urlTemplate\":\"https:\\\/\\\/oroverde.gob.ar\\\/portal\\\/?s={search_term_string}\"},\"query-input\":{\"@type\":\"PropertyValueSpecification\",\"valueRequired\":true,\"valueName\":\"search_term_string\"}}],\"inLanguage\":\"es\"},{\"@type\":\"Organization\",\"@id\":\"https:\\\/\\\/oroverde.gob.ar\\\/portal\\\/#organization\",\"name\":\"Municipio de Oro Verde\",\"url\":\"https:\\\/\\\/oroverde.gob.ar\\\/portal\\\/\",\"logo\":{\"@type\":\"ImageObject\",\"inLanguage\":\"es\",\"@id\":\"https:\\\/\\\/oroverde.gob.ar\\\/portal\\\/#\\\/schema\\\/logo\\\/image\\\/\",\"url\":\"https:\\\/\\\/oroverde.gob.ar\\\/portal\\\/wp-content\\\/uploads\\\/2024\\\/06\\\/cropped-cropped-logo-1.png\",\"contentUrl\":\"https:\\\/\\\/oroverde.gob.ar\\\/portal\\\/wp-content\\\/uploads\\\/2024\\\/06\\\/cropped-cropped-logo-1.png\",\"width\":1776,\"height\":738,\"caption\":\"Municipio de Oro Verde\"},\"image\":{\"@id\":\"https:\\\/\\\/oroverde.gob.ar\\\/portal\\\/#\\\/schema\\\/logo\\\/image\\\/\"}},{\"@type\":\"Person\",\"@id\":\"https:\\\/\\\/oroverde.gob.ar\\\/portal\\\/#\\\/schema\\\/person\\\/b975e0cbcd43b7dcf9c64511ec84f10f\",\"name\":\"Soledad\",\"image\":{\"@type\":\"ImageObject\",\"inLanguage\":\"es\",\"@id\":\"https:\\\/\\\/secure.gravatar.com\\\/avatar\\\/b2f5b6cda565395f31dc94c95932b9b3fbe6275bad58a1579843d3d1607d4a66?s=96&d=mm&r=g\",\"url\":\"https:\\\/\\\/secure.gravatar.com\\\/avatar\\\/b2f5b6cda565395f31dc94c95932b9b3fbe6275bad58a1579843d3d1607d4a66?s=96&d=mm&r=g\",\"contentUrl\":\"https:\\\/\\\/secure.gravatar.com\\\/avatar\\\/b2f5b6cda565395f31dc94c95932b9b3fbe6275bad58a1579843d3d1607d4a66?s=96&d=mm&r=g\",\"caption\":\"Soledad\"},\"url\":\"https:\\\/\\\/oroverde.gob.ar\\\/portal\\\/author\\\/soledad\\\/\"}]}<\/script>\n<!-- \/ Yoast SEO plugin. -->","yoast_head_json":{"title":"Instalaron una Terminal autom\u00e1tica SUBE en el Centro Integrador Comunitario - Municipio de Oro Verde","robots":{"index":"index","follow":"follow","max-snippet":"max-snippet:-1","max-image-preview":"max-image-preview:large","max-video-preview":"max-video-preview:-1"},"canonical":"https:\/\/oroverde.gob.ar\/portal\/instalaron-una-terminal-automatica-sube-en-el-centro-integrador-comunitario\/","og_locale":"es_ES","og_type":"article","og_title":"Instalaron una Terminal autom\u00e1tica SUBE en el Centro Integrador Comunitario - Municipio de Oro Verde","og_description":"All\u00ed podr\u00e1s acreditar cargas electr\u00f3nicas, aplicar la tarifa social, tambi\u00e9n consultar y recuperar tu saldo. Adem\u00e1s, por disposici\u00f3n provincial antes del 20 de julio, todos los estudiantes (de primaria, secundaria y universidad) de Paran\u00e1 y el \u00c1rea Metropolitana que quieran conservar su beneficio &hellip;","og_url":"https:\/\/oroverde.gob.ar\/portal\/instalaron-una-terminal-automatica-sube-en-el-centro-integrador-comunitario\/","og_site_name":"Municipio de Oro Verde","article_published_time":"2025-07-18T14:54:42+00:00","article_modified_time":"2025-07-18T14:55:19+00:00","og_image":[{"width":1200,"height":1542,"url":"https:\/\/oroverde.gob.ar\/portal\/wp-content\/uploads\/2025\/07\/sube-2.jpeg","type":"image\/jpeg"}],"author":"Soledad","twitter_card":"summary_large_image","twitter_misc":{"Escrito por":"Soledad","Tiempo de lectura":"1 minuto"},"schema":{"@context":"https:\/\/schema.org","@graph":[{"@type":"Article","@id":"https:\/\/oroverde.gob.ar\/portal\/instalaron-una-terminal-automatica-sube-en-el-centro-integrador-comunitario\/#article","isPartOf":{"@id":"https:\/\/oroverde.gob.ar\/portal\/instalaron-una-terminal-automatica-sube-en-el-centro-integrador-comunitario\/"},"author":{"name":"Soledad","@id":"https:\/\/oroverde.gob.ar\/portal\/#\/schema\/person\/b975e0cbcd43b7dcf9c64511ec84f10f"},"headline":"Instalaron una Terminal autom\u00e1tica SUBE en el Centro Integrador Comunitario","datePublished":"2025-07-18T14:54:42+00:00","dateModified":"2025-07-18T14:55:19+00:00","mainEntityOfPage":{"@id":"https:\/\/oroverde.gob.ar\/portal\/instalaron-una-terminal-automatica-sube-en-el-centro-integrador-comunitario\/"},"wordCount":136,"publisher":{"@id":"https:\/\/oroverde.gob.ar\/portal\/#organization"},"image":{"@id":"https:\/\/oroverde.gob.ar\/portal\/instalaron-una-terminal-automatica-sube-en-el-centro-integrador-comunitario\/#primaryimage"},"thumbnailUrl":"https:\/\/oroverde.gob.ar\/portal\/wp-content\/uploads\/2025\/07\/sube-2.jpeg","articleSection":["Gobierno"],"inLanguage":"es"},{"@type":"WebPage","@id":"https:\/\/oroverde.gob.ar\/portal\/instalaron-una-terminal-automatica-sube-en-el-centro-integrador-comunitario\/","url":"https:\/\/oroverde.gob.ar\/portal\/instalaron-una-terminal-automatica-sube-en-el-centro-integrador-comunitario\/","name":"Instalaron una Terminal autom\u00e1tica SUBE en el Centro Integrador Comunitario - Municipio de Oro Verde","isPartOf":{"@id":"https:\/\/oroverde.gob.ar\/portal\/#website"},"primaryImageOfPage":{"@id":"https:\/\/oroverde.gob.ar\/portal\/instalaron-una-terminal-automatica-sube-en-el-centro-integrador-comunitario\/#primaryimage"},"image":{"@id":"https:\/\/oroverde.gob.ar\/portal\/instalaron-una-terminal-automatica-sube-en-el-centro-integrador-comunitario\/#primaryimage"},"thumbnailUrl":"https:\/\/oroverde.gob.ar\/portal\/wp-content\/uploads\/2025\/07\/sube-2.jpeg","datePublished":"2025-07-18T14:54:42+00:00","dateModified":"2025-07-18T14:55:19+00:00","breadcrumb":{"@id":"https:\/\/oroverde.gob.ar\/portal\/instalaron-una-terminal-automatica-sube-en-el-centro-integrador-comunitario\/#breadcrumb"},"inLanguage":"es","potentialAction":[{"@type":"ReadAction","target":["https:\/\/oroverde.gob.ar\/portal\/instalaron-una-terminal-automatica-sube-en-el-centro-integrador-comunitario\/"]}]},{"@type":"ImageObject","inLanguage":"es","@id":"https:\/\/oroverde.gob.ar\/portal\/instalaron-una-terminal-automatica-sube-en-el-centro-integrador-comunitario\/#primaryimage","url":"https:\/\/oroverde.gob.ar\/portal\/wp-content\/uploads\/2025\/07\/sube-2.jpeg","contentUrl":"https:\/\/oroverde.gob.ar\/portal\/wp-content\/uploads\/2025\/07\/sube-2.jpeg","width":1200,"height":1542},{"@type":"BreadcrumbList","@id":"https:\/\/oroverde.gob.ar\/portal\/instalaron-una-terminal-automatica-sube-en-el-centro-integrador-comunitario\/#breadcrumb","itemListElement":[{"@type":"ListItem","position":1,"name":"Portada","item":"https:\/\/oroverde.gob.ar\/portal\/"},{"@type":"ListItem","position":2,"name":"Instalaron una Terminal autom\u00e1tica SUBE en el Centro Integrador Comunitario"}]},{"@type":"WebSite","@id":"https:\/\/oroverde.gob.ar\/portal\/#website","url":"https:\/\/oroverde.gob.ar\/portal\/","name":"Municipio de Oro Verde","description":"Web Oficial","publisher":{"@id":"https:\/\/oroverde.gob.ar\/portal\/#organization"},"potentialAction":[{"@type":"SearchAction","target":{"@type":"EntryPoint","urlTemplate":"https:\/\/oroverde.gob.ar\/portal\/?s={search_term_string}"},"query-input":{"@type":"PropertyValueSpecification","valueRequired":true,"valueName":"search_term_string"}}],"inLanguage":"es"},{"@type":"Organization","@id":"https:\/\/oroverde.gob.ar\/portal\/#organization","name":"Municipio de Oro Verde","url":"https:\/\/oroverde.gob.ar\/portal\/","logo":{"@type":"ImageObject","inLanguage":"es","@id":"https:\/\/oroverde.gob.ar\/portal\/#\/schema\/logo\/image\/","url":"https:\/\/oroverde.gob.ar\/portal\/wp-content\/uploads\/2024\/06\/cropped-cropped-logo-1.png","contentUrl":"https:\/\/oroverde.gob.ar\/portal\/wp-content\/uploads\/2024\/06\/cropped-cropped-logo-1.png","width":1776,"height":738,"caption":"Municipio de Oro Verde"},"image":{"@id":"https:\/\/oroverde.gob.ar\/portal\/#\/schema\/logo\/image\/"}},{"@type":"Person","@id":"https:\/\/oroverde.gob.ar\/portal\/#\/schema\/person\/b975e0cbcd43b7dcf9c64511ec84f10f","name":"Soledad","image":{"@type":"ImageObject","inLanguage":"es","@id":"https:\/\/secure.gravatar.com\/avatar\/b2f5b6cda565395f31dc94c95932b9b3fbe6275bad58a1579843d3d1607d4a66?s=96&d=mm&r=g","url":"https:\/\/secure.gravatar.com\/avatar\/b2f5b6cda565395f31dc94c95932b9b3fbe6275bad58a1579843d3d1607d4a66?s=96&d=mm&r=g","contentUrl":"https:\/\/secure.gravatar.com\/avatar\/b2f5b6cda565395f31dc94c95932b9b3fbe6275bad58a1579843d3d1607d4a66?s=96&d=mm&r=g","caption":"Soledad"},"url":"https:\/\/oroverde.gob.ar\/portal\/author\/soledad\/"}]}},"_links":{"self":[{"href":"https:\/\/oroverde.gob.ar\/portal\/wp-json\/wp\/v2\/posts\/6394","targetHints":{"allow":["GET"]}}],"collection":[{"href":"https:\/\/oroverde.gob.ar\/portal\/wp-json\/wp\/v2\/posts"}],"about":[{"href":"https:\/\/oroverde.gob.ar\/portal\/wp-json\/wp\/v2\/types\/post"}],"author":[{"embeddable":true,"href":"https:\/\/oroverde.gob.ar\/portal\/wp-json\/wp\/v2\/users\/3"}],"replies":[{"embeddable":true,"href":"https:\/\/oroverde.gob.ar\/portal\/wp-json\/wp\/v2\/comments?post=6394"}],"version-history":[{"count":1,"href":"https:\/\/oroverde.gob.ar\/portal\/wp-json\/wp\/v2\/posts\/6394\/revisions"}],"predecessor-version":[{"id":6396,"href":"https:\/\/oroverde.gob.ar\/portal\/wp-json\/wp\/v2\/posts\/6394\/revisions\/6396"}],"wp:featuredmedia":[{"embeddable":true,"href":"https:\/\/oroverde.gob.ar\/portal\/wp-json\/wp\/v2\/media\/6395"}],"wp:attachment":[{"href":"https:\/\/oroverde.gob.ar\/portal\/wp-json\/wp\/v2\/media?parent=6394"}],"wp:term":[{"taxonomy":"category","embeddable":true,"href":"https:\/\/oroverde.gob.ar\/portal\/wp-json\/wp\/v2\/categories?post=6394"},{"taxonomy":"post_tag","embeddable":true,"href":"https:\/\/oroverde.gob.ar\/portal\/wp-json\/wp\/v2\/tags?post=6394"}],"curies":[{"name":"wp","href":"https:\/\/api.w.org\/{rel}","templated":true}]}}