{"id":6410,"date":"2025-07-22T13:55:39","date_gmt":"2025-07-22T16:55:39","guid":{"rendered":"https:\/\/oroverde.gob.ar\/portal\/?p=6410"},"modified":"2025-07-22T13:55:39","modified_gmt":"2025-07-22T16:55:39","slug":"presentacion-del-estudio-de-movilidad-urbana-del-predio-alberdi","status":"publish","type":"post","link":"https:\/\/oroverde.gob.ar\/portal\/presentacion-del-estudio-de-movilidad-urbana-del-predio-alberdi\/","title":{"rendered":"Presentaci\u00f3n del estudio de movilidad urbana del predio Alberdi"},"content":{"rendered":"<div class=\"xdj266r x14z9mp xat24cr x1lziwak x1vvkbs x126k92a\">\n<div dir=\"auto\">Con el objetivo de llevar adelante el ordenamiento del estacionamiento y mejora de la seguridad vial en el Boulevard principal de acceso al complejo educativo de la Escuela Normal Rural Alberdi se realiz\u00f3 esta ma\u00f1ana la presentaci\u00f3n del estudio de movilidad urbana del predio de esta escuela.<\/div>\n<div dir=\"auto\"><\/div>\n<\/div>\n<div class=\"x14z9mp xat24cr x1lziwak x1vvkbs xtlvy1s x126k92a\">\n<div dir=\"auto\">El docente de Ingenier\u00eda en Transporte (UNER), Juan Jaurena expuso este proyecto en el que se analizaron las caracter\u00edsticas principales de la movilidad urbana en el Complejo educativo de la escuela Alberdi, en aspectos de sentidos circulatorios, estacionamiento en la v\u00eda p\u00fablica, accesibilidad al sistema de transporte interurbano por colectivos y movilidad no motorizada a fin de ordenar el estacionamiento y mejorar la seguridad vial. Quedar\u00e1 a disposici\u00f3n de las autoridades de esta escuela para su evaluaci\u00f3n y aplicaci\u00f3n.<\/div>\n<div dir=\"auto\"><\/div>\n<\/div>\n<div class=\"x14z9mp xat24cr x1lziwak x1vvkbs xtlvy1s x126k92a\">\n<div dir=\"auto\">Estuvieron presentes el intendente C\u00e9sar Clement junto al decano de la Facultad de Ingenier\u00eda de la UNER Diego Campana y el de la Facultad de Humanidades, Artes y Ciencias Sociales de la UADER Daniel Richard, la directora de esta escuela Prof. Julia Centuri\u00f3n, la secretaria de Planificaci\u00f3n e Inversi\u00f3n P\u00fablica de la provincia Lelia Recalde, la secretaria de Escuelas de la FHAyCS Mar\u00eda Sol Barrera, la viceintendenta Mercedes Schvindt, el Secretario de Gobierno Milton Dum\u00e9 junto a otras autoridades.<\/div>\n<\/div>\n","protected":false},"excerpt":{"rendered":"<p>Con el objetivo de llevar adelante el ordenamiento del estacionamiento y mejora de la seguridad vial en el Boulevard principal de acceso al complejo educativo de la Escuela Normal Rural Alberdi se realiz\u00f3 esta ma\u00f1ana la presentaci\u00f3n del estudio de movilidad urbana del &hellip;<\/p>\n","protected":false},"author":3,"featured_media":6411,"comment_status":"closed","ping_status":"closed","sticky":false,"template":"","format":"standard","meta":{"footnotes":""},"categories":[1],"tags":[],"class_list":["post-6410","post","type-post","status-publish","format-standard","has-post-thumbnail","hentry","category-municipio"],"yoast_head":"<!-- This site is optimized with the Yoast SEO plugin v27.5 - https:\/\/yoast.com\/product\/yoast-seo-wordpress\/ -->\n<title>Presentaci\u00f3n del estudio de movilidad urbana del predio Alberdi - Municipio de Oro Verde<\/title>\n<meta name=\"robots\" content=\"index, follow, max-snippet:-1, max-image-preview:large, max-video-preview:-1\" \/>\n<link rel=\"canonical\" href=\"https:\/\/oroverde.gob.ar\/portal\/presentacion-del-estudio-de-movilidad-urbana-del-predio-alberdi\/\" \/>\n<meta property=\"og:locale\" content=\"es_ES\" \/>\n<meta property=\"og:type\" content=\"article\" \/>\n<meta property=\"og:title\" content=\"Presentaci\u00f3n del estudio de movilidad urbana del predio Alberdi - Municipio de Oro Verde\" \/>\n<meta property=\"og:description\" content=\"Con el objetivo de llevar adelante el ordenamiento del estacionamiento y mejora de la seguridad vial en el Boulevard principal de acceso al complejo educativo de la Escuela Normal Rural Alberdi se realiz\u00f3 esta ma\u00f1ana la presentaci\u00f3n del estudio de movilidad urbana del &hellip;\" \/>\n<meta property=\"og:url\" content=\"https:\/\/oroverde.gob.ar\/portal\/presentacion-del-estudio-de-movilidad-urbana-del-predio-alberdi\/\" \/>\n<meta property=\"og:site_name\" content=\"Municipio de Oro Verde\" \/>\n<meta property=\"article:published_time\" content=\"2025-07-22T16:55:39+00:00\" \/>\n<meta property=\"og:image\" content=\"https:\/\/oroverde.gob.ar\/portal\/wp-content\/uploads\/2025\/07\/presentacion-movilidad-urbana-scaled.jpg\" \/>\n\t<meta property=\"og:image:width\" content=\"2560\" \/>\n\t<meta property=\"og:image:height\" content=\"1708\" \/>\n\t<meta property=\"og:image:type\" content=\"image\/jpeg\" \/>\n<meta name=\"author\" content=\"Soledad\" \/>\n<meta name=\"twitter:card\" content=\"summary_large_image\" \/>\n<meta name=\"twitter:label1\" content=\"Escrito por\" \/>\n\t<meta name=\"twitter:data1\" content=\"Soledad\" \/>\n\t<meta name=\"twitter:label2\" content=\"Tiempo de lectura\" \/>\n\t<meta name=\"twitter:data2\" content=\"2 minutos\" \/>\n<script type=\"application\/ld+json\" class=\"yoast-schema-graph\">{\"@context\":\"https:\\\/\\\/schema.org\",\"@graph\":[{\"@type\":\"Article\",\"@id\":\"https:\\\/\\\/oroverde.gob.ar\\\/portal\\\/presentacion-del-estudio-de-movilidad-urbana-del-predio-alberdi\\\/#article\",\"isPartOf\":{\"@id\":\"https:\\\/\\\/oroverde.gob.ar\\\/portal\\\/presentacion-del-estudio-de-movilidad-urbana-del-predio-alberdi\\\/\"},\"author\":{\"name\":\"Soledad\",\"@id\":\"https:\\\/\\\/oroverde.gob.ar\\\/portal\\\/#\\\/schema\\\/person\\\/b975e0cbcd43b7dcf9c64511ec84f10f\"},\"headline\":\"Presentaci\u00f3n del estudio de movilidad urbana del predio Alberdi\",\"datePublished\":\"2025-07-22T16:55:39+00:00\",\"mainEntityOfPage\":{\"@id\":\"https:\\\/\\\/oroverde.gob.ar\\\/portal\\\/presentacion-del-estudio-de-movilidad-urbana-del-predio-alberdi\\\/\"},\"wordCount\":231,\"publisher\":{\"@id\":\"https:\\\/\\\/oroverde.gob.ar\\\/portal\\\/#organization\"},\"image\":{\"@id\":\"https:\\\/\\\/oroverde.gob.ar\\\/portal\\\/presentacion-del-estudio-de-movilidad-urbana-del-predio-alberdi\\\/#primaryimage\"},\"thumbnailUrl\":\"https:\\\/\\\/oroverde.gob.ar\\\/portal\\\/wp-content\\\/uploads\\\/2025\\\/07\\\/presentacion-movilidad-urbana-scaled.jpg\",\"articleSection\":[\"Municipio\"],\"inLanguage\":\"es\"},{\"@type\":\"WebPage\",\"@id\":\"https:\\\/\\\/oroverde.gob.ar\\\/portal\\\/presentacion-del-estudio-de-movilidad-urbana-del-predio-alberdi\\\/\",\"url\":\"https:\\\/\\\/oroverde.gob.ar\\\/portal\\\/presentacion-del-estudio-de-movilidad-urbana-del-predio-alberdi\\\/\",\"name\":\"Presentaci\u00f3n del estudio de movilidad urbana del predio Alberdi - Municipio de Oro Verde\",\"isPartOf\":{\"@id\":\"https:\\\/\\\/oroverde.gob.ar\\\/portal\\\/#website\"},\"primaryImageOfPage\":{\"@id\":\"https:\\\/\\\/oroverde.gob.ar\\\/portal\\\/presentacion-del-estudio-de-movilidad-urbana-del-predio-alberdi\\\/#primaryimage\"},\"image\":{\"@id\":\"https:\\\/\\\/oroverde.gob.ar\\\/portal\\\/presentacion-del-estudio-de-movilidad-urbana-del-predio-alberdi\\\/#primaryimage\"},\"thumbnailUrl\":\"https:\\\/\\\/oroverde.gob.ar\\\/portal\\\/wp-content\\\/uploads\\\/2025\\\/07\\\/presentacion-movilidad-urbana-scaled.jpg\",\"datePublished\":\"2025-07-22T16:55:39+00:00\",\"breadcrumb\":{\"@id\":\"https:\\\/\\\/oroverde.gob.ar\\\/portal\\\/presentacion-del-estudio-de-movilidad-urbana-del-predio-alberdi\\\/#breadcrumb\"},\"inLanguage\":\"es\",\"potentialAction\":[{\"@type\":\"ReadAction\",\"target\":[\"https:\\\/\\\/oroverde.gob.ar\\\/portal\\\/presentacion-del-estudio-de-movilidad-urbana-del-predio-alberdi\\\/\"]}]},{\"@type\":\"ImageObject\",\"inLanguage\":\"es\",\"@id\":\"https:\\\/\\\/oroverde.gob.ar\\\/portal\\\/presentacion-del-estudio-de-movilidad-urbana-del-predio-alberdi\\\/#primaryimage\",\"url\":\"https:\\\/\\\/oroverde.gob.ar\\\/portal\\\/wp-content\\\/uploads\\\/2025\\\/07\\\/presentacion-movilidad-urbana-scaled.jpg\",\"contentUrl\":\"https:\\\/\\\/oroverde.gob.ar\\\/portal\\\/wp-content\\\/uploads\\\/2025\\\/07\\\/presentacion-movilidad-urbana-scaled.jpg\",\"width\":2560,\"height\":1708},{\"@type\":\"BreadcrumbList\",\"@id\":\"https:\\\/\\\/oroverde.gob.ar\\\/portal\\\/presentacion-del-estudio-de-movilidad-urbana-del-predio-alberdi\\\/#breadcrumb\",\"itemListElement\":[{\"@type\":\"ListItem\",\"position\":1,\"name\":\"Portada\",\"item\":\"https:\\\/\\\/oroverde.gob.ar\\\/portal\\\/\"},{\"@type\":\"ListItem\",\"position\":2,\"name\":\"Presentaci\u00f3n del estudio de movilidad urbana del predio Alberdi\"}]},{\"@type\":\"WebSite\",\"@id\":\"https:\\\/\\\/oroverde.gob.ar\\\/portal\\\/#website\",\"url\":\"https:\\\/\\\/oroverde.gob.ar\\\/portal\\\/\",\"name\":\"Municipio de Oro Verde\",\"description\":\"Web Oficial\",\"publisher\":{\"@id\":\"https:\\\/\\\/oroverde.gob.ar\\\/portal\\\/#organization\"},\"potentialAction\":[{\"@type\":\"SearchAction\",\"target\":{\"@type\":\"EntryPoint\",\"urlTemplate\":\"https:\\\/\\\/oroverde.gob.ar\\\/portal\\\/?s={search_term_string}\"},\"query-input\":{\"@type\":\"PropertyValueSpecification\",\"valueRequired\":true,\"valueName\":\"search_term_string\"}}],\"inLanguage\":\"es\"},{\"@type\":\"Organization\",\"@id\":\"https:\\\/\\\/oroverde.gob.ar\\\/portal\\\/#organization\",\"name\":\"Municipio de Oro Verde\",\"url\":\"https:\\\/\\\/oroverde.gob.ar\\\/portal\\\/\",\"logo\":{\"@type\":\"ImageObject\",\"inLanguage\":\"es\",\"@id\":\"https:\\\/\\\/oroverde.gob.ar\\\/portal\\\/#\\\/schema\\\/logo\\\/image\\\/\",\"url\":\"https:\\\/\\\/oroverde.gob.ar\\\/portal\\\/wp-content\\\/uploads\\\/2024\\\/06\\\/cropped-cropped-logo-1.png\",\"contentUrl\":\"https:\\\/\\\/oroverde.gob.ar\\\/portal\\\/wp-content\\\/uploads\\\/2024\\\/06\\\/cropped-cropped-logo-1.png\",\"width\":1776,\"height\":738,\"caption\":\"Municipio de Oro Verde\"},\"image\":{\"@id\":\"https:\\\/\\\/oroverde.gob.ar\\\/portal\\\/#\\\/schema\\\/logo\\\/image\\\/\"}},{\"@type\":\"Person\",\"@id\":\"https:\\\/\\\/oroverde.gob.ar\\\/portal\\\/#\\\/schema\\\/person\\\/b975e0cbcd43b7dcf9c64511ec84f10f\",\"name\":\"Soledad\",\"image\":{\"@type\":\"ImageObject\",\"inLanguage\":\"es\",\"@id\":\"https:\\\/\\\/secure.gravatar.com\\\/avatar\\\/b2f5b6cda565395f31dc94c95932b9b3fbe6275bad58a1579843d3d1607d4a66?s=96&d=mm&r=g\",\"url\":\"https:\\\/\\\/secure.gravatar.com\\\/avatar\\\/b2f5b6cda565395f31dc94c95932b9b3fbe6275bad58a1579843d3d1607d4a66?s=96&d=mm&r=g\",\"contentUrl\":\"https:\\\/\\\/secure.gravatar.com\\\/avatar\\\/b2f5b6cda565395f31dc94c95932b9b3fbe6275bad58a1579843d3d1607d4a66?s=96&d=mm&r=g\",\"caption\":\"Soledad\"},\"url\":\"https:\\\/\\\/oroverde.gob.ar\\\/portal\\\/author\\\/soledad\\\/\"}]}<\/script>\n<!-- \/ Yoast SEO plugin. -->","yoast_head_json":{"title":"Presentaci\u00f3n del estudio de movilidad urbana del predio Alberdi - Municipio de Oro Verde","robots":{"index":"index","follow":"follow","max-snippet":"max-snippet:-1","max-image-preview":"max-image-preview:large","max-video-preview":"max-video-preview:-1"},"canonical":"https:\/\/oroverde.gob.ar\/portal\/presentacion-del-estudio-de-movilidad-urbana-del-predio-alberdi\/","og_locale":"es_ES","og_type":"article","og_title":"Presentaci\u00f3n del estudio de movilidad urbana del predio Alberdi - Municipio de Oro Verde","og_description":"Con el objetivo de llevar adelante el ordenamiento del estacionamiento y mejora de la seguridad vial en el Boulevard principal de acceso al complejo educativo de la Escuela Normal Rural Alberdi se realiz\u00f3 esta ma\u00f1ana la presentaci\u00f3n del estudio de movilidad urbana del &hellip;","og_url":"https:\/\/oroverde.gob.ar\/portal\/presentacion-del-estudio-de-movilidad-urbana-del-predio-alberdi\/","og_site_name":"Municipio de Oro Verde","article_published_time":"2025-07-22T16:55:39+00:00","og_image":[{"width":2560,"height":1708,"url":"https:\/\/oroverde.gob.ar\/portal\/wp-content\/uploads\/2025\/07\/presentacion-movilidad-urbana-scaled.jpg","type":"image\/jpeg"}],"author":"Soledad","twitter_card":"summary_large_image","twitter_misc":{"Escrito por":"Soledad","Tiempo de lectura":"2 minutos"},"schema":{"@context":"https:\/\/schema.org","@graph":[{"@type":"Article","@id":"https:\/\/oroverde.gob.ar\/portal\/presentacion-del-estudio-de-movilidad-urbana-del-predio-alberdi\/#article","isPartOf":{"@id":"https:\/\/oroverde.gob.ar\/portal\/presentacion-del-estudio-de-movilidad-urbana-del-predio-alberdi\/"},"author":{"name":"Soledad","@id":"https:\/\/oroverde.gob.ar\/portal\/#\/schema\/person\/b975e0cbcd43b7dcf9c64511ec84f10f"},"headline":"Presentaci\u00f3n del estudio de movilidad urbana del predio Alberdi","datePublished":"2025-07-22T16:55:39+00:00","mainEntityOfPage":{"@id":"https:\/\/oroverde.gob.ar\/portal\/presentacion-del-estudio-de-movilidad-urbana-del-predio-alberdi\/"},"wordCount":231,"publisher":{"@id":"https:\/\/oroverde.gob.ar\/portal\/#organization"},"image":{"@id":"https:\/\/oroverde.gob.ar\/portal\/presentacion-del-estudio-de-movilidad-urbana-del-predio-alberdi\/#primaryimage"},"thumbnailUrl":"https:\/\/oroverde.gob.ar\/portal\/wp-content\/uploads\/2025\/07\/presentacion-movilidad-urbana-scaled.jpg","articleSection":["Municipio"],"inLanguage":"es"},{"@type":"WebPage","@id":"https:\/\/oroverde.gob.ar\/portal\/presentacion-del-estudio-de-movilidad-urbana-del-predio-alberdi\/","url":"https:\/\/oroverde.gob.ar\/portal\/presentacion-del-estudio-de-movilidad-urbana-del-predio-alberdi\/","name":"Presentaci\u00f3n del estudio de movilidad urbana del predio Alberdi - Municipio de Oro Verde","isPartOf":{"@id":"https:\/\/oroverde.gob.ar\/portal\/#website"},"primaryImageOfPage":{"@id":"https:\/\/oroverde.gob.ar\/portal\/presentacion-del-estudio-de-movilidad-urbana-del-predio-alberdi\/#primaryimage"},"image":{"@id":"https:\/\/oroverde.gob.ar\/portal\/presentacion-del-estudio-de-movilidad-urbana-del-predio-alberdi\/#primaryimage"},"thumbnailUrl":"https:\/\/oroverde.gob.ar\/portal\/wp-content\/uploads\/2025\/07\/presentacion-movilidad-urbana-scaled.jpg","datePublished":"2025-07-22T16:55:39+00:00","breadcrumb":{"@id":"https:\/\/oroverde.gob.ar\/portal\/presentacion-del-estudio-de-movilidad-urbana-del-predio-alberdi\/#breadcrumb"},"inLanguage":"es","potentialAction":[{"@type":"ReadAction","target":["https:\/\/oroverde.gob.ar\/portal\/presentacion-del-estudio-de-movilidad-urbana-del-predio-alberdi\/"]}]},{"@type":"ImageObject","inLanguage":"es","@id":"https:\/\/oroverde.gob.ar\/portal\/presentacion-del-estudio-de-movilidad-urbana-del-predio-alberdi\/#primaryimage","url":"https:\/\/oroverde.gob.ar\/portal\/wp-content\/uploads\/2025\/07\/presentacion-movilidad-urbana-scaled.jpg","contentUrl":"https:\/\/oroverde.gob.ar\/portal\/wp-content\/uploads\/2025\/07\/presentacion-movilidad-urbana-scaled.jpg","width":2560,"height":1708},{"@type":"BreadcrumbList","@id":"https:\/\/oroverde.gob.ar\/portal\/presentacion-del-estudio-de-movilidad-urbana-del-predio-alberdi\/#breadcrumb","itemListElement":[{"@type":"ListItem","position":1,"name":"Portada","item":"https:\/\/oroverde.gob.ar\/portal\/"},{"@type":"ListItem","position":2,"name":"Presentaci\u00f3n del estudio de movilidad urbana del predio Alberdi"}]},{"@type":"WebSite","@id":"https:\/\/oroverde.gob.ar\/portal\/#website","url":"https:\/\/oroverde.gob.ar\/portal\/","name":"Municipio de Oro Verde","description":"Web Oficial","publisher":{"@id":"https:\/\/oroverde.gob.ar\/portal\/#organization"},"potentialAction":[{"@type":"SearchAction","target":{"@type":"EntryPoint","urlTemplate":"https:\/\/oroverde.gob.ar\/portal\/?s={search_term_string}"},"query-input":{"@type":"PropertyValueSpecification","valueRequired":true,"valueName":"search_term_string"}}],"inLanguage":"es"},{"@type":"Organization","@id":"https:\/\/oroverde.gob.ar\/portal\/#organization","name":"Municipio de Oro Verde","url":"https:\/\/oroverde.gob.ar\/portal\/","logo":{"@type":"ImageObject","inLanguage":"es","@id":"https:\/\/oroverde.gob.ar\/portal\/#\/schema\/logo\/image\/","url":"https:\/\/oroverde.gob.ar\/portal\/wp-content\/uploads\/2024\/06\/cropped-cropped-logo-1.png","contentUrl":"https:\/\/oroverde.gob.ar\/portal\/wp-content\/uploads\/2024\/06\/cropped-cropped-logo-1.png","width":1776,"height":738,"caption":"Municipio de Oro Verde"},"image":{"@id":"https:\/\/oroverde.gob.ar\/portal\/#\/schema\/logo\/image\/"}},{"@type":"Person","@id":"https:\/\/oroverde.gob.ar\/portal\/#\/schema\/person\/b975e0cbcd43b7dcf9c64511ec84f10f","name":"Soledad","image":{"@type":"ImageObject","inLanguage":"es","@id":"https:\/\/secure.gravatar.com\/avatar\/b2f5b6cda565395f31dc94c95932b9b3fbe6275bad58a1579843d3d1607d4a66?s=96&d=mm&r=g","url":"https:\/\/secure.gravatar.com\/avatar\/b2f5b6cda565395f31dc94c95932b9b3fbe6275bad58a1579843d3d1607d4a66?s=96&d=mm&r=g","contentUrl":"https:\/\/secure.gravatar.com\/avatar\/b2f5b6cda565395f31dc94c95932b9b3fbe6275bad58a1579843d3d1607d4a66?s=96&d=mm&r=g","caption":"Soledad"},"url":"https:\/\/oroverde.gob.ar\/portal\/author\/soledad\/"}]}},"_links":{"self":[{"href":"https:\/\/oroverde.gob.ar\/portal\/wp-json\/wp\/v2\/posts\/6410","targetHints":{"allow":["GET"]}}],"collection":[{"href":"https:\/\/oroverde.gob.ar\/portal\/wp-json\/wp\/v2\/posts"}],"about":[{"href":"https:\/\/oroverde.gob.ar\/portal\/wp-json\/wp\/v2\/types\/post"}],"author":[{"embeddable":true,"href":"https:\/\/oroverde.gob.ar\/portal\/wp-json\/wp\/v2\/users\/3"}],"replies":[{"embeddable":true,"href":"https:\/\/oroverde.gob.ar\/portal\/wp-json\/wp\/v2\/comments?post=6410"}],"version-history":[{"count":1,"href":"https:\/\/oroverde.gob.ar\/portal\/wp-json\/wp\/v2\/posts\/6410\/revisions"}],"predecessor-version":[{"id":6412,"href":"https:\/\/oroverde.gob.ar\/portal\/wp-json\/wp\/v2\/posts\/6410\/revisions\/6412"}],"wp:featuredmedia":[{"embeddable":true,"href":"https:\/\/oroverde.gob.ar\/portal\/wp-json\/wp\/v2\/media\/6411"}],"wp:attachment":[{"href":"https:\/\/oroverde.gob.ar\/portal\/wp-json\/wp\/v2\/media?parent=6410"}],"wp:term":[{"taxonomy":"category","embeddable":true,"href":"https:\/\/oroverde.gob.ar\/portal\/wp-json\/wp\/v2\/categories?post=6410"},{"taxonomy":"post_tag","embeddable":true,"href":"https:\/\/oroverde.gob.ar\/portal\/wp-json\/wp\/v2\/tags?post=6410"}],"curies":[{"name":"wp","href":"https:\/\/api.w.org\/{rel}","templated":true}]}}