{"id":6440,"date":"2025-07-25T12:35:01","date_gmt":"2025-07-25T15:35:01","guid":{"rendered":"https:\/\/oroverde.gob.ar\/portal\/?p=6440"},"modified":"2025-07-25T12:35:01","modified_gmt":"2025-07-25T15:35:01","slug":"presentaron-los-nuevos-colectivos-para-el-area-metropolitana-con-intendentes-y-funcionarios-provinciales","status":"publish","type":"post","link":"https:\/\/oroverde.gob.ar\/portal\/presentaron-los-nuevos-colectivos-para-el-area-metropolitana-con-intendentes-y-funcionarios-provinciales\/","title":{"rendered":"Presentaron los nuevos colectivos para el \u00c1rea Metropolitana con intendentes y funcionarios provinciales"},"content":{"rendered":"<p>El intendente C\u00e9sar Clement recibi\u00f3 a funcionarios provinciales y a intendentes del \u00e1rea Metropolitana en el Polideportivo Municipal para la presentaci\u00f3n de 15 unidades de transporte de pasajeros que se sumar\u00e1n a la flota del \u00c1rea Metropolitana. La inversi\u00f3n total es 9 mil millones de pesos, y 3 mil millones en esta primera etapa. Dar\u00edo Schneider, ministro de Planeamiento fue el encargado de presentarlas ante los medios de comunicaci\u00f3n. Estos colectivos se utilizar\u00e1n en trayectos entre Paran\u00e1, Oro Verde, San Benito, Sauce Montrull, Villa Fontana y Tezanos Pintos.<br \/>\nTambi\u00e9n formaron parte de la convocatoria, Diego Elsesser secretario de Transporte, los presidentes municipales Ariel Voeffray de San Benito, Soledad Daneri de Sauce Montrull y Daniel Fontana de Tezanos Pinto, entre otros funcionarios.<br \/>\n\u201cHoy estamos en la presentaci\u00f3n de una importante inversi\u00f3n que lleva adelante la empresa con 10 estas unidades nuevas que van a estar prestando servicio en estos municipios. Queremos destacar esta inversi\u00f3n que va a mejorar much\u00edsimo el transporte p\u00fablico en la zona Metropolitana\u201d, explic\u00f3 Dar\u00edo Schneider.<br \/>\nPor su parte Juan Diego Elsseser, secretario de Transporte, enfatiz\u00f3 que \u201cde las 45 que est\u00e1n en el \u00e1rea metropolitana vamos a reemplazar 15 con estas unidades, diez son 0 Km y otras cinco que son modelo 2022. Ser\u00e1n incorporadas a la flota actual\u201d.<br \/>\nEl intendente de Oro Verde, C\u00e9sar Clement se\u00f1al\u00f3 \u201clas nuestras son ciudades que est\u00e1n conectadas por trabajo, familia o educaci\u00f3n y han cambiado mucho las necesidades de las personas. Agradecemos al ministro y a la gente de Provincia porque hace dos a\u00f1os ven\u00edamos con un servicio que no sab\u00eda si iba a continuar y hoy podemos ver el compromiso que hay con nuestras localidades, plasmado en estas nuevas unidades\u201d.<\/p>\n","protected":false},"excerpt":{"rendered":"<p>El intendente C\u00e9sar Clement recibi\u00f3 a funcionarios provinciales y a intendentes del \u00e1rea Metropolitana en el Polideportivo Municipal para la presentaci\u00f3n de 15 unidades de transporte de pasajeros que se sumar\u00e1n a la flota del \u00c1rea Metropolitana. La inversi\u00f3n total es 9 mil &hellip;<\/p>\n","protected":false},"author":3,"featured_media":6441,"comment_status":"closed","ping_status":"closed","sticky":false,"template":"","format":"standard","meta":{"footnotes":""},"categories":[25],"tags":[],"class_list":["post-6440","post","type-post","status-publish","format-standard","has-post-thumbnail","hentry","category-gobierno"],"yoast_head":"<!-- This site is optimized with the Yoast SEO plugin v27.5 - https:\/\/yoast.com\/product\/yoast-seo-wordpress\/ -->\n<title>Presentaron los nuevos colectivos para el \u00c1rea Metropolitana con intendentes y funcionarios provinciales - Municipio de Oro Verde<\/title>\n<meta name=\"robots\" content=\"index, follow, max-snippet:-1, max-image-preview:large, max-video-preview:-1\" \/>\n<link rel=\"canonical\" href=\"https:\/\/oroverde.gob.ar\/portal\/presentaron-los-nuevos-colectivos-para-el-area-metropolitana-con-intendentes-y-funcionarios-provinciales\/\" \/>\n<meta property=\"og:locale\" content=\"es_ES\" \/>\n<meta property=\"og:type\" content=\"article\" \/>\n<meta property=\"og:title\" content=\"Presentaron los nuevos colectivos para el \u00c1rea Metropolitana con intendentes y funcionarios provinciales - Municipio de Oro Verde\" \/>\n<meta property=\"og:description\" content=\"El intendente C\u00e9sar Clement recibi\u00f3 a funcionarios provinciales y a intendentes del \u00e1rea Metropolitana en el Polideportivo Municipal para la presentaci\u00f3n de 15 unidades de transporte de pasajeros que se sumar\u00e1n a la flota del \u00c1rea Metropolitana. La inversi\u00f3n total es 9 mil &hellip;\" \/>\n<meta property=\"og:url\" content=\"https:\/\/oroverde.gob.ar\/portal\/presentaron-los-nuevos-colectivos-para-el-area-metropolitana-con-intendentes-y-funcionarios-provinciales\/\" \/>\n<meta property=\"og:site_name\" content=\"Municipio de Oro Verde\" \/>\n<meta property=\"article:published_time\" content=\"2025-07-25T15:35:01+00:00\" \/>\n<meta property=\"og:image\" content=\"https:\/\/oroverde.gob.ar\/portal\/wp-content\/uploads\/2025\/07\/DSC0007-scaled.jpg\" \/>\n\t<meta property=\"og:image:width\" content=\"2560\" \/>\n\t<meta property=\"og:image:height\" content=\"1708\" \/>\n\t<meta property=\"og:image:type\" content=\"image\/jpeg\" \/>\n<meta name=\"author\" content=\"Soledad\" \/>\n<meta name=\"twitter:card\" content=\"summary_large_image\" \/>\n<meta name=\"twitter:label1\" content=\"Escrito por\" \/>\n\t<meta name=\"twitter:data1\" content=\"Soledad\" \/>\n\t<meta name=\"twitter:label2\" content=\"Tiempo de lectura\" \/>\n\t<meta name=\"twitter:data2\" content=\"2 minutos\" \/>\n<script type=\"application\/ld+json\" class=\"yoast-schema-graph\">{\"@context\":\"https:\\\/\\\/schema.org\",\"@graph\":[{\"@type\":\"Article\",\"@id\":\"https:\\\/\\\/oroverde.gob.ar\\\/portal\\\/presentaron-los-nuevos-colectivos-para-el-area-metropolitana-con-intendentes-y-funcionarios-provinciales\\\/#article\",\"isPartOf\":{\"@id\":\"https:\\\/\\\/oroverde.gob.ar\\\/portal\\\/presentaron-los-nuevos-colectivos-para-el-area-metropolitana-con-intendentes-y-funcionarios-provinciales\\\/\"},\"author\":{\"name\":\"Soledad\",\"@id\":\"https:\\\/\\\/oroverde.gob.ar\\\/portal\\\/#\\\/schema\\\/person\\\/b975e0cbcd43b7dcf9c64511ec84f10f\"},\"headline\":\"Presentaron los nuevos colectivos para el \u00c1rea Metropolitana con intendentes y funcionarios provinciales\",\"datePublished\":\"2025-07-25T15:35:01+00:00\",\"mainEntityOfPage\":{\"@id\":\"https:\\\/\\\/oroverde.gob.ar\\\/portal\\\/presentaron-los-nuevos-colectivos-para-el-area-metropolitana-con-intendentes-y-funcionarios-provinciales\\\/\"},\"wordCount\":309,\"publisher\":{\"@id\":\"https:\\\/\\\/oroverde.gob.ar\\\/portal\\\/#organization\"},\"image\":{\"@id\":\"https:\\\/\\\/oroverde.gob.ar\\\/portal\\\/presentaron-los-nuevos-colectivos-para-el-area-metropolitana-con-intendentes-y-funcionarios-provinciales\\\/#primaryimage\"},\"thumbnailUrl\":\"https:\\\/\\\/oroverde.gob.ar\\\/portal\\\/wp-content\\\/uploads\\\/2025\\\/07\\\/DSC0007-scaled.jpg\",\"articleSection\":[\"Gobierno\"],\"inLanguage\":\"es\"},{\"@type\":\"WebPage\",\"@id\":\"https:\\\/\\\/oroverde.gob.ar\\\/portal\\\/presentaron-los-nuevos-colectivos-para-el-area-metropolitana-con-intendentes-y-funcionarios-provinciales\\\/\",\"url\":\"https:\\\/\\\/oroverde.gob.ar\\\/portal\\\/presentaron-los-nuevos-colectivos-para-el-area-metropolitana-con-intendentes-y-funcionarios-provinciales\\\/\",\"name\":\"Presentaron los nuevos colectivos para el \u00c1rea Metropolitana con intendentes y funcionarios provinciales - Municipio de Oro Verde\",\"isPartOf\":{\"@id\":\"https:\\\/\\\/oroverde.gob.ar\\\/portal\\\/#website\"},\"primaryImageOfPage\":{\"@id\":\"https:\\\/\\\/oroverde.gob.ar\\\/portal\\\/presentaron-los-nuevos-colectivos-para-el-area-metropolitana-con-intendentes-y-funcionarios-provinciales\\\/#primaryimage\"},\"image\":{\"@id\":\"https:\\\/\\\/oroverde.gob.ar\\\/portal\\\/presentaron-los-nuevos-colectivos-para-el-area-metropolitana-con-intendentes-y-funcionarios-provinciales\\\/#primaryimage\"},\"thumbnailUrl\":\"https:\\\/\\\/oroverde.gob.ar\\\/portal\\\/wp-content\\\/uploads\\\/2025\\\/07\\\/DSC0007-scaled.jpg\",\"datePublished\":\"2025-07-25T15:35:01+00:00\",\"breadcrumb\":{\"@id\":\"https:\\\/\\\/oroverde.gob.ar\\\/portal\\\/presentaron-los-nuevos-colectivos-para-el-area-metropolitana-con-intendentes-y-funcionarios-provinciales\\\/#breadcrumb\"},\"inLanguage\":\"es\",\"potentialAction\":[{\"@type\":\"ReadAction\",\"target\":[\"https:\\\/\\\/oroverde.gob.ar\\\/portal\\\/presentaron-los-nuevos-colectivos-para-el-area-metropolitana-con-intendentes-y-funcionarios-provinciales\\\/\"]}]},{\"@type\":\"ImageObject\",\"inLanguage\":\"es\",\"@id\":\"https:\\\/\\\/oroverde.gob.ar\\\/portal\\\/presentaron-los-nuevos-colectivos-para-el-area-metropolitana-con-intendentes-y-funcionarios-provinciales\\\/#primaryimage\",\"url\":\"https:\\\/\\\/oroverde.gob.ar\\\/portal\\\/wp-content\\\/uploads\\\/2025\\\/07\\\/DSC0007-scaled.jpg\",\"contentUrl\":\"https:\\\/\\\/oroverde.gob.ar\\\/portal\\\/wp-content\\\/uploads\\\/2025\\\/07\\\/DSC0007-scaled.jpg\",\"width\":2560,\"height\":1708},{\"@type\":\"BreadcrumbList\",\"@id\":\"https:\\\/\\\/oroverde.gob.ar\\\/portal\\\/presentaron-los-nuevos-colectivos-para-el-area-metropolitana-con-intendentes-y-funcionarios-provinciales\\\/#breadcrumb\",\"itemListElement\":[{\"@type\":\"ListItem\",\"position\":1,\"name\":\"Portada\",\"item\":\"https:\\\/\\\/oroverde.gob.ar\\\/portal\\\/\"},{\"@type\":\"ListItem\",\"position\":2,\"name\":\"Presentaron los nuevos colectivos para el \u00c1rea Metropolitana con intendentes y funcionarios provinciales\"}]},{\"@type\":\"WebSite\",\"@id\":\"https:\\\/\\\/oroverde.gob.ar\\\/portal\\\/#website\",\"url\":\"https:\\\/\\\/oroverde.gob.ar\\\/portal\\\/\",\"name\":\"Municipio de Oro Verde\",\"description\":\"Web Oficial\",\"publisher\":{\"@id\":\"https:\\\/\\\/oroverde.gob.ar\\\/portal\\\/#organization\"},\"potentialAction\":[{\"@type\":\"SearchAction\",\"target\":{\"@type\":\"EntryPoint\",\"urlTemplate\":\"https:\\\/\\\/oroverde.gob.ar\\\/portal\\\/?s={search_term_string}\"},\"query-input\":{\"@type\":\"PropertyValueSpecification\",\"valueRequired\":true,\"valueName\":\"search_term_string\"}}],\"inLanguage\":\"es\"},{\"@type\":\"Organization\",\"@id\":\"https:\\\/\\\/oroverde.gob.ar\\\/portal\\\/#organization\",\"name\":\"Municipio de Oro Verde\",\"url\":\"https:\\\/\\\/oroverde.gob.ar\\\/portal\\\/\",\"logo\":{\"@type\":\"ImageObject\",\"inLanguage\":\"es\",\"@id\":\"https:\\\/\\\/oroverde.gob.ar\\\/portal\\\/#\\\/schema\\\/logo\\\/image\\\/\",\"url\":\"https:\\\/\\\/oroverde.gob.ar\\\/portal\\\/wp-content\\\/uploads\\\/2024\\\/06\\\/cropped-cropped-logo-1.png\",\"contentUrl\":\"https:\\\/\\\/oroverde.gob.ar\\\/portal\\\/wp-content\\\/uploads\\\/2024\\\/06\\\/cropped-cropped-logo-1.png\",\"width\":1776,\"height\":738,\"caption\":\"Municipio de Oro Verde\"},\"image\":{\"@id\":\"https:\\\/\\\/oroverde.gob.ar\\\/portal\\\/#\\\/schema\\\/logo\\\/image\\\/\"}},{\"@type\":\"Person\",\"@id\":\"https:\\\/\\\/oroverde.gob.ar\\\/portal\\\/#\\\/schema\\\/person\\\/b975e0cbcd43b7dcf9c64511ec84f10f\",\"name\":\"Soledad\",\"image\":{\"@type\":\"ImageObject\",\"inLanguage\":\"es\",\"@id\":\"https:\\\/\\\/secure.gravatar.com\\\/avatar\\\/b2f5b6cda565395f31dc94c95932b9b3fbe6275bad58a1579843d3d1607d4a66?s=96&d=mm&r=g\",\"url\":\"https:\\\/\\\/secure.gravatar.com\\\/avatar\\\/b2f5b6cda565395f31dc94c95932b9b3fbe6275bad58a1579843d3d1607d4a66?s=96&d=mm&r=g\",\"contentUrl\":\"https:\\\/\\\/secure.gravatar.com\\\/avatar\\\/b2f5b6cda565395f31dc94c95932b9b3fbe6275bad58a1579843d3d1607d4a66?s=96&d=mm&r=g\",\"caption\":\"Soledad\"},\"url\":\"https:\\\/\\\/oroverde.gob.ar\\\/portal\\\/author\\\/soledad\\\/\"}]}<\/script>\n<!-- \/ Yoast SEO plugin. -->","yoast_head_json":{"title":"Presentaron los nuevos colectivos para el \u00c1rea Metropolitana con intendentes y funcionarios provinciales - Municipio de Oro Verde","robots":{"index":"index","follow":"follow","max-snippet":"max-snippet:-1","max-image-preview":"max-image-preview:large","max-video-preview":"max-video-preview:-1"},"canonical":"https:\/\/oroverde.gob.ar\/portal\/presentaron-los-nuevos-colectivos-para-el-area-metropolitana-con-intendentes-y-funcionarios-provinciales\/","og_locale":"es_ES","og_type":"article","og_title":"Presentaron los nuevos colectivos para el \u00c1rea Metropolitana con intendentes y funcionarios provinciales - Municipio de Oro Verde","og_description":"El intendente C\u00e9sar Clement recibi\u00f3 a funcionarios provinciales y a intendentes del \u00e1rea Metropolitana en el Polideportivo Municipal para la presentaci\u00f3n de 15 unidades de transporte de pasajeros que se sumar\u00e1n a la flota del \u00c1rea Metropolitana. La inversi\u00f3n total es 9 mil &hellip;","og_url":"https:\/\/oroverde.gob.ar\/portal\/presentaron-los-nuevos-colectivos-para-el-area-metropolitana-con-intendentes-y-funcionarios-provinciales\/","og_site_name":"Municipio de Oro Verde","article_published_time":"2025-07-25T15:35:01+00:00","og_image":[{"width":2560,"height":1708,"url":"https:\/\/oroverde.gob.ar\/portal\/wp-content\/uploads\/2025\/07\/DSC0007-scaled.jpg","type":"image\/jpeg"}],"author":"Soledad","twitter_card":"summary_large_image","twitter_misc":{"Escrito por":"Soledad","Tiempo de lectura":"2 minutos"},"schema":{"@context":"https:\/\/schema.org","@graph":[{"@type":"Article","@id":"https:\/\/oroverde.gob.ar\/portal\/presentaron-los-nuevos-colectivos-para-el-area-metropolitana-con-intendentes-y-funcionarios-provinciales\/#article","isPartOf":{"@id":"https:\/\/oroverde.gob.ar\/portal\/presentaron-los-nuevos-colectivos-para-el-area-metropolitana-con-intendentes-y-funcionarios-provinciales\/"},"author":{"name":"Soledad","@id":"https:\/\/oroverde.gob.ar\/portal\/#\/schema\/person\/b975e0cbcd43b7dcf9c64511ec84f10f"},"headline":"Presentaron los nuevos colectivos para el \u00c1rea Metropolitana con intendentes y funcionarios provinciales","datePublished":"2025-07-25T15:35:01+00:00","mainEntityOfPage":{"@id":"https:\/\/oroverde.gob.ar\/portal\/presentaron-los-nuevos-colectivos-para-el-area-metropolitana-con-intendentes-y-funcionarios-provinciales\/"},"wordCount":309,"publisher":{"@id":"https:\/\/oroverde.gob.ar\/portal\/#organization"},"image":{"@id":"https:\/\/oroverde.gob.ar\/portal\/presentaron-los-nuevos-colectivos-para-el-area-metropolitana-con-intendentes-y-funcionarios-provinciales\/#primaryimage"},"thumbnailUrl":"https:\/\/oroverde.gob.ar\/portal\/wp-content\/uploads\/2025\/07\/DSC0007-scaled.jpg","articleSection":["Gobierno"],"inLanguage":"es"},{"@type":"WebPage","@id":"https:\/\/oroverde.gob.ar\/portal\/presentaron-los-nuevos-colectivos-para-el-area-metropolitana-con-intendentes-y-funcionarios-provinciales\/","url":"https:\/\/oroverde.gob.ar\/portal\/presentaron-los-nuevos-colectivos-para-el-area-metropolitana-con-intendentes-y-funcionarios-provinciales\/","name":"Presentaron los nuevos colectivos para el \u00c1rea Metropolitana con intendentes y funcionarios provinciales - Municipio de Oro Verde","isPartOf":{"@id":"https:\/\/oroverde.gob.ar\/portal\/#website"},"primaryImageOfPage":{"@id":"https:\/\/oroverde.gob.ar\/portal\/presentaron-los-nuevos-colectivos-para-el-area-metropolitana-con-intendentes-y-funcionarios-provinciales\/#primaryimage"},"image":{"@id":"https:\/\/oroverde.gob.ar\/portal\/presentaron-los-nuevos-colectivos-para-el-area-metropolitana-con-intendentes-y-funcionarios-provinciales\/#primaryimage"},"thumbnailUrl":"https:\/\/oroverde.gob.ar\/portal\/wp-content\/uploads\/2025\/07\/DSC0007-scaled.jpg","datePublished":"2025-07-25T15:35:01+00:00","breadcrumb":{"@id":"https:\/\/oroverde.gob.ar\/portal\/presentaron-los-nuevos-colectivos-para-el-area-metropolitana-con-intendentes-y-funcionarios-provinciales\/#breadcrumb"},"inLanguage":"es","potentialAction":[{"@type":"ReadAction","target":["https:\/\/oroverde.gob.ar\/portal\/presentaron-los-nuevos-colectivos-para-el-area-metropolitana-con-intendentes-y-funcionarios-provinciales\/"]}]},{"@type":"ImageObject","inLanguage":"es","@id":"https:\/\/oroverde.gob.ar\/portal\/presentaron-los-nuevos-colectivos-para-el-area-metropolitana-con-intendentes-y-funcionarios-provinciales\/#primaryimage","url":"https:\/\/oroverde.gob.ar\/portal\/wp-content\/uploads\/2025\/07\/DSC0007-scaled.jpg","contentUrl":"https:\/\/oroverde.gob.ar\/portal\/wp-content\/uploads\/2025\/07\/DSC0007-scaled.jpg","width":2560,"height":1708},{"@type":"BreadcrumbList","@id":"https:\/\/oroverde.gob.ar\/portal\/presentaron-los-nuevos-colectivos-para-el-area-metropolitana-con-intendentes-y-funcionarios-provinciales\/#breadcrumb","itemListElement":[{"@type":"ListItem","position":1,"name":"Portada","item":"https:\/\/oroverde.gob.ar\/portal\/"},{"@type":"ListItem","position":2,"name":"Presentaron los nuevos colectivos para el \u00c1rea Metropolitana con intendentes y funcionarios provinciales"}]},{"@type":"WebSite","@id":"https:\/\/oroverde.gob.ar\/portal\/#website","url":"https:\/\/oroverde.gob.ar\/portal\/","name":"Municipio de Oro Verde","description":"Web Oficial","publisher":{"@id":"https:\/\/oroverde.gob.ar\/portal\/#organization"},"potentialAction":[{"@type":"SearchAction","target":{"@type":"EntryPoint","urlTemplate":"https:\/\/oroverde.gob.ar\/portal\/?s={search_term_string}"},"query-input":{"@type":"PropertyValueSpecification","valueRequired":true,"valueName":"search_term_string"}}],"inLanguage":"es"},{"@type":"Organization","@id":"https:\/\/oroverde.gob.ar\/portal\/#organization","name":"Municipio de Oro Verde","url":"https:\/\/oroverde.gob.ar\/portal\/","logo":{"@type":"ImageObject","inLanguage":"es","@id":"https:\/\/oroverde.gob.ar\/portal\/#\/schema\/logo\/image\/","url":"https:\/\/oroverde.gob.ar\/portal\/wp-content\/uploads\/2024\/06\/cropped-cropped-logo-1.png","contentUrl":"https:\/\/oroverde.gob.ar\/portal\/wp-content\/uploads\/2024\/06\/cropped-cropped-logo-1.png","width":1776,"height":738,"caption":"Municipio de Oro Verde"},"image":{"@id":"https:\/\/oroverde.gob.ar\/portal\/#\/schema\/logo\/image\/"}},{"@type":"Person","@id":"https:\/\/oroverde.gob.ar\/portal\/#\/schema\/person\/b975e0cbcd43b7dcf9c64511ec84f10f","name":"Soledad","image":{"@type":"ImageObject","inLanguage":"es","@id":"https:\/\/secure.gravatar.com\/avatar\/b2f5b6cda565395f31dc94c95932b9b3fbe6275bad58a1579843d3d1607d4a66?s=96&d=mm&r=g","url":"https:\/\/secure.gravatar.com\/avatar\/b2f5b6cda565395f31dc94c95932b9b3fbe6275bad58a1579843d3d1607d4a66?s=96&d=mm&r=g","contentUrl":"https:\/\/secure.gravatar.com\/avatar\/b2f5b6cda565395f31dc94c95932b9b3fbe6275bad58a1579843d3d1607d4a66?s=96&d=mm&r=g","caption":"Soledad"},"url":"https:\/\/oroverde.gob.ar\/portal\/author\/soledad\/"}]}},"_links":{"self":[{"href":"https:\/\/oroverde.gob.ar\/portal\/wp-json\/wp\/v2\/posts\/6440","targetHints":{"allow":["GET"]}}],"collection":[{"href":"https:\/\/oroverde.gob.ar\/portal\/wp-json\/wp\/v2\/posts"}],"about":[{"href":"https:\/\/oroverde.gob.ar\/portal\/wp-json\/wp\/v2\/types\/post"}],"author":[{"embeddable":true,"href":"https:\/\/oroverde.gob.ar\/portal\/wp-json\/wp\/v2\/users\/3"}],"replies":[{"embeddable":true,"href":"https:\/\/oroverde.gob.ar\/portal\/wp-json\/wp\/v2\/comments?post=6440"}],"version-history":[{"count":1,"href":"https:\/\/oroverde.gob.ar\/portal\/wp-json\/wp\/v2\/posts\/6440\/revisions"}],"predecessor-version":[{"id":6442,"href":"https:\/\/oroverde.gob.ar\/portal\/wp-json\/wp\/v2\/posts\/6440\/revisions\/6442"}],"wp:featuredmedia":[{"embeddable":true,"href":"https:\/\/oroverde.gob.ar\/portal\/wp-json\/wp\/v2\/media\/6441"}],"wp:attachment":[{"href":"https:\/\/oroverde.gob.ar\/portal\/wp-json\/wp\/v2\/media?parent=6440"}],"wp:term":[{"taxonomy":"category","embeddable":true,"href":"https:\/\/oroverde.gob.ar\/portal\/wp-json\/wp\/v2\/categories?post=6440"},{"taxonomy":"post_tag","embeddable":true,"href":"https:\/\/oroverde.gob.ar\/portal\/wp-json\/wp\/v2\/tags?post=6440"}],"curies":[{"name":"wp","href":"https:\/\/api.w.org\/{rel}","templated":true}]}}