{"id":6451,"date":"2025-08-08T07:44:56","date_gmt":"2025-08-08T10:44:56","guid":{"rendered":"https:\/\/oroverde.gob.ar\/portal\/?p=6451"},"modified":"2025-08-08T08:18:45","modified_gmt":"2025-08-08T11:18:45","slug":"en-agosto-llega-el-duatlon-rural-a-oro-verde","status":"publish","type":"post","link":"https:\/\/oroverde.gob.ar\/portal\/en-agosto-llega-el-duatlon-rural-a-oro-verde\/","title":{"rendered":"Este fin de semana llega el Duatl\u00f3n Rural a Oro Verde"},"content":{"rendered":"<div class=\"xdj266r x14z9mp xat24cr x1lziwak x1vvkbs x126k92a\">\n<div dir=\"auto\">Se llevar\u00e1 adelante en nuestra localidad la quinta fecha del Duatl\u00f3n Rural Acci\u00f3n Modo Dua (pedestrismo y ciclismo). Ser\u00e1 este s\u00e1bado a las 14:30 hs con lugar de largada y llegada en el Complejo de Piletas Municipal (Los Sauces y Las Tacuaritas).<\/div>\n<\/div>\n<div class=\"x14z9mp xat24cr x1lziwak x1vvkbs xtlvy1s x126k92a\">\n<div dir=\"auto\">Las distancias ser\u00e1n de 5, 20 y 2,5 km para individual- postas con final del Campeonato Nueva Copa equipos y ciudades.<\/div>\n<\/div>\n<div class=\"x14z9mp xat24cr x1lziwak x1vvkbs xtlvy1s x126k92a\">\n<div dir=\"auto\">En categor\u00eda super sprint (menores de 11 a 13 a\u00f1os- mayores) las distancias ser\u00e1n de 2,5 y 10 km, y de 2,5 km.<\/div>\n<\/div>\n<div class=\"x14z9mp xat24cr x1lziwak x1vvkbs xtlvy1s x126k92a\">\n<div dir=\"auto\">Inscripciones en <span class=\"html-span xdj266r x14z9mp xat24cr x1lziwak xexx8yu xyri2b x18d9i69 x1c1uobl x1hl2dhg x16tdsg8 x1vvkbs\"><a class=\"x1i10hfl xjbqb8w x1ejq31n x18oe1m7 x1sy0etr xstzfhl x972fbf x10w94by x1qhh985 x14e42zd x9f619 x1ypdohk xt0psk2 xe8uvvx xdj266r x14z9mp xat24cr x1lziwak xexx8yu xyri2b x18d9i69 x1c1uobl x16tdsg8 x1hl2dhg xggy1nq x1a2a7pz xkrqix3 x1sur9pj x1fey0fg x1s688f\" tabindex=\"0\" role=\"link\" href=\"https:\/\/www.encarrera.com.ar\/duaoro\/?fbclid=IwZXh0bgNhZW0CMTAAYnJpZBExZFp2SHBZOXF4dnMyUE1tdQEeuL8fNlFvPiDv-ArQED4wFSoJp7IDXzFqKvwVfyqGUEhm8bxXrw6NlYF1B08_aem_89ov4cdXOxGhNQTy_4kwqQ\" target=\"_blank\" rel=\"nofollow noopener noreferrer\">https:\/\/www.encarrera.com.ar\/duaoro\/<\/a><\/span><\/div>\n<\/div>\n<div class=\"x14z9mp xat24cr x1lziwak x1vvkbs xtlvy1s x126k92a\">\n<div dir=\"auto\">Habr\u00e1 medallas finisher para todos, premiaci\u00f3n general y por categor\u00edas.<\/div>\n<div dir=\"auto\">Cierre del campeonato con cena en el Club Atl\u00e9tico Oro Verde.<\/div>\n<\/div>\n","protected":false},"excerpt":{"rendered":"<p>Se llevar\u00e1 adelante en nuestra localidad la quinta fecha del Duatl\u00f3n Rural Acci\u00f3n Modo Dua (pedestrismo y ciclismo). Ser\u00e1 este s\u00e1bado a las 14:30 hs con lugar de largada y llegada en el Complejo de Piletas Municipal (Los Sauces y Las Tacuaritas). Las &hellip;<\/p>\n","protected":false},"author":3,"featured_media":6452,"comment_status":"closed","ping_status":"closed","sticky":false,"template":"","format":"standard","meta":{"footnotes":""},"categories":[1],"tags":[],"class_list":["post-6451","post","type-post","status-publish","format-standard","has-post-thumbnail","hentry","category-municipio"],"yoast_head":"<!-- This site is optimized with the Yoast SEO plugin v27.5 - https:\/\/yoast.com\/product\/yoast-seo-wordpress\/ -->\n<title>Este fin de semana llega el Duatl\u00f3n Rural a Oro Verde - Municipio de Oro Verde<\/title>\n<meta name=\"robots\" content=\"index, follow, max-snippet:-1, max-image-preview:large, max-video-preview:-1\" \/>\n<link rel=\"canonical\" href=\"https:\/\/oroverde.gob.ar\/portal\/en-agosto-llega-el-duatlon-rural-a-oro-verde\/\" \/>\n<meta property=\"og:locale\" content=\"es_ES\" \/>\n<meta property=\"og:type\" content=\"article\" \/>\n<meta property=\"og:title\" content=\"Este fin de semana llega el Duatl\u00f3n Rural a Oro Verde - Municipio de Oro Verde\" \/>\n<meta property=\"og:description\" content=\"Se llevar\u00e1 adelante en nuestra localidad la quinta fecha del Duatl\u00f3n Rural Acci\u00f3n Modo Dua (pedestrismo y ciclismo). Ser\u00e1 este s\u00e1bado a las 14:30 hs con lugar de largada y llegada en el Complejo de Piletas Municipal (Los Sauces y Las Tacuaritas). Las &hellip;\" \/>\n<meta property=\"og:url\" content=\"https:\/\/oroverde.gob.ar\/portal\/en-agosto-llega-el-duatlon-rural-a-oro-verde\/\" \/>\n<meta property=\"og:site_name\" content=\"Municipio de Oro Verde\" \/>\n<meta property=\"article:published_time\" content=\"2025-08-08T10:44:56+00:00\" \/>\n<meta property=\"article:modified_time\" content=\"2025-08-08T11:18:45+00:00\" \/>\n<meta property=\"og:image\" content=\"https:\/\/oroverde.gob.ar\/portal\/wp-content\/uploads\/2025\/07\/dua-para-feed.jpeg\" \/>\n\t<meta property=\"og:image:width\" content=\"1080\" \/>\n\t<meta property=\"og:image:height\" content=\"1350\" \/>\n\t<meta property=\"og:image:type\" content=\"image\/jpeg\" \/>\n<meta name=\"author\" content=\"Soledad\" \/>\n<meta name=\"twitter:card\" content=\"summary_large_image\" \/>\n<meta name=\"twitter:label1\" content=\"Escrito por\" \/>\n\t<meta name=\"twitter:data1\" content=\"Soledad\" \/>\n\t<meta name=\"twitter:label2\" content=\"Tiempo de lectura\" \/>\n\t<meta name=\"twitter:data2\" content=\"1 minuto\" \/>\n<script type=\"application\/ld+json\" class=\"yoast-schema-graph\">{\"@context\":\"https:\\\/\\\/schema.org\",\"@graph\":[{\"@type\":\"Article\",\"@id\":\"https:\\\/\\\/oroverde.gob.ar\\\/portal\\\/en-agosto-llega-el-duatlon-rural-a-oro-verde\\\/#article\",\"isPartOf\":{\"@id\":\"https:\\\/\\\/oroverde.gob.ar\\\/portal\\\/en-agosto-llega-el-duatlon-rural-a-oro-verde\\\/\"},\"author\":{\"name\":\"Soledad\",\"@id\":\"https:\\\/\\\/oroverde.gob.ar\\\/portal\\\/#\\\/schema\\\/person\\\/b975e0cbcd43b7dcf9c64511ec84f10f\"},\"headline\":\"Este fin de semana llega el Duatl\u00f3n Rural a Oro Verde\",\"datePublished\":\"2025-08-08T10:44:56+00:00\",\"dateModified\":\"2025-08-08T11:18:45+00:00\",\"mainEntityOfPage\":{\"@id\":\"https:\\\/\\\/oroverde.gob.ar\\\/portal\\\/en-agosto-llega-el-duatlon-rural-a-oro-verde\\\/\"},\"wordCount\":128,\"publisher\":{\"@id\":\"https:\\\/\\\/oroverde.gob.ar\\\/portal\\\/#organization\"},\"image\":{\"@id\":\"https:\\\/\\\/oroverde.gob.ar\\\/portal\\\/en-agosto-llega-el-duatlon-rural-a-oro-verde\\\/#primaryimage\"},\"thumbnailUrl\":\"https:\\\/\\\/oroverde.gob.ar\\\/portal\\\/wp-content\\\/uploads\\\/2025\\\/07\\\/dua-para-feed.jpeg\",\"articleSection\":[\"Municipio\"],\"inLanguage\":\"es\"},{\"@type\":\"WebPage\",\"@id\":\"https:\\\/\\\/oroverde.gob.ar\\\/portal\\\/en-agosto-llega-el-duatlon-rural-a-oro-verde\\\/\",\"url\":\"https:\\\/\\\/oroverde.gob.ar\\\/portal\\\/en-agosto-llega-el-duatlon-rural-a-oro-verde\\\/\",\"name\":\"Este fin de semana llega el Duatl\u00f3n Rural a Oro Verde - Municipio de Oro Verde\",\"isPartOf\":{\"@id\":\"https:\\\/\\\/oroverde.gob.ar\\\/portal\\\/#website\"},\"primaryImageOfPage\":{\"@id\":\"https:\\\/\\\/oroverde.gob.ar\\\/portal\\\/en-agosto-llega-el-duatlon-rural-a-oro-verde\\\/#primaryimage\"},\"image\":{\"@id\":\"https:\\\/\\\/oroverde.gob.ar\\\/portal\\\/en-agosto-llega-el-duatlon-rural-a-oro-verde\\\/#primaryimage\"},\"thumbnailUrl\":\"https:\\\/\\\/oroverde.gob.ar\\\/portal\\\/wp-content\\\/uploads\\\/2025\\\/07\\\/dua-para-feed.jpeg\",\"datePublished\":\"2025-08-08T10:44:56+00:00\",\"dateModified\":\"2025-08-08T11:18:45+00:00\",\"breadcrumb\":{\"@id\":\"https:\\\/\\\/oroverde.gob.ar\\\/portal\\\/en-agosto-llega-el-duatlon-rural-a-oro-verde\\\/#breadcrumb\"},\"inLanguage\":\"es\",\"potentialAction\":[{\"@type\":\"ReadAction\",\"target\":[\"https:\\\/\\\/oroverde.gob.ar\\\/portal\\\/en-agosto-llega-el-duatlon-rural-a-oro-verde\\\/\"]}]},{\"@type\":\"ImageObject\",\"inLanguage\":\"es\",\"@id\":\"https:\\\/\\\/oroverde.gob.ar\\\/portal\\\/en-agosto-llega-el-duatlon-rural-a-oro-verde\\\/#primaryimage\",\"url\":\"https:\\\/\\\/oroverde.gob.ar\\\/portal\\\/wp-content\\\/uploads\\\/2025\\\/07\\\/dua-para-feed.jpeg\",\"contentUrl\":\"https:\\\/\\\/oroverde.gob.ar\\\/portal\\\/wp-content\\\/uploads\\\/2025\\\/07\\\/dua-para-feed.jpeg\",\"width\":1080,\"height\":1350},{\"@type\":\"BreadcrumbList\",\"@id\":\"https:\\\/\\\/oroverde.gob.ar\\\/portal\\\/en-agosto-llega-el-duatlon-rural-a-oro-verde\\\/#breadcrumb\",\"itemListElement\":[{\"@type\":\"ListItem\",\"position\":1,\"name\":\"Portada\",\"item\":\"https:\\\/\\\/oroverde.gob.ar\\\/portal\\\/\"},{\"@type\":\"ListItem\",\"position\":2,\"name\":\"Este fin de semana llega el Duatl\u00f3n Rural a Oro Verde\"}]},{\"@type\":\"WebSite\",\"@id\":\"https:\\\/\\\/oroverde.gob.ar\\\/portal\\\/#website\",\"url\":\"https:\\\/\\\/oroverde.gob.ar\\\/portal\\\/\",\"name\":\"Municipio de Oro Verde\",\"description\":\"Web Oficial\",\"publisher\":{\"@id\":\"https:\\\/\\\/oroverde.gob.ar\\\/portal\\\/#organization\"},\"potentialAction\":[{\"@type\":\"SearchAction\",\"target\":{\"@type\":\"EntryPoint\",\"urlTemplate\":\"https:\\\/\\\/oroverde.gob.ar\\\/portal\\\/?s={search_term_string}\"},\"query-input\":{\"@type\":\"PropertyValueSpecification\",\"valueRequired\":true,\"valueName\":\"search_term_string\"}}],\"inLanguage\":\"es\"},{\"@type\":\"Organization\",\"@id\":\"https:\\\/\\\/oroverde.gob.ar\\\/portal\\\/#organization\",\"name\":\"Municipio de Oro Verde\",\"url\":\"https:\\\/\\\/oroverde.gob.ar\\\/portal\\\/\",\"logo\":{\"@type\":\"ImageObject\",\"inLanguage\":\"es\",\"@id\":\"https:\\\/\\\/oroverde.gob.ar\\\/portal\\\/#\\\/schema\\\/logo\\\/image\\\/\",\"url\":\"https:\\\/\\\/oroverde.gob.ar\\\/portal\\\/wp-content\\\/uploads\\\/2024\\\/06\\\/cropped-cropped-logo-1.png\",\"contentUrl\":\"https:\\\/\\\/oroverde.gob.ar\\\/portal\\\/wp-content\\\/uploads\\\/2024\\\/06\\\/cropped-cropped-logo-1.png\",\"width\":1776,\"height\":738,\"caption\":\"Municipio de Oro Verde\"},\"image\":{\"@id\":\"https:\\\/\\\/oroverde.gob.ar\\\/portal\\\/#\\\/schema\\\/logo\\\/image\\\/\"}},{\"@type\":\"Person\",\"@id\":\"https:\\\/\\\/oroverde.gob.ar\\\/portal\\\/#\\\/schema\\\/person\\\/b975e0cbcd43b7dcf9c64511ec84f10f\",\"name\":\"Soledad\",\"image\":{\"@type\":\"ImageObject\",\"inLanguage\":\"es\",\"@id\":\"https:\\\/\\\/secure.gravatar.com\\\/avatar\\\/b2f5b6cda565395f31dc94c95932b9b3fbe6275bad58a1579843d3d1607d4a66?s=96&d=mm&r=g\",\"url\":\"https:\\\/\\\/secure.gravatar.com\\\/avatar\\\/b2f5b6cda565395f31dc94c95932b9b3fbe6275bad58a1579843d3d1607d4a66?s=96&d=mm&r=g\",\"contentUrl\":\"https:\\\/\\\/secure.gravatar.com\\\/avatar\\\/b2f5b6cda565395f31dc94c95932b9b3fbe6275bad58a1579843d3d1607d4a66?s=96&d=mm&r=g\",\"caption\":\"Soledad\"},\"url\":\"https:\\\/\\\/oroverde.gob.ar\\\/portal\\\/author\\\/soledad\\\/\"}]}<\/script>\n<!-- \/ Yoast SEO plugin. -->","yoast_head_json":{"title":"Este fin de semana llega el Duatl\u00f3n Rural a Oro Verde - Municipio de Oro Verde","robots":{"index":"index","follow":"follow","max-snippet":"max-snippet:-1","max-image-preview":"max-image-preview:large","max-video-preview":"max-video-preview:-1"},"canonical":"https:\/\/oroverde.gob.ar\/portal\/en-agosto-llega-el-duatlon-rural-a-oro-verde\/","og_locale":"es_ES","og_type":"article","og_title":"Este fin de semana llega el Duatl\u00f3n Rural a Oro Verde - Municipio de Oro Verde","og_description":"Se llevar\u00e1 adelante en nuestra localidad la quinta fecha del Duatl\u00f3n Rural Acci\u00f3n Modo Dua (pedestrismo y ciclismo). Ser\u00e1 este s\u00e1bado a las 14:30 hs con lugar de largada y llegada en el Complejo de Piletas Municipal (Los Sauces y Las Tacuaritas). Las &hellip;","og_url":"https:\/\/oroverde.gob.ar\/portal\/en-agosto-llega-el-duatlon-rural-a-oro-verde\/","og_site_name":"Municipio de Oro Verde","article_published_time":"2025-08-08T10:44:56+00:00","article_modified_time":"2025-08-08T11:18:45+00:00","og_image":[{"width":1080,"height":1350,"url":"https:\/\/oroverde.gob.ar\/portal\/wp-content\/uploads\/2025\/07\/dua-para-feed.jpeg","type":"image\/jpeg"}],"author":"Soledad","twitter_card":"summary_large_image","twitter_misc":{"Escrito por":"Soledad","Tiempo de lectura":"1 minuto"},"schema":{"@context":"https:\/\/schema.org","@graph":[{"@type":"Article","@id":"https:\/\/oroverde.gob.ar\/portal\/en-agosto-llega-el-duatlon-rural-a-oro-verde\/#article","isPartOf":{"@id":"https:\/\/oroverde.gob.ar\/portal\/en-agosto-llega-el-duatlon-rural-a-oro-verde\/"},"author":{"name":"Soledad","@id":"https:\/\/oroverde.gob.ar\/portal\/#\/schema\/person\/b975e0cbcd43b7dcf9c64511ec84f10f"},"headline":"Este fin de semana llega el Duatl\u00f3n Rural a Oro Verde","datePublished":"2025-08-08T10:44:56+00:00","dateModified":"2025-08-08T11:18:45+00:00","mainEntityOfPage":{"@id":"https:\/\/oroverde.gob.ar\/portal\/en-agosto-llega-el-duatlon-rural-a-oro-verde\/"},"wordCount":128,"publisher":{"@id":"https:\/\/oroverde.gob.ar\/portal\/#organization"},"image":{"@id":"https:\/\/oroverde.gob.ar\/portal\/en-agosto-llega-el-duatlon-rural-a-oro-verde\/#primaryimage"},"thumbnailUrl":"https:\/\/oroverde.gob.ar\/portal\/wp-content\/uploads\/2025\/07\/dua-para-feed.jpeg","articleSection":["Municipio"],"inLanguage":"es"},{"@type":"WebPage","@id":"https:\/\/oroverde.gob.ar\/portal\/en-agosto-llega-el-duatlon-rural-a-oro-verde\/","url":"https:\/\/oroverde.gob.ar\/portal\/en-agosto-llega-el-duatlon-rural-a-oro-verde\/","name":"Este fin de semana llega el Duatl\u00f3n Rural a Oro Verde - Municipio de Oro Verde","isPartOf":{"@id":"https:\/\/oroverde.gob.ar\/portal\/#website"},"primaryImageOfPage":{"@id":"https:\/\/oroverde.gob.ar\/portal\/en-agosto-llega-el-duatlon-rural-a-oro-verde\/#primaryimage"},"image":{"@id":"https:\/\/oroverde.gob.ar\/portal\/en-agosto-llega-el-duatlon-rural-a-oro-verde\/#primaryimage"},"thumbnailUrl":"https:\/\/oroverde.gob.ar\/portal\/wp-content\/uploads\/2025\/07\/dua-para-feed.jpeg","datePublished":"2025-08-08T10:44:56+00:00","dateModified":"2025-08-08T11:18:45+00:00","breadcrumb":{"@id":"https:\/\/oroverde.gob.ar\/portal\/en-agosto-llega-el-duatlon-rural-a-oro-verde\/#breadcrumb"},"inLanguage":"es","potentialAction":[{"@type":"ReadAction","target":["https:\/\/oroverde.gob.ar\/portal\/en-agosto-llega-el-duatlon-rural-a-oro-verde\/"]}]},{"@type":"ImageObject","inLanguage":"es","@id":"https:\/\/oroverde.gob.ar\/portal\/en-agosto-llega-el-duatlon-rural-a-oro-verde\/#primaryimage","url":"https:\/\/oroverde.gob.ar\/portal\/wp-content\/uploads\/2025\/07\/dua-para-feed.jpeg","contentUrl":"https:\/\/oroverde.gob.ar\/portal\/wp-content\/uploads\/2025\/07\/dua-para-feed.jpeg","width":1080,"height":1350},{"@type":"BreadcrumbList","@id":"https:\/\/oroverde.gob.ar\/portal\/en-agosto-llega-el-duatlon-rural-a-oro-verde\/#breadcrumb","itemListElement":[{"@type":"ListItem","position":1,"name":"Portada","item":"https:\/\/oroverde.gob.ar\/portal\/"},{"@type":"ListItem","position":2,"name":"Este fin de semana llega el Duatl\u00f3n Rural a Oro Verde"}]},{"@type":"WebSite","@id":"https:\/\/oroverde.gob.ar\/portal\/#website","url":"https:\/\/oroverde.gob.ar\/portal\/","name":"Municipio de Oro Verde","description":"Web Oficial","publisher":{"@id":"https:\/\/oroverde.gob.ar\/portal\/#organization"},"potentialAction":[{"@type":"SearchAction","target":{"@type":"EntryPoint","urlTemplate":"https:\/\/oroverde.gob.ar\/portal\/?s={search_term_string}"},"query-input":{"@type":"PropertyValueSpecification","valueRequired":true,"valueName":"search_term_string"}}],"inLanguage":"es"},{"@type":"Organization","@id":"https:\/\/oroverde.gob.ar\/portal\/#organization","name":"Municipio de Oro Verde","url":"https:\/\/oroverde.gob.ar\/portal\/","logo":{"@type":"ImageObject","inLanguage":"es","@id":"https:\/\/oroverde.gob.ar\/portal\/#\/schema\/logo\/image\/","url":"https:\/\/oroverde.gob.ar\/portal\/wp-content\/uploads\/2024\/06\/cropped-cropped-logo-1.png","contentUrl":"https:\/\/oroverde.gob.ar\/portal\/wp-content\/uploads\/2024\/06\/cropped-cropped-logo-1.png","width":1776,"height":738,"caption":"Municipio de Oro Verde"},"image":{"@id":"https:\/\/oroverde.gob.ar\/portal\/#\/schema\/logo\/image\/"}},{"@type":"Person","@id":"https:\/\/oroverde.gob.ar\/portal\/#\/schema\/person\/b975e0cbcd43b7dcf9c64511ec84f10f","name":"Soledad","image":{"@type":"ImageObject","inLanguage":"es","@id":"https:\/\/secure.gravatar.com\/avatar\/b2f5b6cda565395f31dc94c95932b9b3fbe6275bad58a1579843d3d1607d4a66?s=96&d=mm&r=g","url":"https:\/\/secure.gravatar.com\/avatar\/b2f5b6cda565395f31dc94c95932b9b3fbe6275bad58a1579843d3d1607d4a66?s=96&d=mm&r=g","contentUrl":"https:\/\/secure.gravatar.com\/avatar\/b2f5b6cda565395f31dc94c95932b9b3fbe6275bad58a1579843d3d1607d4a66?s=96&d=mm&r=g","caption":"Soledad"},"url":"https:\/\/oroverde.gob.ar\/portal\/author\/soledad\/"}]}},"_links":{"self":[{"href":"https:\/\/oroverde.gob.ar\/portal\/wp-json\/wp\/v2\/posts\/6451","targetHints":{"allow":["GET"]}}],"collection":[{"href":"https:\/\/oroverde.gob.ar\/portal\/wp-json\/wp\/v2\/posts"}],"about":[{"href":"https:\/\/oroverde.gob.ar\/portal\/wp-json\/wp\/v2\/types\/post"}],"author":[{"embeddable":true,"href":"https:\/\/oroverde.gob.ar\/portal\/wp-json\/wp\/v2\/users\/3"}],"replies":[{"embeddable":true,"href":"https:\/\/oroverde.gob.ar\/portal\/wp-json\/wp\/v2\/comments?post=6451"}],"version-history":[{"count":4,"href":"https:\/\/oroverde.gob.ar\/portal\/wp-json\/wp\/v2\/posts\/6451\/revisions"}],"predecessor-version":[{"id":6544,"href":"https:\/\/oroverde.gob.ar\/portal\/wp-json\/wp\/v2\/posts\/6451\/revisions\/6544"}],"wp:featuredmedia":[{"embeddable":true,"href":"https:\/\/oroverde.gob.ar\/portal\/wp-json\/wp\/v2\/media\/6452"}],"wp:attachment":[{"href":"https:\/\/oroverde.gob.ar\/portal\/wp-json\/wp\/v2\/media?parent=6451"}],"wp:term":[{"taxonomy":"category","embeddable":true,"href":"https:\/\/oroverde.gob.ar\/portal\/wp-json\/wp\/v2\/categories?post=6451"},{"taxonomy":"post_tag","embeddable":true,"href":"https:\/\/oroverde.gob.ar\/portal\/wp-json\/wp\/v2\/tags?post=6451"}],"curies":[{"name":"wp","href":"https:\/\/api.w.org\/{rel}","templated":true}]}}