{"id":6465,"date":"2025-07-30T13:05:55","date_gmt":"2025-07-30T16:05:55","guid":{"rendered":"https:\/\/oroverde.gob.ar\/portal\/?p=6465"},"modified":"2025-07-30T13:05:55","modified_gmt":"2025-07-30T16:05:55","slug":"plantan-arboles-en-el-paseo-oasis-junto-a-la-escuela-rosario-vera-penaloza","status":"publish","type":"post","link":"https:\/\/oroverde.gob.ar\/portal\/plantan-arboles-en-el-paseo-oasis-junto-a-la-escuela-rosario-vera-penaloza\/","title":{"rendered":"Plantan \u00e1rboles en el Paseo Oasis junto a la Escuela Rosario Vera Pe\u00f1aloza"},"content":{"rendered":"<div class=\"xdj266r x14z9mp xat24cr x1lziwak x1vvkbs x126k92a\">\n<div dir=\"auto\"><\/div>\n<\/div>\n<div class=\"x14z9mp xat24cr x1lziwak x1vvkbs xtlvy1s x126k92a\">\n<div dir=\"auto\">El nuevo espacio p\u00fablico, ubicado en las Totoras y Las Cardenillas, fue el lugar elegido por el \u00e1rea de Arbolado Urbano para realizar una plantaci\u00f3n de \u00e1rboles en un trabajo coordinado con el proyecto de invernadero Forestemos Oro Verde de la Escuela Rosario Vera Pe\u00f1aloza. l. Estuvo presente junto a los estudiantes el intendente C\u00e9sar Clement, la viceintendenta Mercedes Schvidnt, el responsable del \u00e1rea de Arbolado Francisco Mugherli, el de Ambiente Emanuel Ju\u00e1rez y el docente Jos\u00e9 Viggiano.<\/div>\n<\/div>\n<div class=\"x14z9mp xat24cr x1lziwak x1vvkbs xtlvy1s x126k92a\">\n<div dir=\"auto\">Para complementar la arboleda que se preserv\u00f3 de este espacio, las especies que se utilizaron para llevar adelante la plantaci\u00f3n son especies nativas como guayabos colorados, pezu\u00f1a de vaca nativas, virar\u00f3, entre otros. De estos \u00e1rboles, una parte aport\u00f3 el Municipio y otros pertenecen al proyecto de esta escuela. Los estudiantes fueron los que participaron de la actividad y llevan adelante este proyecto.<\/div>\n<\/div>\n","protected":false},"excerpt":{"rendered":"<p>El nuevo espacio p\u00fablico, ubicado en las Totoras y Las Cardenillas, fue el lugar elegido por el \u00e1rea de Arbolado Urbano para realizar una plantaci\u00f3n de \u00e1rboles en un trabajo coordinado con el proyecto de invernadero Forestemos Oro Verde de la Escuela Rosario &hellip;<\/p>\n","protected":false},"author":3,"featured_media":6466,"comment_status":"closed","ping_status":"closed","sticky":false,"template":"","format":"standard","meta":{"footnotes":""},"categories":[1],"tags":[],"class_list":["post-6465","post","type-post","status-publish","format-standard","has-post-thumbnail","hentry","category-municipio"],"yoast_head":"<!-- This site is optimized with the Yoast SEO plugin v27.5 - https:\/\/yoast.com\/product\/yoast-seo-wordpress\/ -->\n<title>Plantan \u00e1rboles en el Paseo Oasis junto a la Escuela Rosario Vera Pe\u00f1aloza - Municipio de Oro Verde<\/title>\n<meta name=\"robots\" content=\"index, follow, max-snippet:-1, max-image-preview:large, max-video-preview:-1\" \/>\n<link rel=\"canonical\" href=\"https:\/\/oroverde.gob.ar\/portal\/plantan-arboles-en-el-paseo-oasis-junto-a-la-escuela-rosario-vera-penaloza\/\" \/>\n<meta property=\"og:locale\" content=\"es_ES\" \/>\n<meta property=\"og:type\" content=\"article\" \/>\n<meta property=\"og:title\" content=\"Plantan \u00e1rboles en el Paseo Oasis junto a la Escuela Rosario Vera Pe\u00f1aloza - Municipio de Oro Verde\" \/>\n<meta property=\"og:description\" content=\"El nuevo espacio p\u00fablico, ubicado en las Totoras y Las Cardenillas, fue el lugar elegido por el \u00e1rea de Arbolado Urbano para realizar una plantaci\u00f3n de \u00e1rboles en un trabajo coordinado con el proyecto de invernadero Forestemos Oro Verde de la Escuela Rosario &hellip;\" \/>\n<meta property=\"og:url\" content=\"https:\/\/oroverde.gob.ar\/portal\/plantan-arboles-en-el-paseo-oasis-junto-a-la-escuela-rosario-vera-penaloza\/\" \/>\n<meta property=\"og:site_name\" content=\"Municipio de Oro Verde\" \/>\n<meta property=\"article:published_time\" content=\"2025-07-30T16:05:55+00:00\" \/>\n<meta property=\"og:image\" content=\"https:\/\/oroverde.gob.ar\/portal\/wp-content\/uploads\/2025\/07\/DSC0323-1-scaled.jpg\" \/>\n\t<meta property=\"og:image:width\" content=\"2560\" \/>\n\t<meta property=\"og:image:height\" content=\"1708\" \/>\n\t<meta property=\"og:image:type\" content=\"image\/jpeg\" \/>\n<meta name=\"author\" content=\"Soledad\" \/>\n<meta name=\"twitter:card\" content=\"summary_large_image\" \/>\n<meta name=\"twitter:label1\" content=\"Escrito por\" \/>\n\t<meta name=\"twitter:data1\" content=\"Soledad\" \/>\n\t<meta name=\"twitter:label2\" content=\"Tiempo de lectura\" \/>\n\t<meta name=\"twitter:data2\" content=\"1 minuto\" \/>\n<script type=\"application\/ld+json\" class=\"yoast-schema-graph\">{\"@context\":\"https:\\\/\\\/schema.org\",\"@graph\":[{\"@type\":\"Article\",\"@id\":\"https:\\\/\\\/oroverde.gob.ar\\\/portal\\\/plantan-arboles-en-el-paseo-oasis-junto-a-la-escuela-rosario-vera-penaloza\\\/#article\",\"isPartOf\":{\"@id\":\"https:\\\/\\\/oroverde.gob.ar\\\/portal\\\/plantan-arboles-en-el-paseo-oasis-junto-a-la-escuela-rosario-vera-penaloza\\\/\"},\"author\":{\"name\":\"Soledad\",\"@id\":\"https:\\\/\\\/oroverde.gob.ar\\\/portal\\\/#\\\/schema\\\/person\\\/b975e0cbcd43b7dcf9c64511ec84f10f\"},\"headline\":\"Plantan \u00e1rboles en el Paseo Oasis junto a la Escuela Rosario Vera Pe\u00f1aloza\",\"datePublished\":\"2025-07-30T16:05:55+00:00\",\"mainEntityOfPage\":{\"@id\":\"https:\\\/\\\/oroverde.gob.ar\\\/portal\\\/plantan-arboles-en-el-paseo-oasis-junto-a-la-escuela-rosario-vera-penaloza\\\/\"},\"wordCount\":162,\"publisher\":{\"@id\":\"https:\\\/\\\/oroverde.gob.ar\\\/portal\\\/#organization\"},\"image\":{\"@id\":\"https:\\\/\\\/oroverde.gob.ar\\\/portal\\\/plantan-arboles-en-el-paseo-oasis-junto-a-la-escuela-rosario-vera-penaloza\\\/#primaryimage\"},\"thumbnailUrl\":\"https:\\\/\\\/oroverde.gob.ar\\\/portal\\\/wp-content\\\/uploads\\\/2025\\\/07\\\/DSC0323-1-scaled.jpg\",\"articleSection\":[\"Municipio\"],\"inLanguage\":\"es\"},{\"@type\":\"WebPage\",\"@id\":\"https:\\\/\\\/oroverde.gob.ar\\\/portal\\\/plantan-arboles-en-el-paseo-oasis-junto-a-la-escuela-rosario-vera-penaloza\\\/\",\"url\":\"https:\\\/\\\/oroverde.gob.ar\\\/portal\\\/plantan-arboles-en-el-paseo-oasis-junto-a-la-escuela-rosario-vera-penaloza\\\/\",\"name\":\"Plantan \u00e1rboles en el Paseo Oasis junto a la Escuela Rosario Vera Pe\u00f1aloza - Municipio de Oro Verde\",\"isPartOf\":{\"@id\":\"https:\\\/\\\/oroverde.gob.ar\\\/portal\\\/#website\"},\"primaryImageOfPage\":{\"@id\":\"https:\\\/\\\/oroverde.gob.ar\\\/portal\\\/plantan-arboles-en-el-paseo-oasis-junto-a-la-escuela-rosario-vera-penaloza\\\/#primaryimage\"},\"image\":{\"@id\":\"https:\\\/\\\/oroverde.gob.ar\\\/portal\\\/plantan-arboles-en-el-paseo-oasis-junto-a-la-escuela-rosario-vera-penaloza\\\/#primaryimage\"},\"thumbnailUrl\":\"https:\\\/\\\/oroverde.gob.ar\\\/portal\\\/wp-content\\\/uploads\\\/2025\\\/07\\\/DSC0323-1-scaled.jpg\",\"datePublished\":\"2025-07-30T16:05:55+00:00\",\"breadcrumb\":{\"@id\":\"https:\\\/\\\/oroverde.gob.ar\\\/portal\\\/plantan-arboles-en-el-paseo-oasis-junto-a-la-escuela-rosario-vera-penaloza\\\/#breadcrumb\"},\"inLanguage\":\"es\",\"potentialAction\":[{\"@type\":\"ReadAction\",\"target\":[\"https:\\\/\\\/oroverde.gob.ar\\\/portal\\\/plantan-arboles-en-el-paseo-oasis-junto-a-la-escuela-rosario-vera-penaloza\\\/\"]}]},{\"@type\":\"ImageObject\",\"inLanguage\":\"es\",\"@id\":\"https:\\\/\\\/oroverde.gob.ar\\\/portal\\\/plantan-arboles-en-el-paseo-oasis-junto-a-la-escuela-rosario-vera-penaloza\\\/#primaryimage\",\"url\":\"https:\\\/\\\/oroverde.gob.ar\\\/portal\\\/wp-content\\\/uploads\\\/2025\\\/07\\\/DSC0323-1-scaled.jpg\",\"contentUrl\":\"https:\\\/\\\/oroverde.gob.ar\\\/portal\\\/wp-content\\\/uploads\\\/2025\\\/07\\\/DSC0323-1-scaled.jpg\",\"width\":2560,\"height\":1708},{\"@type\":\"BreadcrumbList\",\"@id\":\"https:\\\/\\\/oroverde.gob.ar\\\/portal\\\/plantan-arboles-en-el-paseo-oasis-junto-a-la-escuela-rosario-vera-penaloza\\\/#breadcrumb\",\"itemListElement\":[{\"@type\":\"ListItem\",\"position\":1,\"name\":\"Portada\",\"item\":\"https:\\\/\\\/oroverde.gob.ar\\\/portal\\\/\"},{\"@type\":\"ListItem\",\"position\":2,\"name\":\"Plantan \u00e1rboles en el Paseo Oasis junto a la Escuela Rosario Vera Pe\u00f1aloza\"}]},{\"@type\":\"WebSite\",\"@id\":\"https:\\\/\\\/oroverde.gob.ar\\\/portal\\\/#website\",\"url\":\"https:\\\/\\\/oroverde.gob.ar\\\/portal\\\/\",\"name\":\"Municipio de Oro Verde\",\"description\":\"Web Oficial\",\"publisher\":{\"@id\":\"https:\\\/\\\/oroverde.gob.ar\\\/portal\\\/#organization\"},\"potentialAction\":[{\"@type\":\"SearchAction\",\"target\":{\"@type\":\"EntryPoint\",\"urlTemplate\":\"https:\\\/\\\/oroverde.gob.ar\\\/portal\\\/?s={search_term_string}\"},\"query-input\":{\"@type\":\"PropertyValueSpecification\",\"valueRequired\":true,\"valueName\":\"search_term_string\"}}],\"inLanguage\":\"es\"},{\"@type\":\"Organization\",\"@id\":\"https:\\\/\\\/oroverde.gob.ar\\\/portal\\\/#organization\",\"name\":\"Municipio de Oro Verde\",\"url\":\"https:\\\/\\\/oroverde.gob.ar\\\/portal\\\/\",\"logo\":{\"@type\":\"ImageObject\",\"inLanguage\":\"es\",\"@id\":\"https:\\\/\\\/oroverde.gob.ar\\\/portal\\\/#\\\/schema\\\/logo\\\/image\\\/\",\"url\":\"https:\\\/\\\/oroverde.gob.ar\\\/portal\\\/wp-content\\\/uploads\\\/2024\\\/06\\\/cropped-cropped-logo-1.png\",\"contentUrl\":\"https:\\\/\\\/oroverde.gob.ar\\\/portal\\\/wp-content\\\/uploads\\\/2024\\\/06\\\/cropped-cropped-logo-1.png\",\"width\":1776,\"height\":738,\"caption\":\"Municipio de Oro Verde\"},\"image\":{\"@id\":\"https:\\\/\\\/oroverde.gob.ar\\\/portal\\\/#\\\/schema\\\/logo\\\/image\\\/\"}},{\"@type\":\"Person\",\"@id\":\"https:\\\/\\\/oroverde.gob.ar\\\/portal\\\/#\\\/schema\\\/person\\\/b975e0cbcd43b7dcf9c64511ec84f10f\",\"name\":\"Soledad\",\"image\":{\"@type\":\"ImageObject\",\"inLanguage\":\"es\",\"@id\":\"https:\\\/\\\/secure.gravatar.com\\\/avatar\\\/b2f5b6cda565395f31dc94c95932b9b3fbe6275bad58a1579843d3d1607d4a66?s=96&d=mm&r=g\",\"url\":\"https:\\\/\\\/secure.gravatar.com\\\/avatar\\\/b2f5b6cda565395f31dc94c95932b9b3fbe6275bad58a1579843d3d1607d4a66?s=96&d=mm&r=g\",\"contentUrl\":\"https:\\\/\\\/secure.gravatar.com\\\/avatar\\\/b2f5b6cda565395f31dc94c95932b9b3fbe6275bad58a1579843d3d1607d4a66?s=96&d=mm&r=g\",\"caption\":\"Soledad\"},\"url\":\"https:\\\/\\\/oroverde.gob.ar\\\/portal\\\/author\\\/soledad\\\/\"}]}<\/script>\n<!-- \/ Yoast SEO plugin. -->","yoast_head_json":{"title":"Plantan \u00e1rboles en el Paseo Oasis junto a la Escuela Rosario Vera Pe\u00f1aloza - Municipio de Oro Verde","robots":{"index":"index","follow":"follow","max-snippet":"max-snippet:-1","max-image-preview":"max-image-preview:large","max-video-preview":"max-video-preview:-1"},"canonical":"https:\/\/oroverde.gob.ar\/portal\/plantan-arboles-en-el-paseo-oasis-junto-a-la-escuela-rosario-vera-penaloza\/","og_locale":"es_ES","og_type":"article","og_title":"Plantan \u00e1rboles en el Paseo Oasis junto a la Escuela Rosario Vera Pe\u00f1aloza - Municipio de Oro Verde","og_description":"El nuevo espacio p\u00fablico, ubicado en las Totoras y Las Cardenillas, fue el lugar elegido por el \u00e1rea de Arbolado Urbano para realizar una plantaci\u00f3n de \u00e1rboles en un trabajo coordinado con el proyecto de invernadero Forestemos Oro Verde de la Escuela Rosario &hellip;","og_url":"https:\/\/oroverde.gob.ar\/portal\/plantan-arboles-en-el-paseo-oasis-junto-a-la-escuela-rosario-vera-penaloza\/","og_site_name":"Municipio de Oro Verde","article_published_time":"2025-07-30T16:05:55+00:00","og_image":[{"width":2560,"height":1708,"url":"https:\/\/oroverde.gob.ar\/portal\/wp-content\/uploads\/2025\/07\/DSC0323-1-scaled.jpg","type":"image\/jpeg"}],"author":"Soledad","twitter_card":"summary_large_image","twitter_misc":{"Escrito por":"Soledad","Tiempo de lectura":"1 minuto"},"schema":{"@context":"https:\/\/schema.org","@graph":[{"@type":"Article","@id":"https:\/\/oroverde.gob.ar\/portal\/plantan-arboles-en-el-paseo-oasis-junto-a-la-escuela-rosario-vera-penaloza\/#article","isPartOf":{"@id":"https:\/\/oroverde.gob.ar\/portal\/plantan-arboles-en-el-paseo-oasis-junto-a-la-escuela-rosario-vera-penaloza\/"},"author":{"name":"Soledad","@id":"https:\/\/oroverde.gob.ar\/portal\/#\/schema\/person\/b975e0cbcd43b7dcf9c64511ec84f10f"},"headline":"Plantan \u00e1rboles en el Paseo Oasis junto a la Escuela Rosario Vera Pe\u00f1aloza","datePublished":"2025-07-30T16:05:55+00:00","mainEntityOfPage":{"@id":"https:\/\/oroverde.gob.ar\/portal\/plantan-arboles-en-el-paseo-oasis-junto-a-la-escuela-rosario-vera-penaloza\/"},"wordCount":162,"publisher":{"@id":"https:\/\/oroverde.gob.ar\/portal\/#organization"},"image":{"@id":"https:\/\/oroverde.gob.ar\/portal\/plantan-arboles-en-el-paseo-oasis-junto-a-la-escuela-rosario-vera-penaloza\/#primaryimage"},"thumbnailUrl":"https:\/\/oroverde.gob.ar\/portal\/wp-content\/uploads\/2025\/07\/DSC0323-1-scaled.jpg","articleSection":["Municipio"],"inLanguage":"es"},{"@type":"WebPage","@id":"https:\/\/oroverde.gob.ar\/portal\/plantan-arboles-en-el-paseo-oasis-junto-a-la-escuela-rosario-vera-penaloza\/","url":"https:\/\/oroverde.gob.ar\/portal\/plantan-arboles-en-el-paseo-oasis-junto-a-la-escuela-rosario-vera-penaloza\/","name":"Plantan \u00e1rboles en el Paseo Oasis junto a la Escuela Rosario Vera Pe\u00f1aloza - Municipio de Oro Verde","isPartOf":{"@id":"https:\/\/oroverde.gob.ar\/portal\/#website"},"primaryImageOfPage":{"@id":"https:\/\/oroverde.gob.ar\/portal\/plantan-arboles-en-el-paseo-oasis-junto-a-la-escuela-rosario-vera-penaloza\/#primaryimage"},"image":{"@id":"https:\/\/oroverde.gob.ar\/portal\/plantan-arboles-en-el-paseo-oasis-junto-a-la-escuela-rosario-vera-penaloza\/#primaryimage"},"thumbnailUrl":"https:\/\/oroverde.gob.ar\/portal\/wp-content\/uploads\/2025\/07\/DSC0323-1-scaled.jpg","datePublished":"2025-07-30T16:05:55+00:00","breadcrumb":{"@id":"https:\/\/oroverde.gob.ar\/portal\/plantan-arboles-en-el-paseo-oasis-junto-a-la-escuela-rosario-vera-penaloza\/#breadcrumb"},"inLanguage":"es","potentialAction":[{"@type":"ReadAction","target":["https:\/\/oroverde.gob.ar\/portal\/plantan-arboles-en-el-paseo-oasis-junto-a-la-escuela-rosario-vera-penaloza\/"]}]},{"@type":"ImageObject","inLanguage":"es","@id":"https:\/\/oroverde.gob.ar\/portal\/plantan-arboles-en-el-paseo-oasis-junto-a-la-escuela-rosario-vera-penaloza\/#primaryimage","url":"https:\/\/oroverde.gob.ar\/portal\/wp-content\/uploads\/2025\/07\/DSC0323-1-scaled.jpg","contentUrl":"https:\/\/oroverde.gob.ar\/portal\/wp-content\/uploads\/2025\/07\/DSC0323-1-scaled.jpg","width":2560,"height":1708},{"@type":"BreadcrumbList","@id":"https:\/\/oroverde.gob.ar\/portal\/plantan-arboles-en-el-paseo-oasis-junto-a-la-escuela-rosario-vera-penaloza\/#breadcrumb","itemListElement":[{"@type":"ListItem","position":1,"name":"Portada","item":"https:\/\/oroverde.gob.ar\/portal\/"},{"@type":"ListItem","position":2,"name":"Plantan \u00e1rboles en el Paseo Oasis junto a la Escuela Rosario Vera Pe\u00f1aloza"}]},{"@type":"WebSite","@id":"https:\/\/oroverde.gob.ar\/portal\/#website","url":"https:\/\/oroverde.gob.ar\/portal\/","name":"Municipio de Oro Verde","description":"Web Oficial","publisher":{"@id":"https:\/\/oroverde.gob.ar\/portal\/#organization"},"potentialAction":[{"@type":"SearchAction","target":{"@type":"EntryPoint","urlTemplate":"https:\/\/oroverde.gob.ar\/portal\/?s={search_term_string}"},"query-input":{"@type":"PropertyValueSpecification","valueRequired":true,"valueName":"search_term_string"}}],"inLanguage":"es"},{"@type":"Organization","@id":"https:\/\/oroverde.gob.ar\/portal\/#organization","name":"Municipio de Oro Verde","url":"https:\/\/oroverde.gob.ar\/portal\/","logo":{"@type":"ImageObject","inLanguage":"es","@id":"https:\/\/oroverde.gob.ar\/portal\/#\/schema\/logo\/image\/","url":"https:\/\/oroverde.gob.ar\/portal\/wp-content\/uploads\/2024\/06\/cropped-cropped-logo-1.png","contentUrl":"https:\/\/oroverde.gob.ar\/portal\/wp-content\/uploads\/2024\/06\/cropped-cropped-logo-1.png","width":1776,"height":738,"caption":"Municipio de Oro Verde"},"image":{"@id":"https:\/\/oroverde.gob.ar\/portal\/#\/schema\/logo\/image\/"}},{"@type":"Person","@id":"https:\/\/oroverde.gob.ar\/portal\/#\/schema\/person\/b975e0cbcd43b7dcf9c64511ec84f10f","name":"Soledad","image":{"@type":"ImageObject","inLanguage":"es","@id":"https:\/\/secure.gravatar.com\/avatar\/b2f5b6cda565395f31dc94c95932b9b3fbe6275bad58a1579843d3d1607d4a66?s=96&d=mm&r=g","url":"https:\/\/secure.gravatar.com\/avatar\/b2f5b6cda565395f31dc94c95932b9b3fbe6275bad58a1579843d3d1607d4a66?s=96&d=mm&r=g","contentUrl":"https:\/\/secure.gravatar.com\/avatar\/b2f5b6cda565395f31dc94c95932b9b3fbe6275bad58a1579843d3d1607d4a66?s=96&d=mm&r=g","caption":"Soledad"},"url":"https:\/\/oroverde.gob.ar\/portal\/author\/soledad\/"}]}},"_links":{"self":[{"href":"https:\/\/oroverde.gob.ar\/portal\/wp-json\/wp\/v2\/posts\/6465","targetHints":{"allow":["GET"]}}],"collection":[{"href":"https:\/\/oroverde.gob.ar\/portal\/wp-json\/wp\/v2\/posts"}],"about":[{"href":"https:\/\/oroverde.gob.ar\/portal\/wp-json\/wp\/v2\/types\/post"}],"author":[{"embeddable":true,"href":"https:\/\/oroverde.gob.ar\/portal\/wp-json\/wp\/v2\/users\/3"}],"replies":[{"embeddable":true,"href":"https:\/\/oroverde.gob.ar\/portal\/wp-json\/wp\/v2\/comments?post=6465"}],"version-history":[{"count":1,"href":"https:\/\/oroverde.gob.ar\/portal\/wp-json\/wp\/v2\/posts\/6465\/revisions"}],"predecessor-version":[{"id":6467,"href":"https:\/\/oroverde.gob.ar\/portal\/wp-json\/wp\/v2\/posts\/6465\/revisions\/6467"}],"wp:featuredmedia":[{"embeddable":true,"href":"https:\/\/oroverde.gob.ar\/portal\/wp-json\/wp\/v2\/media\/6466"}],"wp:attachment":[{"href":"https:\/\/oroverde.gob.ar\/portal\/wp-json\/wp\/v2\/media?parent=6465"}],"wp:term":[{"taxonomy":"category","embeddable":true,"href":"https:\/\/oroverde.gob.ar\/portal\/wp-json\/wp\/v2\/categories?post=6465"},{"taxonomy":"post_tag","embeddable":true,"href":"https:\/\/oroverde.gob.ar\/portal\/wp-json\/wp\/v2\/tags?post=6465"}],"curies":[{"name":"wp","href":"https:\/\/api.w.org\/{rel}","templated":true}]}}