{"id":6518,"date":"2025-08-04T13:02:08","date_gmt":"2025-08-04T16:02:08","guid":{"rendered":"https:\/\/oroverde.gob.ar\/portal\/?p=6518"},"modified":"2025-08-04T13:02:08","modified_gmt":"2025-08-04T16:02:08","slug":"el-municipio-trabaja-con-una-cuadrilla-para-la-demarcacion-vial-de-la-localidad","status":"publish","type":"post","link":"https:\/\/oroverde.gob.ar\/portal\/el-municipio-trabaja-con-una-cuadrilla-para-la-demarcacion-vial-de-la-localidad\/","title":{"rendered":"El Municipio trabaja con una cuadrilla para la demarcaci\u00f3n vial de la localidad"},"content":{"rendered":"<p>Hace aproximadamente un mes empleados municipales trabajan en la demarcaci\u00f3n horizontal y se\u00f1alizaci\u00f3n vertical de las calles de Oro Verde. Esta cuadrilla especial hace esta tarea principalmente durante horas de la noche para evitar las molestias en el tr\u00e1nsito vehicular.<\/p>\n<p>Desde que comenzaron demarcaron la calzada y pintaron los cordones en la zona central de Oro Verde y Av. Intendente Del Castillo, el cruce con la Ruta Provincial N\u00b011 y Av. Los Eucaliptos, entre otras arterias. Continuar\u00e1n con estas tareas en las calles, cruces y sendas peatonales. Tambi\u00e9n instalar\u00e1n la nueva se\u00f1alizaci\u00f3n vertical de la planta urbana.<\/p>\n","protected":false},"excerpt":{"rendered":"<p>Hace aproximadamente un mes empleados municipales trabajan en la demarcaci\u00f3n horizontal y se\u00f1alizaci\u00f3n vertical de las calles de Oro Verde. Esta cuadrilla especial hace esta tarea principalmente durante horas de la noche para evitar las molestias en el tr\u00e1nsito vehicular. Desde que comenzaron &hellip;<\/p>\n","protected":false},"author":3,"featured_media":6519,"comment_status":"closed","ping_status":"closed","sticky":false,"template":"","format":"standard","meta":{"footnotes":""},"categories":[1],"tags":[],"class_list":["post-6518","post","type-post","status-publish","format-standard","has-post-thumbnail","hentry","category-municipio"],"yoast_head":"<!-- This site is optimized with the Yoast SEO plugin v27.5 - https:\/\/yoast.com\/product\/yoast-seo-wordpress\/ -->\n<title>El Municipio trabaja con una cuadrilla para la demarcaci\u00f3n vial de la localidad - Municipio de Oro Verde<\/title>\n<meta name=\"robots\" content=\"index, follow, max-snippet:-1, max-image-preview:large, max-video-preview:-1\" \/>\n<link rel=\"canonical\" href=\"https:\/\/oroverde.gob.ar\/portal\/el-municipio-trabaja-con-una-cuadrilla-para-la-demarcacion-vial-de-la-localidad\/\" \/>\n<meta property=\"og:locale\" content=\"es_ES\" \/>\n<meta property=\"og:type\" content=\"article\" \/>\n<meta property=\"og:title\" content=\"El Municipio trabaja con una cuadrilla para la demarcaci\u00f3n vial de la localidad - Municipio de Oro Verde\" \/>\n<meta property=\"og:description\" content=\"Hace aproximadamente un mes empleados municipales trabajan en la demarcaci\u00f3n horizontal y se\u00f1alizaci\u00f3n vertical de las calles de Oro Verde. Esta cuadrilla especial hace esta tarea principalmente durante horas de la noche para evitar las molestias en el tr\u00e1nsito vehicular. Desde que comenzaron &hellip;\" \/>\n<meta property=\"og:url\" content=\"https:\/\/oroverde.gob.ar\/portal\/el-municipio-trabaja-con-una-cuadrilla-para-la-demarcacion-vial-de-la-localidad\/\" \/>\n<meta property=\"og:site_name\" content=\"Municipio de Oro Verde\" \/>\n<meta property=\"article:published_time\" content=\"2025-08-04T16:02:08+00:00\" \/>\n<meta property=\"og:image\" content=\"https:\/\/oroverde.gob.ar\/portal\/wp-content\/uploads\/2025\/08\/DSC0495-b-scaled.jpg\" \/>\n\t<meta property=\"og:image:width\" content=\"2560\" \/>\n\t<meta property=\"og:image:height\" content=\"1708\" \/>\n\t<meta property=\"og:image:type\" content=\"image\/jpeg\" \/>\n<meta name=\"author\" content=\"Soledad\" \/>\n<meta name=\"twitter:card\" content=\"summary_large_image\" \/>\n<meta name=\"twitter:label1\" content=\"Escrito por\" \/>\n\t<meta name=\"twitter:data1\" content=\"Soledad\" \/>\n\t<meta name=\"twitter:label2\" content=\"Tiempo de lectura\" \/>\n\t<meta name=\"twitter:data2\" content=\"1 minuto\" \/>\n<script type=\"application\/ld+json\" class=\"yoast-schema-graph\">{\"@context\":\"https:\\\/\\\/schema.org\",\"@graph\":[{\"@type\":\"Article\",\"@id\":\"https:\\\/\\\/oroverde.gob.ar\\\/portal\\\/el-municipio-trabaja-con-una-cuadrilla-para-la-demarcacion-vial-de-la-localidad\\\/#article\",\"isPartOf\":{\"@id\":\"https:\\\/\\\/oroverde.gob.ar\\\/portal\\\/el-municipio-trabaja-con-una-cuadrilla-para-la-demarcacion-vial-de-la-localidad\\\/\"},\"author\":{\"name\":\"Soledad\",\"@id\":\"https:\\\/\\\/oroverde.gob.ar\\\/portal\\\/#\\\/schema\\\/person\\\/b975e0cbcd43b7dcf9c64511ec84f10f\"},\"headline\":\"El Municipio trabaja con una cuadrilla para la demarcaci\u00f3n vial de la localidad\",\"datePublished\":\"2025-08-04T16:02:08+00:00\",\"mainEntityOfPage\":{\"@id\":\"https:\\\/\\\/oroverde.gob.ar\\\/portal\\\/el-municipio-trabaja-con-una-cuadrilla-para-la-demarcacion-vial-de-la-localidad\\\/\"},\"wordCount\":120,\"publisher\":{\"@id\":\"https:\\\/\\\/oroverde.gob.ar\\\/portal\\\/#organization\"},\"image\":{\"@id\":\"https:\\\/\\\/oroverde.gob.ar\\\/portal\\\/el-municipio-trabaja-con-una-cuadrilla-para-la-demarcacion-vial-de-la-localidad\\\/#primaryimage\"},\"thumbnailUrl\":\"https:\\\/\\\/oroverde.gob.ar\\\/portal\\\/wp-content\\\/uploads\\\/2025\\\/08\\\/DSC0495-b-scaled.jpg\",\"articleSection\":[\"Municipio\"],\"inLanguage\":\"es\"},{\"@type\":\"WebPage\",\"@id\":\"https:\\\/\\\/oroverde.gob.ar\\\/portal\\\/el-municipio-trabaja-con-una-cuadrilla-para-la-demarcacion-vial-de-la-localidad\\\/\",\"url\":\"https:\\\/\\\/oroverde.gob.ar\\\/portal\\\/el-municipio-trabaja-con-una-cuadrilla-para-la-demarcacion-vial-de-la-localidad\\\/\",\"name\":\"El Municipio trabaja con una cuadrilla para la demarcaci\u00f3n vial de la localidad - Municipio de Oro Verde\",\"isPartOf\":{\"@id\":\"https:\\\/\\\/oroverde.gob.ar\\\/portal\\\/#website\"},\"primaryImageOfPage\":{\"@id\":\"https:\\\/\\\/oroverde.gob.ar\\\/portal\\\/el-municipio-trabaja-con-una-cuadrilla-para-la-demarcacion-vial-de-la-localidad\\\/#primaryimage\"},\"image\":{\"@id\":\"https:\\\/\\\/oroverde.gob.ar\\\/portal\\\/el-municipio-trabaja-con-una-cuadrilla-para-la-demarcacion-vial-de-la-localidad\\\/#primaryimage\"},\"thumbnailUrl\":\"https:\\\/\\\/oroverde.gob.ar\\\/portal\\\/wp-content\\\/uploads\\\/2025\\\/08\\\/DSC0495-b-scaled.jpg\",\"datePublished\":\"2025-08-04T16:02:08+00:00\",\"breadcrumb\":{\"@id\":\"https:\\\/\\\/oroverde.gob.ar\\\/portal\\\/el-municipio-trabaja-con-una-cuadrilla-para-la-demarcacion-vial-de-la-localidad\\\/#breadcrumb\"},\"inLanguage\":\"es\",\"potentialAction\":[{\"@type\":\"ReadAction\",\"target\":[\"https:\\\/\\\/oroverde.gob.ar\\\/portal\\\/el-municipio-trabaja-con-una-cuadrilla-para-la-demarcacion-vial-de-la-localidad\\\/\"]}]},{\"@type\":\"ImageObject\",\"inLanguage\":\"es\",\"@id\":\"https:\\\/\\\/oroverde.gob.ar\\\/portal\\\/el-municipio-trabaja-con-una-cuadrilla-para-la-demarcacion-vial-de-la-localidad\\\/#primaryimage\",\"url\":\"https:\\\/\\\/oroverde.gob.ar\\\/portal\\\/wp-content\\\/uploads\\\/2025\\\/08\\\/DSC0495-b-scaled.jpg\",\"contentUrl\":\"https:\\\/\\\/oroverde.gob.ar\\\/portal\\\/wp-content\\\/uploads\\\/2025\\\/08\\\/DSC0495-b-scaled.jpg\",\"width\":2560,\"height\":1708},{\"@type\":\"BreadcrumbList\",\"@id\":\"https:\\\/\\\/oroverde.gob.ar\\\/portal\\\/el-municipio-trabaja-con-una-cuadrilla-para-la-demarcacion-vial-de-la-localidad\\\/#breadcrumb\",\"itemListElement\":[{\"@type\":\"ListItem\",\"position\":1,\"name\":\"Portada\",\"item\":\"https:\\\/\\\/oroverde.gob.ar\\\/portal\\\/\"},{\"@type\":\"ListItem\",\"position\":2,\"name\":\"El Municipio trabaja con una cuadrilla para la demarcaci\u00f3n vial de la localidad\"}]},{\"@type\":\"WebSite\",\"@id\":\"https:\\\/\\\/oroverde.gob.ar\\\/portal\\\/#website\",\"url\":\"https:\\\/\\\/oroverde.gob.ar\\\/portal\\\/\",\"name\":\"Municipio de Oro Verde\",\"description\":\"Web Oficial\",\"publisher\":{\"@id\":\"https:\\\/\\\/oroverde.gob.ar\\\/portal\\\/#organization\"},\"potentialAction\":[{\"@type\":\"SearchAction\",\"target\":{\"@type\":\"EntryPoint\",\"urlTemplate\":\"https:\\\/\\\/oroverde.gob.ar\\\/portal\\\/?s={search_term_string}\"},\"query-input\":{\"@type\":\"PropertyValueSpecification\",\"valueRequired\":true,\"valueName\":\"search_term_string\"}}],\"inLanguage\":\"es\"},{\"@type\":\"Organization\",\"@id\":\"https:\\\/\\\/oroverde.gob.ar\\\/portal\\\/#organization\",\"name\":\"Municipio de Oro Verde\",\"url\":\"https:\\\/\\\/oroverde.gob.ar\\\/portal\\\/\",\"logo\":{\"@type\":\"ImageObject\",\"inLanguage\":\"es\",\"@id\":\"https:\\\/\\\/oroverde.gob.ar\\\/portal\\\/#\\\/schema\\\/logo\\\/image\\\/\",\"url\":\"https:\\\/\\\/oroverde.gob.ar\\\/portal\\\/wp-content\\\/uploads\\\/2024\\\/06\\\/cropped-cropped-logo-1.png\",\"contentUrl\":\"https:\\\/\\\/oroverde.gob.ar\\\/portal\\\/wp-content\\\/uploads\\\/2024\\\/06\\\/cropped-cropped-logo-1.png\",\"width\":1776,\"height\":738,\"caption\":\"Municipio de Oro Verde\"},\"image\":{\"@id\":\"https:\\\/\\\/oroverde.gob.ar\\\/portal\\\/#\\\/schema\\\/logo\\\/image\\\/\"}},{\"@type\":\"Person\",\"@id\":\"https:\\\/\\\/oroverde.gob.ar\\\/portal\\\/#\\\/schema\\\/person\\\/b975e0cbcd43b7dcf9c64511ec84f10f\",\"name\":\"Soledad\",\"image\":{\"@type\":\"ImageObject\",\"inLanguage\":\"es\",\"@id\":\"https:\\\/\\\/secure.gravatar.com\\\/avatar\\\/b2f5b6cda565395f31dc94c95932b9b3fbe6275bad58a1579843d3d1607d4a66?s=96&d=mm&r=g\",\"url\":\"https:\\\/\\\/secure.gravatar.com\\\/avatar\\\/b2f5b6cda565395f31dc94c95932b9b3fbe6275bad58a1579843d3d1607d4a66?s=96&d=mm&r=g\",\"contentUrl\":\"https:\\\/\\\/secure.gravatar.com\\\/avatar\\\/b2f5b6cda565395f31dc94c95932b9b3fbe6275bad58a1579843d3d1607d4a66?s=96&d=mm&r=g\",\"caption\":\"Soledad\"},\"url\":\"https:\\\/\\\/oroverde.gob.ar\\\/portal\\\/author\\\/soledad\\\/\"}]}<\/script>\n<!-- \/ Yoast SEO plugin. -->","yoast_head_json":{"title":"El Municipio trabaja con una cuadrilla para la demarcaci\u00f3n vial de la localidad - Municipio de Oro Verde","robots":{"index":"index","follow":"follow","max-snippet":"max-snippet:-1","max-image-preview":"max-image-preview:large","max-video-preview":"max-video-preview:-1"},"canonical":"https:\/\/oroverde.gob.ar\/portal\/el-municipio-trabaja-con-una-cuadrilla-para-la-demarcacion-vial-de-la-localidad\/","og_locale":"es_ES","og_type":"article","og_title":"El Municipio trabaja con una cuadrilla para la demarcaci\u00f3n vial de la localidad - Municipio de Oro Verde","og_description":"Hace aproximadamente un mes empleados municipales trabajan en la demarcaci\u00f3n horizontal y se\u00f1alizaci\u00f3n vertical de las calles de Oro Verde. Esta cuadrilla especial hace esta tarea principalmente durante horas de la noche para evitar las molestias en el tr\u00e1nsito vehicular. Desde que comenzaron &hellip;","og_url":"https:\/\/oroverde.gob.ar\/portal\/el-municipio-trabaja-con-una-cuadrilla-para-la-demarcacion-vial-de-la-localidad\/","og_site_name":"Municipio de Oro Verde","article_published_time":"2025-08-04T16:02:08+00:00","og_image":[{"width":2560,"height":1708,"url":"https:\/\/oroverde.gob.ar\/portal\/wp-content\/uploads\/2025\/08\/DSC0495-b-scaled.jpg","type":"image\/jpeg"}],"author":"Soledad","twitter_card":"summary_large_image","twitter_misc":{"Escrito por":"Soledad","Tiempo de lectura":"1 minuto"},"schema":{"@context":"https:\/\/schema.org","@graph":[{"@type":"Article","@id":"https:\/\/oroverde.gob.ar\/portal\/el-municipio-trabaja-con-una-cuadrilla-para-la-demarcacion-vial-de-la-localidad\/#article","isPartOf":{"@id":"https:\/\/oroverde.gob.ar\/portal\/el-municipio-trabaja-con-una-cuadrilla-para-la-demarcacion-vial-de-la-localidad\/"},"author":{"name":"Soledad","@id":"https:\/\/oroverde.gob.ar\/portal\/#\/schema\/person\/b975e0cbcd43b7dcf9c64511ec84f10f"},"headline":"El Municipio trabaja con una cuadrilla para la demarcaci\u00f3n vial de la localidad","datePublished":"2025-08-04T16:02:08+00:00","mainEntityOfPage":{"@id":"https:\/\/oroverde.gob.ar\/portal\/el-municipio-trabaja-con-una-cuadrilla-para-la-demarcacion-vial-de-la-localidad\/"},"wordCount":120,"publisher":{"@id":"https:\/\/oroverde.gob.ar\/portal\/#organization"},"image":{"@id":"https:\/\/oroverde.gob.ar\/portal\/el-municipio-trabaja-con-una-cuadrilla-para-la-demarcacion-vial-de-la-localidad\/#primaryimage"},"thumbnailUrl":"https:\/\/oroverde.gob.ar\/portal\/wp-content\/uploads\/2025\/08\/DSC0495-b-scaled.jpg","articleSection":["Municipio"],"inLanguage":"es"},{"@type":"WebPage","@id":"https:\/\/oroverde.gob.ar\/portal\/el-municipio-trabaja-con-una-cuadrilla-para-la-demarcacion-vial-de-la-localidad\/","url":"https:\/\/oroverde.gob.ar\/portal\/el-municipio-trabaja-con-una-cuadrilla-para-la-demarcacion-vial-de-la-localidad\/","name":"El Municipio trabaja con una cuadrilla para la demarcaci\u00f3n vial de la localidad - Municipio de Oro Verde","isPartOf":{"@id":"https:\/\/oroverde.gob.ar\/portal\/#website"},"primaryImageOfPage":{"@id":"https:\/\/oroverde.gob.ar\/portal\/el-municipio-trabaja-con-una-cuadrilla-para-la-demarcacion-vial-de-la-localidad\/#primaryimage"},"image":{"@id":"https:\/\/oroverde.gob.ar\/portal\/el-municipio-trabaja-con-una-cuadrilla-para-la-demarcacion-vial-de-la-localidad\/#primaryimage"},"thumbnailUrl":"https:\/\/oroverde.gob.ar\/portal\/wp-content\/uploads\/2025\/08\/DSC0495-b-scaled.jpg","datePublished":"2025-08-04T16:02:08+00:00","breadcrumb":{"@id":"https:\/\/oroverde.gob.ar\/portal\/el-municipio-trabaja-con-una-cuadrilla-para-la-demarcacion-vial-de-la-localidad\/#breadcrumb"},"inLanguage":"es","potentialAction":[{"@type":"ReadAction","target":["https:\/\/oroverde.gob.ar\/portal\/el-municipio-trabaja-con-una-cuadrilla-para-la-demarcacion-vial-de-la-localidad\/"]}]},{"@type":"ImageObject","inLanguage":"es","@id":"https:\/\/oroverde.gob.ar\/portal\/el-municipio-trabaja-con-una-cuadrilla-para-la-demarcacion-vial-de-la-localidad\/#primaryimage","url":"https:\/\/oroverde.gob.ar\/portal\/wp-content\/uploads\/2025\/08\/DSC0495-b-scaled.jpg","contentUrl":"https:\/\/oroverde.gob.ar\/portal\/wp-content\/uploads\/2025\/08\/DSC0495-b-scaled.jpg","width":2560,"height":1708},{"@type":"BreadcrumbList","@id":"https:\/\/oroverde.gob.ar\/portal\/el-municipio-trabaja-con-una-cuadrilla-para-la-demarcacion-vial-de-la-localidad\/#breadcrumb","itemListElement":[{"@type":"ListItem","position":1,"name":"Portada","item":"https:\/\/oroverde.gob.ar\/portal\/"},{"@type":"ListItem","position":2,"name":"El Municipio trabaja con una cuadrilla para la demarcaci\u00f3n vial de la localidad"}]},{"@type":"WebSite","@id":"https:\/\/oroverde.gob.ar\/portal\/#website","url":"https:\/\/oroverde.gob.ar\/portal\/","name":"Municipio de Oro Verde","description":"Web Oficial","publisher":{"@id":"https:\/\/oroverde.gob.ar\/portal\/#organization"},"potentialAction":[{"@type":"SearchAction","target":{"@type":"EntryPoint","urlTemplate":"https:\/\/oroverde.gob.ar\/portal\/?s={search_term_string}"},"query-input":{"@type":"PropertyValueSpecification","valueRequired":true,"valueName":"search_term_string"}}],"inLanguage":"es"},{"@type":"Organization","@id":"https:\/\/oroverde.gob.ar\/portal\/#organization","name":"Municipio de Oro Verde","url":"https:\/\/oroverde.gob.ar\/portal\/","logo":{"@type":"ImageObject","inLanguage":"es","@id":"https:\/\/oroverde.gob.ar\/portal\/#\/schema\/logo\/image\/","url":"https:\/\/oroverde.gob.ar\/portal\/wp-content\/uploads\/2024\/06\/cropped-cropped-logo-1.png","contentUrl":"https:\/\/oroverde.gob.ar\/portal\/wp-content\/uploads\/2024\/06\/cropped-cropped-logo-1.png","width":1776,"height":738,"caption":"Municipio de Oro Verde"},"image":{"@id":"https:\/\/oroverde.gob.ar\/portal\/#\/schema\/logo\/image\/"}},{"@type":"Person","@id":"https:\/\/oroverde.gob.ar\/portal\/#\/schema\/person\/b975e0cbcd43b7dcf9c64511ec84f10f","name":"Soledad","image":{"@type":"ImageObject","inLanguage":"es","@id":"https:\/\/secure.gravatar.com\/avatar\/b2f5b6cda565395f31dc94c95932b9b3fbe6275bad58a1579843d3d1607d4a66?s=96&d=mm&r=g","url":"https:\/\/secure.gravatar.com\/avatar\/b2f5b6cda565395f31dc94c95932b9b3fbe6275bad58a1579843d3d1607d4a66?s=96&d=mm&r=g","contentUrl":"https:\/\/secure.gravatar.com\/avatar\/b2f5b6cda565395f31dc94c95932b9b3fbe6275bad58a1579843d3d1607d4a66?s=96&d=mm&r=g","caption":"Soledad"},"url":"https:\/\/oroverde.gob.ar\/portal\/author\/soledad\/"}]}},"_links":{"self":[{"href":"https:\/\/oroverde.gob.ar\/portal\/wp-json\/wp\/v2\/posts\/6518","targetHints":{"allow":["GET"]}}],"collection":[{"href":"https:\/\/oroverde.gob.ar\/portal\/wp-json\/wp\/v2\/posts"}],"about":[{"href":"https:\/\/oroverde.gob.ar\/portal\/wp-json\/wp\/v2\/types\/post"}],"author":[{"embeddable":true,"href":"https:\/\/oroverde.gob.ar\/portal\/wp-json\/wp\/v2\/users\/3"}],"replies":[{"embeddable":true,"href":"https:\/\/oroverde.gob.ar\/portal\/wp-json\/wp\/v2\/comments?post=6518"}],"version-history":[{"count":1,"href":"https:\/\/oroverde.gob.ar\/portal\/wp-json\/wp\/v2\/posts\/6518\/revisions"}],"predecessor-version":[{"id":6520,"href":"https:\/\/oroverde.gob.ar\/portal\/wp-json\/wp\/v2\/posts\/6518\/revisions\/6520"}],"wp:featuredmedia":[{"embeddable":true,"href":"https:\/\/oroverde.gob.ar\/portal\/wp-json\/wp\/v2\/media\/6519"}],"wp:attachment":[{"href":"https:\/\/oroverde.gob.ar\/portal\/wp-json\/wp\/v2\/media?parent=6518"}],"wp:term":[{"taxonomy":"category","embeddable":true,"href":"https:\/\/oroverde.gob.ar\/portal\/wp-json\/wp\/v2\/categories?post=6518"},{"taxonomy":"post_tag","embeddable":true,"href":"https:\/\/oroverde.gob.ar\/portal\/wp-json\/wp\/v2\/tags?post=6518"}],"curies":[{"name":"wp","href":"https:\/\/api.w.org\/{rel}","templated":true}]}}