{"id":6602,"date":"2025-08-20T12:36:52","date_gmt":"2025-08-20T15:36:52","guid":{"rendered":"https:\/\/oroverde.gob.ar\/portal\/?p=6602"},"modified":"2025-09-04T10:49:11","modified_gmt":"2025-09-04T13:49:11","slug":"en-oro-verde-sera-obligatorio-contar-con-cestos-de-basura-en-el-frente-de-los-domicilios","status":"publish","type":"post","link":"https:\/\/oroverde.gob.ar\/portal\/en-oro-verde-sera-obligatorio-contar-con-cestos-de-basura-en-el-frente-de-los-domicilios\/","title":{"rendered":"En Oro Verde ser\u00e1 obligatorio contar con cestos de basura en el frente de los domicilios"},"content":{"rendered":"<div class=\"x14z9mp xat24cr x1lziwak x1vvkbs xtlvy1s x126k92a\">\n<div dir=\"auto\">Por medio de la RESOLUCI\u00d3N N\u00b0008 de 2025, sancionada por el Concejo Deliberante local, se establece la obligatoriedad de colocar cestos que contengan las bolsas de residuos en el frente de los domicilios y complejos habitacionales para mejorar la tarea de los recolectores. Adem\u00e1s, buscan evitar la rotura de bolsas.<\/div>\n<div dir=\"auto\"><\/div>\n<\/div>\n<div class=\"x14z9mp xat24cr x1lziwak x1vvkbs xtlvy1s x126k92a\">\n<div dir=\"auto\"><span class=\"html-span xexx8yu xyri2b x18d9i69 x1c1uobl x1hl2dhg x16tdsg8 x1vvkbs x3nfvp2 x1j61x8r x1fcty0u xdj266r xat24cr xm2jcoa x1mpyi22 xxymvpz xlup9mm x1kky2od\"><img decoding=\"async\" class=\"xz74otr x15mokao x1ga7v0g x16uus16 xbiv7yw lazyload\" data-src=\"https:\/\/static.xx.fbcdn.net\/images\/emoji.php\/v9\/t33\/1\/16\/2705.png\" alt=\"\u2705\" width=\"16\" height=\"16\" src=\"data:image\/svg+xml;base64,PHN2ZyB3aWR0aD0iMSIgaGVpZ2h0PSIxIiB4bWxucz0iaHR0cDovL3d3dy53My5vcmcvMjAwMC9zdmciPjwvc3ZnPg==\" style=\"--smush-placeholder-width: 16px; --smush-placeholder-aspect-ratio: 16\/16;\" \/><\/span><span class=\"html-span xexx8yu xyri2b x18d9i69 x1c1uobl x1hl2dhg x16tdsg8 x1vvkbs x3nfvp2 x1j61x8r x1fcty0u xdj266r xat24cr xm2jcoa x1mpyi22 xxymvpz xlup9mm x1kky2od\"><img decoding=\"async\" class=\"xz74otr x15mokao x1ga7v0g x16uus16 xbiv7yw lazyload\" data-src=\"https:\/\/static.xx.fbcdn.net\/images\/emoji.php\/v9\/tf2\/1\/16\/1f6ae.png\" alt=\"\ud83d\udeae\" width=\"16\" height=\"16\" src=\"data:image\/svg+xml;base64,PHN2ZyB3aWR0aD0iMSIgaGVpZ2h0PSIxIiB4bWxucz0iaHR0cDovL3d3dy53My5vcmcvMjAwMC9zdmciPjwvc3ZnPg==\" style=\"--smush-placeholder-width: 16px; --smush-placeholder-aspect-ratio: 16\/16;\" \/><\/span>La normativa ya entr\u00f3 en vigencia y aborda una problem\u00e1tica que se presenta al momento de la recolecci\u00f3n de los residuos domiciliarios estableciendo entre otras cosas, que \u00ablos propietarios de inmuebles existentes, o con permiso de construcci\u00f3n destinado a vivienda o cualquier otro uso que genere residuos domiciliarios, est\u00e1n obligados a instalar recintos o dep\u00f3sitos para bolsas de residuos\u00bb.<\/div>\n<\/div>\n<div class=\"x14z9mp xat24cr x1lziwak x1vvkbs xtlvy1s x126k92a\">\n<div dir=\"auto\">Los frentistas que ya cuentan con un cesto en altura no tendr\u00e1n necesidad de cambiarlo, siempre y cuando no presente un riesgo, guarde similitud con lo establecido en la normativa, y est\u00e9n ubicados correctamente.<\/div>\n<\/div>\n<div class=\"x14z9mp xat24cr x1lziwak x1vvkbs xtlvy1s x126k92a\">\n<div dir=\"auto\"><\/div>\n<div dir=\"auto\">Para tener en cuenta:<\/div>\n<div dir=\"auto\"><span class=\"html-span xexx8yu xyri2b x18d9i69 x1c1uobl x1hl2dhg x16tdsg8 x1vvkbs x3nfvp2 x1j61x8r x1fcty0u xdj266r xat24cr xm2jcoa x1mpyi22 xxymvpz xlup9mm x1kky2od\"><img decoding=\"async\" class=\"xz74otr x15mokao x1ga7v0g x16uus16 xbiv7yw lazyload\" data-src=\"https:\/\/static.xx.fbcdn.net\/images\/emoji.php\/v9\/tf3\/1\/16\/1f539.png\" alt=\"\ud83d\udd39\" width=\"16\" height=\"16\" src=\"data:image\/svg+xml;base64,PHN2ZyB3aWR0aD0iMSIgaGVpZ2h0PSIxIiB4bWxucz0iaHR0cDovL3d3dy53My5vcmcvMjAwMC9zdmciPjwvc3ZnPg==\" style=\"--smush-placeholder-width: 16px; --smush-placeholder-aspect-ratio: 16\/16;\" \/><\/span> Se sugieren una serie de dise\u00f1os espec\u00edficos, que entre otras cosas reglamentan medidas m\u00ednimas de 40 cm de largo por 30 cm de ancho y 30 cm de profundidad.<\/div>\n<div dir=\"auto\"><span class=\"html-span xexx8yu xyri2b x18d9i69 x1c1uobl x1hl2dhg x16tdsg8 x1vvkbs x3nfvp2 x1j61x8r x1fcty0u xdj266r xat24cr xm2jcoa x1mpyi22 xxymvpz xlup9mm x1kky2od\"><img decoding=\"async\" class=\"xz74otr x15mokao x1ga7v0g x16uus16 xbiv7yw lazyload\" data-src=\"https:\/\/static.xx.fbcdn.net\/images\/emoji.php\/v9\/tf3\/1\/16\/1f539.png\" alt=\"\ud83d\udd39\" width=\"16\" height=\"16\" src=\"data:image\/svg+xml;base64,PHN2ZyB3aWR0aD0iMSIgaGVpZ2h0PSIxIiB4bWxucz0iaHR0cDovL3d3dy53My5vcmcvMjAwMC9zdmciPjwvc3ZnPg==\" style=\"--smush-placeholder-width: 16px; --smush-placeholder-aspect-ratio: 16\/16;\" \/><\/span> Tambi\u00e9n establece que deben ser construidos en metal y no poseer bordes punzantes.<\/div>\n<div dir=\"auto\"><span class=\"html-span xexx8yu xyri2b x18d9i69 x1c1uobl x1hl2dhg x16tdsg8 x1vvkbs x3nfvp2 x1j61x8r x1fcty0u xdj266r xat24cr xm2jcoa x1mpyi22 xxymvpz xlup9mm x1kky2od\"><img decoding=\"async\" class=\"xz74otr x15mokao x1ga7v0g x16uus16 xbiv7yw lazyload\" data-src=\"https:\/\/static.xx.fbcdn.net\/images\/emoji.php\/v9\/tf3\/1\/16\/1f539.png\" alt=\"\ud83d\udd39\" width=\"16\" height=\"16\" src=\"data:image\/svg+xml;base64,PHN2ZyB3aWR0aD0iMSIgaGVpZ2h0PSIxIiB4bWxucz0iaHR0cDovL3d3dy53My5vcmcvMjAwMC9zdmciPjwvc3ZnPg==\" style=\"--smush-placeholder-width: 16px; --smush-placeholder-aspect-ratio: 16\/16;\" \/><\/span> La altura sugerida es de 1.50 metros.<\/div>\n<div dir=\"auto\"><span class=\"html-span xexx8yu xyri2b x18d9i69 x1c1uobl x1hl2dhg x16tdsg8 x1vvkbs x3nfvp2 x1j61x8r x1fcty0u xdj266r xat24cr xm2jcoa x1mpyi22 xxymvpz xlup9mm x1kky2od\"><img decoding=\"async\" class=\"xz74otr x15mokao x1ga7v0g x16uus16 xbiv7yw lazyload\" data-src=\"https:\/\/static.xx.fbcdn.net\/images\/emoji.php\/v9\/tf3\/1\/16\/1f539.png\" alt=\"\ud83d\udd39\" width=\"16\" height=\"16\" src=\"data:image\/svg+xml;base64,PHN2ZyB3aWR0aD0iMSIgaGVpZ2h0PSIxIiB4bWxucz0iaHR0cDovL3d3dy53My5vcmcvMjAwMC9zdmciPjwvc3ZnPg==\" style=\"--smush-placeholder-width: 16px; --smush-placeholder-aspect-ratio: 16\/16;\" \/><\/span> En cuanto a la ubicaci\u00f3n, los cestos no deben afectar el tr\u00e1nsito peatonal ni invadir la l\u00ednea de vereda. Deber\u00e1n ser instalados siguiendo la l\u00ednea del arbolado p\u00fablico.<\/div>\n<div dir=\"auto\"><\/div>\n<div dir=\"auto\"><span class=\"html-span xexx8yu xyri2b x18d9i69 x1c1uobl x1hl2dhg x16tdsg8 x1vvkbs x3nfvp2 x1j61x8r x1fcty0u xdj266r xat24cr xm2jcoa x1mpyi22 xxymvpz xlup9mm x1kky2od\"><img decoding=\"async\" class=\"xz74otr x15mokao x1ga7v0g x16uus16 xbiv7yw lazyload\" data-src=\"https:\/\/static.xx.fbcdn.net\/images\/emoji.php\/v9\/tf3\/1\/16\/1f539.png\" alt=\"\ud83d\udd39\" width=\"16\" height=\"16\" src=\"data:image\/svg+xml;base64,PHN2ZyB3aWR0aD0iMSIgaGVpZ2h0PSIxIiB4bWxucz0iaHR0cDovL3d3dy53My5vcmcvMjAwMC9zdmciPjwvc3ZnPg==\" style=\"--smush-placeholder-width: 16px; --smush-placeholder-aspect-ratio: 16\/16;\" \/><\/span> En el caso de los complejos de departamentos los cestos deber\u00e1n tener un volumen equivalente a 25 litros por departamento.<\/div>\n<\/div>\n<div class=\"x14z9mp xat24cr x1lziwak x1vvkbs xtlvy1s x126k92a\">\n<div dir=\"auto\">Aquellos frentistas que no cumplan con la Ordenanza y sean detectados ser\u00e1n apercibidos por el Municipio, contando con un plazo de 60 d\u00edas corridos para regular la situaci\u00f3n. Posteriormente, podr\u00e1 aplicarse una multa con un nuevo plazo.<\/div>\n<\/div>\n<div class=\"x14z9mp xat24cr x1lziwak x1vvkbs xtlvy1s x126k92a\">\n<div dir=\"auto\"><span class=\"html-span xexx8yu xyri2b x18d9i69 x1c1uobl x1hl2dhg x16tdsg8 x1vvkbs x3nfvp2 x1j61x8r x1fcty0u xdj266r xat24cr xm2jcoa x1mpyi22 xxymvpz xlup9mm x1kky2od\"><img decoding=\"async\" class=\"xz74otr x15mokao x1ga7v0g x16uus16 xbiv7yw lazyload\" data-src=\"https:\/\/static.xx.fbcdn.net\/images\/emoji.php\/v9\/taa\/1\/16\/1f310.png\" alt=\"\ud83c\udf10\" width=\"16\" height=\"16\" src=\"data:image\/svg+xml;base64,PHN2ZyB3aWR0aD0iMSIgaGVpZ2h0PSIxIiB4bWxucz0iaHR0cDovL3d3dy53My5vcmcvMjAwMC9zdmciPjwvc3ZnPg==\" style=\"--smush-placeholder-width: 16px; --smush-placeholder-aspect-ratio: 16\/16;\" \/><\/span>La Resoluci\u00f3n se puede consultar en: <span class=\"html-span xdj266r x14z9mp xat24cr x1lziwak xexx8yu xyri2b x18d9i69 x1c1uobl x1hl2dhg x16tdsg8 x1vvkbs\"><a class=\"x1i10hfl xjbqb8w x1ejq31n x18oe1m7 x1sy0etr xstzfhl x972fbf x10w94by x1qhh985 x14e42zd x9f619 x1ypdohk xt0psk2 x3ct3a4 xdj266r x14z9mp xat24cr x1lziwak xexx8yu xyri2b x18d9i69 x1c1uobl x16tdsg8 x1hl2dhg xggy1nq x1a2a7pz xkrqix3 x1sur9pj x1fey0fg x1s688f\" tabindex=\"0\" role=\"link\" href=\"https:\/\/oroverde.gob.ar\/portal\/wp-content\/uploads\/2025\/09\/MODELO-DE-CESTOS-ORO-VERDE-1.pdf\" target=\"_blank\" rel=\"nofollow noopener noreferrer\">ESTE LINK<\/a><\/span><\/div>\n<\/div>\n","protected":false},"excerpt":{"rendered":"<p>Por medio de la RESOLUCI\u00d3N N\u00b0008 de 2025, sancionada por el Concejo Deliberante local, se establece la obligatoriedad de colocar cestos que contengan las bolsas de residuos en el frente de los domicilios y complejos habitacionales para mejorar la tarea de los recolectores. &hellip;<\/p>\n","protected":false},"author":2,"featured_media":6612,"comment_status":"closed","ping_status":"closed","sticky":false,"template":"","format":"standard","meta":{"footnotes":""},"categories":[14],"tags":[],"class_list":["post-6602","post","type-post","status-publish","format-standard","has-post-thumbnail","hentry","category-noticias"],"yoast_head":"<!-- This site is optimized with the Yoast SEO plugin v27.5 - https:\/\/yoast.com\/product\/yoast-seo-wordpress\/ -->\n<title>En Oro Verde ser\u00e1 obligatorio contar con cestos de basura en el frente de los domicilios - Municipio de Oro Verde<\/title>\n<meta name=\"robots\" content=\"index, follow, max-snippet:-1, max-image-preview:large, max-video-preview:-1\" \/>\n<link rel=\"canonical\" href=\"https:\/\/oroverde.gob.ar\/portal\/en-oro-verde-sera-obligatorio-contar-con-cestos-de-basura-en-el-frente-de-los-domicilios\/\" \/>\n<meta property=\"og:locale\" content=\"es_ES\" \/>\n<meta property=\"og:type\" content=\"article\" \/>\n<meta property=\"og:title\" content=\"En Oro Verde ser\u00e1 obligatorio contar con cestos de basura en el frente de los domicilios - Municipio de Oro Verde\" \/>\n<meta property=\"og:description\" content=\"Por medio de la RESOLUCI\u00d3N N\u00b0008 de 2025, sancionada por el Concejo Deliberante local, se establece la obligatoriedad de colocar cestos que contengan las bolsas de residuos en el frente de los domicilios y complejos habitacionales para mejorar la tarea de los recolectores. &hellip;\" \/>\n<meta property=\"og:url\" content=\"https:\/\/oroverde.gob.ar\/portal\/en-oro-verde-sera-obligatorio-contar-con-cestos-de-basura-en-el-frente-de-los-domicilios\/\" \/>\n<meta property=\"og:site_name\" content=\"Municipio de Oro Verde\" \/>\n<meta property=\"article:published_time\" content=\"2025-08-20T15:36:52+00:00\" \/>\n<meta property=\"article:modified_time\" content=\"2025-09-04T13:49:11+00:00\" \/>\n<meta property=\"og:image\" content=\"https:\/\/oroverde.gob.ar\/portal\/wp-content\/uploads\/2025\/08\/Residuos-cestos-jpg.jpg\" \/>\n\t<meta property=\"og:image:width\" content=\"992\" \/>\n\t<meta property=\"og:image:height\" content=\"744\" \/>\n\t<meta property=\"og:image:type\" content=\"image\/jpeg\" \/>\n<meta name=\"author\" content=\"Leticia\" \/>\n<meta name=\"twitter:card\" content=\"summary_large_image\" \/>\n<meta name=\"twitter:label1\" content=\"Escrito por\" \/>\n\t<meta name=\"twitter:data1\" content=\"Leticia\" \/>\n\t<meta name=\"twitter:label2\" content=\"Tiempo de lectura\" \/>\n\t<meta name=\"twitter:data2\" content=\"4 minutos\" \/>\n<script type=\"application\/ld+json\" class=\"yoast-schema-graph\">{\"@context\":\"https:\\\/\\\/schema.org\",\"@graph\":[{\"@type\":\"Article\",\"@id\":\"https:\\\/\\\/oroverde.gob.ar\\\/portal\\\/en-oro-verde-sera-obligatorio-contar-con-cestos-de-basura-en-el-frente-de-los-domicilios\\\/#article\",\"isPartOf\":{\"@id\":\"https:\\\/\\\/oroverde.gob.ar\\\/portal\\\/en-oro-verde-sera-obligatorio-contar-con-cestos-de-basura-en-el-frente-de-los-domicilios\\\/\"},\"author\":{\"name\":\"Leticia\",\"@id\":\"https:\\\/\\\/oroverde.gob.ar\\\/portal\\\/#\\\/schema\\\/person\\\/d904a5e1011c58db8d79e823207854f4\"},\"headline\":\"En Oro Verde ser\u00e1 obligatorio contar con cestos de basura en el frente de los domicilios\",\"datePublished\":\"2025-08-20T15:36:52+00:00\",\"dateModified\":\"2025-09-04T13:49:11+00:00\",\"mainEntityOfPage\":{\"@id\":\"https:\\\/\\\/oroverde.gob.ar\\\/portal\\\/en-oro-verde-sera-obligatorio-contar-con-cestos-de-basura-en-el-frente-de-los-domicilios\\\/\"},\"wordCount\":322,\"publisher\":{\"@id\":\"https:\\\/\\\/oroverde.gob.ar\\\/portal\\\/#organization\"},\"image\":{\"@id\":\"https:\\\/\\\/oroverde.gob.ar\\\/portal\\\/en-oro-verde-sera-obligatorio-contar-con-cestos-de-basura-en-el-frente-de-los-domicilios\\\/#primaryimage\"},\"thumbnailUrl\":\"https:\\\/\\\/oroverde.gob.ar\\\/portal\\\/wp-content\\\/uploads\\\/2025\\\/08\\\/Residuos-cestos-jpg.jpg\",\"articleSection\":[\"Noticias\"],\"inLanguage\":\"es\"},{\"@type\":\"WebPage\",\"@id\":\"https:\\\/\\\/oroverde.gob.ar\\\/portal\\\/en-oro-verde-sera-obligatorio-contar-con-cestos-de-basura-en-el-frente-de-los-domicilios\\\/\",\"url\":\"https:\\\/\\\/oroverde.gob.ar\\\/portal\\\/en-oro-verde-sera-obligatorio-contar-con-cestos-de-basura-en-el-frente-de-los-domicilios\\\/\",\"name\":\"En Oro Verde ser\u00e1 obligatorio contar con cestos de basura en el frente de los domicilios - Municipio de Oro Verde\",\"isPartOf\":{\"@id\":\"https:\\\/\\\/oroverde.gob.ar\\\/portal\\\/#website\"},\"primaryImageOfPage\":{\"@id\":\"https:\\\/\\\/oroverde.gob.ar\\\/portal\\\/en-oro-verde-sera-obligatorio-contar-con-cestos-de-basura-en-el-frente-de-los-domicilios\\\/#primaryimage\"},\"image\":{\"@id\":\"https:\\\/\\\/oroverde.gob.ar\\\/portal\\\/en-oro-verde-sera-obligatorio-contar-con-cestos-de-basura-en-el-frente-de-los-domicilios\\\/#primaryimage\"},\"thumbnailUrl\":\"https:\\\/\\\/oroverde.gob.ar\\\/portal\\\/wp-content\\\/uploads\\\/2025\\\/08\\\/Residuos-cestos-jpg.jpg\",\"datePublished\":\"2025-08-20T15:36:52+00:00\",\"dateModified\":\"2025-09-04T13:49:11+00:00\",\"breadcrumb\":{\"@id\":\"https:\\\/\\\/oroverde.gob.ar\\\/portal\\\/en-oro-verde-sera-obligatorio-contar-con-cestos-de-basura-en-el-frente-de-los-domicilios\\\/#breadcrumb\"},\"inLanguage\":\"es\",\"potentialAction\":[{\"@type\":\"ReadAction\",\"target\":[\"https:\\\/\\\/oroverde.gob.ar\\\/portal\\\/en-oro-verde-sera-obligatorio-contar-con-cestos-de-basura-en-el-frente-de-los-domicilios\\\/\"]}]},{\"@type\":\"ImageObject\",\"inLanguage\":\"es\",\"@id\":\"https:\\\/\\\/oroverde.gob.ar\\\/portal\\\/en-oro-verde-sera-obligatorio-contar-con-cestos-de-basura-en-el-frente-de-los-domicilios\\\/#primaryimage\",\"url\":\"https:\\\/\\\/oroverde.gob.ar\\\/portal\\\/wp-content\\\/uploads\\\/2025\\\/08\\\/Residuos-cestos-jpg.jpg\",\"contentUrl\":\"https:\\\/\\\/oroverde.gob.ar\\\/portal\\\/wp-content\\\/uploads\\\/2025\\\/08\\\/Residuos-cestos-jpg.jpg\",\"width\":992,\"height\":744},{\"@type\":\"BreadcrumbList\",\"@id\":\"https:\\\/\\\/oroverde.gob.ar\\\/portal\\\/en-oro-verde-sera-obligatorio-contar-con-cestos-de-basura-en-el-frente-de-los-domicilios\\\/#breadcrumb\",\"itemListElement\":[{\"@type\":\"ListItem\",\"position\":1,\"name\":\"Portada\",\"item\":\"https:\\\/\\\/oroverde.gob.ar\\\/portal\\\/\"},{\"@type\":\"ListItem\",\"position\":2,\"name\":\"En Oro Verde ser\u00e1 obligatorio contar con cestos de basura en el frente de los domicilios\"}]},{\"@type\":\"WebSite\",\"@id\":\"https:\\\/\\\/oroverde.gob.ar\\\/portal\\\/#website\",\"url\":\"https:\\\/\\\/oroverde.gob.ar\\\/portal\\\/\",\"name\":\"Municipio de Oro Verde\",\"description\":\"Web Oficial\",\"publisher\":{\"@id\":\"https:\\\/\\\/oroverde.gob.ar\\\/portal\\\/#organization\"},\"potentialAction\":[{\"@type\":\"SearchAction\",\"target\":{\"@type\":\"EntryPoint\",\"urlTemplate\":\"https:\\\/\\\/oroverde.gob.ar\\\/portal\\\/?s={search_term_string}\"},\"query-input\":{\"@type\":\"PropertyValueSpecification\",\"valueRequired\":true,\"valueName\":\"search_term_string\"}}],\"inLanguage\":\"es\"},{\"@type\":\"Organization\",\"@id\":\"https:\\\/\\\/oroverde.gob.ar\\\/portal\\\/#organization\",\"name\":\"Municipio de Oro Verde\",\"url\":\"https:\\\/\\\/oroverde.gob.ar\\\/portal\\\/\",\"logo\":{\"@type\":\"ImageObject\",\"inLanguage\":\"es\",\"@id\":\"https:\\\/\\\/oroverde.gob.ar\\\/portal\\\/#\\\/schema\\\/logo\\\/image\\\/\",\"url\":\"https:\\\/\\\/oroverde.gob.ar\\\/portal\\\/wp-content\\\/uploads\\\/2024\\\/06\\\/cropped-cropped-logo-1.png\",\"contentUrl\":\"https:\\\/\\\/oroverde.gob.ar\\\/portal\\\/wp-content\\\/uploads\\\/2024\\\/06\\\/cropped-cropped-logo-1.png\",\"width\":1776,\"height\":738,\"caption\":\"Municipio de Oro Verde\"},\"image\":{\"@id\":\"https:\\\/\\\/oroverde.gob.ar\\\/portal\\\/#\\\/schema\\\/logo\\\/image\\\/\"}},{\"@type\":\"Person\",\"@id\":\"https:\\\/\\\/oroverde.gob.ar\\\/portal\\\/#\\\/schema\\\/person\\\/d904a5e1011c58db8d79e823207854f4\",\"name\":\"Leticia\",\"image\":{\"@type\":\"ImageObject\",\"inLanguage\":\"es\",\"@id\":\"https:\\\/\\\/secure.gravatar.com\\\/avatar\\\/123f2cb69f2bf9cfae92cffddba9b0ead63e22c03f87ba23c7c1a885cf667d4d?s=96&d=mm&r=g\",\"url\":\"https:\\\/\\\/secure.gravatar.com\\\/avatar\\\/123f2cb69f2bf9cfae92cffddba9b0ead63e22c03f87ba23c7c1a885cf667d4d?s=96&d=mm&r=g\",\"contentUrl\":\"https:\\\/\\\/secure.gravatar.com\\\/avatar\\\/123f2cb69f2bf9cfae92cffddba9b0ead63e22c03f87ba23c7c1a885cf667d4d?s=96&d=mm&r=g\",\"caption\":\"Leticia\"},\"url\":\"https:\\\/\\\/oroverde.gob.ar\\\/portal\\\/author\\\/leticia\\\/\"}]}<\/script>\n<!-- \/ Yoast SEO plugin. -->","yoast_head_json":{"title":"En Oro Verde ser\u00e1 obligatorio contar con cestos de basura en el frente de los domicilios - Municipio de Oro Verde","robots":{"index":"index","follow":"follow","max-snippet":"max-snippet:-1","max-image-preview":"max-image-preview:large","max-video-preview":"max-video-preview:-1"},"canonical":"https:\/\/oroverde.gob.ar\/portal\/en-oro-verde-sera-obligatorio-contar-con-cestos-de-basura-en-el-frente-de-los-domicilios\/","og_locale":"es_ES","og_type":"article","og_title":"En Oro Verde ser\u00e1 obligatorio contar con cestos de basura en el frente de los domicilios - Municipio de Oro Verde","og_description":"Por medio de la RESOLUCI\u00d3N N\u00b0008 de 2025, sancionada por el Concejo Deliberante local, se establece la obligatoriedad de colocar cestos que contengan las bolsas de residuos en el frente de los domicilios y complejos habitacionales para mejorar la tarea de los recolectores. &hellip;","og_url":"https:\/\/oroverde.gob.ar\/portal\/en-oro-verde-sera-obligatorio-contar-con-cestos-de-basura-en-el-frente-de-los-domicilios\/","og_site_name":"Municipio de Oro Verde","article_published_time":"2025-08-20T15:36:52+00:00","article_modified_time":"2025-09-04T13:49:11+00:00","og_image":[{"width":992,"height":744,"url":"https:\/\/oroverde.gob.ar\/portal\/wp-content\/uploads\/2025\/08\/Residuos-cestos-jpg.jpg","type":"image\/jpeg"}],"author":"Leticia","twitter_card":"summary_large_image","twitter_misc":{"Escrito por":"Leticia","Tiempo de lectura":"4 minutos"},"schema":{"@context":"https:\/\/schema.org","@graph":[{"@type":"Article","@id":"https:\/\/oroverde.gob.ar\/portal\/en-oro-verde-sera-obligatorio-contar-con-cestos-de-basura-en-el-frente-de-los-domicilios\/#article","isPartOf":{"@id":"https:\/\/oroverde.gob.ar\/portal\/en-oro-verde-sera-obligatorio-contar-con-cestos-de-basura-en-el-frente-de-los-domicilios\/"},"author":{"name":"Leticia","@id":"https:\/\/oroverde.gob.ar\/portal\/#\/schema\/person\/d904a5e1011c58db8d79e823207854f4"},"headline":"En Oro Verde ser\u00e1 obligatorio contar con cestos de basura en el frente de los domicilios","datePublished":"2025-08-20T15:36:52+00:00","dateModified":"2025-09-04T13:49:11+00:00","mainEntityOfPage":{"@id":"https:\/\/oroverde.gob.ar\/portal\/en-oro-verde-sera-obligatorio-contar-con-cestos-de-basura-en-el-frente-de-los-domicilios\/"},"wordCount":322,"publisher":{"@id":"https:\/\/oroverde.gob.ar\/portal\/#organization"},"image":{"@id":"https:\/\/oroverde.gob.ar\/portal\/en-oro-verde-sera-obligatorio-contar-con-cestos-de-basura-en-el-frente-de-los-domicilios\/#primaryimage"},"thumbnailUrl":"https:\/\/oroverde.gob.ar\/portal\/wp-content\/uploads\/2025\/08\/Residuos-cestos-jpg.jpg","articleSection":["Noticias"],"inLanguage":"es"},{"@type":"WebPage","@id":"https:\/\/oroverde.gob.ar\/portal\/en-oro-verde-sera-obligatorio-contar-con-cestos-de-basura-en-el-frente-de-los-domicilios\/","url":"https:\/\/oroverde.gob.ar\/portal\/en-oro-verde-sera-obligatorio-contar-con-cestos-de-basura-en-el-frente-de-los-domicilios\/","name":"En Oro Verde ser\u00e1 obligatorio contar con cestos de basura en el frente de los domicilios - Municipio de Oro Verde","isPartOf":{"@id":"https:\/\/oroverde.gob.ar\/portal\/#website"},"primaryImageOfPage":{"@id":"https:\/\/oroverde.gob.ar\/portal\/en-oro-verde-sera-obligatorio-contar-con-cestos-de-basura-en-el-frente-de-los-domicilios\/#primaryimage"},"image":{"@id":"https:\/\/oroverde.gob.ar\/portal\/en-oro-verde-sera-obligatorio-contar-con-cestos-de-basura-en-el-frente-de-los-domicilios\/#primaryimage"},"thumbnailUrl":"https:\/\/oroverde.gob.ar\/portal\/wp-content\/uploads\/2025\/08\/Residuos-cestos-jpg.jpg","datePublished":"2025-08-20T15:36:52+00:00","dateModified":"2025-09-04T13:49:11+00:00","breadcrumb":{"@id":"https:\/\/oroverde.gob.ar\/portal\/en-oro-verde-sera-obligatorio-contar-con-cestos-de-basura-en-el-frente-de-los-domicilios\/#breadcrumb"},"inLanguage":"es","potentialAction":[{"@type":"ReadAction","target":["https:\/\/oroverde.gob.ar\/portal\/en-oro-verde-sera-obligatorio-contar-con-cestos-de-basura-en-el-frente-de-los-domicilios\/"]}]},{"@type":"ImageObject","inLanguage":"es","@id":"https:\/\/oroverde.gob.ar\/portal\/en-oro-verde-sera-obligatorio-contar-con-cestos-de-basura-en-el-frente-de-los-domicilios\/#primaryimage","url":"https:\/\/oroverde.gob.ar\/portal\/wp-content\/uploads\/2025\/08\/Residuos-cestos-jpg.jpg","contentUrl":"https:\/\/oroverde.gob.ar\/portal\/wp-content\/uploads\/2025\/08\/Residuos-cestos-jpg.jpg","width":992,"height":744},{"@type":"BreadcrumbList","@id":"https:\/\/oroverde.gob.ar\/portal\/en-oro-verde-sera-obligatorio-contar-con-cestos-de-basura-en-el-frente-de-los-domicilios\/#breadcrumb","itemListElement":[{"@type":"ListItem","position":1,"name":"Portada","item":"https:\/\/oroverde.gob.ar\/portal\/"},{"@type":"ListItem","position":2,"name":"En Oro Verde ser\u00e1 obligatorio contar con cestos de basura en el frente de los domicilios"}]},{"@type":"WebSite","@id":"https:\/\/oroverde.gob.ar\/portal\/#website","url":"https:\/\/oroverde.gob.ar\/portal\/","name":"Municipio de Oro Verde","description":"Web Oficial","publisher":{"@id":"https:\/\/oroverde.gob.ar\/portal\/#organization"},"potentialAction":[{"@type":"SearchAction","target":{"@type":"EntryPoint","urlTemplate":"https:\/\/oroverde.gob.ar\/portal\/?s={search_term_string}"},"query-input":{"@type":"PropertyValueSpecification","valueRequired":true,"valueName":"search_term_string"}}],"inLanguage":"es"},{"@type":"Organization","@id":"https:\/\/oroverde.gob.ar\/portal\/#organization","name":"Municipio de Oro Verde","url":"https:\/\/oroverde.gob.ar\/portal\/","logo":{"@type":"ImageObject","inLanguage":"es","@id":"https:\/\/oroverde.gob.ar\/portal\/#\/schema\/logo\/image\/","url":"https:\/\/oroverde.gob.ar\/portal\/wp-content\/uploads\/2024\/06\/cropped-cropped-logo-1.png","contentUrl":"https:\/\/oroverde.gob.ar\/portal\/wp-content\/uploads\/2024\/06\/cropped-cropped-logo-1.png","width":1776,"height":738,"caption":"Municipio de Oro Verde"},"image":{"@id":"https:\/\/oroverde.gob.ar\/portal\/#\/schema\/logo\/image\/"}},{"@type":"Person","@id":"https:\/\/oroverde.gob.ar\/portal\/#\/schema\/person\/d904a5e1011c58db8d79e823207854f4","name":"Leticia","image":{"@type":"ImageObject","inLanguage":"es","@id":"https:\/\/secure.gravatar.com\/avatar\/123f2cb69f2bf9cfae92cffddba9b0ead63e22c03f87ba23c7c1a885cf667d4d?s=96&d=mm&r=g","url":"https:\/\/secure.gravatar.com\/avatar\/123f2cb69f2bf9cfae92cffddba9b0ead63e22c03f87ba23c7c1a885cf667d4d?s=96&d=mm&r=g","contentUrl":"https:\/\/secure.gravatar.com\/avatar\/123f2cb69f2bf9cfae92cffddba9b0ead63e22c03f87ba23c7c1a885cf667d4d?s=96&d=mm&r=g","caption":"Leticia"},"url":"https:\/\/oroverde.gob.ar\/portal\/author\/leticia\/"}]}},"_links":{"self":[{"href":"https:\/\/oroverde.gob.ar\/portal\/wp-json\/wp\/v2\/posts\/6602","targetHints":{"allow":["GET"]}}],"collection":[{"href":"https:\/\/oroverde.gob.ar\/portal\/wp-json\/wp\/v2\/posts"}],"about":[{"href":"https:\/\/oroverde.gob.ar\/portal\/wp-json\/wp\/v2\/types\/post"}],"author":[{"embeddable":true,"href":"https:\/\/oroverde.gob.ar\/portal\/wp-json\/wp\/v2\/users\/2"}],"replies":[{"embeddable":true,"href":"https:\/\/oroverde.gob.ar\/portal\/wp-json\/wp\/v2\/comments?post=6602"}],"version-history":[{"count":5,"href":"https:\/\/oroverde.gob.ar\/portal\/wp-json\/wp\/v2\/posts\/6602\/revisions"}],"predecessor-version":[{"id":6745,"href":"https:\/\/oroverde.gob.ar\/portal\/wp-json\/wp\/v2\/posts\/6602\/revisions\/6745"}],"wp:featuredmedia":[{"embeddable":true,"href":"https:\/\/oroverde.gob.ar\/portal\/wp-json\/wp\/v2\/media\/6612"}],"wp:attachment":[{"href":"https:\/\/oroverde.gob.ar\/portal\/wp-json\/wp\/v2\/media?parent=6602"}],"wp:term":[{"taxonomy":"category","embeddable":true,"href":"https:\/\/oroverde.gob.ar\/portal\/wp-json\/wp\/v2\/categories?post=6602"},{"taxonomy":"post_tag","embeddable":true,"href":"https:\/\/oroverde.gob.ar\/portal\/wp-json\/wp\/v2\/tags?post=6602"}],"curies":[{"name":"wp","href":"https:\/\/api.w.org\/{rel}","templated":true}]}}