{"id":7007,"date":"2025-09-20T11:11:10","date_gmt":"2025-09-20T14:11:10","guid":{"rendered":"https:\/\/oroverde.gob.ar\/portal\/?p=7007"},"modified":"2025-09-20T11:11:10","modified_gmt":"2025-09-20T14:11:10","slug":"se-reprogramo-el-festejo-del-dia-de-la-primavera-y-del-estudiante-en-oro-verde","status":"publish","type":"post","link":"https:\/\/oroverde.gob.ar\/portal\/se-reprogramo-el-festejo-del-dia-de-la-primavera-y-del-estudiante-en-oro-verde\/","title":{"rendered":"Se reprogram\u00f3 el Festejo del D\u00eda de la Primavera y del Estudiante en Oro Verde"},"content":{"rendered":"<p><!--StartFragment --><\/p>\n<p class=\"pf0\"><span class=\"cf1\">A ra\u00edz de las condiciones de inestabilidad clim\u00e1tica se reprogram\u00f3 el festejo del D\u00eda de la Primavera y del Estudiante en Oro Verde que estaba planificado para este domingo. La nueva fecha s<strong>er\u00e1 el <\/strong><\/span><strong><span class=\"cf0\">domingo 28 de septiembre desde las 15.30 <\/span><span class=\"cf0\">hs<\/span><span class=\"cf0\">.<\/span><\/strong><span class=\"cf1\"> en el Play\u00f3n del Polideportivo municipal ubicado en Las Golondrinas y Los Sauces.<\/span><\/p>\n<p class=\"pf0\"><span class=\"cf1\">El evento mantendr\u00e1 las mismas caracter\u00edsticas bajo el formato de un picnic, quienes se acerquen podr\u00e1n participar de concursos de baile, habr\u00e1 mucha m\u00fasica con MDJ, La llamarada del sauce, Esclavo hijos de la Noche y un cierre con Pont a bailar. Adem\u00e1s, actividades para chicos y grandes a cargo de los talleres municipales con danza, circo, cine y teatro. <\/span><\/p>\n<p class=\"pf0\"><span class=\"cf1\">Los participantes podr\u00e1n comprar comidas y bebidas en la cantina, y habr\u00e1 sorpresas durante toda la jornada.<\/span><\/p>\n<p><!--EndFragment --><\/p>\n","protected":false},"excerpt":{"rendered":"<p>A ra\u00edz de las condiciones de inestabilidad clim\u00e1tica se reprogram\u00f3 el festejo del D\u00eda de la Primavera y del Estudiante en Oro Verde que estaba planificado para este domingo. La nueva fecha ser\u00e1 el domingo 28 de septiembre desde las 15.30 hs. en &hellip;<\/p>\n","protected":false},"author":2,"featured_media":7008,"comment_status":"closed","ping_status":"closed","sticky":false,"template":"","format":"standard","meta":{"footnotes":""},"categories":[1],"tags":[],"class_list":["post-7007","post","type-post","status-publish","format-standard","has-post-thumbnail","hentry","category-municipio"],"yoast_head":"<!-- This site is optimized with the Yoast SEO plugin v27.5 - https:\/\/yoast.com\/product\/yoast-seo-wordpress\/ -->\n<title>Se reprogram\u00f3 el Festejo del D\u00eda de la Primavera y del Estudiante en Oro Verde - Municipio de Oro Verde<\/title>\n<meta name=\"robots\" content=\"index, follow, max-snippet:-1, max-image-preview:large, max-video-preview:-1\" \/>\n<link rel=\"canonical\" href=\"https:\/\/oroverde.gob.ar\/portal\/se-reprogramo-el-festejo-del-dia-de-la-primavera-y-del-estudiante-en-oro-verde\/\" \/>\n<meta property=\"og:locale\" content=\"es_ES\" \/>\n<meta property=\"og:type\" content=\"article\" \/>\n<meta property=\"og:title\" content=\"Se reprogram\u00f3 el Festejo del D\u00eda de la Primavera y del Estudiante en Oro Verde - Municipio de Oro Verde\" \/>\n<meta property=\"og:description\" content=\"A ra\u00edz de las condiciones de inestabilidad clim\u00e1tica se reprogram\u00f3 el festejo del D\u00eda de la Primavera y del Estudiante en Oro Verde que estaba planificado para este domingo. La nueva fecha ser\u00e1 el domingo 28 de septiembre desde las 15.30 hs. en &hellip;\" \/>\n<meta property=\"og:url\" content=\"https:\/\/oroverde.gob.ar\/portal\/se-reprogramo-el-festejo-del-dia-de-la-primavera-y-del-estudiante-en-oro-verde\/\" \/>\n<meta property=\"og:site_name\" content=\"Municipio de Oro Verde\" \/>\n<meta property=\"article:published_time\" content=\"2025-09-20T14:11:10+00:00\" \/>\n<meta property=\"og:image\" content=\"https:\/\/oroverde.gob.ar\/portal\/wp-content\/uploads\/2025\/09\/reprogramado-1280-x-720-px.png\" \/>\n\t<meta property=\"og:image:width\" content=\"1280\" \/>\n\t<meta property=\"og:image:height\" content=\"720\" \/>\n\t<meta property=\"og:image:type\" content=\"image\/png\" \/>\n<meta name=\"author\" content=\"Leticia\" \/>\n<meta name=\"twitter:card\" content=\"summary_large_image\" \/>\n<meta name=\"twitter:label1\" content=\"Escrito por\" \/>\n\t<meta name=\"twitter:data1\" content=\"Leticia\" \/>\n\t<meta name=\"twitter:label2\" content=\"Tiempo de lectura\" \/>\n\t<meta name=\"twitter:data2\" content=\"1 minuto\" \/>\n<script type=\"application\/ld+json\" class=\"yoast-schema-graph\">{\"@context\":\"https:\\\/\\\/schema.org\",\"@graph\":[{\"@type\":\"Article\",\"@id\":\"https:\\\/\\\/oroverde.gob.ar\\\/portal\\\/se-reprogramo-el-festejo-del-dia-de-la-primavera-y-del-estudiante-en-oro-verde\\\/#article\",\"isPartOf\":{\"@id\":\"https:\\\/\\\/oroverde.gob.ar\\\/portal\\\/se-reprogramo-el-festejo-del-dia-de-la-primavera-y-del-estudiante-en-oro-verde\\\/\"},\"author\":{\"name\":\"Leticia\",\"@id\":\"https:\\\/\\\/oroverde.gob.ar\\\/portal\\\/#\\\/schema\\\/person\\\/d904a5e1011c58db8d79e823207854f4\"},\"headline\":\"Se reprogram\u00f3 el Festejo del D\u00eda de la Primavera y del Estudiante en Oro Verde\",\"datePublished\":\"2025-09-20T14:11:10+00:00\",\"mainEntityOfPage\":{\"@id\":\"https:\\\/\\\/oroverde.gob.ar\\\/portal\\\/se-reprogramo-el-festejo-del-dia-de-la-primavera-y-del-estudiante-en-oro-verde\\\/\"},\"wordCount\":155,\"publisher\":{\"@id\":\"https:\\\/\\\/oroverde.gob.ar\\\/portal\\\/#organization\"},\"image\":{\"@id\":\"https:\\\/\\\/oroverde.gob.ar\\\/portal\\\/se-reprogramo-el-festejo-del-dia-de-la-primavera-y-del-estudiante-en-oro-verde\\\/#primaryimage\"},\"thumbnailUrl\":\"https:\\\/\\\/oroverde.gob.ar\\\/portal\\\/wp-content\\\/uploads\\\/2025\\\/09\\\/reprogramado-1280-x-720-px.png\",\"articleSection\":[\"Municipio\"],\"inLanguage\":\"es\"},{\"@type\":\"WebPage\",\"@id\":\"https:\\\/\\\/oroverde.gob.ar\\\/portal\\\/se-reprogramo-el-festejo-del-dia-de-la-primavera-y-del-estudiante-en-oro-verde\\\/\",\"url\":\"https:\\\/\\\/oroverde.gob.ar\\\/portal\\\/se-reprogramo-el-festejo-del-dia-de-la-primavera-y-del-estudiante-en-oro-verde\\\/\",\"name\":\"Se reprogram\u00f3 el Festejo del D\u00eda de la Primavera y del Estudiante en Oro Verde - Municipio de Oro Verde\",\"isPartOf\":{\"@id\":\"https:\\\/\\\/oroverde.gob.ar\\\/portal\\\/#website\"},\"primaryImageOfPage\":{\"@id\":\"https:\\\/\\\/oroverde.gob.ar\\\/portal\\\/se-reprogramo-el-festejo-del-dia-de-la-primavera-y-del-estudiante-en-oro-verde\\\/#primaryimage\"},\"image\":{\"@id\":\"https:\\\/\\\/oroverde.gob.ar\\\/portal\\\/se-reprogramo-el-festejo-del-dia-de-la-primavera-y-del-estudiante-en-oro-verde\\\/#primaryimage\"},\"thumbnailUrl\":\"https:\\\/\\\/oroverde.gob.ar\\\/portal\\\/wp-content\\\/uploads\\\/2025\\\/09\\\/reprogramado-1280-x-720-px.png\",\"datePublished\":\"2025-09-20T14:11:10+00:00\",\"breadcrumb\":{\"@id\":\"https:\\\/\\\/oroverde.gob.ar\\\/portal\\\/se-reprogramo-el-festejo-del-dia-de-la-primavera-y-del-estudiante-en-oro-verde\\\/#breadcrumb\"},\"inLanguage\":\"es\",\"potentialAction\":[{\"@type\":\"ReadAction\",\"target\":[\"https:\\\/\\\/oroverde.gob.ar\\\/portal\\\/se-reprogramo-el-festejo-del-dia-de-la-primavera-y-del-estudiante-en-oro-verde\\\/\"]}]},{\"@type\":\"ImageObject\",\"inLanguage\":\"es\",\"@id\":\"https:\\\/\\\/oroverde.gob.ar\\\/portal\\\/se-reprogramo-el-festejo-del-dia-de-la-primavera-y-del-estudiante-en-oro-verde\\\/#primaryimage\",\"url\":\"https:\\\/\\\/oroverde.gob.ar\\\/portal\\\/wp-content\\\/uploads\\\/2025\\\/09\\\/reprogramado-1280-x-720-px.png\",\"contentUrl\":\"https:\\\/\\\/oroverde.gob.ar\\\/portal\\\/wp-content\\\/uploads\\\/2025\\\/09\\\/reprogramado-1280-x-720-px.png\",\"width\":1280,\"height\":720},{\"@type\":\"BreadcrumbList\",\"@id\":\"https:\\\/\\\/oroverde.gob.ar\\\/portal\\\/se-reprogramo-el-festejo-del-dia-de-la-primavera-y-del-estudiante-en-oro-verde\\\/#breadcrumb\",\"itemListElement\":[{\"@type\":\"ListItem\",\"position\":1,\"name\":\"Portada\",\"item\":\"https:\\\/\\\/oroverde.gob.ar\\\/portal\\\/\"},{\"@type\":\"ListItem\",\"position\":2,\"name\":\"Se reprogram\u00f3 el Festejo del D\u00eda de la Primavera y del Estudiante en Oro Verde\"}]},{\"@type\":\"WebSite\",\"@id\":\"https:\\\/\\\/oroverde.gob.ar\\\/portal\\\/#website\",\"url\":\"https:\\\/\\\/oroverde.gob.ar\\\/portal\\\/\",\"name\":\"Municipio de Oro Verde\",\"description\":\"Web Oficial\",\"publisher\":{\"@id\":\"https:\\\/\\\/oroverde.gob.ar\\\/portal\\\/#organization\"},\"potentialAction\":[{\"@type\":\"SearchAction\",\"target\":{\"@type\":\"EntryPoint\",\"urlTemplate\":\"https:\\\/\\\/oroverde.gob.ar\\\/portal\\\/?s={search_term_string}\"},\"query-input\":{\"@type\":\"PropertyValueSpecification\",\"valueRequired\":true,\"valueName\":\"search_term_string\"}}],\"inLanguage\":\"es\"},{\"@type\":\"Organization\",\"@id\":\"https:\\\/\\\/oroverde.gob.ar\\\/portal\\\/#organization\",\"name\":\"Municipio de Oro Verde\",\"url\":\"https:\\\/\\\/oroverde.gob.ar\\\/portal\\\/\",\"logo\":{\"@type\":\"ImageObject\",\"inLanguage\":\"es\",\"@id\":\"https:\\\/\\\/oroverde.gob.ar\\\/portal\\\/#\\\/schema\\\/logo\\\/image\\\/\",\"url\":\"https:\\\/\\\/oroverde.gob.ar\\\/portal\\\/wp-content\\\/uploads\\\/2024\\\/06\\\/cropped-cropped-logo-1.png\",\"contentUrl\":\"https:\\\/\\\/oroverde.gob.ar\\\/portal\\\/wp-content\\\/uploads\\\/2024\\\/06\\\/cropped-cropped-logo-1.png\",\"width\":1776,\"height\":738,\"caption\":\"Municipio de Oro Verde\"},\"image\":{\"@id\":\"https:\\\/\\\/oroverde.gob.ar\\\/portal\\\/#\\\/schema\\\/logo\\\/image\\\/\"}},{\"@type\":\"Person\",\"@id\":\"https:\\\/\\\/oroverde.gob.ar\\\/portal\\\/#\\\/schema\\\/person\\\/d904a5e1011c58db8d79e823207854f4\",\"name\":\"Leticia\",\"image\":{\"@type\":\"ImageObject\",\"inLanguage\":\"es\",\"@id\":\"https:\\\/\\\/secure.gravatar.com\\\/avatar\\\/123f2cb69f2bf9cfae92cffddba9b0ead63e22c03f87ba23c7c1a885cf667d4d?s=96&d=mm&r=g\",\"url\":\"https:\\\/\\\/secure.gravatar.com\\\/avatar\\\/123f2cb69f2bf9cfae92cffddba9b0ead63e22c03f87ba23c7c1a885cf667d4d?s=96&d=mm&r=g\",\"contentUrl\":\"https:\\\/\\\/secure.gravatar.com\\\/avatar\\\/123f2cb69f2bf9cfae92cffddba9b0ead63e22c03f87ba23c7c1a885cf667d4d?s=96&d=mm&r=g\",\"caption\":\"Leticia\"},\"url\":\"https:\\\/\\\/oroverde.gob.ar\\\/portal\\\/author\\\/leticia\\\/\"}]}<\/script>\n<!-- \/ Yoast SEO plugin. -->","yoast_head_json":{"title":"Se reprogram\u00f3 el Festejo del D\u00eda de la Primavera y del Estudiante en Oro Verde - Municipio de Oro Verde","robots":{"index":"index","follow":"follow","max-snippet":"max-snippet:-1","max-image-preview":"max-image-preview:large","max-video-preview":"max-video-preview:-1"},"canonical":"https:\/\/oroverde.gob.ar\/portal\/se-reprogramo-el-festejo-del-dia-de-la-primavera-y-del-estudiante-en-oro-verde\/","og_locale":"es_ES","og_type":"article","og_title":"Se reprogram\u00f3 el Festejo del D\u00eda de la Primavera y del Estudiante en Oro Verde - Municipio de Oro Verde","og_description":"A ra\u00edz de las condiciones de inestabilidad clim\u00e1tica se reprogram\u00f3 el festejo del D\u00eda de la Primavera y del Estudiante en Oro Verde que estaba planificado para este domingo. La nueva fecha ser\u00e1 el domingo 28 de septiembre desde las 15.30 hs. en &hellip;","og_url":"https:\/\/oroverde.gob.ar\/portal\/se-reprogramo-el-festejo-del-dia-de-la-primavera-y-del-estudiante-en-oro-verde\/","og_site_name":"Municipio de Oro Verde","article_published_time":"2025-09-20T14:11:10+00:00","og_image":[{"width":1280,"height":720,"url":"https:\/\/oroverde.gob.ar\/portal\/wp-content\/uploads\/2025\/09\/reprogramado-1280-x-720-px.png","type":"image\/png"}],"author":"Leticia","twitter_card":"summary_large_image","twitter_misc":{"Escrito por":"Leticia","Tiempo de lectura":"1 minuto"},"schema":{"@context":"https:\/\/schema.org","@graph":[{"@type":"Article","@id":"https:\/\/oroverde.gob.ar\/portal\/se-reprogramo-el-festejo-del-dia-de-la-primavera-y-del-estudiante-en-oro-verde\/#article","isPartOf":{"@id":"https:\/\/oroverde.gob.ar\/portal\/se-reprogramo-el-festejo-del-dia-de-la-primavera-y-del-estudiante-en-oro-verde\/"},"author":{"name":"Leticia","@id":"https:\/\/oroverde.gob.ar\/portal\/#\/schema\/person\/d904a5e1011c58db8d79e823207854f4"},"headline":"Se reprogram\u00f3 el Festejo del D\u00eda de la Primavera y del Estudiante en Oro Verde","datePublished":"2025-09-20T14:11:10+00:00","mainEntityOfPage":{"@id":"https:\/\/oroverde.gob.ar\/portal\/se-reprogramo-el-festejo-del-dia-de-la-primavera-y-del-estudiante-en-oro-verde\/"},"wordCount":155,"publisher":{"@id":"https:\/\/oroverde.gob.ar\/portal\/#organization"},"image":{"@id":"https:\/\/oroverde.gob.ar\/portal\/se-reprogramo-el-festejo-del-dia-de-la-primavera-y-del-estudiante-en-oro-verde\/#primaryimage"},"thumbnailUrl":"https:\/\/oroverde.gob.ar\/portal\/wp-content\/uploads\/2025\/09\/reprogramado-1280-x-720-px.png","articleSection":["Municipio"],"inLanguage":"es"},{"@type":"WebPage","@id":"https:\/\/oroverde.gob.ar\/portal\/se-reprogramo-el-festejo-del-dia-de-la-primavera-y-del-estudiante-en-oro-verde\/","url":"https:\/\/oroverde.gob.ar\/portal\/se-reprogramo-el-festejo-del-dia-de-la-primavera-y-del-estudiante-en-oro-verde\/","name":"Se reprogram\u00f3 el Festejo del D\u00eda de la Primavera y del Estudiante en Oro Verde - Municipio de Oro Verde","isPartOf":{"@id":"https:\/\/oroverde.gob.ar\/portal\/#website"},"primaryImageOfPage":{"@id":"https:\/\/oroverde.gob.ar\/portal\/se-reprogramo-el-festejo-del-dia-de-la-primavera-y-del-estudiante-en-oro-verde\/#primaryimage"},"image":{"@id":"https:\/\/oroverde.gob.ar\/portal\/se-reprogramo-el-festejo-del-dia-de-la-primavera-y-del-estudiante-en-oro-verde\/#primaryimage"},"thumbnailUrl":"https:\/\/oroverde.gob.ar\/portal\/wp-content\/uploads\/2025\/09\/reprogramado-1280-x-720-px.png","datePublished":"2025-09-20T14:11:10+00:00","breadcrumb":{"@id":"https:\/\/oroverde.gob.ar\/portal\/se-reprogramo-el-festejo-del-dia-de-la-primavera-y-del-estudiante-en-oro-verde\/#breadcrumb"},"inLanguage":"es","potentialAction":[{"@type":"ReadAction","target":["https:\/\/oroverde.gob.ar\/portal\/se-reprogramo-el-festejo-del-dia-de-la-primavera-y-del-estudiante-en-oro-verde\/"]}]},{"@type":"ImageObject","inLanguage":"es","@id":"https:\/\/oroverde.gob.ar\/portal\/se-reprogramo-el-festejo-del-dia-de-la-primavera-y-del-estudiante-en-oro-verde\/#primaryimage","url":"https:\/\/oroverde.gob.ar\/portal\/wp-content\/uploads\/2025\/09\/reprogramado-1280-x-720-px.png","contentUrl":"https:\/\/oroverde.gob.ar\/portal\/wp-content\/uploads\/2025\/09\/reprogramado-1280-x-720-px.png","width":1280,"height":720},{"@type":"BreadcrumbList","@id":"https:\/\/oroverde.gob.ar\/portal\/se-reprogramo-el-festejo-del-dia-de-la-primavera-y-del-estudiante-en-oro-verde\/#breadcrumb","itemListElement":[{"@type":"ListItem","position":1,"name":"Portada","item":"https:\/\/oroverde.gob.ar\/portal\/"},{"@type":"ListItem","position":2,"name":"Se reprogram\u00f3 el Festejo del D\u00eda de la Primavera y del Estudiante en Oro Verde"}]},{"@type":"WebSite","@id":"https:\/\/oroverde.gob.ar\/portal\/#website","url":"https:\/\/oroverde.gob.ar\/portal\/","name":"Municipio de Oro Verde","description":"Web Oficial","publisher":{"@id":"https:\/\/oroverde.gob.ar\/portal\/#organization"},"potentialAction":[{"@type":"SearchAction","target":{"@type":"EntryPoint","urlTemplate":"https:\/\/oroverde.gob.ar\/portal\/?s={search_term_string}"},"query-input":{"@type":"PropertyValueSpecification","valueRequired":true,"valueName":"search_term_string"}}],"inLanguage":"es"},{"@type":"Organization","@id":"https:\/\/oroverde.gob.ar\/portal\/#organization","name":"Municipio de Oro Verde","url":"https:\/\/oroverde.gob.ar\/portal\/","logo":{"@type":"ImageObject","inLanguage":"es","@id":"https:\/\/oroverde.gob.ar\/portal\/#\/schema\/logo\/image\/","url":"https:\/\/oroverde.gob.ar\/portal\/wp-content\/uploads\/2024\/06\/cropped-cropped-logo-1.png","contentUrl":"https:\/\/oroverde.gob.ar\/portal\/wp-content\/uploads\/2024\/06\/cropped-cropped-logo-1.png","width":1776,"height":738,"caption":"Municipio de Oro Verde"},"image":{"@id":"https:\/\/oroverde.gob.ar\/portal\/#\/schema\/logo\/image\/"}},{"@type":"Person","@id":"https:\/\/oroverde.gob.ar\/portal\/#\/schema\/person\/d904a5e1011c58db8d79e823207854f4","name":"Leticia","image":{"@type":"ImageObject","inLanguage":"es","@id":"https:\/\/secure.gravatar.com\/avatar\/123f2cb69f2bf9cfae92cffddba9b0ead63e22c03f87ba23c7c1a885cf667d4d?s=96&d=mm&r=g","url":"https:\/\/secure.gravatar.com\/avatar\/123f2cb69f2bf9cfae92cffddba9b0ead63e22c03f87ba23c7c1a885cf667d4d?s=96&d=mm&r=g","contentUrl":"https:\/\/secure.gravatar.com\/avatar\/123f2cb69f2bf9cfae92cffddba9b0ead63e22c03f87ba23c7c1a885cf667d4d?s=96&d=mm&r=g","caption":"Leticia"},"url":"https:\/\/oroverde.gob.ar\/portal\/author\/leticia\/"}]}},"_links":{"self":[{"href":"https:\/\/oroverde.gob.ar\/portal\/wp-json\/wp\/v2\/posts\/7007","targetHints":{"allow":["GET"]}}],"collection":[{"href":"https:\/\/oroverde.gob.ar\/portal\/wp-json\/wp\/v2\/posts"}],"about":[{"href":"https:\/\/oroverde.gob.ar\/portal\/wp-json\/wp\/v2\/types\/post"}],"author":[{"embeddable":true,"href":"https:\/\/oroverde.gob.ar\/portal\/wp-json\/wp\/v2\/users\/2"}],"replies":[{"embeddable":true,"href":"https:\/\/oroverde.gob.ar\/portal\/wp-json\/wp\/v2\/comments?post=7007"}],"version-history":[{"count":1,"href":"https:\/\/oroverde.gob.ar\/portal\/wp-json\/wp\/v2\/posts\/7007\/revisions"}],"predecessor-version":[{"id":7009,"href":"https:\/\/oroverde.gob.ar\/portal\/wp-json\/wp\/v2\/posts\/7007\/revisions\/7009"}],"wp:featuredmedia":[{"embeddable":true,"href":"https:\/\/oroverde.gob.ar\/portal\/wp-json\/wp\/v2\/media\/7008"}],"wp:attachment":[{"href":"https:\/\/oroverde.gob.ar\/portal\/wp-json\/wp\/v2\/media?parent=7007"}],"wp:term":[{"taxonomy":"category","embeddable":true,"href":"https:\/\/oroverde.gob.ar\/portal\/wp-json\/wp\/v2\/categories?post=7007"},{"taxonomy":"post_tag","embeddable":true,"href":"https:\/\/oroverde.gob.ar\/portal\/wp-json\/wp\/v2\/tags?post=7007"}],"curies":[{"name":"wp","href":"https:\/\/api.w.org\/{rel}","templated":true}]}}