{"id":7012,"date":"2025-09-23T12:31:40","date_gmt":"2025-09-23T15:31:40","guid":{"rendered":"https:\/\/oroverde.gob.ar\/portal\/?p=7012"},"modified":"2025-09-23T12:31:40","modified_gmt":"2025-09-23T15:31:40","slug":"el-municipio-retoma-la-obra-del-alojamiento-social-y-deportivo-en-el-complejo-de-piletas-municipal-y-capacito-a-los-trabajadores","status":"publish","type":"post","link":"https:\/\/oroverde.gob.ar\/portal\/el-municipio-retoma-la-obra-del-alojamiento-social-y-deportivo-en-el-complejo-de-piletas-municipal-y-capacito-a-los-trabajadores\/","title":{"rendered":"El Municipio retoma la obra del Alojamiento Social y Deportivo en el Complejo de Piletas municipal y capacit\u00f3 a los trabajadores"},"content":{"rendered":"<div class=\"xdj266r x14z9mp xat24cr x1lziwak x1vvkbs x126k92a\">\n<div dir=\"auto\">Alba\u00f1iles y empleados del sector de obra p\u00fablica participaron esta ma\u00f1ana de una capacitaci\u00f3n en la utilizaci\u00f3n de ladrillos retak en el Complejo de Piletas Municipal, lugar donde se construir\u00e1 el Alojamiento Social y Deportivo. Esta obra estaba planificada desde hace tiempo y gran parte de los materiales ya hab\u00edan sido adquiridos, por lo que el Gobierno municipal decidi\u00f3 retomarla. Estuvieron tambi\u00e9n el responsable de Obra P\u00fablica y Servicios, Leandro Palacio y el Asesor de Obra p\u00fablica, Diego Ch\u00e1vez.<\/div>\n<div dir=\"auto\"><\/div>\n<\/div>\n<div class=\"x14z9mp xat24cr x1lziwak x1vvkbs xtlvy1s x126k92a\">\n<div dir=\"auto\">En esta obra usar\u00e1n un m\u00e9todo de construcci\u00f3n de bloques de hormig\u00f3n celular curado en autoclave (HCCA), los cuales ofrecen aislamiento t\u00e9rmico superior, menor peso y rapidez de ejecuci\u00f3n en comparaci\u00f3n con los ladrillos tradicionales.<\/div>\n<div dir=\"auto\"><\/div>\n<\/div>\n<div class=\"x14z9mp xat24cr x1lziwak x1vvkbs xtlvy1s x126k92a\">\n<div dir=\"auto\">El Alojamiento Social y Deportivo tendr\u00e1 capacidad para alojar a delegaciones de aproximadamente 50 personas, contar\u00e1 con una cocina, sala de estar y un cuerpo nuevo de sanitarios en la planta alta del Complejo de Piletas Municipal. Tambi\u00e9n tendr\u00e1 un acceso propio desde la calle y una conexi\u00f3n con el predio.<\/div>\n<div dir=\"auto\"><\/div>\n<\/div>\n<div class=\"x14z9mp xat24cr x1lziwak x1vvkbs xtlvy1s x126k92a\">\n<div dir=\"auto\">La decisi\u00f3n de retomar la construcci\u00f3n de este albergue responde a la necesidad de contar con un espacio de alojamiento para las personas que vienen a Oro Verde a participar de los eventos deportivos que se realizan en nuestra ciudad.<\/div>\n<\/div>\n","protected":false},"excerpt":{"rendered":"<p>Alba\u00f1iles y empleados del sector de obra p\u00fablica participaron esta ma\u00f1ana de una capacitaci\u00f3n en la utilizaci\u00f3n de ladrillos retak en el Complejo de Piletas Municipal, lugar donde se construir\u00e1 el Alojamiento Social y Deportivo. Esta obra estaba planificada desde hace tiempo y &hellip;<\/p>\n","protected":false},"author":3,"featured_media":7013,"comment_status":"closed","ping_status":"closed","sticky":false,"template":"","format":"standard","meta":{"footnotes":""},"categories":[25],"tags":[],"class_list":["post-7012","post","type-post","status-publish","format-standard","has-post-thumbnail","hentry","category-gobierno"],"yoast_head":"<!-- This site is optimized with the Yoast SEO plugin v27.5 - https:\/\/yoast.com\/product\/yoast-seo-wordpress\/ -->\n<title>El Municipio retoma la obra del Alojamiento Social y Deportivo en el Complejo de Piletas municipal y capacit\u00f3 a los trabajadores - Municipio de Oro Verde<\/title>\n<meta name=\"robots\" content=\"index, follow, max-snippet:-1, max-image-preview:large, max-video-preview:-1\" \/>\n<link rel=\"canonical\" href=\"https:\/\/oroverde.gob.ar\/portal\/el-municipio-retoma-la-obra-del-alojamiento-social-y-deportivo-en-el-complejo-de-piletas-municipal-y-capacito-a-los-trabajadores\/\" \/>\n<meta property=\"og:locale\" content=\"es_ES\" \/>\n<meta property=\"og:type\" content=\"article\" \/>\n<meta property=\"og:title\" content=\"El Municipio retoma la obra del Alojamiento Social y Deportivo en el Complejo de Piletas municipal y capacit\u00f3 a los trabajadores - Municipio de Oro Verde\" \/>\n<meta property=\"og:description\" content=\"Alba\u00f1iles y empleados del sector de obra p\u00fablica participaron esta ma\u00f1ana de una capacitaci\u00f3n en la utilizaci\u00f3n de ladrillos retak en el Complejo de Piletas Municipal, lugar donde se construir\u00e1 el Alojamiento Social y Deportivo. Esta obra estaba planificada desde hace tiempo y &hellip;\" \/>\n<meta property=\"og:url\" content=\"https:\/\/oroverde.gob.ar\/portal\/el-municipio-retoma-la-obra-del-alojamiento-social-y-deportivo-en-el-complejo-de-piletas-municipal-y-capacito-a-los-trabajadores\/\" \/>\n<meta property=\"og:site_name\" content=\"Municipio de Oro Verde\" \/>\n<meta property=\"article:published_time\" content=\"2025-09-23T15:31:40+00:00\" \/>\n<meta property=\"og:image\" content=\"https:\/\/oroverde.gob.ar\/portal\/wp-content\/uploads\/2025\/09\/1-scaled.jpg\" \/>\n\t<meta property=\"og:image:width\" content=\"2560\" \/>\n\t<meta property=\"og:image:height\" content=\"1708\" \/>\n\t<meta property=\"og:image:type\" content=\"image\/jpeg\" \/>\n<meta name=\"author\" content=\"Soledad\" \/>\n<meta name=\"twitter:card\" content=\"summary_large_image\" \/>\n<meta name=\"twitter:label1\" content=\"Escrito por\" \/>\n\t<meta name=\"twitter:data1\" content=\"Soledad\" \/>\n\t<meta name=\"twitter:label2\" content=\"Tiempo de lectura\" \/>\n\t<meta name=\"twitter:data2\" content=\"2 minutos\" \/>\n<script type=\"application\/ld+json\" class=\"yoast-schema-graph\">{\"@context\":\"https:\\\/\\\/schema.org\",\"@graph\":[{\"@type\":\"Article\",\"@id\":\"https:\\\/\\\/oroverde.gob.ar\\\/portal\\\/el-municipio-retoma-la-obra-del-alojamiento-social-y-deportivo-en-el-complejo-de-piletas-municipal-y-capacito-a-los-trabajadores\\\/#article\",\"isPartOf\":{\"@id\":\"https:\\\/\\\/oroverde.gob.ar\\\/portal\\\/el-municipio-retoma-la-obra-del-alojamiento-social-y-deportivo-en-el-complejo-de-piletas-municipal-y-capacito-a-los-trabajadores\\\/\"},\"author\":{\"name\":\"Soledad\",\"@id\":\"https:\\\/\\\/oroverde.gob.ar\\\/portal\\\/#\\\/schema\\\/person\\\/b975e0cbcd43b7dcf9c64511ec84f10f\"},\"headline\":\"El Municipio retoma la obra del Alojamiento Social y Deportivo en el Complejo de Piletas municipal y capacit\u00f3 a los trabajadores\",\"datePublished\":\"2025-09-23T15:31:40+00:00\",\"mainEntityOfPage\":{\"@id\":\"https:\\\/\\\/oroverde.gob.ar\\\/portal\\\/el-municipio-retoma-la-obra-del-alojamiento-social-y-deportivo-en-el-complejo-de-piletas-municipal-y-capacito-a-los-trabajadores\\\/\"},\"wordCount\":246,\"publisher\":{\"@id\":\"https:\\\/\\\/oroverde.gob.ar\\\/portal\\\/#organization\"},\"image\":{\"@id\":\"https:\\\/\\\/oroverde.gob.ar\\\/portal\\\/el-municipio-retoma-la-obra-del-alojamiento-social-y-deportivo-en-el-complejo-de-piletas-municipal-y-capacito-a-los-trabajadores\\\/#primaryimage\"},\"thumbnailUrl\":\"https:\\\/\\\/oroverde.gob.ar\\\/portal\\\/wp-content\\\/uploads\\\/2025\\\/09\\\/1-scaled.jpg\",\"articleSection\":[\"Gobierno\"],\"inLanguage\":\"es\"},{\"@type\":\"WebPage\",\"@id\":\"https:\\\/\\\/oroverde.gob.ar\\\/portal\\\/el-municipio-retoma-la-obra-del-alojamiento-social-y-deportivo-en-el-complejo-de-piletas-municipal-y-capacito-a-los-trabajadores\\\/\",\"url\":\"https:\\\/\\\/oroverde.gob.ar\\\/portal\\\/el-municipio-retoma-la-obra-del-alojamiento-social-y-deportivo-en-el-complejo-de-piletas-municipal-y-capacito-a-los-trabajadores\\\/\",\"name\":\"El Municipio retoma la obra del Alojamiento Social y Deportivo en el Complejo de Piletas municipal y capacit\u00f3 a los trabajadores - Municipio de Oro Verde\",\"isPartOf\":{\"@id\":\"https:\\\/\\\/oroverde.gob.ar\\\/portal\\\/#website\"},\"primaryImageOfPage\":{\"@id\":\"https:\\\/\\\/oroverde.gob.ar\\\/portal\\\/el-municipio-retoma-la-obra-del-alojamiento-social-y-deportivo-en-el-complejo-de-piletas-municipal-y-capacito-a-los-trabajadores\\\/#primaryimage\"},\"image\":{\"@id\":\"https:\\\/\\\/oroverde.gob.ar\\\/portal\\\/el-municipio-retoma-la-obra-del-alojamiento-social-y-deportivo-en-el-complejo-de-piletas-municipal-y-capacito-a-los-trabajadores\\\/#primaryimage\"},\"thumbnailUrl\":\"https:\\\/\\\/oroverde.gob.ar\\\/portal\\\/wp-content\\\/uploads\\\/2025\\\/09\\\/1-scaled.jpg\",\"datePublished\":\"2025-09-23T15:31:40+00:00\",\"breadcrumb\":{\"@id\":\"https:\\\/\\\/oroverde.gob.ar\\\/portal\\\/el-municipio-retoma-la-obra-del-alojamiento-social-y-deportivo-en-el-complejo-de-piletas-municipal-y-capacito-a-los-trabajadores\\\/#breadcrumb\"},\"inLanguage\":\"es\",\"potentialAction\":[{\"@type\":\"ReadAction\",\"target\":[\"https:\\\/\\\/oroverde.gob.ar\\\/portal\\\/el-municipio-retoma-la-obra-del-alojamiento-social-y-deportivo-en-el-complejo-de-piletas-municipal-y-capacito-a-los-trabajadores\\\/\"]}]},{\"@type\":\"ImageObject\",\"inLanguage\":\"es\",\"@id\":\"https:\\\/\\\/oroverde.gob.ar\\\/portal\\\/el-municipio-retoma-la-obra-del-alojamiento-social-y-deportivo-en-el-complejo-de-piletas-municipal-y-capacito-a-los-trabajadores\\\/#primaryimage\",\"url\":\"https:\\\/\\\/oroverde.gob.ar\\\/portal\\\/wp-content\\\/uploads\\\/2025\\\/09\\\/1-scaled.jpg\",\"contentUrl\":\"https:\\\/\\\/oroverde.gob.ar\\\/portal\\\/wp-content\\\/uploads\\\/2025\\\/09\\\/1-scaled.jpg\",\"width\":2560,\"height\":1708},{\"@type\":\"BreadcrumbList\",\"@id\":\"https:\\\/\\\/oroverde.gob.ar\\\/portal\\\/el-municipio-retoma-la-obra-del-alojamiento-social-y-deportivo-en-el-complejo-de-piletas-municipal-y-capacito-a-los-trabajadores\\\/#breadcrumb\",\"itemListElement\":[{\"@type\":\"ListItem\",\"position\":1,\"name\":\"Portada\",\"item\":\"https:\\\/\\\/oroverde.gob.ar\\\/portal\\\/\"},{\"@type\":\"ListItem\",\"position\":2,\"name\":\"El Municipio retoma la obra del Alojamiento Social y Deportivo en el Complejo de Piletas municipal y capacit\u00f3 a los trabajadores\"}]},{\"@type\":\"WebSite\",\"@id\":\"https:\\\/\\\/oroverde.gob.ar\\\/portal\\\/#website\",\"url\":\"https:\\\/\\\/oroverde.gob.ar\\\/portal\\\/\",\"name\":\"Municipio de Oro Verde\",\"description\":\"Web Oficial\",\"publisher\":{\"@id\":\"https:\\\/\\\/oroverde.gob.ar\\\/portal\\\/#organization\"},\"potentialAction\":[{\"@type\":\"SearchAction\",\"target\":{\"@type\":\"EntryPoint\",\"urlTemplate\":\"https:\\\/\\\/oroverde.gob.ar\\\/portal\\\/?s={search_term_string}\"},\"query-input\":{\"@type\":\"PropertyValueSpecification\",\"valueRequired\":true,\"valueName\":\"search_term_string\"}}],\"inLanguage\":\"es\"},{\"@type\":\"Organization\",\"@id\":\"https:\\\/\\\/oroverde.gob.ar\\\/portal\\\/#organization\",\"name\":\"Municipio de Oro Verde\",\"url\":\"https:\\\/\\\/oroverde.gob.ar\\\/portal\\\/\",\"logo\":{\"@type\":\"ImageObject\",\"inLanguage\":\"es\",\"@id\":\"https:\\\/\\\/oroverde.gob.ar\\\/portal\\\/#\\\/schema\\\/logo\\\/image\\\/\",\"url\":\"https:\\\/\\\/oroverde.gob.ar\\\/portal\\\/wp-content\\\/uploads\\\/2024\\\/06\\\/cropped-cropped-logo-1.png\",\"contentUrl\":\"https:\\\/\\\/oroverde.gob.ar\\\/portal\\\/wp-content\\\/uploads\\\/2024\\\/06\\\/cropped-cropped-logo-1.png\",\"width\":1776,\"height\":738,\"caption\":\"Municipio de Oro Verde\"},\"image\":{\"@id\":\"https:\\\/\\\/oroverde.gob.ar\\\/portal\\\/#\\\/schema\\\/logo\\\/image\\\/\"}},{\"@type\":\"Person\",\"@id\":\"https:\\\/\\\/oroverde.gob.ar\\\/portal\\\/#\\\/schema\\\/person\\\/b975e0cbcd43b7dcf9c64511ec84f10f\",\"name\":\"Soledad\",\"image\":{\"@type\":\"ImageObject\",\"inLanguage\":\"es\",\"@id\":\"https:\\\/\\\/secure.gravatar.com\\\/avatar\\\/b2f5b6cda565395f31dc94c95932b9b3fbe6275bad58a1579843d3d1607d4a66?s=96&d=mm&r=g\",\"url\":\"https:\\\/\\\/secure.gravatar.com\\\/avatar\\\/b2f5b6cda565395f31dc94c95932b9b3fbe6275bad58a1579843d3d1607d4a66?s=96&d=mm&r=g\",\"contentUrl\":\"https:\\\/\\\/secure.gravatar.com\\\/avatar\\\/b2f5b6cda565395f31dc94c95932b9b3fbe6275bad58a1579843d3d1607d4a66?s=96&d=mm&r=g\",\"caption\":\"Soledad\"},\"url\":\"https:\\\/\\\/oroverde.gob.ar\\\/portal\\\/author\\\/soledad\\\/\"}]}<\/script>\n<!-- \/ Yoast SEO plugin. -->","yoast_head_json":{"title":"El Municipio retoma la obra del Alojamiento Social y Deportivo en el Complejo de Piletas municipal y capacit\u00f3 a los trabajadores - Municipio de Oro Verde","robots":{"index":"index","follow":"follow","max-snippet":"max-snippet:-1","max-image-preview":"max-image-preview:large","max-video-preview":"max-video-preview:-1"},"canonical":"https:\/\/oroverde.gob.ar\/portal\/el-municipio-retoma-la-obra-del-alojamiento-social-y-deportivo-en-el-complejo-de-piletas-municipal-y-capacito-a-los-trabajadores\/","og_locale":"es_ES","og_type":"article","og_title":"El Municipio retoma la obra del Alojamiento Social y Deportivo en el Complejo de Piletas municipal y capacit\u00f3 a los trabajadores - Municipio de Oro Verde","og_description":"Alba\u00f1iles y empleados del sector de obra p\u00fablica participaron esta ma\u00f1ana de una capacitaci\u00f3n en la utilizaci\u00f3n de ladrillos retak en el Complejo de Piletas Municipal, lugar donde se construir\u00e1 el Alojamiento Social y Deportivo. Esta obra estaba planificada desde hace tiempo y &hellip;","og_url":"https:\/\/oroverde.gob.ar\/portal\/el-municipio-retoma-la-obra-del-alojamiento-social-y-deportivo-en-el-complejo-de-piletas-municipal-y-capacito-a-los-trabajadores\/","og_site_name":"Municipio de Oro Verde","article_published_time":"2025-09-23T15:31:40+00:00","og_image":[{"width":2560,"height":1708,"url":"https:\/\/oroverde.gob.ar\/portal\/wp-content\/uploads\/2025\/09\/1-scaled.jpg","type":"image\/jpeg"}],"author":"Soledad","twitter_card":"summary_large_image","twitter_misc":{"Escrito por":"Soledad","Tiempo de lectura":"2 minutos"},"schema":{"@context":"https:\/\/schema.org","@graph":[{"@type":"Article","@id":"https:\/\/oroverde.gob.ar\/portal\/el-municipio-retoma-la-obra-del-alojamiento-social-y-deportivo-en-el-complejo-de-piletas-municipal-y-capacito-a-los-trabajadores\/#article","isPartOf":{"@id":"https:\/\/oroverde.gob.ar\/portal\/el-municipio-retoma-la-obra-del-alojamiento-social-y-deportivo-en-el-complejo-de-piletas-municipal-y-capacito-a-los-trabajadores\/"},"author":{"name":"Soledad","@id":"https:\/\/oroverde.gob.ar\/portal\/#\/schema\/person\/b975e0cbcd43b7dcf9c64511ec84f10f"},"headline":"El Municipio retoma la obra del Alojamiento Social y Deportivo en el Complejo de Piletas municipal y capacit\u00f3 a los trabajadores","datePublished":"2025-09-23T15:31:40+00:00","mainEntityOfPage":{"@id":"https:\/\/oroverde.gob.ar\/portal\/el-municipio-retoma-la-obra-del-alojamiento-social-y-deportivo-en-el-complejo-de-piletas-municipal-y-capacito-a-los-trabajadores\/"},"wordCount":246,"publisher":{"@id":"https:\/\/oroverde.gob.ar\/portal\/#organization"},"image":{"@id":"https:\/\/oroverde.gob.ar\/portal\/el-municipio-retoma-la-obra-del-alojamiento-social-y-deportivo-en-el-complejo-de-piletas-municipal-y-capacito-a-los-trabajadores\/#primaryimage"},"thumbnailUrl":"https:\/\/oroverde.gob.ar\/portal\/wp-content\/uploads\/2025\/09\/1-scaled.jpg","articleSection":["Gobierno"],"inLanguage":"es"},{"@type":"WebPage","@id":"https:\/\/oroverde.gob.ar\/portal\/el-municipio-retoma-la-obra-del-alojamiento-social-y-deportivo-en-el-complejo-de-piletas-municipal-y-capacito-a-los-trabajadores\/","url":"https:\/\/oroverde.gob.ar\/portal\/el-municipio-retoma-la-obra-del-alojamiento-social-y-deportivo-en-el-complejo-de-piletas-municipal-y-capacito-a-los-trabajadores\/","name":"El Municipio retoma la obra del Alojamiento Social y Deportivo en el Complejo de Piletas municipal y capacit\u00f3 a los trabajadores - Municipio de Oro Verde","isPartOf":{"@id":"https:\/\/oroverde.gob.ar\/portal\/#website"},"primaryImageOfPage":{"@id":"https:\/\/oroverde.gob.ar\/portal\/el-municipio-retoma-la-obra-del-alojamiento-social-y-deportivo-en-el-complejo-de-piletas-municipal-y-capacito-a-los-trabajadores\/#primaryimage"},"image":{"@id":"https:\/\/oroverde.gob.ar\/portal\/el-municipio-retoma-la-obra-del-alojamiento-social-y-deportivo-en-el-complejo-de-piletas-municipal-y-capacito-a-los-trabajadores\/#primaryimage"},"thumbnailUrl":"https:\/\/oroverde.gob.ar\/portal\/wp-content\/uploads\/2025\/09\/1-scaled.jpg","datePublished":"2025-09-23T15:31:40+00:00","breadcrumb":{"@id":"https:\/\/oroverde.gob.ar\/portal\/el-municipio-retoma-la-obra-del-alojamiento-social-y-deportivo-en-el-complejo-de-piletas-municipal-y-capacito-a-los-trabajadores\/#breadcrumb"},"inLanguage":"es","potentialAction":[{"@type":"ReadAction","target":["https:\/\/oroverde.gob.ar\/portal\/el-municipio-retoma-la-obra-del-alojamiento-social-y-deportivo-en-el-complejo-de-piletas-municipal-y-capacito-a-los-trabajadores\/"]}]},{"@type":"ImageObject","inLanguage":"es","@id":"https:\/\/oroverde.gob.ar\/portal\/el-municipio-retoma-la-obra-del-alojamiento-social-y-deportivo-en-el-complejo-de-piletas-municipal-y-capacito-a-los-trabajadores\/#primaryimage","url":"https:\/\/oroverde.gob.ar\/portal\/wp-content\/uploads\/2025\/09\/1-scaled.jpg","contentUrl":"https:\/\/oroverde.gob.ar\/portal\/wp-content\/uploads\/2025\/09\/1-scaled.jpg","width":2560,"height":1708},{"@type":"BreadcrumbList","@id":"https:\/\/oroverde.gob.ar\/portal\/el-municipio-retoma-la-obra-del-alojamiento-social-y-deportivo-en-el-complejo-de-piletas-municipal-y-capacito-a-los-trabajadores\/#breadcrumb","itemListElement":[{"@type":"ListItem","position":1,"name":"Portada","item":"https:\/\/oroverde.gob.ar\/portal\/"},{"@type":"ListItem","position":2,"name":"El Municipio retoma la obra del Alojamiento Social y Deportivo en el Complejo de Piletas municipal y capacit\u00f3 a los trabajadores"}]},{"@type":"WebSite","@id":"https:\/\/oroverde.gob.ar\/portal\/#website","url":"https:\/\/oroverde.gob.ar\/portal\/","name":"Municipio de Oro Verde","description":"Web Oficial","publisher":{"@id":"https:\/\/oroverde.gob.ar\/portal\/#organization"},"potentialAction":[{"@type":"SearchAction","target":{"@type":"EntryPoint","urlTemplate":"https:\/\/oroverde.gob.ar\/portal\/?s={search_term_string}"},"query-input":{"@type":"PropertyValueSpecification","valueRequired":true,"valueName":"search_term_string"}}],"inLanguage":"es"},{"@type":"Organization","@id":"https:\/\/oroverde.gob.ar\/portal\/#organization","name":"Municipio de Oro Verde","url":"https:\/\/oroverde.gob.ar\/portal\/","logo":{"@type":"ImageObject","inLanguage":"es","@id":"https:\/\/oroverde.gob.ar\/portal\/#\/schema\/logo\/image\/","url":"https:\/\/oroverde.gob.ar\/portal\/wp-content\/uploads\/2024\/06\/cropped-cropped-logo-1.png","contentUrl":"https:\/\/oroverde.gob.ar\/portal\/wp-content\/uploads\/2024\/06\/cropped-cropped-logo-1.png","width":1776,"height":738,"caption":"Municipio de Oro Verde"},"image":{"@id":"https:\/\/oroverde.gob.ar\/portal\/#\/schema\/logo\/image\/"}},{"@type":"Person","@id":"https:\/\/oroverde.gob.ar\/portal\/#\/schema\/person\/b975e0cbcd43b7dcf9c64511ec84f10f","name":"Soledad","image":{"@type":"ImageObject","inLanguage":"es","@id":"https:\/\/secure.gravatar.com\/avatar\/b2f5b6cda565395f31dc94c95932b9b3fbe6275bad58a1579843d3d1607d4a66?s=96&d=mm&r=g","url":"https:\/\/secure.gravatar.com\/avatar\/b2f5b6cda565395f31dc94c95932b9b3fbe6275bad58a1579843d3d1607d4a66?s=96&d=mm&r=g","contentUrl":"https:\/\/secure.gravatar.com\/avatar\/b2f5b6cda565395f31dc94c95932b9b3fbe6275bad58a1579843d3d1607d4a66?s=96&d=mm&r=g","caption":"Soledad"},"url":"https:\/\/oroverde.gob.ar\/portal\/author\/soledad\/"}]}},"_links":{"self":[{"href":"https:\/\/oroverde.gob.ar\/portal\/wp-json\/wp\/v2\/posts\/7012","targetHints":{"allow":["GET"]}}],"collection":[{"href":"https:\/\/oroverde.gob.ar\/portal\/wp-json\/wp\/v2\/posts"}],"about":[{"href":"https:\/\/oroverde.gob.ar\/portal\/wp-json\/wp\/v2\/types\/post"}],"author":[{"embeddable":true,"href":"https:\/\/oroverde.gob.ar\/portal\/wp-json\/wp\/v2\/users\/3"}],"replies":[{"embeddable":true,"href":"https:\/\/oroverde.gob.ar\/portal\/wp-json\/wp\/v2\/comments?post=7012"}],"version-history":[{"count":1,"href":"https:\/\/oroverde.gob.ar\/portal\/wp-json\/wp\/v2\/posts\/7012\/revisions"}],"predecessor-version":[{"id":7014,"href":"https:\/\/oroverde.gob.ar\/portal\/wp-json\/wp\/v2\/posts\/7012\/revisions\/7014"}],"wp:featuredmedia":[{"embeddable":true,"href":"https:\/\/oroverde.gob.ar\/portal\/wp-json\/wp\/v2\/media\/7013"}],"wp:attachment":[{"href":"https:\/\/oroverde.gob.ar\/portal\/wp-json\/wp\/v2\/media?parent=7012"}],"wp:term":[{"taxonomy":"category","embeddable":true,"href":"https:\/\/oroverde.gob.ar\/portal\/wp-json\/wp\/v2\/categories?post=7012"},{"taxonomy":"post_tag","embeddable":true,"href":"https:\/\/oroverde.gob.ar\/portal\/wp-json\/wp\/v2\/tags?post=7012"}],"curies":[{"name":"wp","href":"https:\/\/api.w.org\/{rel}","templated":true}]}}