{"id":7105,"date":"2025-10-06T12:30:53","date_gmt":"2025-10-06T15:30:53","guid":{"rendered":"https:\/\/oroverde.gob.ar\/portal\/?p=7105"},"modified":"2025-10-06T12:30:53","modified_gmt":"2025-10-06T15:30:53","slug":"cambio-de-fecha-de-la-muestra-sobre-la-historia-de-la-capilla-nuestra-senora-del-rosario-de-pompeya","status":"publish","type":"post","link":"https:\/\/oroverde.gob.ar\/portal\/cambio-de-fecha-de-la-muestra-sobre-la-historia-de-la-capilla-nuestra-senora-del-rosario-de-pompeya\/","title":{"rendered":"Cambio de fecha de la Muestra sobre la Historia de la Capilla Nuestra Se\u00f1ora del Rosario de Pompeya"},"content":{"rendered":"<div class=\"xdj266r x14z9mp xat24cr x1lziwak x1vvkbs x126k92a\">\n<div dir=\"auto\">Hay una nueva fecha desde la que se podr\u00e1 visitar la muestra que recorre la historia de la Capilla local. Estar\u00e1 exhibida desde ma\u00f1ana 7 de octubre, de 18 a 20 hs en el Sal\u00f3n Parroquial (Los Cardenales 246). Quienes se acerquen podr\u00e1n viajar en el tiempo para conocer el recorrido de la Capilla Nuestra Se\u00f1ora de Rosario de Pompeya desde sus inicios a la fecha. Estar\u00e1 emplazada hasta el 12 de octubre.<\/div>\n<\/div>\n<div class=\"x14z9mp xat24cr x1lziwak x1vvkbs xtlvy1s x126k92a\">\n<div dir=\"auto\">Esta exhibici\u00f3n documental y fotogr\u00e1fica en la que colaboran el Municipio de Oro Verde a trav\u00e9s del Museo Conrado Hasenauer y la Parroquia local; plasma un momento significativo para la memoria colectiva de Oro Verde, con el objetivo de transmitir el esfuerzo comunitario y solidario de los vecinos y vecinas para la construcci\u00f3n del templo.<\/div>\n<\/div>\n<div class=\"x14z9mp xat24cr x1lziwak x1vvkbs xtlvy1s x126k92a\">\n<div dir=\"auto\">Para visitas especiales o grupales, se puede coordinar al +54 9 3434 38-2086.<\/div>\n<\/div>\n<div class=\"x14z9mp xat24cr x1lziwak x1vvkbs xtlvy1s x126k92a\">\n<div dir=\"auto\">Esta muestra forma parte \u201cUn viaje al Oro Verde de Ayer\u201d del Museo Conrado Hasenauer.<\/div>\n<\/div>\n","protected":false},"excerpt":{"rendered":"<p>Hay una nueva fecha desde la que se podr\u00e1 visitar la muestra que recorre la historia de la Capilla local. Estar\u00e1 exhibida desde ma\u00f1ana 7 de octubre, de 18 a 20 hs en el Sal\u00f3n Parroquial (Los Cardenales 246). Quienes se acerquen podr\u00e1n &hellip;<\/p>\n","protected":false},"author":3,"featured_media":7106,"comment_status":"closed","ping_status":"closed","sticky":false,"template":"","format":"standard","meta":{"footnotes":""},"categories":[39],"tags":[],"class_list":["post-7105","post","type-post","status-publish","format-standard","has-post-thumbnail","hentry","category-cultura"],"yoast_head":"<!-- This site is optimized with the Yoast SEO plugin v27.4 - https:\/\/yoast.com\/product\/yoast-seo-wordpress\/ -->\n<title>Cambio de fecha de la Muestra sobre la Historia de la Capilla Nuestra Se\u00f1ora del Rosario de Pompeya - Municipio de Oro Verde<\/title>\n<meta name=\"robots\" content=\"index, follow, max-snippet:-1, max-image-preview:large, max-video-preview:-1\" \/>\n<link rel=\"canonical\" href=\"https:\/\/oroverde.gob.ar\/portal\/cambio-de-fecha-de-la-muestra-sobre-la-historia-de-la-capilla-nuestra-senora-del-rosario-de-pompeya\/\" \/>\n<meta property=\"og:locale\" content=\"es_ES\" \/>\n<meta property=\"og:type\" content=\"article\" \/>\n<meta property=\"og:title\" content=\"Cambio de fecha de la Muestra sobre la Historia de la Capilla Nuestra Se\u00f1ora del Rosario de Pompeya - Municipio de Oro Verde\" \/>\n<meta property=\"og:description\" content=\"Hay una nueva fecha desde la que se podr\u00e1 visitar la muestra que recorre la historia de la Capilla local. Estar\u00e1 exhibida desde ma\u00f1ana 7 de octubre, de 18 a 20 hs en el Sal\u00f3n Parroquial (Los Cardenales 246). Quienes se acerquen podr\u00e1n &hellip;\" \/>\n<meta property=\"og:url\" content=\"https:\/\/oroverde.gob.ar\/portal\/cambio-de-fecha-de-la-muestra-sobre-la-historia-de-la-capilla-nuestra-senora-del-rosario-de-pompeya\/\" \/>\n<meta property=\"og:site_name\" content=\"Municipio de Oro Verde\" \/>\n<meta property=\"article:published_time\" content=\"2025-10-06T15:30:53+00:00\" \/>\n<meta property=\"og:image\" content=\"https:\/\/oroverde.gob.ar\/portal\/wp-content\/uploads\/2025\/10\/cappilla-web.jpg\" \/>\n\t<meta property=\"og:image:width\" content=\"768\" \/>\n\t<meta property=\"og:image:height\" content=\"576\" \/>\n\t<meta property=\"og:image:type\" content=\"image\/jpeg\" \/>\n<meta name=\"author\" content=\"Soledad\" \/>\n<meta name=\"twitter:card\" content=\"summary_large_image\" \/>\n<meta name=\"twitter:label1\" content=\"Escrito por\" \/>\n\t<meta name=\"twitter:data1\" content=\"Soledad\" \/>\n\t<meta name=\"twitter:label2\" content=\"Tiempo de lectura\" \/>\n\t<meta name=\"twitter:data2\" content=\"1 minuto\" \/>\n<script type=\"application\/ld+json\" class=\"yoast-schema-graph\">{\"@context\":\"https:\\\/\\\/schema.org\",\"@graph\":[{\"@type\":\"Article\",\"@id\":\"https:\\\/\\\/oroverde.gob.ar\\\/portal\\\/cambio-de-fecha-de-la-muestra-sobre-la-historia-de-la-capilla-nuestra-senora-del-rosario-de-pompeya\\\/#article\",\"isPartOf\":{\"@id\":\"https:\\\/\\\/oroverde.gob.ar\\\/portal\\\/cambio-de-fecha-de-la-muestra-sobre-la-historia-de-la-capilla-nuestra-senora-del-rosario-de-pompeya\\\/\"},\"author\":{\"name\":\"Soledad\",\"@id\":\"https:\\\/\\\/oroverde.gob.ar\\\/portal\\\/#\\\/schema\\\/person\\\/b975e0cbcd43b7dcf9c64511ec84f10f\"},\"headline\":\"Cambio de fecha de la Muestra sobre la Historia de la Capilla Nuestra Se\u00f1ora del Rosario de Pompeya\",\"datePublished\":\"2025-10-06T15:30:53+00:00\",\"mainEntityOfPage\":{\"@id\":\"https:\\\/\\\/oroverde.gob.ar\\\/portal\\\/cambio-de-fecha-de-la-muestra-sobre-la-historia-de-la-capilla-nuestra-senora-del-rosario-de-pompeya\\\/\"},\"wordCount\":175,\"publisher\":{\"@id\":\"https:\\\/\\\/oroverde.gob.ar\\\/portal\\\/#organization\"},\"image\":{\"@id\":\"https:\\\/\\\/oroverde.gob.ar\\\/portal\\\/cambio-de-fecha-de-la-muestra-sobre-la-historia-de-la-capilla-nuestra-senora-del-rosario-de-pompeya\\\/#primaryimage\"},\"thumbnailUrl\":\"https:\\\/\\\/oroverde.gob.ar\\\/portal\\\/wp-content\\\/uploads\\\/2025\\\/10\\\/cappilla-web.jpg\",\"articleSection\":[\"Cultura\"],\"inLanguage\":\"es\"},{\"@type\":\"WebPage\",\"@id\":\"https:\\\/\\\/oroverde.gob.ar\\\/portal\\\/cambio-de-fecha-de-la-muestra-sobre-la-historia-de-la-capilla-nuestra-senora-del-rosario-de-pompeya\\\/\",\"url\":\"https:\\\/\\\/oroverde.gob.ar\\\/portal\\\/cambio-de-fecha-de-la-muestra-sobre-la-historia-de-la-capilla-nuestra-senora-del-rosario-de-pompeya\\\/\",\"name\":\"Cambio de fecha de la Muestra sobre la Historia de la Capilla Nuestra Se\u00f1ora del Rosario de Pompeya - Municipio de Oro Verde\",\"isPartOf\":{\"@id\":\"https:\\\/\\\/oroverde.gob.ar\\\/portal\\\/#website\"},\"primaryImageOfPage\":{\"@id\":\"https:\\\/\\\/oroverde.gob.ar\\\/portal\\\/cambio-de-fecha-de-la-muestra-sobre-la-historia-de-la-capilla-nuestra-senora-del-rosario-de-pompeya\\\/#primaryimage\"},\"image\":{\"@id\":\"https:\\\/\\\/oroverde.gob.ar\\\/portal\\\/cambio-de-fecha-de-la-muestra-sobre-la-historia-de-la-capilla-nuestra-senora-del-rosario-de-pompeya\\\/#primaryimage\"},\"thumbnailUrl\":\"https:\\\/\\\/oroverde.gob.ar\\\/portal\\\/wp-content\\\/uploads\\\/2025\\\/10\\\/cappilla-web.jpg\",\"datePublished\":\"2025-10-06T15:30:53+00:00\",\"breadcrumb\":{\"@id\":\"https:\\\/\\\/oroverde.gob.ar\\\/portal\\\/cambio-de-fecha-de-la-muestra-sobre-la-historia-de-la-capilla-nuestra-senora-del-rosario-de-pompeya\\\/#breadcrumb\"},\"inLanguage\":\"es\",\"potentialAction\":[{\"@type\":\"ReadAction\",\"target\":[\"https:\\\/\\\/oroverde.gob.ar\\\/portal\\\/cambio-de-fecha-de-la-muestra-sobre-la-historia-de-la-capilla-nuestra-senora-del-rosario-de-pompeya\\\/\"]}]},{\"@type\":\"ImageObject\",\"inLanguage\":\"es\",\"@id\":\"https:\\\/\\\/oroverde.gob.ar\\\/portal\\\/cambio-de-fecha-de-la-muestra-sobre-la-historia-de-la-capilla-nuestra-senora-del-rosario-de-pompeya\\\/#primaryimage\",\"url\":\"https:\\\/\\\/oroverde.gob.ar\\\/portal\\\/wp-content\\\/uploads\\\/2025\\\/10\\\/cappilla-web.jpg\",\"contentUrl\":\"https:\\\/\\\/oroverde.gob.ar\\\/portal\\\/wp-content\\\/uploads\\\/2025\\\/10\\\/cappilla-web.jpg\",\"width\":768,\"height\":576},{\"@type\":\"BreadcrumbList\",\"@id\":\"https:\\\/\\\/oroverde.gob.ar\\\/portal\\\/cambio-de-fecha-de-la-muestra-sobre-la-historia-de-la-capilla-nuestra-senora-del-rosario-de-pompeya\\\/#breadcrumb\",\"itemListElement\":[{\"@type\":\"ListItem\",\"position\":1,\"name\":\"Portada\",\"item\":\"https:\\\/\\\/oroverde.gob.ar\\\/portal\\\/\"},{\"@type\":\"ListItem\",\"position\":2,\"name\":\"Cambio de fecha de la Muestra sobre la Historia de la Capilla Nuestra Se\u00f1ora del Rosario de Pompeya\"}]},{\"@type\":\"WebSite\",\"@id\":\"https:\\\/\\\/oroverde.gob.ar\\\/portal\\\/#website\",\"url\":\"https:\\\/\\\/oroverde.gob.ar\\\/portal\\\/\",\"name\":\"Municipio de Oro Verde\",\"description\":\"Web Oficial\",\"publisher\":{\"@id\":\"https:\\\/\\\/oroverde.gob.ar\\\/portal\\\/#organization\"},\"potentialAction\":[{\"@type\":\"SearchAction\",\"target\":{\"@type\":\"EntryPoint\",\"urlTemplate\":\"https:\\\/\\\/oroverde.gob.ar\\\/portal\\\/?s={search_term_string}\"},\"query-input\":{\"@type\":\"PropertyValueSpecification\",\"valueRequired\":true,\"valueName\":\"search_term_string\"}}],\"inLanguage\":\"es\"},{\"@type\":\"Organization\",\"@id\":\"https:\\\/\\\/oroverde.gob.ar\\\/portal\\\/#organization\",\"name\":\"Municipio de Oro Verde\",\"url\":\"https:\\\/\\\/oroverde.gob.ar\\\/portal\\\/\",\"logo\":{\"@type\":\"ImageObject\",\"inLanguage\":\"es\",\"@id\":\"https:\\\/\\\/oroverde.gob.ar\\\/portal\\\/#\\\/schema\\\/logo\\\/image\\\/\",\"url\":\"https:\\\/\\\/oroverde.gob.ar\\\/portal\\\/wp-content\\\/uploads\\\/2024\\\/06\\\/cropped-cropped-logo-1.png\",\"contentUrl\":\"https:\\\/\\\/oroverde.gob.ar\\\/portal\\\/wp-content\\\/uploads\\\/2024\\\/06\\\/cropped-cropped-logo-1.png\",\"width\":1776,\"height\":738,\"caption\":\"Municipio de Oro Verde\"},\"image\":{\"@id\":\"https:\\\/\\\/oroverde.gob.ar\\\/portal\\\/#\\\/schema\\\/logo\\\/image\\\/\"}},{\"@type\":\"Person\",\"@id\":\"https:\\\/\\\/oroverde.gob.ar\\\/portal\\\/#\\\/schema\\\/person\\\/b975e0cbcd43b7dcf9c64511ec84f10f\",\"name\":\"Soledad\",\"image\":{\"@type\":\"ImageObject\",\"inLanguage\":\"es\",\"@id\":\"https:\\\/\\\/secure.gravatar.com\\\/avatar\\\/b2f5b6cda565395f31dc94c95932b9b3fbe6275bad58a1579843d3d1607d4a66?s=96&d=mm&r=g\",\"url\":\"https:\\\/\\\/secure.gravatar.com\\\/avatar\\\/b2f5b6cda565395f31dc94c95932b9b3fbe6275bad58a1579843d3d1607d4a66?s=96&d=mm&r=g\",\"contentUrl\":\"https:\\\/\\\/secure.gravatar.com\\\/avatar\\\/b2f5b6cda565395f31dc94c95932b9b3fbe6275bad58a1579843d3d1607d4a66?s=96&d=mm&r=g\",\"caption\":\"Soledad\"},\"url\":\"https:\\\/\\\/oroverde.gob.ar\\\/portal\\\/author\\\/soledad\\\/\"}]}<\/script>\n<!-- \/ Yoast SEO plugin. -->","yoast_head_json":{"title":"Cambio de fecha de la Muestra sobre la Historia de la Capilla Nuestra Se\u00f1ora del Rosario de Pompeya - Municipio de Oro Verde","robots":{"index":"index","follow":"follow","max-snippet":"max-snippet:-1","max-image-preview":"max-image-preview:large","max-video-preview":"max-video-preview:-1"},"canonical":"https:\/\/oroverde.gob.ar\/portal\/cambio-de-fecha-de-la-muestra-sobre-la-historia-de-la-capilla-nuestra-senora-del-rosario-de-pompeya\/","og_locale":"es_ES","og_type":"article","og_title":"Cambio de fecha de la Muestra sobre la Historia de la Capilla Nuestra Se\u00f1ora del Rosario de Pompeya - Municipio de Oro Verde","og_description":"Hay una nueva fecha desde la que se podr\u00e1 visitar la muestra que recorre la historia de la Capilla local. Estar\u00e1 exhibida desde ma\u00f1ana 7 de octubre, de 18 a 20 hs en el Sal\u00f3n Parroquial (Los Cardenales 246). Quienes se acerquen podr\u00e1n &hellip;","og_url":"https:\/\/oroverde.gob.ar\/portal\/cambio-de-fecha-de-la-muestra-sobre-la-historia-de-la-capilla-nuestra-senora-del-rosario-de-pompeya\/","og_site_name":"Municipio de Oro Verde","article_published_time":"2025-10-06T15:30:53+00:00","og_image":[{"width":768,"height":576,"url":"https:\/\/oroverde.gob.ar\/portal\/wp-content\/uploads\/2025\/10\/cappilla-web.jpg","type":"image\/jpeg"}],"author":"Soledad","twitter_card":"summary_large_image","twitter_misc":{"Escrito por":"Soledad","Tiempo de lectura":"1 minuto"},"schema":{"@context":"https:\/\/schema.org","@graph":[{"@type":"Article","@id":"https:\/\/oroverde.gob.ar\/portal\/cambio-de-fecha-de-la-muestra-sobre-la-historia-de-la-capilla-nuestra-senora-del-rosario-de-pompeya\/#article","isPartOf":{"@id":"https:\/\/oroverde.gob.ar\/portal\/cambio-de-fecha-de-la-muestra-sobre-la-historia-de-la-capilla-nuestra-senora-del-rosario-de-pompeya\/"},"author":{"name":"Soledad","@id":"https:\/\/oroverde.gob.ar\/portal\/#\/schema\/person\/b975e0cbcd43b7dcf9c64511ec84f10f"},"headline":"Cambio de fecha de la Muestra sobre la Historia de la Capilla Nuestra Se\u00f1ora del Rosario de Pompeya","datePublished":"2025-10-06T15:30:53+00:00","mainEntityOfPage":{"@id":"https:\/\/oroverde.gob.ar\/portal\/cambio-de-fecha-de-la-muestra-sobre-la-historia-de-la-capilla-nuestra-senora-del-rosario-de-pompeya\/"},"wordCount":175,"publisher":{"@id":"https:\/\/oroverde.gob.ar\/portal\/#organization"},"image":{"@id":"https:\/\/oroverde.gob.ar\/portal\/cambio-de-fecha-de-la-muestra-sobre-la-historia-de-la-capilla-nuestra-senora-del-rosario-de-pompeya\/#primaryimage"},"thumbnailUrl":"https:\/\/oroverde.gob.ar\/portal\/wp-content\/uploads\/2025\/10\/cappilla-web.jpg","articleSection":["Cultura"],"inLanguage":"es"},{"@type":"WebPage","@id":"https:\/\/oroverde.gob.ar\/portal\/cambio-de-fecha-de-la-muestra-sobre-la-historia-de-la-capilla-nuestra-senora-del-rosario-de-pompeya\/","url":"https:\/\/oroverde.gob.ar\/portal\/cambio-de-fecha-de-la-muestra-sobre-la-historia-de-la-capilla-nuestra-senora-del-rosario-de-pompeya\/","name":"Cambio de fecha de la Muestra sobre la Historia de la Capilla Nuestra Se\u00f1ora del Rosario de Pompeya - Municipio de Oro Verde","isPartOf":{"@id":"https:\/\/oroverde.gob.ar\/portal\/#website"},"primaryImageOfPage":{"@id":"https:\/\/oroverde.gob.ar\/portal\/cambio-de-fecha-de-la-muestra-sobre-la-historia-de-la-capilla-nuestra-senora-del-rosario-de-pompeya\/#primaryimage"},"image":{"@id":"https:\/\/oroverde.gob.ar\/portal\/cambio-de-fecha-de-la-muestra-sobre-la-historia-de-la-capilla-nuestra-senora-del-rosario-de-pompeya\/#primaryimage"},"thumbnailUrl":"https:\/\/oroverde.gob.ar\/portal\/wp-content\/uploads\/2025\/10\/cappilla-web.jpg","datePublished":"2025-10-06T15:30:53+00:00","breadcrumb":{"@id":"https:\/\/oroverde.gob.ar\/portal\/cambio-de-fecha-de-la-muestra-sobre-la-historia-de-la-capilla-nuestra-senora-del-rosario-de-pompeya\/#breadcrumb"},"inLanguage":"es","potentialAction":[{"@type":"ReadAction","target":["https:\/\/oroverde.gob.ar\/portal\/cambio-de-fecha-de-la-muestra-sobre-la-historia-de-la-capilla-nuestra-senora-del-rosario-de-pompeya\/"]}]},{"@type":"ImageObject","inLanguage":"es","@id":"https:\/\/oroverde.gob.ar\/portal\/cambio-de-fecha-de-la-muestra-sobre-la-historia-de-la-capilla-nuestra-senora-del-rosario-de-pompeya\/#primaryimage","url":"https:\/\/oroverde.gob.ar\/portal\/wp-content\/uploads\/2025\/10\/cappilla-web.jpg","contentUrl":"https:\/\/oroverde.gob.ar\/portal\/wp-content\/uploads\/2025\/10\/cappilla-web.jpg","width":768,"height":576},{"@type":"BreadcrumbList","@id":"https:\/\/oroverde.gob.ar\/portal\/cambio-de-fecha-de-la-muestra-sobre-la-historia-de-la-capilla-nuestra-senora-del-rosario-de-pompeya\/#breadcrumb","itemListElement":[{"@type":"ListItem","position":1,"name":"Portada","item":"https:\/\/oroverde.gob.ar\/portal\/"},{"@type":"ListItem","position":2,"name":"Cambio de fecha de la Muestra sobre la Historia de la Capilla Nuestra Se\u00f1ora del Rosario de Pompeya"}]},{"@type":"WebSite","@id":"https:\/\/oroverde.gob.ar\/portal\/#website","url":"https:\/\/oroverde.gob.ar\/portal\/","name":"Municipio de Oro Verde","description":"Web Oficial","publisher":{"@id":"https:\/\/oroverde.gob.ar\/portal\/#organization"},"potentialAction":[{"@type":"SearchAction","target":{"@type":"EntryPoint","urlTemplate":"https:\/\/oroverde.gob.ar\/portal\/?s={search_term_string}"},"query-input":{"@type":"PropertyValueSpecification","valueRequired":true,"valueName":"search_term_string"}}],"inLanguage":"es"},{"@type":"Organization","@id":"https:\/\/oroverde.gob.ar\/portal\/#organization","name":"Municipio de Oro Verde","url":"https:\/\/oroverde.gob.ar\/portal\/","logo":{"@type":"ImageObject","inLanguage":"es","@id":"https:\/\/oroverde.gob.ar\/portal\/#\/schema\/logo\/image\/","url":"https:\/\/oroverde.gob.ar\/portal\/wp-content\/uploads\/2024\/06\/cropped-cropped-logo-1.png","contentUrl":"https:\/\/oroverde.gob.ar\/portal\/wp-content\/uploads\/2024\/06\/cropped-cropped-logo-1.png","width":1776,"height":738,"caption":"Municipio de Oro Verde"},"image":{"@id":"https:\/\/oroverde.gob.ar\/portal\/#\/schema\/logo\/image\/"}},{"@type":"Person","@id":"https:\/\/oroverde.gob.ar\/portal\/#\/schema\/person\/b975e0cbcd43b7dcf9c64511ec84f10f","name":"Soledad","image":{"@type":"ImageObject","inLanguage":"es","@id":"https:\/\/secure.gravatar.com\/avatar\/b2f5b6cda565395f31dc94c95932b9b3fbe6275bad58a1579843d3d1607d4a66?s=96&d=mm&r=g","url":"https:\/\/secure.gravatar.com\/avatar\/b2f5b6cda565395f31dc94c95932b9b3fbe6275bad58a1579843d3d1607d4a66?s=96&d=mm&r=g","contentUrl":"https:\/\/secure.gravatar.com\/avatar\/b2f5b6cda565395f31dc94c95932b9b3fbe6275bad58a1579843d3d1607d4a66?s=96&d=mm&r=g","caption":"Soledad"},"url":"https:\/\/oroverde.gob.ar\/portal\/author\/soledad\/"}]}},"_links":{"self":[{"href":"https:\/\/oroverde.gob.ar\/portal\/wp-json\/wp\/v2\/posts\/7105","targetHints":{"allow":["GET"]}}],"collection":[{"href":"https:\/\/oroverde.gob.ar\/portal\/wp-json\/wp\/v2\/posts"}],"about":[{"href":"https:\/\/oroverde.gob.ar\/portal\/wp-json\/wp\/v2\/types\/post"}],"author":[{"embeddable":true,"href":"https:\/\/oroverde.gob.ar\/portal\/wp-json\/wp\/v2\/users\/3"}],"replies":[{"embeddable":true,"href":"https:\/\/oroverde.gob.ar\/portal\/wp-json\/wp\/v2\/comments?post=7105"}],"version-history":[{"count":1,"href":"https:\/\/oroverde.gob.ar\/portal\/wp-json\/wp\/v2\/posts\/7105\/revisions"}],"predecessor-version":[{"id":7107,"href":"https:\/\/oroverde.gob.ar\/portal\/wp-json\/wp\/v2\/posts\/7105\/revisions\/7107"}],"wp:featuredmedia":[{"embeddable":true,"href":"https:\/\/oroverde.gob.ar\/portal\/wp-json\/wp\/v2\/media\/7106"}],"wp:attachment":[{"href":"https:\/\/oroverde.gob.ar\/portal\/wp-json\/wp\/v2\/media?parent=7105"}],"wp:term":[{"taxonomy":"category","embeddable":true,"href":"https:\/\/oroverde.gob.ar\/portal\/wp-json\/wp\/v2\/categories?post=7105"},{"taxonomy":"post_tag","embeddable":true,"href":"https:\/\/oroverde.gob.ar\/portal\/wp-json\/wp\/v2\/tags?post=7105"}],"curies":[{"name":"wp","href":"https:\/\/api.w.org\/{rel}","templated":true}]}}