{"id":7177,"date":"2025-10-15T09:54:22","date_gmt":"2025-10-15T12:54:22","guid":{"rendered":"https:\/\/oroverde.gob.ar\/portal\/?p=7177"},"modified":"2025-10-15T09:54:45","modified_gmt":"2025-10-15T12:54:45","slug":"cuarta-edicion-del-concurso-fotografico-oro-verde-mira-como-te-miro","status":"publish","type":"post","link":"https:\/\/oroverde.gob.ar\/portal\/cuarta-edicion-del-concurso-fotografico-oro-verde-mira-como-te-miro\/","title":{"rendered":"Cuarta edici\u00f3n del concurso fotogr\u00e1fico \u201cOro Verde, mir\u00e1 como te miro\u201d"},"content":{"rendered":"<p>Cuarta edici\u00f3n del concurso fotogr\u00e1fico \u201cOro Verde, mir\u00e1 como te miro\u201d<br \/>\nLas fot\u00f3grafas Romina Villaverde, Melina Cejas y Erika Schvaigert, integran el jurado de la cuarta edici\u00f3n del concurso fotogr\u00e1fico \u201cOro Verde, mir\u00e1 como te miro\u201d que como todos los a\u00f1os convoca a vecinos, estudiantes, fot\u00f3grafos profesionales y aficionados a registrar desde sus miradas a esta localidad.<br \/>\nEn esta oportunidad, ese registro podr\u00e1 ser m\u00e1s amplio, no solo de paisajes y en este sentido Romina nos coment\u00f3 \u201cen esta edici\u00f3n nos vamos a enfocar en la cotidianidad en los detalles y en todo aquello que represente a nuestra identidad\u201d.<br \/>\nPor su parte Melina detall\u00f3 \u201clos premios consisten en dinero y hay tiempo hasta el 20 de octubre para presentar las propuestas\u201d.<br \/>\n\u201cLos invitamos a la inauguraci\u00f3n de la muestra que ser\u00e1 7 de noviembre donde tambi\u00e9n haremos la premiaci\u00f3n a los afortunados ganadores\u201d.<br \/>\nRecordamos que se reciben las propuestas a trav\u00e9s del email oroverdemiracomotemiro@gmail.com<br \/>\nLos premios ser\u00e1n los siguientes: primer puesto $80.000, el segundo de $60.000 y el tercero ser\u00e1 de $30.000<\/p>\n<p>Bases y condiciones: <a href=\"https:\/\/shre.ink\/S0q3\">https:\/\/shre.ink\/S0q3<\/a><\/p>\n<p>&nbsp;<\/p>\n<p>Inscripciones a trav\u00e9s de este link: <a href=\"https:\/\/shre.ink\/S05C\">https:\/\/shre.ink\/S05C<\/a><\/p>\n<p>&nbsp;<\/p>\n<p>&nbsp;<\/p>\n","protected":false},"excerpt":{"rendered":"<p>Cuarta edici\u00f3n del concurso fotogr\u00e1fico \u201cOro Verde, mir\u00e1 como te miro\u201d Las fot\u00f3grafas Romina Villaverde, Melina Cejas y Erika Schvaigert, integran el jurado de la cuarta edici\u00f3n del concurso fotogr\u00e1fico \u201cOro Verde, mir\u00e1 como te miro\u201d que como todos los a\u00f1os convoca a &hellip;<\/p>\n","protected":false},"author":3,"featured_media":7178,"comment_status":"closed","ping_status":"closed","sticky":false,"template":"","format":"standard","meta":{"footnotes":""},"categories":[39],"tags":[],"class_list":["post-7177","post","type-post","status-publish","format-standard","has-post-thumbnail","hentry","category-cultura"],"yoast_head":"<!-- This site is optimized with the Yoast SEO plugin v27.4 - https:\/\/yoast.com\/product\/yoast-seo-wordpress\/ -->\n<title>Cuarta edici\u00f3n del concurso fotogr\u00e1fico \u201cOro Verde, mir\u00e1 como te miro\u201d - Municipio de Oro Verde<\/title>\n<meta name=\"robots\" content=\"index, follow, max-snippet:-1, max-image-preview:large, max-video-preview:-1\" \/>\n<link rel=\"canonical\" href=\"https:\/\/oroverde.gob.ar\/portal\/cuarta-edicion-del-concurso-fotografico-oro-verde-mira-como-te-miro\/\" \/>\n<meta property=\"og:locale\" content=\"es_ES\" \/>\n<meta property=\"og:type\" content=\"article\" \/>\n<meta property=\"og:title\" content=\"Cuarta edici\u00f3n del concurso fotogr\u00e1fico \u201cOro Verde, mir\u00e1 como te miro\u201d - Municipio de Oro Verde\" \/>\n<meta property=\"og:description\" content=\"Cuarta edici\u00f3n del concurso fotogr\u00e1fico \u201cOro Verde, mir\u00e1 como te miro\u201d Las fot\u00f3grafas Romina Villaverde, Melina Cejas y Erika Schvaigert, integran el jurado de la cuarta edici\u00f3n del concurso fotogr\u00e1fico \u201cOro Verde, mir\u00e1 como te miro\u201d que como todos los a\u00f1os convoca a &hellip;\" \/>\n<meta property=\"og:url\" content=\"https:\/\/oroverde.gob.ar\/portal\/cuarta-edicion-del-concurso-fotografico-oro-verde-mira-como-te-miro\/\" \/>\n<meta property=\"og:site_name\" content=\"Municipio de Oro Verde\" \/>\n<meta property=\"article:published_time\" content=\"2025-10-15T12:54:22+00:00\" \/>\n<meta property=\"article:modified_time\" content=\"2025-10-15T12:54:45+00:00\" \/>\n<meta property=\"og:image\" content=\"https:\/\/oroverde.gob.ar\/portal\/wp-content\/uploads\/2025\/10\/DSC0583-scaled.jpg\" \/>\n\t<meta property=\"og:image:width\" content=\"2560\" \/>\n\t<meta property=\"og:image:height\" content=\"1708\" \/>\n\t<meta property=\"og:image:type\" content=\"image\/jpeg\" \/>\n<meta name=\"author\" content=\"Soledad\" \/>\n<meta name=\"twitter:card\" content=\"summary_large_image\" \/>\n<meta name=\"twitter:label1\" content=\"Escrito por\" \/>\n\t<meta name=\"twitter:data1\" content=\"Soledad\" \/>\n\t<meta name=\"twitter:label2\" content=\"Tiempo de lectura\" \/>\n\t<meta name=\"twitter:data2\" content=\"2 minutos\" \/>\n<script type=\"application\/ld+json\" class=\"yoast-schema-graph\">{\"@context\":\"https:\\\/\\\/schema.org\",\"@graph\":[{\"@type\":\"Article\",\"@id\":\"https:\\\/\\\/oroverde.gob.ar\\\/portal\\\/cuarta-edicion-del-concurso-fotografico-oro-verde-mira-como-te-miro\\\/#article\",\"isPartOf\":{\"@id\":\"https:\\\/\\\/oroverde.gob.ar\\\/portal\\\/cuarta-edicion-del-concurso-fotografico-oro-verde-mira-como-te-miro\\\/\"},\"author\":{\"name\":\"Soledad\",\"@id\":\"https:\\\/\\\/oroverde.gob.ar\\\/portal\\\/#\\\/schema\\\/person\\\/b975e0cbcd43b7dcf9c64511ec84f10f\"},\"headline\":\"Cuarta edici\u00f3n del concurso fotogr\u00e1fico \u201cOro Verde, mir\u00e1 como te miro\u201d\",\"datePublished\":\"2025-10-15T12:54:22+00:00\",\"dateModified\":\"2025-10-15T12:54:45+00:00\",\"mainEntityOfPage\":{\"@id\":\"https:\\\/\\\/oroverde.gob.ar\\\/portal\\\/cuarta-edicion-del-concurso-fotografico-oro-verde-mira-como-te-miro\\\/\"},\"wordCount\":219,\"publisher\":{\"@id\":\"https:\\\/\\\/oroverde.gob.ar\\\/portal\\\/#organization\"},\"image\":{\"@id\":\"https:\\\/\\\/oroverde.gob.ar\\\/portal\\\/cuarta-edicion-del-concurso-fotografico-oro-verde-mira-como-te-miro\\\/#primaryimage\"},\"thumbnailUrl\":\"https:\\\/\\\/oroverde.gob.ar\\\/portal\\\/wp-content\\\/uploads\\\/2025\\\/10\\\/DSC0583-scaled.jpg\",\"articleSection\":[\"Cultura\"],\"inLanguage\":\"es\"},{\"@type\":\"WebPage\",\"@id\":\"https:\\\/\\\/oroverde.gob.ar\\\/portal\\\/cuarta-edicion-del-concurso-fotografico-oro-verde-mira-como-te-miro\\\/\",\"url\":\"https:\\\/\\\/oroverde.gob.ar\\\/portal\\\/cuarta-edicion-del-concurso-fotografico-oro-verde-mira-como-te-miro\\\/\",\"name\":\"Cuarta edici\u00f3n del concurso fotogr\u00e1fico \u201cOro Verde, mir\u00e1 como te miro\u201d - Municipio de Oro Verde\",\"isPartOf\":{\"@id\":\"https:\\\/\\\/oroverde.gob.ar\\\/portal\\\/#website\"},\"primaryImageOfPage\":{\"@id\":\"https:\\\/\\\/oroverde.gob.ar\\\/portal\\\/cuarta-edicion-del-concurso-fotografico-oro-verde-mira-como-te-miro\\\/#primaryimage\"},\"image\":{\"@id\":\"https:\\\/\\\/oroverde.gob.ar\\\/portal\\\/cuarta-edicion-del-concurso-fotografico-oro-verde-mira-como-te-miro\\\/#primaryimage\"},\"thumbnailUrl\":\"https:\\\/\\\/oroverde.gob.ar\\\/portal\\\/wp-content\\\/uploads\\\/2025\\\/10\\\/DSC0583-scaled.jpg\",\"datePublished\":\"2025-10-15T12:54:22+00:00\",\"dateModified\":\"2025-10-15T12:54:45+00:00\",\"breadcrumb\":{\"@id\":\"https:\\\/\\\/oroverde.gob.ar\\\/portal\\\/cuarta-edicion-del-concurso-fotografico-oro-verde-mira-como-te-miro\\\/#breadcrumb\"},\"inLanguage\":\"es\",\"potentialAction\":[{\"@type\":\"ReadAction\",\"target\":[\"https:\\\/\\\/oroverde.gob.ar\\\/portal\\\/cuarta-edicion-del-concurso-fotografico-oro-verde-mira-como-te-miro\\\/\"]}]},{\"@type\":\"ImageObject\",\"inLanguage\":\"es\",\"@id\":\"https:\\\/\\\/oroverde.gob.ar\\\/portal\\\/cuarta-edicion-del-concurso-fotografico-oro-verde-mira-como-te-miro\\\/#primaryimage\",\"url\":\"https:\\\/\\\/oroverde.gob.ar\\\/portal\\\/wp-content\\\/uploads\\\/2025\\\/10\\\/DSC0583-scaled.jpg\",\"contentUrl\":\"https:\\\/\\\/oroverde.gob.ar\\\/portal\\\/wp-content\\\/uploads\\\/2025\\\/10\\\/DSC0583-scaled.jpg\",\"width\":2560,\"height\":1708},{\"@type\":\"BreadcrumbList\",\"@id\":\"https:\\\/\\\/oroverde.gob.ar\\\/portal\\\/cuarta-edicion-del-concurso-fotografico-oro-verde-mira-como-te-miro\\\/#breadcrumb\",\"itemListElement\":[{\"@type\":\"ListItem\",\"position\":1,\"name\":\"Portada\",\"item\":\"https:\\\/\\\/oroverde.gob.ar\\\/portal\\\/\"},{\"@type\":\"ListItem\",\"position\":2,\"name\":\"Cuarta edici\u00f3n del concurso fotogr\u00e1fico \u201cOro Verde, mir\u00e1 como te miro\u201d\"}]},{\"@type\":\"WebSite\",\"@id\":\"https:\\\/\\\/oroverde.gob.ar\\\/portal\\\/#website\",\"url\":\"https:\\\/\\\/oroverde.gob.ar\\\/portal\\\/\",\"name\":\"Municipio de Oro Verde\",\"description\":\"Web Oficial\",\"publisher\":{\"@id\":\"https:\\\/\\\/oroverde.gob.ar\\\/portal\\\/#organization\"},\"potentialAction\":[{\"@type\":\"SearchAction\",\"target\":{\"@type\":\"EntryPoint\",\"urlTemplate\":\"https:\\\/\\\/oroverde.gob.ar\\\/portal\\\/?s={search_term_string}\"},\"query-input\":{\"@type\":\"PropertyValueSpecification\",\"valueRequired\":true,\"valueName\":\"search_term_string\"}}],\"inLanguage\":\"es\"},{\"@type\":\"Organization\",\"@id\":\"https:\\\/\\\/oroverde.gob.ar\\\/portal\\\/#organization\",\"name\":\"Municipio de Oro Verde\",\"url\":\"https:\\\/\\\/oroverde.gob.ar\\\/portal\\\/\",\"logo\":{\"@type\":\"ImageObject\",\"inLanguage\":\"es\",\"@id\":\"https:\\\/\\\/oroverde.gob.ar\\\/portal\\\/#\\\/schema\\\/logo\\\/image\\\/\",\"url\":\"https:\\\/\\\/oroverde.gob.ar\\\/portal\\\/wp-content\\\/uploads\\\/2024\\\/06\\\/cropped-cropped-logo-1.png\",\"contentUrl\":\"https:\\\/\\\/oroverde.gob.ar\\\/portal\\\/wp-content\\\/uploads\\\/2024\\\/06\\\/cropped-cropped-logo-1.png\",\"width\":1776,\"height\":738,\"caption\":\"Municipio de Oro Verde\"},\"image\":{\"@id\":\"https:\\\/\\\/oroverde.gob.ar\\\/portal\\\/#\\\/schema\\\/logo\\\/image\\\/\"}},{\"@type\":\"Person\",\"@id\":\"https:\\\/\\\/oroverde.gob.ar\\\/portal\\\/#\\\/schema\\\/person\\\/b975e0cbcd43b7dcf9c64511ec84f10f\",\"name\":\"Soledad\",\"image\":{\"@type\":\"ImageObject\",\"inLanguage\":\"es\",\"@id\":\"https:\\\/\\\/secure.gravatar.com\\\/avatar\\\/b2f5b6cda565395f31dc94c95932b9b3fbe6275bad58a1579843d3d1607d4a66?s=96&d=mm&r=g\",\"url\":\"https:\\\/\\\/secure.gravatar.com\\\/avatar\\\/b2f5b6cda565395f31dc94c95932b9b3fbe6275bad58a1579843d3d1607d4a66?s=96&d=mm&r=g\",\"contentUrl\":\"https:\\\/\\\/secure.gravatar.com\\\/avatar\\\/b2f5b6cda565395f31dc94c95932b9b3fbe6275bad58a1579843d3d1607d4a66?s=96&d=mm&r=g\",\"caption\":\"Soledad\"},\"url\":\"https:\\\/\\\/oroverde.gob.ar\\\/portal\\\/author\\\/soledad\\\/\"}]}<\/script>\n<!-- \/ Yoast SEO plugin. -->","yoast_head_json":{"title":"Cuarta edici\u00f3n del concurso fotogr\u00e1fico \u201cOro Verde, mir\u00e1 como te miro\u201d - Municipio de Oro Verde","robots":{"index":"index","follow":"follow","max-snippet":"max-snippet:-1","max-image-preview":"max-image-preview:large","max-video-preview":"max-video-preview:-1"},"canonical":"https:\/\/oroverde.gob.ar\/portal\/cuarta-edicion-del-concurso-fotografico-oro-verde-mira-como-te-miro\/","og_locale":"es_ES","og_type":"article","og_title":"Cuarta edici\u00f3n del concurso fotogr\u00e1fico \u201cOro Verde, mir\u00e1 como te miro\u201d - Municipio de Oro Verde","og_description":"Cuarta edici\u00f3n del concurso fotogr\u00e1fico \u201cOro Verde, mir\u00e1 como te miro\u201d Las fot\u00f3grafas Romina Villaverde, Melina Cejas y Erika Schvaigert, integran el jurado de la cuarta edici\u00f3n del concurso fotogr\u00e1fico \u201cOro Verde, mir\u00e1 como te miro\u201d que como todos los a\u00f1os convoca a &hellip;","og_url":"https:\/\/oroverde.gob.ar\/portal\/cuarta-edicion-del-concurso-fotografico-oro-verde-mira-como-te-miro\/","og_site_name":"Municipio de Oro Verde","article_published_time":"2025-10-15T12:54:22+00:00","article_modified_time":"2025-10-15T12:54:45+00:00","og_image":[{"width":2560,"height":1708,"url":"https:\/\/oroverde.gob.ar\/portal\/wp-content\/uploads\/2025\/10\/DSC0583-scaled.jpg","type":"image\/jpeg"}],"author":"Soledad","twitter_card":"summary_large_image","twitter_misc":{"Escrito por":"Soledad","Tiempo de lectura":"2 minutos"},"schema":{"@context":"https:\/\/schema.org","@graph":[{"@type":"Article","@id":"https:\/\/oroverde.gob.ar\/portal\/cuarta-edicion-del-concurso-fotografico-oro-verde-mira-como-te-miro\/#article","isPartOf":{"@id":"https:\/\/oroverde.gob.ar\/portal\/cuarta-edicion-del-concurso-fotografico-oro-verde-mira-como-te-miro\/"},"author":{"name":"Soledad","@id":"https:\/\/oroverde.gob.ar\/portal\/#\/schema\/person\/b975e0cbcd43b7dcf9c64511ec84f10f"},"headline":"Cuarta edici\u00f3n del concurso fotogr\u00e1fico \u201cOro Verde, mir\u00e1 como te miro\u201d","datePublished":"2025-10-15T12:54:22+00:00","dateModified":"2025-10-15T12:54:45+00:00","mainEntityOfPage":{"@id":"https:\/\/oroverde.gob.ar\/portal\/cuarta-edicion-del-concurso-fotografico-oro-verde-mira-como-te-miro\/"},"wordCount":219,"publisher":{"@id":"https:\/\/oroverde.gob.ar\/portal\/#organization"},"image":{"@id":"https:\/\/oroverde.gob.ar\/portal\/cuarta-edicion-del-concurso-fotografico-oro-verde-mira-como-te-miro\/#primaryimage"},"thumbnailUrl":"https:\/\/oroverde.gob.ar\/portal\/wp-content\/uploads\/2025\/10\/DSC0583-scaled.jpg","articleSection":["Cultura"],"inLanguage":"es"},{"@type":"WebPage","@id":"https:\/\/oroverde.gob.ar\/portal\/cuarta-edicion-del-concurso-fotografico-oro-verde-mira-como-te-miro\/","url":"https:\/\/oroverde.gob.ar\/portal\/cuarta-edicion-del-concurso-fotografico-oro-verde-mira-como-te-miro\/","name":"Cuarta edici\u00f3n del concurso fotogr\u00e1fico \u201cOro Verde, mir\u00e1 como te miro\u201d - Municipio de Oro Verde","isPartOf":{"@id":"https:\/\/oroverde.gob.ar\/portal\/#website"},"primaryImageOfPage":{"@id":"https:\/\/oroverde.gob.ar\/portal\/cuarta-edicion-del-concurso-fotografico-oro-verde-mira-como-te-miro\/#primaryimage"},"image":{"@id":"https:\/\/oroverde.gob.ar\/portal\/cuarta-edicion-del-concurso-fotografico-oro-verde-mira-como-te-miro\/#primaryimage"},"thumbnailUrl":"https:\/\/oroverde.gob.ar\/portal\/wp-content\/uploads\/2025\/10\/DSC0583-scaled.jpg","datePublished":"2025-10-15T12:54:22+00:00","dateModified":"2025-10-15T12:54:45+00:00","breadcrumb":{"@id":"https:\/\/oroverde.gob.ar\/portal\/cuarta-edicion-del-concurso-fotografico-oro-verde-mira-como-te-miro\/#breadcrumb"},"inLanguage":"es","potentialAction":[{"@type":"ReadAction","target":["https:\/\/oroverde.gob.ar\/portal\/cuarta-edicion-del-concurso-fotografico-oro-verde-mira-como-te-miro\/"]}]},{"@type":"ImageObject","inLanguage":"es","@id":"https:\/\/oroverde.gob.ar\/portal\/cuarta-edicion-del-concurso-fotografico-oro-verde-mira-como-te-miro\/#primaryimage","url":"https:\/\/oroverde.gob.ar\/portal\/wp-content\/uploads\/2025\/10\/DSC0583-scaled.jpg","contentUrl":"https:\/\/oroverde.gob.ar\/portal\/wp-content\/uploads\/2025\/10\/DSC0583-scaled.jpg","width":2560,"height":1708},{"@type":"BreadcrumbList","@id":"https:\/\/oroverde.gob.ar\/portal\/cuarta-edicion-del-concurso-fotografico-oro-verde-mira-como-te-miro\/#breadcrumb","itemListElement":[{"@type":"ListItem","position":1,"name":"Portada","item":"https:\/\/oroverde.gob.ar\/portal\/"},{"@type":"ListItem","position":2,"name":"Cuarta edici\u00f3n del concurso fotogr\u00e1fico \u201cOro Verde, mir\u00e1 como te miro\u201d"}]},{"@type":"WebSite","@id":"https:\/\/oroverde.gob.ar\/portal\/#website","url":"https:\/\/oroverde.gob.ar\/portal\/","name":"Municipio de Oro Verde","description":"Web Oficial","publisher":{"@id":"https:\/\/oroverde.gob.ar\/portal\/#organization"},"potentialAction":[{"@type":"SearchAction","target":{"@type":"EntryPoint","urlTemplate":"https:\/\/oroverde.gob.ar\/portal\/?s={search_term_string}"},"query-input":{"@type":"PropertyValueSpecification","valueRequired":true,"valueName":"search_term_string"}}],"inLanguage":"es"},{"@type":"Organization","@id":"https:\/\/oroverde.gob.ar\/portal\/#organization","name":"Municipio de Oro Verde","url":"https:\/\/oroverde.gob.ar\/portal\/","logo":{"@type":"ImageObject","inLanguage":"es","@id":"https:\/\/oroverde.gob.ar\/portal\/#\/schema\/logo\/image\/","url":"https:\/\/oroverde.gob.ar\/portal\/wp-content\/uploads\/2024\/06\/cropped-cropped-logo-1.png","contentUrl":"https:\/\/oroverde.gob.ar\/portal\/wp-content\/uploads\/2024\/06\/cropped-cropped-logo-1.png","width":1776,"height":738,"caption":"Municipio de Oro Verde"},"image":{"@id":"https:\/\/oroverde.gob.ar\/portal\/#\/schema\/logo\/image\/"}},{"@type":"Person","@id":"https:\/\/oroverde.gob.ar\/portal\/#\/schema\/person\/b975e0cbcd43b7dcf9c64511ec84f10f","name":"Soledad","image":{"@type":"ImageObject","inLanguage":"es","@id":"https:\/\/secure.gravatar.com\/avatar\/b2f5b6cda565395f31dc94c95932b9b3fbe6275bad58a1579843d3d1607d4a66?s=96&d=mm&r=g","url":"https:\/\/secure.gravatar.com\/avatar\/b2f5b6cda565395f31dc94c95932b9b3fbe6275bad58a1579843d3d1607d4a66?s=96&d=mm&r=g","contentUrl":"https:\/\/secure.gravatar.com\/avatar\/b2f5b6cda565395f31dc94c95932b9b3fbe6275bad58a1579843d3d1607d4a66?s=96&d=mm&r=g","caption":"Soledad"},"url":"https:\/\/oroverde.gob.ar\/portal\/author\/soledad\/"}]}},"_links":{"self":[{"href":"https:\/\/oroverde.gob.ar\/portal\/wp-json\/wp\/v2\/posts\/7177","targetHints":{"allow":["GET"]}}],"collection":[{"href":"https:\/\/oroverde.gob.ar\/portal\/wp-json\/wp\/v2\/posts"}],"about":[{"href":"https:\/\/oroverde.gob.ar\/portal\/wp-json\/wp\/v2\/types\/post"}],"author":[{"embeddable":true,"href":"https:\/\/oroverde.gob.ar\/portal\/wp-json\/wp\/v2\/users\/3"}],"replies":[{"embeddable":true,"href":"https:\/\/oroverde.gob.ar\/portal\/wp-json\/wp\/v2\/comments?post=7177"}],"version-history":[{"count":2,"href":"https:\/\/oroverde.gob.ar\/portal\/wp-json\/wp\/v2\/posts\/7177\/revisions"}],"predecessor-version":[{"id":7180,"href":"https:\/\/oroverde.gob.ar\/portal\/wp-json\/wp\/v2\/posts\/7177\/revisions\/7180"}],"wp:featuredmedia":[{"embeddable":true,"href":"https:\/\/oroverde.gob.ar\/portal\/wp-json\/wp\/v2\/media\/7178"}],"wp:attachment":[{"href":"https:\/\/oroverde.gob.ar\/portal\/wp-json\/wp\/v2\/media?parent=7177"}],"wp:term":[{"taxonomy":"category","embeddable":true,"href":"https:\/\/oroverde.gob.ar\/portal\/wp-json\/wp\/v2\/categories?post=7177"},{"taxonomy":"post_tag","embeddable":true,"href":"https:\/\/oroverde.gob.ar\/portal\/wp-json\/wp\/v2\/tags?post=7177"}],"curies":[{"name":"wp","href":"https:\/\/api.w.org\/{rel}","templated":true}]}}