{"id":7224,"date":"2025-10-21T12:46:47","date_gmt":"2025-10-21T15:46:47","guid":{"rendered":"https:\/\/oroverde.gob.ar\/portal\/?p=7224"},"modified":"2025-10-21T12:46:47","modified_gmt":"2025-10-21T15:46:47","slug":"quienes-no-hayan-retirado-su-dni-del-registro-civil-podran-hacerlo-el-mismo-domingo-de-las-elecciones","status":"publish","type":"post","link":"https:\/\/oroverde.gob.ar\/portal\/quienes-no-hayan-retirado-su-dni-del-registro-civil-podran-hacerlo-el-mismo-domingo-de-las-elecciones\/","title":{"rendered":"Quienes no hayan retirado su DNI del Registro Civil podr\u00e1n hacerlo el mismo domingo de las elecciones"},"content":{"rendered":"<div class=\"html-div xdj266r x14z9mp xat24cr x1lziwak xexx8yu xyri2b x18d9i69 x1c1uobl\">\n<div class=\"html-div xdj266r x14z9mp xat24cr x1lziwak xexx8yu xyri2b x18d9i69 x1c1uobl\" dir=\"auto\">\n<div class=\"html-div xdj266r x14z9mp xat24cr x1lziwak xexx8yu xyri2b x18d9i69 x1c1uobl\" data-ad-rendering-role=\"story_message\">\n<div id=\"_r_o7_\" class=\"x1l90r2v x1iorvi4 x1g0dm76 xpdmqnj\" data-ad-comet-preview=\"message\" data-ad-preview=\"message\">\n<div class=\"x78zum5 xdt5ytf xz62fqu x16ldp7u\">\n<div class=\"xu06os2 x1ok221b\">\n<div class=\"html-div xdj266r x14z9mp xat24cr x1lziwak xexx8yu xyri2b x18d9i69 x1c1uobl\">\n<div class=\"x14z9mp xat24cr x1lziwak x1vvkbs xtlvy1s x126k92a\">\n<div dir=\"auto\">Quienes no hayan retirado su DNI del Registro Civil podr\u00e1n hacerlo el mismo domingo de las elecciones<\/div>\n<\/div>\n<div class=\"x14z9mp xat24cr x1lziwak x1vvkbs xtlvy1s x126k92a\">\n<div dir=\"auto\">El Registro Civil de Oro Verde informa que de cara a las elecciones legislativas del 26 de octubre de 2025, la oficina del Registro Civil de Oro Verde ubicado en Los Cardenales 513 permanecer\u00e1 abierta de 9 a 13 hs. exclusivamente para la entrega de DNI que se encuentran en la oficina sin que lo hayan retirado. Para hacerlo deben llevar la Constancia de Tr\u00e1mite o Exposici\u00f3n de extrav\u00edo.<\/div>\n<\/div>\n<\/div>\n<\/div>\n<\/div>\n<\/div>\n<\/div>\n<\/div>\n<div id=\"_r_o8_\" class=\"html-div xdj266r x14z9mp xat24cr x1lziwak xexx8yu xyri2b x18d9i69 x1c1uobl x1n2onr6\">\n<div class=\"html-div xdj266r x14z9mp xat24cr x1lziwak xexx8yu xyri2b x18d9i69 x1c1uobl x1n2onr6\"><\/div>\n<div class=\"html-div xdj266r x14z9mp xat24cr x1lziwak xexx8yu xyri2b x18d9i69 x1c1uobl x6ikm8r x10wlt62\"><\/div>\n<\/div>\n<\/div>\n<div class=\"x8gbvx8 x80vd3b x1q0q8m5 xso031l x8cjs6t x13fuv20 x178xt8z x78zum5 x1q0g3np x1qughib xz9dl7a xpdmqnj xsag5q8 x1onr9mi\">\n<div class=\"x6s0dn4 x78zum5 x1nhvcw1\"><\/div>\n<div class=\"x78zum5 x13a6bvl\"><\/div>\n<\/div>\n<div>\n<div class=\"xabvvm4 xeyy32k x1ia1hqs x1a2w583 x6ikm8r x10wlt62\" data-visualcompletion=\"ignore-dynamic\">\n<div>\n<div>\n<div>\n<div class=\"x1n2onr6\">\n<div class=\"x6s0dn4 xi81zsa x78zum5 x6prxxf x13a6bvl xvq8zen xdj266r xat24cr x1c1uobl xyri2b x1diwwjn xbmvrgn x1yrsyyn x18d9i69\">\n<div class=\"x6s0dn4 x78zum5 x1iyjqo2 x6ikm8r x10wlt62\"><\/div>\n<div class=\"x1c4vz4f x2lah0s xci0xqf\"><\/div>\n<div class=\"x9f619 x1ja2u2z x78zum5 x2lah0s x1n2onr6 x1qughib x1qjc9v5 xozqiw3 x1q0g3np x1ws5yxj xw01apr x4cne27 xifccgj x123j3cw xs9asl8\"><\/div>\n<\/div>\n<\/div>\n<\/div>\n<\/div>\n<\/div>\n<\/div>\n<\/div>\n","protected":false},"excerpt":{"rendered":"<p>Quienes no hayan retirado su DNI del Registro Civil podr\u00e1n hacerlo el mismo domingo de las elecciones El Registro Civil de Oro Verde informa que de cara a las elecciones legislativas del 26 de octubre de 2025, la oficina del Registro Civil de &hellip;<\/p>\n","protected":false},"author":3,"featured_media":7225,"comment_status":"closed","ping_status":"closed","sticky":false,"template":"","format":"standard","meta":{"footnotes":""},"categories":[20],"tags":[],"class_list":["post-7224","post","type-post","status-publish","format-standard","has-post-thumbnail","hentry","category-locales"],"yoast_head":"<!-- This site is optimized with the Yoast SEO plugin v27.5 - https:\/\/yoast.com\/product\/yoast-seo-wordpress\/ -->\n<title>Quienes no hayan retirado su DNI del Registro Civil podr\u00e1n hacerlo el mismo domingo de las elecciones - Municipio de Oro Verde<\/title>\n<meta name=\"robots\" content=\"index, follow, max-snippet:-1, max-image-preview:large, max-video-preview:-1\" \/>\n<link rel=\"canonical\" href=\"https:\/\/oroverde.gob.ar\/portal\/quienes-no-hayan-retirado-su-dni-del-registro-civil-podran-hacerlo-el-mismo-domingo-de-las-elecciones\/\" \/>\n<meta property=\"og:locale\" content=\"es_ES\" \/>\n<meta property=\"og:type\" content=\"article\" \/>\n<meta property=\"og:title\" content=\"Quienes no hayan retirado su DNI del Registro Civil podr\u00e1n hacerlo el mismo domingo de las elecciones - Municipio de Oro Verde\" \/>\n<meta property=\"og:description\" content=\"Quienes no hayan retirado su DNI del Registro Civil podr\u00e1n hacerlo el mismo domingo de las elecciones El Registro Civil de Oro Verde informa que de cara a las elecciones legislativas del 26 de octubre de 2025, la oficina del Registro Civil de &hellip;\" \/>\n<meta property=\"og:url\" content=\"https:\/\/oroverde.gob.ar\/portal\/quienes-no-hayan-retirado-su-dni-del-registro-civil-podran-hacerlo-el-mismo-domingo-de-las-elecciones\/\" \/>\n<meta property=\"og:site_name\" content=\"Municipio de Oro Verde\" \/>\n<meta property=\"article:published_time\" content=\"2025-10-21T15:46:47+00:00\" \/>\n<meta property=\"og:image\" content=\"https:\/\/oroverde.gob.ar\/portal\/wp-content\/uploads\/2025\/10\/ab8701bc-a9ee-479d-80e5-3f8cea03dba9.jpeg\" \/>\n\t<meta property=\"og:image:width\" content=\"767\" \/>\n\t<meta property=\"og:image:height\" content=\"432\" \/>\n\t<meta property=\"og:image:type\" content=\"image\/jpeg\" \/>\n<meta name=\"author\" content=\"Soledad\" \/>\n<meta name=\"twitter:card\" content=\"summary_large_image\" \/>\n<meta name=\"twitter:label1\" content=\"Escrito por\" \/>\n\t<meta name=\"twitter:data1\" content=\"Soledad\" \/>\n\t<meta name=\"twitter:label2\" content=\"Tiempo de lectura\" \/>\n\t<meta name=\"twitter:data2\" content=\"1 minuto\" \/>\n<script type=\"application\/ld+json\" class=\"yoast-schema-graph\">{\"@context\":\"https:\\\/\\\/schema.org\",\"@graph\":[{\"@type\":\"Article\",\"@id\":\"https:\\\/\\\/oroverde.gob.ar\\\/portal\\\/quienes-no-hayan-retirado-su-dni-del-registro-civil-podran-hacerlo-el-mismo-domingo-de-las-elecciones\\\/#article\",\"isPartOf\":{\"@id\":\"https:\\\/\\\/oroverde.gob.ar\\\/portal\\\/quienes-no-hayan-retirado-su-dni-del-registro-civil-podran-hacerlo-el-mismo-domingo-de-las-elecciones\\\/\"},\"author\":{\"name\":\"Soledad\",\"@id\":\"https:\\\/\\\/oroverde.gob.ar\\\/portal\\\/#\\\/schema\\\/person\\\/b975e0cbcd43b7dcf9c64511ec84f10f\"},\"headline\":\"Quienes no hayan retirado su DNI del Registro Civil podr\u00e1n hacerlo el mismo domingo de las elecciones\",\"datePublished\":\"2025-10-21T15:46:47+00:00\",\"mainEntityOfPage\":{\"@id\":\"https:\\\/\\\/oroverde.gob.ar\\\/portal\\\/quienes-no-hayan-retirado-su-dni-del-registro-civil-podran-hacerlo-el-mismo-domingo-de-las-elecciones\\\/\"},\"wordCount\":103,\"publisher\":{\"@id\":\"https:\\\/\\\/oroverde.gob.ar\\\/portal\\\/#organization\"},\"image\":{\"@id\":\"https:\\\/\\\/oroverde.gob.ar\\\/portal\\\/quienes-no-hayan-retirado-su-dni-del-registro-civil-podran-hacerlo-el-mismo-domingo-de-las-elecciones\\\/#primaryimage\"},\"thumbnailUrl\":\"https:\\\/\\\/oroverde.gob.ar\\\/portal\\\/wp-content\\\/uploads\\\/2025\\\/10\\\/ab8701bc-a9ee-479d-80e5-3f8cea03dba9.jpeg\",\"articleSection\":[\"Locales\"],\"inLanguage\":\"es\"},{\"@type\":\"WebPage\",\"@id\":\"https:\\\/\\\/oroverde.gob.ar\\\/portal\\\/quienes-no-hayan-retirado-su-dni-del-registro-civil-podran-hacerlo-el-mismo-domingo-de-las-elecciones\\\/\",\"url\":\"https:\\\/\\\/oroverde.gob.ar\\\/portal\\\/quienes-no-hayan-retirado-su-dni-del-registro-civil-podran-hacerlo-el-mismo-domingo-de-las-elecciones\\\/\",\"name\":\"Quienes no hayan retirado su DNI del Registro Civil podr\u00e1n hacerlo el mismo domingo de las elecciones - Municipio de Oro Verde\",\"isPartOf\":{\"@id\":\"https:\\\/\\\/oroverde.gob.ar\\\/portal\\\/#website\"},\"primaryImageOfPage\":{\"@id\":\"https:\\\/\\\/oroverde.gob.ar\\\/portal\\\/quienes-no-hayan-retirado-su-dni-del-registro-civil-podran-hacerlo-el-mismo-domingo-de-las-elecciones\\\/#primaryimage\"},\"image\":{\"@id\":\"https:\\\/\\\/oroverde.gob.ar\\\/portal\\\/quienes-no-hayan-retirado-su-dni-del-registro-civil-podran-hacerlo-el-mismo-domingo-de-las-elecciones\\\/#primaryimage\"},\"thumbnailUrl\":\"https:\\\/\\\/oroverde.gob.ar\\\/portal\\\/wp-content\\\/uploads\\\/2025\\\/10\\\/ab8701bc-a9ee-479d-80e5-3f8cea03dba9.jpeg\",\"datePublished\":\"2025-10-21T15:46:47+00:00\",\"breadcrumb\":{\"@id\":\"https:\\\/\\\/oroverde.gob.ar\\\/portal\\\/quienes-no-hayan-retirado-su-dni-del-registro-civil-podran-hacerlo-el-mismo-domingo-de-las-elecciones\\\/#breadcrumb\"},\"inLanguage\":\"es\",\"potentialAction\":[{\"@type\":\"ReadAction\",\"target\":[\"https:\\\/\\\/oroverde.gob.ar\\\/portal\\\/quienes-no-hayan-retirado-su-dni-del-registro-civil-podran-hacerlo-el-mismo-domingo-de-las-elecciones\\\/\"]}]},{\"@type\":\"ImageObject\",\"inLanguage\":\"es\",\"@id\":\"https:\\\/\\\/oroverde.gob.ar\\\/portal\\\/quienes-no-hayan-retirado-su-dni-del-registro-civil-podran-hacerlo-el-mismo-domingo-de-las-elecciones\\\/#primaryimage\",\"url\":\"https:\\\/\\\/oroverde.gob.ar\\\/portal\\\/wp-content\\\/uploads\\\/2025\\\/10\\\/ab8701bc-a9ee-479d-80e5-3f8cea03dba9.jpeg\",\"contentUrl\":\"https:\\\/\\\/oroverde.gob.ar\\\/portal\\\/wp-content\\\/uploads\\\/2025\\\/10\\\/ab8701bc-a9ee-479d-80e5-3f8cea03dba9.jpeg\",\"width\":767,\"height\":432},{\"@type\":\"BreadcrumbList\",\"@id\":\"https:\\\/\\\/oroverde.gob.ar\\\/portal\\\/quienes-no-hayan-retirado-su-dni-del-registro-civil-podran-hacerlo-el-mismo-domingo-de-las-elecciones\\\/#breadcrumb\",\"itemListElement\":[{\"@type\":\"ListItem\",\"position\":1,\"name\":\"Portada\",\"item\":\"https:\\\/\\\/oroverde.gob.ar\\\/portal\\\/\"},{\"@type\":\"ListItem\",\"position\":2,\"name\":\"Quienes no hayan retirado su DNI del Registro Civil podr\u00e1n hacerlo el mismo domingo de las elecciones\"}]},{\"@type\":\"WebSite\",\"@id\":\"https:\\\/\\\/oroverde.gob.ar\\\/portal\\\/#website\",\"url\":\"https:\\\/\\\/oroverde.gob.ar\\\/portal\\\/\",\"name\":\"Municipio de Oro Verde\",\"description\":\"Web Oficial\",\"publisher\":{\"@id\":\"https:\\\/\\\/oroverde.gob.ar\\\/portal\\\/#organization\"},\"potentialAction\":[{\"@type\":\"SearchAction\",\"target\":{\"@type\":\"EntryPoint\",\"urlTemplate\":\"https:\\\/\\\/oroverde.gob.ar\\\/portal\\\/?s={search_term_string}\"},\"query-input\":{\"@type\":\"PropertyValueSpecification\",\"valueRequired\":true,\"valueName\":\"search_term_string\"}}],\"inLanguage\":\"es\"},{\"@type\":\"Organization\",\"@id\":\"https:\\\/\\\/oroverde.gob.ar\\\/portal\\\/#organization\",\"name\":\"Municipio de Oro Verde\",\"url\":\"https:\\\/\\\/oroverde.gob.ar\\\/portal\\\/\",\"logo\":{\"@type\":\"ImageObject\",\"inLanguage\":\"es\",\"@id\":\"https:\\\/\\\/oroverde.gob.ar\\\/portal\\\/#\\\/schema\\\/logo\\\/image\\\/\",\"url\":\"https:\\\/\\\/oroverde.gob.ar\\\/portal\\\/wp-content\\\/uploads\\\/2024\\\/06\\\/cropped-cropped-logo-1.png\",\"contentUrl\":\"https:\\\/\\\/oroverde.gob.ar\\\/portal\\\/wp-content\\\/uploads\\\/2024\\\/06\\\/cropped-cropped-logo-1.png\",\"width\":1776,\"height\":738,\"caption\":\"Municipio de Oro Verde\"},\"image\":{\"@id\":\"https:\\\/\\\/oroverde.gob.ar\\\/portal\\\/#\\\/schema\\\/logo\\\/image\\\/\"}},{\"@type\":\"Person\",\"@id\":\"https:\\\/\\\/oroverde.gob.ar\\\/portal\\\/#\\\/schema\\\/person\\\/b975e0cbcd43b7dcf9c64511ec84f10f\",\"name\":\"Soledad\",\"image\":{\"@type\":\"ImageObject\",\"inLanguage\":\"es\",\"@id\":\"https:\\\/\\\/secure.gravatar.com\\\/avatar\\\/b2f5b6cda565395f31dc94c95932b9b3fbe6275bad58a1579843d3d1607d4a66?s=96&d=mm&r=g\",\"url\":\"https:\\\/\\\/secure.gravatar.com\\\/avatar\\\/b2f5b6cda565395f31dc94c95932b9b3fbe6275bad58a1579843d3d1607d4a66?s=96&d=mm&r=g\",\"contentUrl\":\"https:\\\/\\\/secure.gravatar.com\\\/avatar\\\/b2f5b6cda565395f31dc94c95932b9b3fbe6275bad58a1579843d3d1607d4a66?s=96&d=mm&r=g\",\"caption\":\"Soledad\"},\"url\":\"https:\\\/\\\/oroverde.gob.ar\\\/portal\\\/author\\\/soledad\\\/\"}]}<\/script>\n<!-- \/ Yoast SEO plugin. -->","yoast_head_json":{"title":"Quienes no hayan retirado su DNI del Registro Civil podr\u00e1n hacerlo el mismo domingo de las elecciones - Municipio de Oro Verde","robots":{"index":"index","follow":"follow","max-snippet":"max-snippet:-1","max-image-preview":"max-image-preview:large","max-video-preview":"max-video-preview:-1"},"canonical":"https:\/\/oroverde.gob.ar\/portal\/quienes-no-hayan-retirado-su-dni-del-registro-civil-podran-hacerlo-el-mismo-domingo-de-las-elecciones\/","og_locale":"es_ES","og_type":"article","og_title":"Quienes no hayan retirado su DNI del Registro Civil podr\u00e1n hacerlo el mismo domingo de las elecciones - Municipio de Oro Verde","og_description":"Quienes no hayan retirado su DNI del Registro Civil podr\u00e1n hacerlo el mismo domingo de las elecciones El Registro Civil de Oro Verde informa que de cara a las elecciones legislativas del 26 de octubre de 2025, la oficina del Registro Civil de &hellip;","og_url":"https:\/\/oroverde.gob.ar\/portal\/quienes-no-hayan-retirado-su-dni-del-registro-civil-podran-hacerlo-el-mismo-domingo-de-las-elecciones\/","og_site_name":"Municipio de Oro Verde","article_published_time":"2025-10-21T15:46:47+00:00","og_image":[{"width":767,"height":432,"url":"https:\/\/oroverde.gob.ar\/portal\/wp-content\/uploads\/2025\/10\/ab8701bc-a9ee-479d-80e5-3f8cea03dba9.jpeg","type":"image\/jpeg"}],"author":"Soledad","twitter_card":"summary_large_image","twitter_misc":{"Escrito por":"Soledad","Tiempo de lectura":"1 minuto"},"schema":{"@context":"https:\/\/schema.org","@graph":[{"@type":"Article","@id":"https:\/\/oroverde.gob.ar\/portal\/quienes-no-hayan-retirado-su-dni-del-registro-civil-podran-hacerlo-el-mismo-domingo-de-las-elecciones\/#article","isPartOf":{"@id":"https:\/\/oroverde.gob.ar\/portal\/quienes-no-hayan-retirado-su-dni-del-registro-civil-podran-hacerlo-el-mismo-domingo-de-las-elecciones\/"},"author":{"name":"Soledad","@id":"https:\/\/oroverde.gob.ar\/portal\/#\/schema\/person\/b975e0cbcd43b7dcf9c64511ec84f10f"},"headline":"Quienes no hayan retirado su DNI del Registro Civil podr\u00e1n hacerlo el mismo domingo de las elecciones","datePublished":"2025-10-21T15:46:47+00:00","mainEntityOfPage":{"@id":"https:\/\/oroverde.gob.ar\/portal\/quienes-no-hayan-retirado-su-dni-del-registro-civil-podran-hacerlo-el-mismo-domingo-de-las-elecciones\/"},"wordCount":103,"publisher":{"@id":"https:\/\/oroverde.gob.ar\/portal\/#organization"},"image":{"@id":"https:\/\/oroverde.gob.ar\/portal\/quienes-no-hayan-retirado-su-dni-del-registro-civil-podran-hacerlo-el-mismo-domingo-de-las-elecciones\/#primaryimage"},"thumbnailUrl":"https:\/\/oroverde.gob.ar\/portal\/wp-content\/uploads\/2025\/10\/ab8701bc-a9ee-479d-80e5-3f8cea03dba9.jpeg","articleSection":["Locales"],"inLanguage":"es"},{"@type":"WebPage","@id":"https:\/\/oroverde.gob.ar\/portal\/quienes-no-hayan-retirado-su-dni-del-registro-civil-podran-hacerlo-el-mismo-domingo-de-las-elecciones\/","url":"https:\/\/oroverde.gob.ar\/portal\/quienes-no-hayan-retirado-su-dni-del-registro-civil-podran-hacerlo-el-mismo-domingo-de-las-elecciones\/","name":"Quienes no hayan retirado su DNI del Registro Civil podr\u00e1n hacerlo el mismo domingo de las elecciones - Municipio de Oro Verde","isPartOf":{"@id":"https:\/\/oroverde.gob.ar\/portal\/#website"},"primaryImageOfPage":{"@id":"https:\/\/oroverde.gob.ar\/portal\/quienes-no-hayan-retirado-su-dni-del-registro-civil-podran-hacerlo-el-mismo-domingo-de-las-elecciones\/#primaryimage"},"image":{"@id":"https:\/\/oroverde.gob.ar\/portal\/quienes-no-hayan-retirado-su-dni-del-registro-civil-podran-hacerlo-el-mismo-domingo-de-las-elecciones\/#primaryimage"},"thumbnailUrl":"https:\/\/oroverde.gob.ar\/portal\/wp-content\/uploads\/2025\/10\/ab8701bc-a9ee-479d-80e5-3f8cea03dba9.jpeg","datePublished":"2025-10-21T15:46:47+00:00","breadcrumb":{"@id":"https:\/\/oroverde.gob.ar\/portal\/quienes-no-hayan-retirado-su-dni-del-registro-civil-podran-hacerlo-el-mismo-domingo-de-las-elecciones\/#breadcrumb"},"inLanguage":"es","potentialAction":[{"@type":"ReadAction","target":["https:\/\/oroverde.gob.ar\/portal\/quienes-no-hayan-retirado-su-dni-del-registro-civil-podran-hacerlo-el-mismo-domingo-de-las-elecciones\/"]}]},{"@type":"ImageObject","inLanguage":"es","@id":"https:\/\/oroverde.gob.ar\/portal\/quienes-no-hayan-retirado-su-dni-del-registro-civil-podran-hacerlo-el-mismo-domingo-de-las-elecciones\/#primaryimage","url":"https:\/\/oroverde.gob.ar\/portal\/wp-content\/uploads\/2025\/10\/ab8701bc-a9ee-479d-80e5-3f8cea03dba9.jpeg","contentUrl":"https:\/\/oroverde.gob.ar\/portal\/wp-content\/uploads\/2025\/10\/ab8701bc-a9ee-479d-80e5-3f8cea03dba9.jpeg","width":767,"height":432},{"@type":"BreadcrumbList","@id":"https:\/\/oroverde.gob.ar\/portal\/quienes-no-hayan-retirado-su-dni-del-registro-civil-podran-hacerlo-el-mismo-domingo-de-las-elecciones\/#breadcrumb","itemListElement":[{"@type":"ListItem","position":1,"name":"Portada","item":"https:\/\/oroverde.gob.ar\/portal\/"},{"@type":"ListItem","position":2,"name":"Quienes no hayan retirado su DNI del Registro Civil podr\u00e1n hacerlo el mismo domingo de las elecciones"}]},{"@type":"WebSite","@id":"https:\/\/oroverde.gob.ar\/portal\/#website","url":"https:\/\/oroverde.gob.ar\/portal\/","name":"Municipio de Oro Verde","description":"Web Oficial","publisher":{"@id":"https:\/\/oroverde.gob.ar\/portal\/#organization"},"potentialAction":[{"@type":"SearchAction","target":{"@type":"EntryPoint","urlTemplate":"https:\/\/oroverde.gob.ar\/portal\/?s={search_term_string}"},"query-input":{"@type":"PropertyValueSpecification","valueRequired":true,"valueName":"search_term_string"}}],"inLanguage":"es"},{"@type":"Organization","@id":"https:\/\/oroverde.gob.ar\/portal\/#organization","name":"Municipio de Oro Verde","url":"https:\/\/oroverde.gob.ar\/portal\/","logo":{"@type":"ImageObject","inLanguage":"es","@id":"https:\/\/oroverde.gob.ar\/portal\/#\/schema\/logo\/image\/","url":"https:\/\/oroverde.gob.ar\/portal\/wp-content\/uploads\/2024\/06\/cropped-cropped-logo-1.png","contentUrl":"https:\/\/oroverde.gob.ar\/portal\/wp-content\/uploads\/2024\/06\/cropped-cropped-logo-1.png","width":1776,"height":738,"caption":"Municipio de Oro Verde"},"image":{"@id":"https:\/\/oroverde.gob.ar\/portal\/#\/schema\/logo\/image\/"}},{"@type":"Person","@id":"https:\/\/oroverde.gob.ar\/portal\/#\/schema\/person\/b975e0cbcd43b7dcf9c64511ec84f10f","name":"Soledad","image":{"@type":"ImageObject","inLanguage":"es","@id":"https:\/\/secure.gravatar.com\/avatar\/b2f5b6cda565395f31dc94c95932b9b3fbe6275bad58a1579843d3d1607d4a66?s=96&d=mm&r=g","url":"https:\/\/secure.gravatar.com\/avatar\/b2f5b6cda565395f31dc94c95932b9b3fbe6275bad58a1579843d3d1607d4a66?s=96&d=mm&r=g","contentUrl":"https:\/\/secure.gravatar.com\/avatar\/b2f5b6cda565395f31dc94c95932b9b3fbe6275bad58a1579843d3d1607d4a66?s=96&d=mm&r=g","caption":"Soledad"},"url":"https:\/\/oroverde.gob.ar\/portal\/author\/soledad\/"}]}},"_links":{"self":[{"href":"https:\/\/oroverde.gob.ar\/portal\/wp-json\/wp\/v2\/posts\/7224","targetHints":{"allow":["GET"]}}],"collection":[{"href":"https:\/\/oroverde.gob.ar\/portal\/wp-json\/wp\/v2\/posts"}],"about":[{"href":"https:\/\/oroverde.gob.ar\/portal\/wp-json\/wp\/v2\/types\/post"}],"author":[{"embeddable":true,"href":"https:\/\/oroverde.gob.ar\/portal\/wp-json\/wp\/v2\/users\/3"}],"replies":[{"embeddable":true,"href":"https:\/\/oroverde.gob.ar\/portal\/wp-json\/wp\/v2\/comments?post=7224"}],"version-history":[{"count":1,"href":"https:\/\/oroverde.gob.ar\/portal\/wp-json\/wp\/v2\/posts\/7224\/revisions"}],"predecessor-version":[{"id":7226,"href":"https:\/\/oroverde.gob.ar\/portal\/wp-json\/wp\/v2\/posts\/7224\/revisions\/7226"}],"wp:featuredmedia":[{"embeddable":true,"href":"https:\/\/oroverde.gob.ar\/portal\/wp-json\/wp\/v2\/media\/7225"}],"wp:attachment":[{"href":"https:\/\/oroverde.gob.ar\/portal\/wp-json\/wp\/v2\/media?parent=7224"}],"wp:term":[{"taxonomy":"category","embeddable":true,"href":"https:\/\/oroverde.gob.ar\/portal\/wp-json\/wp\/v2\/categories?post=7224"},{"taxonomy":"post_tag","embeddable":true,"href":"https:\/\/oroverde.gob.ar\/portal\/wp-json\/wp\/v2\/tags?post=7224"}],"curies":[{"name":"wp","href":"https:\/\/api.w.org\/{rel}","templated":true}]}}