{"id":7227,"date":"2025-10-21T12:53:27","date_gmt":"2025-10-21T15:53:27","guid":{"rendered":"https:\/\/oroverde.gob.ar\/portal\/?p=7227"},"modified":"2025-10-21T12:53:27","modified_gmt":"2025-10-21T15:53:27","slug":"taller-municipal-de-pintura-donde-el-arte-y-la-expresion-se-conjugan","status":"publish","type":"post","link":"https:\/\/oroverde.gob.ar\/portal\/taller-municipal-de-pintura-donde-el-arte-y-la-expresion-se-conjugan\/","title":{"rendered":"Taller municipal de Pintura: donde el arte y la expresi\u00f3n se conjugan"},"content":{"rendered":"<div class=\"xdj266r x14z9mp xat24cr x1lziwak x1vvkbs x126k92a\">\n<div dir=\"auto\">Todos los mi\u00e9rcoles Daiana Rodr\u00edguez ense\u00f1a dibujo a ni\u00f1os y adultos en el sal\u00f3n de barrio El Triangular. Estos talleres forman parte de la propuesta gratuita que ofrece el municipio desde hace m\u00e1s de 10 a\u00f1os.<\/div>\n<\/div>\n<div class=\"x14z9mp xat24cr x1lziwak x1vvkbs xtlvy1s x126k92a\">\n<div dir=\"auto\">All\u00ed conviven acr\u00edlicos, pinceles, colores y las ganas de trazar l\u00edneas y contornos. Exploran t\u00e9cnicas de sombreados, proporciones, y la creatividad va surgiendo mediante l\u00e1piz y papel. Ni\u00f1os y adultos aprenden a expresarse visualmente a trav\u00e9s del arte del dibujo.<\/div>\n<\/div>\n","protected":false},"excerpt":{"rendered":"<p>Todos los mi\u00e9rcoles Daiana Rodr\u00edguez ense\u00f1a dibujo a ni\u00f1os y adultos en el sal\u00f3n de barrio El Triangular. Estos talleres forman parte de la propuesta gratuita que ofrece el municipio desde hace m\u00e1s de 10 a\u00f1os. All\u00ed conviven acr\u00edlicos, pinceles, colores y las &hellip;<\/p>\n","protected":false},"author":3,"featured_media":7228,"comment_status":"closed","ping_status":"closed","sticky":false,"template":"","format":"standard","meta":{"footnotes":""},"categories":[39],"tags":[],"class_list":["post-7227","post","type-post","status-publish","format-standard","has-post-thumbnail","hentry","category-cultura"],"yoast_head":"<!-- This site is optimized with the Yoast SEO plugin v27.4 - https:\/\/yoast.com\/product\/yoast-seo-wordpress\/ -->\n<title>Taller municipal de Pintura: donde el arte y la expresi\u00f3n se conjugan - Municipio de Oro Verde<\/title>\n<meta name=\"robots\" content=\"index, follow, max-snippet:-1, max-image-preview:large, max-video-preview:-1\" \/>\n<link rel=\"canonical\" href=\"https:\/\/oroverde.gob.ar\/portal\/taller-municipal-de-pintura-donde-el-arte-y-la-expresion-se-conjugan\/\" \/>\n<meta property=\"og:locale\" content=\"es_ES\" \/>\n<meta property=\"og:type\" content=\"article\" \/>\n<meta property=\"og:title\" content=\"Taller municipal de Pintura: donde el arte y la expresi\u00f3n se conjugan - Municipio de Oro Verde\" \/>\n<meta property=\"og:description\" content=\"Todos los mi\u00e9rcoles Daiana Rodr\u00edguez ense\u00f1a dibujo a ni\u00f1os y adultos en el sal\u00f3n de barrio El Triangular. Estos talleres forman parte de la propuesta gratuita que ofrece el municipio desde hace m\u00e1s de 10 a\u00f1os. All\u00ed conviven acr\u00edlicos, pinceles, colores y las &hellip;\" \/>\n<meta property=\"og:url\" content=\"https:\/\/oroverde.gob.ar\/portal\/taller-municipal-de-pintura-donde-el-arte-y-la-expresion-se-conjugan\/\" \/>\n<meta property=\"og:site_name\" content=\"Municipio de Oro Verde\" \/>\n<meta property=\"article:published_time\" content=\"2025-10-21T15:53:27+00:00\" \/>\n<meta property=\"og:image\" content=\"https:\/\/oroverde.gob.ar\/portal\/wp-content\/uploads\/2025\/10\/wwww-scaled.jpg\" \/>\n\t<meta property=\"og:image:width\" content=\"2560\" \/>\n\t<meta property=\"og:image:height\" content=\"1708\" \/>\n\t<meta property=\"og:image:type\" content=\"image\/jpeg\" \/>\n<meta name=\"author\" content=\"Soledad\" \/>\n<meta name=\"twitter:card\" content=\"summary_large_image\" \/>\n<meta name=\"twitter:label1\" content=\"Escrito por\" \/>\n\t<meta name=\"twitter:data1\" content=\"Soledad\" \/>\n\t<meta name=\"twitter:label2\" content=\"Tiempo de lectura\" \/>\n\t<meta name=\"twitter:data2\" content=\"1 minuto\" \/>\n<script type=\"application\/ld+json\" class=\"yoast-schema-graph\">{\"@context\":\"https:\\\/\\\/schema.org\",\"@graph\":[{\"@type\":\"Article\",\"@id\":\"https:\\\/\\\/oroverde.gob.ar\\\/portal\\\/taller-municipal-de-pintura-donde-el-arte-y-la-expresion-se-conjugan\\\/#article\",\"isPartOf\":{\"@id\":\"https:\\\/\\\/oroverde.gob.ar\\\/portal\\\/taller-municipal-de-pintura-donde-el-arte-y-la-expresion-se-conjugan\\\/\"},\"author\":{\"name\":\"Soledad\",\"@id\":\"https:\\\/\\\/oroverde.gob.ar\\\/portal\\\/#\\\/schema\\\/person\\\/b975e0cbcd43b7dcf9c64511ec84f10f\"},\"headline\":\"Taller municipal de Pintura: donde el arte y la expresi\u00f3n se conjugan\",\"datePublished\":\"2025-10-21T15:53:27+00:00\",\"mainEntityOfPage\":{\"@id\":\"https:\\\/\\\/oroverde.gob.ar\\\/portal\\\/taller-municipal-de-pintura-donde-el-arte-y-la-expresion-se-conjugan\\\/\"},\"wordCount\":101,\"publisher\":{\"@id\":\"https:\\\/\\\/oroverde.gob.ar\\\/portal\\\/#organization\"},\"image\":{\"@id\":\"https:\\\/\\\/oroverde.gob.ar\\\/portal\\\/taller-municipal-de-pintura-donde-el-arte-y-la-expresion-se-conjugan\\\/#primaryimage\"},\"thumbnailUrl\":\"https:\\\/\\\/oroverde.gob.ar\\\/portal\\\/wp-content\\\/uploads\\\/2025\\\/10\\\/wwww-scaled.jpg\",\"articleSection\":[\"Cultura\"],\"inLanguage\":\"es\"},{\"@type\":\"WebPage\",\"@id\":\"https:\\\/\\\/oroverde.gob.ar\\\/portal\\\/taller-municipal-de-pintura-donde-el-arte-y-la-expresion-se-conjugan\\\/\",\"url\":\"https:\\\/\\\/oroverde.gob.ar\\\/portal\\\/taller-municipal-de-pintura-donde-el-arte-y-la-expresion-se-conjugan\\\/\",\"name\":\"Taller municipal de Pintura: donde el arte y la expresi\u00f3n se conjugan - Municipio de Oro Verde\",\"isPartOf\":{\"@id\":\"https:\\\/\\\/oroverde.gob.ar\\\/portal\\\/#website\"},\"primaryImageOfPage\":{\"@id\":\"https:\\\/\\\/oroverde.gob.ar\\\/portal\\\/taller-municipal-de-pintura-donde-el-arte-y-la-expresion-se-conjugan\\\/#primaryimage\"},\"image\":{\"@id\":\"https:\\\/\\\/oroverde.gob.ar\\\/portal\\\/taller-municipal-de-pintura-donde-el-arte-y-la-expresion-se-conjugan\\\/#primaryimage\"},\"thumbnailUrl\":\"https:\\\/\\\/oroverde.gob.ar\\\/portal\\\/wp-content\\\/uploads\\\/2025\\\/10\\\/wwww-scaled.jpg\",\"datePublished\":\"2025-10-21T15:53:27+00:00\",\"breadcrumb\":{\"@id\":\"https:\\\/\\\/oroverde.gob.ar\\\/portal\\\/taller-municipal-de-pintura-donde-el-arte-y-la-expresion-se-conjugan\\\/#breadcrumb\"},\"inLanguage\":\"es\",\"potentialAction\":[{\"@type\":\"ReadAction\",\"target\":[\"https:\\\/\\\/oroverde.gob.ar\\\/portal\\\/taller-municipal-de-pintura-donde-el-arte-y-la-expresion-se-conjugan\\\/\"]}]},{\"@type\":\"ImageObject\",\"inLanguage\":\"es\",\"@id\":\"https:\\\/\\\/oroverde.gob.ar\\\/portal\\\/taller-municipal-de-pintura-donde-el-arte-y-la-expresion-se-conjugan\\\/#primaryimage\",\"url\":\"https:\\\/\\\/oroverde.gob.ar\\\/portal\\\/wp-content\\\/uploads\\\/2025\\\/10\\\/wwww-scaled.jpg\",\"contentUrl\":\"https:\\\/\\\/oroverde.gob.ar\\\/portal\\\/wp-content\\\/uploads\\\/2025\\\/10\\\/wwww-scaled.jpg\",\"width\":2560,\"height\":1708},{\"@type\":\"BreadcrumbList\",\"@id\":\"https:\\\/\\\/oroverde.gob.ar\\\/portal\\\/taller-municipal-de-pintura-donde-el-arte-y-la-expresion-se-conjugan\\\/#breadcrumb\",\"itemListElement\":[{\"@type\":\"ListItem\",\"position\":1,\"name\":\"Portada\",\"item\":\"https:\\\/\\\/oroverde.gob.ar\\\/portal\\\/\"},{\"@type\":\"ListItem\",\"position\":2,\"name\":\"Taller municipal de Pintura: donde el arte y la expresi\u00f3n se conjugan\"}]},{\"@type\":\"WebSite\",\"@id\":\"https:\\\/\\\/oroverde.gob.ar\\\/portal\\\/#website\",\"url\":\"https:\\\/\\\/oroverde.gob.ar\\\/portal\\\/\",\"name\":\"Municipio de Oro Verde\",\"description\":\"Web Oficial\",\"publisher\":{\"@id\":\"https:\\\/\\\/oroverde.gob.ar\\\/portal\\\/#organization\"},\"potentialAction\":[{\"@type\":\"SearchAction\",\"target\":{\"@type\":\"EntryPoint\",\"urlTemplate\":\"https:\\\/\\\/oroverde.gob.ar\\\/portal\\\/?s={search_term_string}\"},\"query-input\":{\"@type\":\"PropertyValueSpecification\",\"valueRequired\":true,\"valueName\":\"search_term_string\"}}],\"inLanguage\":\"es\"},{\"@type\":\"Organization\",\"@id\":\"https:\\\/\\\/oroverde.gob.ar\\\/portal\\\/#organization\",\"name\":\"Municipio de Oro Verde\",\"url\":\"https:\\\/\\\/oroverde.gob.ar\\\/portal\\\/\",\"logo\":{\"@type\":\"ImageObject\",\"inLanguage\":\"es\",\"@id\":\"https:\\\/\\\/oroverde.gob.ar\\\/portal\\\/#\\\/schema\\\/logo\\\/image\\\/\",\"url\":\"https:\\\/\\\/oroverde.gob.ar\\\/portal\\\/wp-content\\\/uploads\\\/2024\\\/06\\\/cropped-cropped-logo-1.png\",\"contentUrl\":\"https:\\\/\\\/oroverde.gob.ar\\\/portal\\\/wp-content\\\/uploads\\\/2024\\\/06\\\/cropped-cropped-logo-1.png\",\"width\":1776,\"height\":738,\"caption\":\"Municipio de Oro Verde\"},\"image\":{\"@id\":\"https:\\\/\\\/oroverde.gob.ar\\\/portal\\\/#\\\/schema\\\/logo\\\/image\\\/\"}},{\"@type\":\"Person\",\"@id\":\"https:\\\/\\\/oroverde.gob.ar\\\/portal\\\/#\\\/schema\\\/person\\\/b975e0cbcd43b7dcf9c64511ec84f10f\",\"name\":\"Soledad\",\"image\":{\"@type\":\"ImageObject\",\"inLanguage\":\"es\",\"@id\":\"https:\\\/\\\/secure.gravatar.com\\\/avatar\\\/b2f5b6cda565395f31dc94c95932b9b3fbe6275bad58a1579843d3d1607d4a66?s=96&d=mm&r=g\",\"url\":\"https:\\\/\\\/secure.gravatar.com\\\/avatar\\\/b2f5b6cda565395f31dc94c95932b9b3fbe6275bad58a1579843d3d1607d4a66?s=96&d=mm&r=g\",\"contentUrl\":\"https:\\\/\\\/secure.gravatar.com\\\/avatar\\\/b2f5b6cda565395f31dc94c95932b9b3fbe6275bad58a1579843d3d1607d4a66?s=96&d=mm&r=g\",\"caption\":\"Soledad\"},\"url\":\"https:\\\/\\\/oroverde.gob.ar\\\/portal\\\/author\\\/soledad\\\/\"}]}<\/script>\n<!-- \/ Yoast SEO plugin. -->","yoast_head_json":{"title":"Taller municipal de Pintura: donde el arte y la expresi\u00f3n se conjugan - Municipio de Oro Verde","robots":{"index":"index","follow":"follow","max-snippet":"max-snippet:-1","max-image-preview":"max-image-preview:large","max-video-preview":"max-video-preview:-1"},"canonical":"https:\/\/oroverde.gob.ar\/portal\/taller-municipal-de-pintura-donde-el-arte-y-la-expresion-se-conjugan\/","og_locale":"es_ES","og_type":"article","og_title":"Taller municipal de Pintura: donde el arte y la expresi\u00f3n se conjugan - Municipio de Oro Verde","og_description":"Todos los mi\u00e9rcoles Daiana Rodr\u00edguez ense\u00f1a dibujo a ni\u00f1os y adultos en el sal\u00f3n de barrio El Triangular. Estos talleres forman parte de la propuesta gratuita que ofrece el municipio desde hace m\u00e1s de 10 a\u00f1os. All\u00ed conviven acr\u00edlicos, pinceles, colores y las &hellip;","og_url":"https:\/\/oroverde.gob.ar\/portal\/taller-municipal-de-pintura-donde-el-arte-y-la-expresion-se-conjugan\/","og_site_name":"Municipio de Oro Verde","article_published_time":"2025-10-21T15:53:27+00:00","og_image":[{"width":2560,"height":1708,"url":"https:\/\/oroverde.gob.ar\/portal\/wp-content\/uploads\/2025\/10\/wwww-scaled.jpg","type":"image\/jpeg"}],"author":"Soledad","twitter_card":"summary_large_image","twitter_misc":{"Escrito por":"Soledad","Tiempo de lectura":"1 minuto"},"schema":{"@context":"https:\/\/schema.org","@graph":[{"@type":"Article","@id":"https:\/\/oroverde.gob.ar\/portal\/taller-municipal-de-pintura-donde-el-arte-y-la-expresion-se-conjugan\/#article","isPartOf":{"@id":"https:\/\/oroverde.gob.ar\/portal\/taller-municipal-de-pintura-donde-el-arte-y-la-expresion-se-conjugan\/"},"author":{"name":"Soledad","@id":"https:\/\/oroverde.gob.ar\/portal\/#\/schema\/person\/b975e0cbcd43b7dcf9c64511ec84f10f"},"headline":"Taller municipal de Pintura: donde el arte y la expresi\u00f3n se conjugan","datePublished":"2025-10-21T15:53:27+00:00","mainEntityOfPage":{"@id":"https:\/\/oroverde.gob.ar\/portal\/taller-municipal-de-pintura-donde-el-arte-y-la-expresion-se-conjugan\/"},"wordCount":101,"publisher":{"@id":"https:\/\/oroverde.gob.ar\/portal\/#organization"},"image":{"@id":"https:\/\/oroverde.gob.ar\/portal\/taller-municipal-de-pintura-donde-el-arte-y-la-expresion-se-conjugan\/#primaryimage"},"thumbnailUrl":"https:\/\/oroverde.gob.ar\/portal\/wp-content\/uploads\/2025\/10\/wwww-scaled.jpg","articleSection":["Cultura"],"inLanguage":"es"},{"@type":"WebPage","@id":"https:\/\/oroverde.gob.ar\/portal\/taller-municipal-de-pintura-donde-el-arte-y-la-expresion-se-conjugan\/","url":"https:\/\/oroverde.gob.ar\/portal\/taller-municipal-de-pintura-donde-el-arte-y-la-expresion-se-conjugan\/","name":"Taller municipal de Pintura: donde el arte y la expresi\u00f3n se conjugan - Municipio de Oro Verde","isPartOf":{"@id":"https:\/\/oroverde.gob.ar\/portal\/#website"},"primaryImageOfPage":{"@id":"https:\/\/oroverde.gob.ar\/portal\/taller-municipal-de-pintura-donde-el-arte-y-la-expresion-se-conjugan\/#primaryimage"},"image":{"@id":"https:\/\/oroverde.gob.ar\/portal\/taller-municipal-de-pintura-donde-el-arte-y-la-expresion-se-conjugan\/#primaryimage"},"thumbnailUrl":"https:\/\/oroverde.gob.ar\/portal\/wp-content\/uploads\/2025\/10\/wwww-scaled.jpg","datePublished":"2025-10-21T15:53:27+00:00","breadcrumb":{"@id":"https:\/\/oroverde.gob.ar\/portal\/taller-municipal-de-pintura-donde-el-arte-y-la-expresion-se-conjugan\/#breadcrumb"},"inLanguage":"es","potentialAction":[{"@type":"ReadAction","target":["https:\/\/oroverde.gob.ar\/portal\/taller-municipal-de-pintura-donde-el-arte-y-la-expresion-se-conjugan\/"]}]},{"@type":"ImageObject","inLanguage":"es","@id":"https:\/\/oroverde.gob.ar\/portal\/taller-municipal-de-pintura-donde-el-arte-y-la-expresion-se-conjugan\/#primaryimage","url":"https:\/\/oroverde.gob.ar\/portal\/wp-content\/uploads\/2025\/10\/wwww-scaled.jpg","contentUrl":"https:\/\/oroverde.gob.ar\/portal\/wp-content\/uploads\/2025\/10\/wwww-scaled.jpg","width":2560,"height":1708},{"@type":"BreadcrumbList","@id":"https:\/\/oroverde.gob.ar\/portal\/taller-municipal-de-pintura-donde-el-arte-y-la-expresion-se-conjugan\/#breadcrumb","itemListElement":[{"@type":"ListItem","position":1,"name":"Portada","item":"https:\/\/oroverde.gob.ar\/portal\/"},{"@type":"ListItem","position":2,"name":"Taller municipal de Pintura: donde el arte y la expresi\u00f3n se conjugan"}]},{"@type":"WebSite","@id":"https:\/\/oroverde.gob.ar\/portal\/#website","url":"https:\/\/oroverde.gob.ar\/portal\/","name":"Municipio de Oro Verde","description":"Web Oficial","publisher":{"@id":"https:\/\/oroverde.gob.ar\/portal\/#organization"},"potentialAction":[{"@type":"SearchAction","target":{"@type":"EntryPoint","urlTemplate":"https:\/\/oroverde.gob.ar\/portal\/?s={search_term_string}"},"query-input":{"@type":"PropertyValueSpecification","valueRequired":true,"valueName":"search_term_string"}}],"inLanguage":"es"},{"@type":"Organization","@id":"https:\/\/oroverde.gob.ar\/portal\/#organization","name":"Municipio de Oro Verde","url":"https:\/\/oroverde.gob.ar\/portal\/","logo":{"@type":"ImageObject","inLanguage":"es","@id":"https:\/\/oroverde.gob.ar\/portal\/#\/schema\/logo\/image\/","url":"https:\/\/oroverde.gob.ar\/portal\/wp-content\/uploads\/2024\/06\/cropped-cropped-logo-1.png","contentUrl":"https:\/\/oroverde.gob.ar\/portal\/wp-content\/uploads\/2024\/06\/cropped-cropped-logo-1.png","width":1776,"height":738,"caption":"Municipio de Oro Verde"},"image":{"@id":"https:\/\/oroverde.gob.ar\/portal\/#\/schema\/logo\/image\/"}},{"@type":"Person","@id":"https:\/\/oroverde.gob.ar\/portal\/#\/schema\/person\/b975e0cbcd43b7dcf9c64511ec84f10f","name":"Soledad","image":{"@type":"ImageObject","inLanguage":"es","@id":"https:\/\/secure.gravatar.com\/avatar\/b2f5b6cda565395f31dc94c95932b9b3fbe6275bad58a1579843d3d1607d4a66?s=96&d=mm&r=g","url":"https:\/\/secure.gravatar.com\/avatar\/b2f5b6cda565395f31dc94c95932b9b3fbe6275bad58a1579843d3d1607d4a66?s=96&d=mm&r=g","contentUrl":"https:\/\/secure.gravatar.com\/avatar\/b2f5b6cda565395f31dc94c95932b9b3fbe6275bad58a1579843d3d1607d4a66?s=96&d=mm&r=g","caption":"Soledad"},"url":"https:\/\/oroverde.gob.ar\/portal\/author\/soledad\/"}]}},"_links":{"self":[{"href":"https:\/\/oroverde.gob.ar\/portal\/wp-json\/wp\/v2\/posts\/7227","targetHints":{"allow":["GET"]}}],"collection":[{"href":"https:\/\/oroverde.gob.ar\/portal\/wp-json\/wp\/v2\/posts"}],"about":[{"href":"https:\/\/oroverde.gob.ar\/portal\/wp-json\/wp\/v2\/types\/post"}],"author":[{"embeddable":true,"href":"https:\/\/oroverde.gob.ar\/portal\/wp-json\/wp\/v2\/users\/3"}],"replies":[{"embeddable":true,"href":"https:\/\/oroverde.gob.ar\/portal\/wp-json\/wp\/v2\/comments?post=7227"}],"version-history":[{"count":1,"href":"https:\/\/oroverde.gob.ar\/portal\/wp-json\/wp\/v2\/posts\/7227\/revisions"}],"predecessor-version":[{"id":7229,"href":"https:\/\/oroverde.gob.ar\/portal\/wp-json\/wp\/v2\/posts\/7227\/revisions\/7229"}],"wp:featuredmedia":[{"embeddable":true,"href":"https:\/\/oroverde.gob.ar\/portal\/wp-json\/wp\/v2\/media\/7228"}],"wp:attachment":[{"href":"https:\/\/oroverde.gob.ar\/portal\/wp-json\/wp\/v2\/media?parent=7227"}],"wp:term":[{"taxonomy":"category","embeddable":true,"href":"https:\/\/oroverde.gob.ar\/portal\/wp-json\/wp\/v2\/categories?post=7227"},{"taxonomy":"post_tag","embeddable":true,"href":"https:\/\/oroverde.gob.ar\/portal\/wp-json\/wp\/v2\/tags?post=7227"}],"curies":[{"name":"wp","href":"https:\/\/api.w.org\/{rel}","templated":true}]}}